{"id":276332,"date":"2025-09-12T05:15:39","date_gmt":"2025-09-12T08:15:39","guid":{"rendered":"https:\/\/www.gaveanews.com\/?p=276332"},"modified":"2025-09-12T05:15:39","modified_gmt":"2025-09-12T08:15:39","slug":"selecao-pode-prejudicar-o-flamengo-novo-visual-de-jorginho-e-declaracao-de-andreas-pereira-as-ultimas-noticias-do-flamengo","status":"publish","type":"post","link":"https:\/\/www.gaveanews.com\/index.php\/2025\/09\/12\/selecao-pode-prejudicar-o-flamengo-novo-visual-de-jorginho-e-declaracao-de-andreas-pereira-as-ultimas-noticias-do-flamengo\/","title":{"rendered":"Sele\u00e7\u00e3o pode prejudicar o Flamengo, novo visual de Jorginho e declara\u00e7\u00e3o de Andreas Pereira: as \u00faltimas not\u00edcias do Flamengo"},"content":{"rendered":"\n<p>Os destaques do dia passam por atualiza\u00e7\u00f5es importantes no l\u00edder do Brasileir\u00e3o \u00e0s v\u00e9speras de jogo fora de casa e o alerta ligado no calend\u00e1rio rubro-negro por conta de compromissos internacionais. <\/p>\n\n\n\n<p>Andreas Pereira foi apresentado pelo <a href=\"https:\/\/www.gaveanews.com\/index.php\/category\/brasileirao\/palmeiras\/\" target=\"_blank\" rel=\"noopener noreferrer\">Palmeiras<\/a> ap\u00f3s acerto multimilion\u00e1rio; o <a href=\"https:\/\/www.gaveanews.com\/index.php\/category\/brasileirao\/flamengo\/\" target=\"_blank\" rel=\"noopener noreferrer\">Flamengo<\/a> monitora o departamento m\u00e9dico e a condi\u00e7\u00e3o de atletas que voltaram da Data Fifa antes de enfrentar o Juventude; e a agenda de amistosos do Uruguai na \u00c1sia promete testar a log\u00edstica e a recupera\u00e7\u00e3o f\u00edsica dos principais nomes do elenco carioca.<\/p>\n\n\n\n<h2 class=\"wp-block-heading\" id=\"h-palmeiras-apresenta-andreas-pereira-e-meio-campista-projeta-nova-historia-no-clube\">Palmeiras apresenta Andreas Pereira e meio-campista projeta nova hist\u00f3ria no clube<\/h2>\n\n\n\n<p>Anunciado no fim de semana, Andreas Pereira assinou com o Palmeiras at\u00e9 dezembro de 2028, ap\u00f3s acordo de 10 milh\u00f5es de euros com o Fulham, parcelados em quatro anos. Formado no Manchester United e com passagens por Granada, Valencia e Lazio, o meia de 29 anos foi oficialmente apresentado na quinta-feira (11). O jogador revisitou o epis\u00f3dio da final da Libertadores de 2021, quando um escorreg\u00e3o antecedeu o gol do t\u00edtulo alviverde, e ressaltou que o foco agora \u00e9 construir uma nova trajet\u00f3ria no atual campe\u00e3o continental, destacando o peso do projeto e o respaldo da diretoria e da torcida.<\/p>\n\n\n\n<p>\u201cO que aconteceu ficou no passado para mim. Cheguei aqui nesse grande clube e quero escrever a minha hist\u00f3ria desde o pr\u00f3ximo jogo que vai come\u00e7ar. Quero ter uma bela hist\u00f3ria, escrever, ter muito sucesso aqui, com muitos t\u00edtulos daqui para frente. Para mim, isso \u00e9 o mais importante. Espero que possa ficar aqui pelo m\u00e1ximo tempo poss\u00edvel, e vencedor o m\u00e1ximo poss\u00edvel\u201d.<\/p>\n\n\n\n<p>\u201cO interesse que o Palmeiras demonstrou por mim foi muito especial e gratificante. Agrade\u00e7o \u00e0 presidente Leila Pereira, ao (diretor de futebol) Anderson Barros e ao (t\u00e9cnico) Abel Ferreira por confiarem no meu trabalho e me oferecerem a oportunidade de vestir a camisa de um clube gigantesco. N\u00e3o vejo a hora de chegar ao Brasil para me juntar aos meus novos companheiros e estar dentro de campo para ajudar a equipe\u201d.<\/p>\n\n\n\n<p>\u201cRecebi in\u00fameras mensagens de apoio que me deram a certeza de que tomei a melhor decis\u00e3o quando aceitei a proposta do Palmeiras. At\u00e9 comentei com os meus pais e a minha esposa: quando voc\u00ea percebe que uma torcida t\u00e3o apaixonada quer que voc\u00ea venha jogar em um clube gigantesco, voc\u00ea se sente acolhido e seguro de que fez a melhor escolha\u201d.<\/p>\n\n\n\n<h2 class=\"wp-block-heading\" id=\"h-jorginho-com-novo-visual\">Jorginho com novo visual<\/h2>\n\n\n\n<p>\u00c0s v\u00e9speras do duelo contra o Juventude, marcado para domingo (14 de setembro), \u00e0s 16 horas (hor\u00e1rio de Bras\u00edlia), no Est\u00e1dio Alfredo Jaconi, o Flamengo enfrenta um cen\u00e1rio de incertezas no elenco. O clube lidera o Campeonato Brasileiro com 47 pontos, seguido de perto por Cruzeiro (44) e Palmeiras (43), e busca um resultado positivo para se manter na ponta da tabela.<\/p>\n\n\n\n<p>Entre os principais pontos de aten\u00e7\u00e3o est\u00e1 a situa\u00e7\u00e3o f\u00edsica de Jorginho. Apesar de ter retornado aos treinos, o volante ainda sente dores na coxa esquerda e \u00e9 d\u00favida para a partida. O jogador n\u00e3o enfrentou o Gr\u00eamio pelo mesmo motivo. Outras preocupa\u00e7\u00f5es incluem Varela, que voltou da sele\u00e7\u00e3o uruguaia com pubalgia, e Alex Sandro, que se recupera de les\u00e3o na panturrilha. J\u00e1 Arrascaeta retornou sem restri\u00e7\u00f5es m\u00e9dicas.<\/p>\n\n\n\n<p>Al\u00e9m disso, os atletas que estiveram em a\u00e7\u00e3o por suas sele\u00e7\u00f5es \u2014 como Samuel Lino, Plata e Vi\u00f1a \u2014 podem ter desgaste f\u00edsico. Emerson Royal, por sua vez, utilizou a pausa para se recondicionar ap\u00f3s entorse no tornozelo e deve estar \u00e0 disposi\u00e7\u00e3o do t\u00e9cnico Filipe Lu\u00eds.<\/p>\n\n\n\n<p>Enquanto isso, o influenciador Negrete voltou a aparecer nas redes sociais ao lado de jogadores do elenco. Uma das postagens ao lado de Jorginho chamou aten\u00e7\u00e3o pela apar\u00eancia do volante:<\/p>\n\n\n\n<figure class=\"wp-block-image size-large\"><img loading=\"lazy\" decoding=\"async\" width=\"1024\" height=\"768\" src=\"http:\/\/www.gaveanews.com\/wp-content\/uploads\/Jorginho-do-Flamengo-e-Negrete-1024x768.png\" alt=\"\" class=\"wp-image-276318\" srcset=\"https:\/\/www.gaveanews.com\/wp-content\/uploads\/Jorginho-do-Flamengo-e-Negrete-1024x768.png 1024w, https:\/\/www.gaveanews.com\/wp-content\/uploads\/Jorginho-do-Flamengo-e-Negrete-300x225.png 300w, https:\/\/www.gaveanews.com\/wp-content\/uploads\/Jorginho-do-Flamengo-e-Negrete-768x576.png 768w, https:\/\/www.gaveanews.com\/wp-content\/uploads\/Jorginho-do-Flamengo-e-Negrete-560x420.png 560w, https:\/\/www.gaveanews.com\/wp-content\/uploads\/Jorginho-do-Flamengo-e-Negrete-1120x840.png 1120w, https:\/\/www.gaveanews.com\/wp-content\/uploads\/Jorginho-do-Flamengo-e-Negrete-80x60.png 80w, https:\/\/www.gaveanews.com\/wp-content\/uploads\/Jorginho-do-Flamengo-e-Negrete-160x120.png 160w, https:\/\/www.gaveanews.com\/wp-content\/uploads\/Jorginho-do-Flamengo-e-Negrete-100x75.png 100w, https:\/\/www.gaveanews.com\/wp-content\/uploads\/Jorginho-do-Flamengo-e-Negrete-200x150.png 200w, https:\/\/www.gaveanews.com\/wp-content\/uploads\/Jorginho-do-Flamengo-e-Negrete-180x135.png 180w, https:\/\/www.gaveanews.com\/wp-content\/uploads\/Jorginho-do-Flamengo-e-Negrete-360x270.png 360w, https:\/\/www.gaveanews.com\/wp-content\/uploads\/Jorginho-do-Flamengo-e-Negrete-238x178.png 238w, https:\/\/www.gaveanews.com\/wp-content\/uploads\/Jorginho-do-Flamengo-e-Negrete-476x356.png 476w, https:\/\/www.gaveanews.com\/wp-content\/uploads\/Jorginho-do-Flamengo-e-Negrete-640x480.png 640w, https:\/\/www.gaveanews.com\/wp-content\/uploads\/Jorginho-do-Flamengo-e-Negrete-681x511.png 681w, https:\/\/www.gaveanews.com\/wp-content\/uploads\/Jorginho-do-Flamengo-e-Negrete.png 1200w\" sizes=\"auto, (max-width: 1024px) 100vw, 1024px\" \/><figcaption class=\"wp-element-caption\">Jorginho, do Flamengo, e Negrete (Foto: Reprodu\u00e7\u00e3o\/Redes Sociais)<\/figcaption><\/figure>\n\n\n\n<h2 class=\"wp-block-heading\" id=\"h-data-fifa-desgaste-e-amistosos-na-asia-ligam-alerta-no-flamengo\">Data Fifa, desgaste e amistosos na \u00c1sia ligam alerta no Flamengo<\/h2>\n\n\n\n<p>Na reta final da temporada, o Flamengo volta a administrar o impacto das convoca\u00e7\u00f5es: jogadores retornaram da \u00faltima Data Fifa com grande minutagem e desgaste, elevando a preocupa\u00e7\u00e3o com log\u00edstica e recupera\u00e7\u00e3o. O cen\u00e1rio exige vigil\u00e2ncia da comiss\u00e3o t\u00e9cnica de Filipe Lu\u00eds para equilibrar rendimento e disponibilidade em meio \u00e0 disputa pelo t\u00edtulo brasileiro.<\/p>\n\n\n\n<p>Os uruguaios t\u00eam sido protagonistas. Arrascaeta e Varela foram titulares na vit\u00f3ria por 3 a 0 sobre o Peru, com 72 minutos para o meia e 96 para o lateral, que deu duas assist\u00eancias; Vi\u00f1a ficou no banco contra o Peru e atuou 96 minutos no 0 a 0 diante do Chile; De La Cruz n\u00e3o foi chamado desta vez. Varela voltou ao Rio com pubalgia e se tornou d\u00favida para enfrentar o Juventude, refor\u00e7ando a necessidade de controle de carga ap\u00f3s viagens e jogos em sequ\u00eancia.<\/p>\n\n\n\n<p>A Federa\u00e7\u00e3o Uruguaia anunciou dois amistosos em outubro, ambos na Mal\u00e1sia: contra a Rep\u00fablica Dominicana, em Kuala Lumpur, no dia 10, e diante do Uzbequist\u00e3o, em Malaca, no dia 13. A log\u00edstica \u00e9 desafiadora: considerando escalas, a ida pode levar de 27 a 35 horas, com retorno em tempo semelhante, o que tende a encurtar janelas de recupera\u00e7\u00e3o antes da retomada no clube.<\/p>\n\n\n\n<p>Mesmo com o calend\u00e1rio oficial paralisado durante as Datas Fifa, o desgaste acumulado preocupa. Arrascaeta, Varela, De La Cruz e Mat\u00edas Vi\u00f1a figuram como potenciais desfalques nos amistosos, e o conjunto de viagens longas, fusos e reapresenta\u00e7\u00f5es pode repercutir no desempenho p\u00f3s-sele\u00e7\u00e3o. A gest\u00e3o de minutos e a programa\u00e7\u00e3o de recupera\u00e7\u00e3o aparecem como vari\u00e1veis centrais para o Rubro-Negro neste per\u00edodo.<\/p>\n","protected":false},"excerpt":{"rendered":"<p>Os destaques do dia passam por atualiza\u00e7\u00f5es importantes no l\u00edder do Brasileir\u00e3o \u00e0s v\u00e9speras de jogo fora de casa e o alerta ligado no calend\u00e1rio rubro-negro por conta de compromissos internacionais. Andreas Pereira foi apresentado pelo Palmeiras ap\u00f3s acerto multimilion\u00e1rio; o Flamengo monitora o departamento m\u00e9dico e a condi\u00e7\u00e3o de atletas que voltaram da Data [&hellip;]<\/p>\n","protected":false},"author":39,"featured_media":276324,"comment_status":"open","ping_status":"","sticky":false,"template":"","format":"standard","meta":{"footnotes":""},"categories":[1],"tags":[],"class_list":["post-276332","post","type-post","status-publish","format-standard","has-post-thumbnail","hentry","category-flamengo"],"yoast_head":"<!-- This site is optimized with the Yoast SEO Premium plugin v24.2 (Yoast SEO v26.9) - https:\/\/yoast.com\/product\/yoast-seo-premium-wordpress\/ -->\n<title>Sele\u00e7\u00e3o pode prejudicar o Flamengo, novo visual de Jorginho e declara\u00e7\u00e3o de Andreas Pereira: as \u00faltimas not\u00edcias do Flamengo<\/title>\n<meta name=\"robots\" content=\"index, follow, max-snippet:-1, max-image-preview:large, max-video-preview:-1\" \/>\n<link rel=\"canonical\" href=\"https:\/\/www.gaveanews.com\/index.php\/2025\/09\/12\/selecao-pode-prejudicar-o-flamengo-novo-visual-de-jorginho-e-declaracao-de-andreas-pereira-as-ultimas-noticias-do-flamengo\/\" \/>\n<meta property=\"og:locale\" content=\"pt_BR\" \/>\n<meta property=\"og:type\" content=\"article\" \/>\n<meta property=\"og:title\" content=\"Sele\u00e7\u00e3o pode prejudicar o Flamengo, novo visual de Jorginho e declara\u00e7\u00e3o de Andreas Pereira: as \u00faltimas not\u00edcias do Flamengo\" \/>\n<meta property=\"og:description\" content=\"Os destaques do dia passam por atualiza\u00e7\u00f5es importantes no l\u00edder do Brasileir\u00e3o \u00e0s v\u00e9speras de jogo fora de casa e o alerta ligado no calend\u00e1rio rubro-negro por conta de compromissos internacionais. Andreas Pereira foi apresentado pelo Palmeiras ap\u00f3s acerto multimilion\u00e1rio; o Flamengo monitora o departamento m\u00e9dico e a condi\u00e7\u00e3o de atletas que voltaram da Data [&hellip;]\" \/>\n<meta property=\"og:url\" content=\"https:\/\/www.gaveanews.com\/index.php\/2025\/09\/12\/selecao-pode-prejudicar-o-flamengo-novo-visual-de-jorginho-e-declaracao-de-andreas-pereira-as-ultimas-noticias-do-flamengo\/\" \/>\n<meta property=\"og:site_name\" content=\"G\u00e1vea News\" \/>\n<meta property=\"article:publisher\" content=\"https:\/\/facebook.com\/gaveaNews\/\" \/>\n<meta property=\"article:published_time\" content=\"2025-09-12T08:15:39+00:00\" \/>\n<meta property=\"og:image\" content=\"https:\/\/www.gaveanews.com\/wp-content\/uploads\/Jorginho-do-Flamengo-e-Negrete.png\" \/>\n\t<meta property=\"og:image:width\" content=\"1200\" \/>\n\t<meta property=\"og:image:height\" content=\"900\" \/>\n\t<meta property=\"og:image:type\" content=\"image\/png\" \/>\n<meta name=\"author\" content=\"Reda\u00e7\u00e3o\" \/>\n<meta name=\"twitter:card\" content=\"summary_large_image\" \/>\n<meta name=\"twitter:label1\" content=\"Escrito por\" \/>\n\t<meta name=\"twitter:data1\" content=\"Reda\u00e7\u00e3o\" \/>\n\t<meta name=\"twitter:label2\" content=\"Est. tempo de leitura\" \/>\n\t<meta name=\"twitter:data2\" content=\"5 minutos\" \/>\n<script type=\"application\/ld+json\" class=\"yoast-schema-graph\">{\"@context\":\"https:\/\/schema.org\",\"@graph\":[{\"@type\":\"NewsArticle\",\"@id\":\"https:\/\/www.gaveanews.com\/index.php\/2025\/09\/12\/selecao-pode-prejudicar-o-flamengo-novo-visual-de-jorginho-e-declaracao-de-andreas-pereira-as-ultimas-noticias-do-flamengo\/#article\",\"isPartOf\":{\"@id\":\"https:\/\/www.gaveanews.com\/index.php\/2025\/09\/12\/selecao-pode-prejudicar-o-flamengo-novo-visual-de-jorginho-e-declaracao-de-andreas-pereira-as-ultimas-noticias-do-flamengo\/\"},\"author\":{\"name\":\"Reda\u00e7\u00e3o\",\"@id\":\"https:\/\/www.gaveanews.com\/#\/schema\/person\/c88645e3d550d0b6574305e67dd5a716\"},\"headline\":\"Sele\u00e7\u00e3o pode prejudicar o Flamengo, novo visual de Jorginho e declara\u00e7\u00e3o de Andreas Pereira: as \u00faltimas not\u00edcias do Flamengo\",\"datePublished\":\"2025-09-12T08:15:39+00:00\",\"mainEntityOfPage\":{\"@id\":\"https:\/\/www.gaveanews.com\/index.php\/2025\/09\/12\/selecao-pode-prejudicar-o-flamengo-novo-visual-de-jorginho-e-declaracao-de-andreas-pereira-as-ultimas-noticias-do-flamengo\/\"},\"wordCount\":976,\"commentCount\":0,\"image\":{\"@id\":\"https:\/\/www.gaveanews.com\/index.php\/2025\/09\/12\/selecao-pode-prejudicar-o-flamengo-novo-visual-de-jorginho-e-declaracao-de-andreas-pereira-as-ultimas-noticias-do-flamengo\/#primaryimage\"},\"thumbnailUrl\":\"https:\/\/www.gaveanews.com\/wp-content\/uploads\/treino-do-Flamengo.png\",\"articleSection\":[\"Flamengo\"],\"inLanguage\":\"pt-BR\",\"potentialAction\":[{\"@type\":\"CommentAction\",\"name\":\"Comment\",\"target\":[\"https:\/\/www.gaveanews.com\/index.php\/2025\/09\/12\/selecao-pode-prejudicar-o-flamengo-novo-visual-de-jorginho-e-declaracao-de-andreas-pereira-as-ultimas-noticias-do-flamengo\/#respond\"]}],\"copyrightYear\":\"2025\",\"copyrightHolder\":{\"@id\":\"https:\/\/www.gaveanews.com\/#organization\"}},{\"@type\":\"WebPage\",\"@id\":\"https:\/\/www.gaveanews.com\/index.php\/2025\/09\/12\/selecao-pode-prejudicar-o-flamengo-novo-visual-de-jorginho-e-declaracao-de-andreas-pereira-as-ultimas-noticias-do-flamengo\/\",\"url\":\"https:\/\/www.gaveanews.com\/index.php\/2025\/09\/12\/selecao-pode-prejudicar-o-flamengo-novo-visual-de-jorginho-e-declaracao-de-andreas-pereira-as-ultimas-noticias-do-flamengo\/\",\"name\":\"Sele\u00e7\u00e3o pode prejudicar o Flamengo, novo visual de Jorginho e declara\u00e7\u00e3o de Andreas Pereira: as \u00faltimas not\u00edcias do Flamengo\",\"isPartOf\":{\"@id\":\"https:\/\/www.gaveanews.com\/#website\"},\"primaryImageOfPage\":{\"@id\":\"https:\/\/www.gaveanews.com\/index.php\/2025\/09\/12\/selecao-pode-prejudicar-o-flamengo-novo-visual-de-jorginho-e-declaracao-de-andreas-pereira-as-ultimas-noticias-do-flamengo\/#primaryimage\"},\"image\":{\"@id\":\"https:\/\/www.gaveanews.com\/index.php\/2025\/09\/12\/selecao-pode-prejudicar-o-flamengo-novo-visual-de-jorginho-e-declaracao-de-andreas-pereira-as-ultimas-noticias-do-flamengo\/#primaryimage\"},\"thumbnailUrl\":\"https:\/\/www.gaveanews.com\/wp-content\/uploads\/treino-do-Flamengo.png\",\"datePublished\":\"2025-09-12T08:15:39+00:00\",\"author\":{\"@id\":\"https:\/\/www.gaveanews.com\/#\/schema\/person\/c88645e3d550d0b6574305e67dd5a716\"},\"breadcrumb\":{\"@id\":\"https:\/\/www.gaveanews.com\/index.php\/2025\/09\/12\/selecao-pode-prejudicar-o-flamengo-novo-visual-de-jorginho-e-declaracao-de-andreas-pereira-as-ultimas-noticias-do-flamengo\/#breadcrumb\"},\"inLanguage\":\"pt-BR\",\"potentialAction\":[{\"@type\":\"ReadAction\",\"target\":[\"https:\/\/www.gaveanews.com\/index.php\/2025\/09\/12\/selecao-pode-prejudicar-o-flamengo-novo-visual-de-jorginho-e-declaracao-de-andreas-pereira-as-ultimas-noticias-do-flamengo\/\"]}]},{\"@type\":\"ImageObject\",\"inLanguage\":\"pt-BR\",\"@id\":\"https:\/\/www.gaveanews.com\/index.php\/2025\/09\/12\/selecao-pode-prejudicar-o-flamengo-novo-visual-de-jorginho-e-declaracao-de-andreas-pereira-as-ultimas-noticias-do-flamengo\/#primaryimage\",\"url\":\"https:\/\/www.gaveanews.com\/wp-content\/uploads\/treino-do-Flamengo.png\",\"contentUrl\":\"https:\/\/www.gaveanews.com\/wp-content\/uploads\/treino-do-Flamengo.png\",\"width\":1200,\"height\":900,\"caption\":\"treino do Flamengo (Fotos: Gilvan de Souza\/Flamengo)\"},{\"@type\":\"BreadcrumbList\",\"@id\":\"https:\/\/www.gaveanews.com\/index.php\/2025\/09\/12\/selecao-pode-prejudicar-o-flamengo-novo-visual-de-jorginho-e-declaracao-de-andreas-pereira-as-ultimas-noticias-do-flamengo\/#breadcrumb\",\"itemListElement\":[{\"@type\":\"ListItem\",\"position\":1,\"name\":\"Home\",\"item\":\"https:\/\/www.gaveanews.com\/\"},{\"@type\":\"ListItem\",\"position\":2,\"name\":\"Sele\u00e7\u00e3o pode prejudicar o Flamengo, novo visual de Jorginho e declara\u00e7\u00e3o de Andreas Pereira: as \u00faltimas not\u00edcias do Flamengo\"}]},{\"@type\":\"WebSite\",\"@id\":\"https:\/\/www.gaveanews.com\/#website\",\"url\":\"https:\/\/www.gaveanews.com\/\",\"name\":\"G\u00e1vea News\",\"description\":\"Veja todas as not\u00edcias sobre o Flamengo: Contrata\u00e7\u00f5es, categorias de base, resultados das partidas, tabela de classifica\u00e7\u00e3o, pr\u00f3ximos jogos!\",\"potentialAction\":[{\"@type\":\"SearchAction\",\"target\":{\"@type\":\"EntryPoint\",\"urlTemplate\":\"https:\/\/www.gaveanews.com\/?s={search_term_string}\"},\"query-input\":{\"@type\":\"PropertyValueSpecification\",\"valueRequired\":true,\"valueName\":\"search_term_string\"}}],\"inLanguage\":\"pt-BR\"},{\"@type\":\"Person\",\"@id\":\"https:\/\/www.gaveanews.com\/#\/schema\/person\/c88645e3d550d0b6574305e67dd5a716\",\"name\":\"Reda\u00e7\u00e3o\",\"image\":{\"@type\":\"ImageObject\",\"inLanguage\":\"pt-BR\",\"@id\":\"https:\/\/www.gaveanews.com\/#\/schema\/person\/image\/\",\"url\":\"https:\/\/secure.gravatar.com\/avatar\/434098fd823f0dc1b062d14ca22bacaa6e38de28d8c816bbef6fc2f8c44d8ba3?s=96&d=mm&r=g\",\"contentUrl\":\"https:\/\/secure.gravatar.com\/avatar\/434098fd823f0dc1b062d14ca22bacaa6e38de28d8c816bbef6fc2f8c44d8ba3?s=96&d=mm&r=g\",\"caption\":\"Reda\u00e7\u00e3o\"}}]}<\/script>\n<!-- \/ Yoast SEO Premium plugin. -->","yoast_head_json":{"title":"Sele\u00e7\u00e3o pode prejudicar o Flamengo, novo visual de Jorginho e declara\u00e7\u00e3o de Andreas Pereira: as \u00faltimas not\u00edcias do Flamengo","robots":{"index":"index","follow":"follow","max-snippet":"max-snippet:-1","max-image-preview":"max-image-preview:large","max-video-preview":"max-video-preview:-1"},"canonical":"https:\/\/www.gaveanews.com\/index.php\/2025\/09\/12\/selecao-pode-prejudicar-o-flamengo-novo-visual-de-jorginho-e-declaracao-de-andreas-pereira-as-ultimas-noticias-do-flamengo\/","og_locale":"pt_BR","og_type":"article","og_title":"Sele\u00e7\u00e3o pode prejudicar o Flamengo, novo visual de Jorginho e declara\u00e7\u00e3o de Andreas Pereira: as \u00faltimas not\u00edcias do Flamengo","og_description":"Os destaques do dia passam por atualiza\u00e7\u00f5es importantes no l\u00edder do Brasileir\u00e3o \u00e0s v\u00e9speras de jogo fora de casa e o alerta ligado no calend\u00e1rio rubro-negro por conta de compromissos internacionais. Andreas Pereira foi apresentado pelo Palmeiras ap\u00f3s acerto multimilion\u00e1rio; o Flamengo monitora o departamento m\u00e9dico e a condi\u00e7\u00e3o de atletas que voltaram da Data [&hellip;]","og_url":"https:\/\/www.gaveanews.com\/index.php\/2025\/09\/12\/selecao-pode-prejudicar-o-flamengo-novo-visual-de-jorginho-e-declaracao-de-andreas-pereira-as-ultimas-noticias-do-flamengo\/","og_site_name":"G\u00e1vea News","article_publisher":"https:\/\/facebook.com\/gaveaNews\/","article_published_time":"2025-09-12T08:15:39+00:00","og_image":[{"width":1200,"height":900,"url":"https:\/\/www.gaveanews.com\/wp-content\/uploads\/Jorginho-do-Flamengo-e-Negrete.png","type":"image\/png"}],"author":"Reda\u00e7\u00e3o","twitter_card":"summary_large_image","twitter_misc":{"Escrito por":"Reda\u00e7\u00e3o","Est. tempo de leitura":"5 minutos"},"schema":{"@context":"https:\/\/schema.org","@graph":[{"@type":"NewsArticle","@id":"https:\/\/www.gaveanews.com\/index.php\/2025\/09\/12\/selecao-pode-prejudicar-o-flamengo-novo-visual-de-jorginho-e-declaracao-de-andreas-pereira-as-ultimas-noticias-do-flamengo\/#article","isPartOf":{"@id":"https:\/\/www.gaveanews.com\/index.php\/2025\/09\/12\/selecao-pode-prejudicar-o-flamengo-novo-visual-de-jorginho-e-declaracao-de-andreas-pereira-as-ultimas-noticias-do-flamengo\/"},"author":{"name":"Reda\u00e7\u00e3o","@id":"https:\/\/www.gaveanews.com\/#\/schema\/person\/c88645e3d550d0b6574305e67dd5a716"},"headline":"Sele\u00e7\u00e3o pode prejudicar o Flamengo, novo visual de Jorginho e declara\u00e7\u00e3o de Andreas Pereira: as \u00faltimas not\u00edcias do Flamengo","datePublished":"2025-09-12T08:15:39+00:00","mainEntityOfPage":{"@id":"https:\/\/www.gaveanews.com\/index.php\/2025\/09\/12\/selecao-pode-prejudicar-o-flamengo-novo-visual-de-jorginho-e-declaracao-de-andreas-pereira-as-ultimas-noticias-do-flamengo\/"},"wordCount":976,"commentCount":0,"image":{"@id":"https:\/\/www.gaveanews.com\/index.php\/2025\/09\/12\/selecao-pode-prejudicar-o-flamengo-novo-visual-de-jorginho-e-declaracao-de-andreas-pereira-as-ultimas-noticias-do-flamengo\/#primaryimage"},"thumbnailUrl":"https:\/\/www.gaveanews.com\/wp-content\/uploads\/treino-do-Flamengo.png","articleSection":["Flamengo"],"inLanguage":"pt-BR","potentialAction":[{"@type":"CommentAction","name":"Comment","target":["https:\/\/www.gaveanews.com\/index.php\/2025\/09\/12\/selecao-pode-prejudicar-o-flamengo-novo-visual-de-jorginho-e-declaracao-de-andreas-pereira-as-ultimas-noticias-do-flamengo\/#respond"]}],"copyrightYear":"2025","copyrightHolder":{"@id":"https:\/\/www.gaveanews.com\/#organization"}},{"@type":"WebPage","@id":"https:\/\/www.gaveanews.com\/index.php\/2025\/09\/12\/selecao-pode-prejudicar-o-flamengo-novo-visual-de-jorginho-e-declaracao-de-andreas-pereira-as-ultimas-noticias-do-flamengo\/","url":"https:\/\/www.gaveanews.com\/index.php\/2025\/09\/12\/selecao-pode-prejudicar-o-flamengo-novo-visual-de-jorginho-e-declaracao-de-andreas-pereira-as-ultimas-noticias-do-flamengo\/","name":"Sele\u00e7\u00e3o pode prejudicar o Flamengo, novo visual de Jorginho e declara\u00e7\u00e3o de Andreas Pereira: as \u00faltimas not\u00edcias do Flamengo","isPartOf":{"@id":"https:\/\/www.gaveanews.com\/#website"},"primaryImageOfPage":{"@id":"https:\/\/www.gaveanews.com\/index.php\/2025\/09\/12\/selecao-pode-prejudicar-o-flamengo-novo-visual-de-jorginho-e-declaracao-de-andreas-pereira-as-ultimas-noticias-do-flamengo\/#primaryimage"},"image":{"@id":"https:\/\/www.gaveanews.com\/index.php\/2025\/09\/12\/selecao-pode-prejudicar-o-flamengo-novo-visual-de-jorginho-e-declaracao-de-andreas-pereira-as-ultimas-noticias-do-flamengo\/#primaryimage"},"thumbnailUrl":"https:\/\/www.gaveanews.com\/wp-content\/uploads\/treino-do-Flamengo.png","datePublished":"2025-09-12T08:15:39+00:00","author":{"@id":"https:\/\/www.gaveanews.com\/#\/schema\/person\/c88645e3d550d0b6574305e67dd5a716"},"breadcrumb":{"@id":"https:\/\/www.gaveanews.com\/index.php\/2025\/09\/12\/selecao-pode-prejudicar-o-flamengo-novo-visual-de-jorginho-e-declaracao-de-andreas-pereira-as-ultimas-noticias-do-flamengo\/#breadcrumb"},"inLanguage":"pt-BR","potentialAction":[{"@type":"ReadAction","target":["https:\/\/www.gaveanews.com\/index.php\/2025\/09\/12\/selecao-pode-prejudicar-o-flamengo-novo-visual-de-jorginho-e-declaracao-de-andreas-pereira-as-ultimas-noticias-do-flamengo\/"]}]},{"@type":"ImageObject","inLanguage":"pt-BR","@id":"https:\/\/www.gaveanews.com\/index.php\/2025\/09\/12\/selecao-pode-prejudicar-o-flamengo-novo-visual-de-jorginho-e-declaracao-de-andreas-pereira-as-ultimas-noticias-do-flamengo\/#primaryimage","url":"https:\/\/www.gaveanews.com\/wp-content\/uploads\/treino-do-Flamengo.png","contentUrl":"https:\/\/www.gaveanews.com\/wp-content\/uploads\/treino-do-Flamengo.png","width":1200,"height":900,"caption":"treino do Flamengo (Fotos: Gilvan de Souza\/Flamengo)"},{"@type":"BreadcrumbList","@id":"https:\/\/www.gaveanews.com\/index.php\/2025\/09\/12\/selecao-pode-prejudicar-o-flamengo-novo-visual-de-jorginho-e-declaracao-de-andreas-pereira-as-ultimas-noticias-do-flamengo\/#breadcrumb","itemListElement":[{"@type":"ListItem","position":1,"name":"Home","item":"https:\/\/www.gaveanews.com\/"},{"@type":"ListItem","position":2,"name":"Sele\u00e7\u00e3o pode prejudicar o Flamengo, novo visual de Jorginho e declara\u00e7\u00e3o de Andreas Pereira: as \u00faltimas not\u00edcias do Flamengo"}]},{"@type":"WebSite","@id":"https:\/\/www.gaveanews.com\/#website","url":"https:\/\/www.gaveanews.com\/","name":"G\u00e1vea News","description":"Veja todas as not\u00edcias sobre o Flamengo: Contrata\u00e7\u00f5es, categorias de base, resultados das partidas, tabela de classifica\u00e7\u00e3o, pr\u00f3ximos jogos!","potentialAction":[{"@type":"SearchAction","target":{"@type":"EntryPoint","urlTemplate":"https:\/\/www.gaveanews.com\/?s={search_term_string}"},"query-input":{"@type":"PropertyValueSpecification","valueRequired":true,"valueName":"search_term_string"}}],"inLanguage":"pt-BR"},{"@type":"Person","@id":"https:\/\/www.gaveanews.com\/#\/schema\/person\/c88645e3d550d0b6574305e67dd5a716","name":"Reda\u00e7\u00e3o","image":{"@type":"ImageObject","inLanguage":"pt-BR","@id":"https:\/\/www.gaveanews.com\/#\/schema\/person\/image\/","url":"https:\/\/secure.gravatar.com\/avatar\/434098fd823f0dc1b062d14ca22bacaa6e38de28d8c816bbef6fc2f8c44d8ba3?s=96&d=mm&r=g","contentUrl":"https:\/\/secure.gravatar.com\/avatar\/434098fd823f0dc1b062d14ca22bacaa6e38de28d8c816bbef6fc2f8c44d8ba3?s=96&d=mm&r=g","caption":"Reda\u00e7\u00e3o"}}]}},"_links":{"self":[{"href":"https:\/\/www.gaveanews.com\/index.php\/wp-json\/wp\/v2\/posts\/276332","targetHints":{"allow":["GET"]}}],"collection":[{"href":"https:\/\/www.gaveanews.com\/index.php\/wp-json\/wp\/v2\/posts"}],"about":[{"href":"https:\/\/www.gaveanews.com\/index.php\/wp-json\/wp\/v2\/types\/post"}],"author":[{"embeddable":true,"href":"https:\/\/www.gaveanews.com\/index.php\/wp-json\/wp\/v2\/users\/39"}],"replies":[{"embeddable":true,"href":"https:\/\/www.gaveanews.com\/index.php\/wp-json\/wp\/v2\/comments?post=276332"}],"version-history":[{"count":2,"href":"https:\/\/www.gaveanews.com\/index.php\/wp-json\/wp\/v2\/posts\/276332\/revisions"}],"predecessor-version":[{"id":276337,"href":"https:\/\/www.gaveanews.com\/index.php\/wp-json\/wp\/v2\/posts\/276332\/revisions\/276337"}],"wp:featuredmedia":[{"embeddable":true,"href":"https:\/\/www.gaveanews.com\/index.php\/wp-json\/wp\/v2\/media\/276324"}],"wp:attachment":[{"href":"https:\/\/www.gaveanews.com\/index.php\/wp-json\/wp\/v2\/media?parent=276332"}],"wp:term":[{"taxonomy":"category","embeddable":true,"href":"https:\/\/www.gaveanews.com\/index.php\/wp-json\/wp\/v2\/categories?post=276332"},{"taxonomy":"post_tag","embeddable":true,"href":"https:\/\/www.gaveanews.com\/index.php\/wp-json\/wp\/v2\/tags?post=276332"}],"curies":[{"name":"wp","href":"https:\/\/api.w.org\/{rel}","templated":true}]}}