{"id":276351,"date":"2025-09-12T10:40:50","date_gmt":"2025-09-12T13:40:50","guid":{"rendered":"https:\/\/www.gaveanews.com\/?p=276351"},"modified":"2025-09-12T10:40:54","modified_gmt":"2025-09-12T13:40:54","slug":"que-torcida-e-essa-peticao-do-flamengo-a-onu-ultrapassa-marca-impressionante","status":"publish","type":"post","link":"https:\/\/www.gaveanews.com\/index.php\/2025\/09\/12\/que-torcida-e-essa-peticao-do-flamengo-a-onu-ultrapassa-marca-impressionante\/","title":{"rendered":"Que torcida \u00e9 essa? Peti\u00e7\u00e3o do Flamengo \u00e0 ONU ultrapassa marca impressionante"},"content":{"rendered":"\n<p>Na madrugada desta sexta-feira (12 de setembro), a mobiliza\u00e7\u00e3o da torcida do Flamengo atingiu um marco in\u00e9dito no cen\u00e1rio esportivo. A peti\u00e7\u00e3o organizada pelo clube, que busca o reconhecimento da \u201cNa\u00e7\u00e3o Rubro-Negra\u201d como a primeira Na\u00e7\u00e3o simb\u00f3lico-cultural do mundo pela ONU, ultrapassou a impressionante marca de 500 mil assinaturas.<\/p>\n\n\n\n<p>A campanha teve in\u00edcio na quarta-feira (10) e rapidamente superou expectativas. A meta inicial era de 100 mil apoios at\u00e9 o fim de semana, mas o objetivo foi alcan\u00e7ado em apenas sete horas. \u00c0s 8h40 desta sexta, o site oficial j\u00e1 contabilizava mais de 502 mil registros, consolidando um crescimento acelerado que traduz a for\u00e7a de mobiliza\u00e7\u00e3o da maior torcida do pa\u00eds.<\/p>\n\n\n\n<p>O processo de ades\u00e3o \u00e9 feito no endere\u00e7o peticao.flamengo.com.br, onde o torcedor precisa informar nome completo, e-mail, CPF e telefone para validar a assinatura. At\u00e9 o momento da consulta, o n\u00famero exato era de 503.402 participa\u00e7\u00f5es confirmadas.<\/p>\n\n\n\n<p>A divulga\u00e7\u00e3o contou com nomes hist\u00f3ricos do clube. O \u00eddolo Zico, em v\u00eddeo gravado no Maracan\u00e3, destacou a identidade coletiva da torcida. \u201cUma Na\u00e7\u00e3o que n\u00e3o se define pela geografia, mas pelo sentimento coletivo. Que tem m\u00fasica, hist\u00f3rias, her\u00f3is, costumes e tradi\u00e7\u00f5es. E, principalmente, um povo espalhado por todo o planeta. Isso \u00e9 a Na\u00e7\u00e3o Rubro-Negra\u201d.<\/p>\n\n\n\n<p>O Galinho completou sua mensagem refor\u00e7ando a magnitude da torcida. \u201cSe f\u00f4ssemos um pa\u00eds, ter\u00edamos a 36\u00aa maior popula\u00e7\u00e3o do mundo. Somos mais de 45 milh\u00f5es de pessoas unidas por uma mesma bandeira, por uma mesma cultura e por um mesmo sentimento que atravessa gera\u00e7\u00f5es. O Flamengo n\u00e3o \u00e9 apenas um clube, \u00e9 uma Na\u00e7\u00e3o\u201d.<\/p>\n\n\n\n<p>Al\u00e9m dele, outros ex-jogadores como Adriano Imperador participaram da mobiliza\u00e7\u00e3o, assim como atletas do atual elenco, entre eles Arrascaeta, Samuel Lino e Rossi. A estrat\u00e9gia buscou envolver diferentes gera\u00e7\u00f5es de torcedores em torno de uma identidade que transcende o campo.<\/p>\n\n\n\n<p>O clube tamb\u00e9m divulgou uma mensagem oficial em tom de manifesto: \u201cSe f\u00f4ssemos um pa\u00eds, ser\u00edamos a 36\u00ba popula\u00e7\u00e3o do planeta. Somos 45 milh\u00f5es, unidos pela mesma bandeira, com her\u00f3is, costumes e tradi\u00e7\u00f5es que atravessam gera\u00e7\u00f5es. O Flamengo n\u00e3o \u00e9 um clube, \u00e9 um povo. E merece ser reconhecido pelo que realmente \u00e9: uma Na\u00e7\u00e3o\u201d.<\/p>\n\n\n\n<p>A proposta, segundo os organizadores, n\u00e3o busca reconhecimento pol\u00edtico ou territorial, mas sim cultural. O objetivo \u00e9 que a paix\u00e3o da torcida seja considerada uma forma \u00fanica de manifesta\u00e7\u00e3o coletiva, representando uma identidade pr\u00f3pria no cen\u00e1rio global.<\/p>\n","protected":false},"excerpt":{"rendered":"<p>Na madrugada desta sexta-feira (12 de setembro), a mobiliza\u00e7\u00e3o da torcida do Flamengo atingiu um marco in\u00e9dito no cen\u00e1rio esportivo. A peti\u00e7\u00e3o organizada pelo clube, que busca o reconhecimento da \u201cNa\u00e7\u00e3o Rubro-Negra\u201d como a primeira Na\u00e7\u00e3o simb\u00f3lico-cultural do mundo pela ONU, ultrapassou a impressionante marca de 500 mil assinaturas. A campanha teve in\u00edcio na quarta-feira [&hellip;]<\/p>\n","protected":false},"author":15,"featured_media":260116,"comment_status":"open","ping_status":"closed","sticky":false,"template":"","format":"standard","meta":{"footnotes":""},"categories":[1],"tags":[],"class_list":["post-276351","post","type-post","status-publish","format-standard","has-post-thumbnail","hentry","category-flamengo"],"yoast_head":"<!-- This site is optimized with the Yoast SEO Premium plugin v24.2 (Yoast SEO v26.9) - https:\/\/yoast.com\/product\/yoast-seo-premium-wordpress\/ -->\n<title>Que torcida \u00e9 essa? Peti\u00e7\u00e3o do Flamengo \u00e0 ONU ultrapassa marca impressionante<\/title>\n<meta name=\"robots\" content=\"index, follow, max-snippet:-1, max-image-preview:large, max-video-preview:-1\" \/>\n<link rel=\"canonical\" href=\"https:\/\/www.gaveanews.com\/index.php\/2025\/09\/12\/que-torcida-e-essa-peticao-do-flamengo-a-onu-ultrapassa-marca-impressionante\/\" \/>\n<meta property=\"og:locale\" content=\"pt_BR\" \/>\n<meta property=\"og:type\" content=\"article\" \/>\n<meta property=\"og:title\" content=\"Que torcida \u00e9 essa? Peti\u00e7\u00e3o do Flamengo \u00e0 ONU ultrapassa marca impressionante\" \/>\n<meta property=\"og:description\" content=\"Na madrugada desta sexta-feira (12 de setembro), a mobiliza\u00e7\u00e3o da torcida do Flamengo atingiu um marco in\u00e9dito no cen\u00e1rio esportivo. A peti\u00e7\u00e3o organizada pelo clube, que busca o reconhecimento da \u201cNa\u00e7\u00e3o Rubro-Negra\u201d como a primeira Na\u00e7\u00e3o simb\u00f3lico-cultural do mundo pela ONU, ultrapassou a impressionante marca de 500 mil assinaturas. A campanha teve in\u00edcio na quarta-feira [&hellip;]\" \/>\n<meta property=\"og:url\" content=\"https:\/\/www.gaveanews.com\/index.php\/2025\/09\/12\/que-torcida-e-essa-peticao-do-flamengo-a-onu-ultrapassa-marca-impressionante\/\" \/>\n<meta property=\"og:site_name\" content=\"G\u00e1vea News\" \/>\n<meta property=\"article:publisher\" content=\"https:\/\/facebook.com\/gaveaNews\/\" \/>\n<meta property=\"article:published_time\" content=\"2025-09-12T13:40:50+00:00\" \/>\n<meta property=\"article:modified_time\" content=\"2025-09-12T13:40:54+00:00\" \/>\n<meta property=\"og:image\" content=\"http:\/\/www.gaveanews.com\/wp-content\/uploads\/Torcida-do-Flamengo-faz-a-festa-na-Arena-Castelao-em-Sao-Luis-no-Maranhao.webp\" \/>\n\t<meta property=\"og:image:width\" content=\"1200\" \/>\n\t<meta property=\"og:image:height\" content=\"900\" \/>\n\t<meta property=\"og:image:type\" content=\"image\/webp\" \/>\n<meta name=\"author\" content=\"Henrique Machado\" \/>\n<meta name=\"twitter:card\" content=\"summary_large_image\" \/>\n<meta name=\"twitter:label1\" content=\"Escrito por\" \/>\n\t<meta name=\"twitter:data1\" content=\"Henrique Machado\" \/>\n\t<meta name=\"twitter:label2\" content=\"Est. tempo de leitura\" \/>\n\t<meta name=\"twitter:data2\" content=\"3 minutos\" \/>\n<script type=\"application\/ld+json\" class=\"yoast-schema-graph\">{\"@context\":\"https:\/\/schema.org\",\"@graph\":[{\"@type\":\"NewsArticle\",\"@id\":\"https:\/\/www.gaveanews.com\/index.php\/2025\/09\/12\/que-torcida-e-essa-peticao-do-flamengo-a-onu-ultrapassa-marca-impressionante\/#article\",\"isPartOf\":{\"@id\":\"https:\/\/www.gaveanews.com\/index.php\/2025\/09\/12\/que-torcida-e-essa-peticao-do-flamengo-a-onu-ultrapassa-marca-impressionante\/\"},\"author\":{\"name\":\"Henrique Machado\",\"@id\":\"https:\/\/www.gaveanews.com\/#\/schema\/person\/fd07635ec039ec3ba74ad18ec8a6dbd6\"},\"headline\":\"Que torcida \u00e9 essa? Peti\u00e7\u00e3o do Flamengo \u00e0 ONU ultrapassa marca impressionante\",\"datePublished\":\"2025-09-12T13:40:50+00:00\",\"dateModified\":\"2025-09-12T13:40:54+00:00\",\"mainEntityOfPage\":{\"@id\":\"https:\/\/www.gaveanews.com\/index.php\/2025\/09\/12\/que-torcida-e-essa-peticao-do-flamengo-a-onu-ultrapassa-marca-impressionante\/\"},\"wordCount\":443,\"commentCount\":0,\"image\":{\"@id\":\"https:\/\/www.gaveanews.com\/index.php\/2025\/09\/12\/que-torcida-e-essa-peticao-do-flamengo-a-onu-ultrapassa-marca-impressionante\/#primaryimage\"},\"thumbnailUrl\":\"https:\/\/www.gaveanews.com\/wp-content\/uploads\/Torcida-do-Flamengo-faz-a-festa-na-Arena-Castelao-em-Sao-Luis-no-Maranhao.webp\",\"articleSection\":[\"Flamengo\"],\"inLanguage\":\"pt-BR\",\"potentialAction\":[{\"@type\":\"CommentAction\",\"name\":\"Comment\",\"target\":[\"https:\/\/www.gaveanews.com\/index.php\/2025\/09\/12\/que-torcida-e-essa-peticao-do-flamengo-a-onu-ultrapassa-marca-impressionante\/#respond\"]}],\"copyrightYear\":\"2025\",\"copyrightHolder\":{\"@id\":\"https:\/\/www.gaveanews.com\/#organization\"}},{\"@type\":\"WebPage\",\"@id\":\"https:\/\/www.gaveanews.com\/index.php\/2025\/09\/12\/que-torcida-e-essa-peticao-do-flamengo-a-onu-ultrapassa-marca-impressionante\/\",\"url\":\"https:\/\/www.gaveanews.com\/index.php\/2025\/09\/12\/que-torcida-e-essa-peticao-do-flamengo-a-onu-ultrapassa-marca-impressionante\/\",\"name\":\"Que torcida \u00e9 essa? Peti\u00e7\u00e3o do Flamengo \u00e0 ONU ultrapassa marca impressionante\",\"isPartOf\":{\"@id\":\"https:\/\/www.gaveanews.com\/#website\"},\"primaryImageOfPage\":{\"@id\":\"https:\/\/www.gaveanews.com\/index.php\/2025\/09\/12\/que-torcida-e-essa-peticao-do-flamengo-a-onu-ultrapassa-marca-impressionante\/#primaryimage\"},\"image\":{\"@id\":\"https:\/\/www.gaveanews.com\/index.php\/2025\/09\/12\/que-torcida-e-essa-peticao-do-flamengo-a-onu-ultrapassa-marca-impressionante\/#primaryimage\"},\"thumbnailUrl\":\"https:\/\/www.gaveanews.com\/wp-content\/uploads\/Torcida-do-Flamengo-faz-a-festa-na-Arena-Castelao-em-Sao-Luis-no-Maranhao.webp\",\"datePublished\":\"2025-09-12T13:40:50+00:00\",\"dateModified\":\"2025-09-12T13:40:54+00:00\",\"author\":{\"@id\":\"https:\/\/www.gaveanews.com\/#\/schema\/person\/fd07635ec039ec3ba74ad18ec8a6dbd6\"},\"breadcrumb\":{\"@id\":\"https:\/\/www.gaveanews.com\/index.php\/2025\/09\/12\/que-torcida-e-essa-peticao-do-flamengo-a-onu-ultrapassa-marca-impressionante\/#breadcrumb\"},\"inLanguage\":\"pt-BR\",\"potentialAction\":[{\"@type\":\"ReadAction\",\"target\":[\"https:\/\/www.gaveanews.com\/index.php\/2025\/09\/12\/que-torcida-e-essa-peticao-do-flamengo-a-onu-ultrapassa-marca-impressionante\/\"]}]},{\"@type\":\"ImageObject\",\"inLanguage\":\"pt-BR\",\"@id\":\"https:\/\/www.gaveanews.com\/index.php\/2025\/09\/12\/que-torcida-e-essa-peticao-do-flamengo-a-onu-ultrapassa-marca-impressionante\/#primaryimage\",\"url\":\"https:\/\/www.gaveanews.com\/wp-content\/uploads\/Torcida-do-Flamengo-faz-a-festa-na-Arena-Castelao-em-Sao-Luis-no-Maranhao.webp\",\"contentUrl\":\"https:\/\/www.gaveanews.com\/wp-content\/uploads\/Torcida-do-Flamengo-faz-a-festa-na-Arena-Castelao-em-Sao-Luis-no-Maranhao.webp\",\"width\":1200,\"height\":900,\"caption\":\"Torcida do Flamengo faz a festa na Arena Castel\u00e3o, em S\u00e3o Lu\u00eds, no Maranh\u00e3o - Foto: Gilvan de Souza\/CRF\"},{\"@type\":\"BreadcrumbList\",\"@id\":\"https:\/\/www.gaveanews.com\/index.php\/2025\/09\/12\/que-torcida-e-essa-peticao-do-flamengo-a-onu-ultrapassa-marca-impressionante\/#breadcrumb\",\"itemListElement\":[{\"@type\":\"ListItem\",\"position\":1,\"name\":\"Home\",\"item\":\"https:\/\/www.gaveanews.com\/\"},{\"@type\":\"ListItem\",\"position\":2,\"name\":\"Que torcida \u00e9 essa? Peti\u00e7\u00e3o do Flamengo \u00e0 ONU ultrapassa marca impressionante\"}]},{\"@type\":\"WebSite\",\"@id\":\"https:\/\/www.gaveanews.com\/#website\",\"url\":\"https:\/\/www.gaveanews.com\/\",\"name\":\"G\u00e1vea News\",\"description\":\"Veja todas as not\u00edcias sobre o Flamengo: Contrata\u00e7\u00f5es, categorias de base, resultados das partidas, tabela de classifica\u00e7\u00e3o, pr\u00f3ximos jogos!\",\"potentialAction\":[{\"@type\":\"SearchAction\",\"target\":{\"@type\":\"EntryPoint\",\"urlTemplate\":\"https:\/\/www.gaveanews.com\/?s={search_term_string}\"},\"query-input\":{\"@type\":\"PropertyValueSpecification\",\"valueRequired\":true,\"valueName\":\"search_term_string\"}}],\"inLanguage\":\"pt-BR\"},{\"@type\":\"Person\",\"@id\":\"https:\/\/www.gaveanews.com\/#\/schema\/person\/fd07635ec039ec3ba74ad18ec8a6dbd6\",\"name\":\"Henrique Machado\",\"image\":{\"@type\":\"ImageObject\",\"inLanguage\":\"pt-BR\",\"@id\":\"https:\/\/www.gaveanews.com\/#\/schema\/person\/image\/\",\"url\":\"https:\/\/secure.gravatar.com\/avatar\/b95e35997e01d9800c1b6184bd79d4d898d370a3fce2584f5c77b907d5c7d9e9?s=96&d=mm&r=g\",\"contentUrl\":\"https:\/\/secure.gravatar.com\/avatar\/b95e35997e01d9800c1b6184bd79d4d898d370a3fce2584f5c77b907d5c7d9e9?s=96&d=mm&r=g\",\"caption\":\"Henrique Machado\"}}]}<\/script>\n<!-- \/ Yoast SEO Premium plugin. -->","yoast_head_json":{"title":"Que torcida \u00e9 essa? Peti\u00e7\u00e3o do Flamengo \u00e0 ONU ultrapassa marca impressionante","robots":{"index":"index","follow":"follow","max-snippet":"max-snippet:-1","max-image-preview":"max-image-preview:large","max-video-preview":"max-video-preview:-1"},"canonical":"https:\/\/www.gaveanews.com\/index.php\/2025\/09\/12\/que-torcida-e-essa-peticao-do-flamengo-a-onu-ultrapassa-marca-impressionante\/","og_locale":"pt_BR","og_type":"article","og_title":"Que torcida \u00e9 essa? Peti\u00e7\u00e3o do Flamengo \u00e0 ONU ultrapassa marca impressionante","og_description":"Na madrugada desta sexta-feira (12 de setembro), a mobiliza\u00e7\u00e3o da torcida do Flamengo atingiu um marco in\u00e9dito no cen\u00e1rio esportivo. A peti\u00e7\u00e3o organizada pelo clube, que busca o reconhecimento da \u201cNa\u00e7\u00e3o Rubro-Negra\u201d como a primeira Na\u00e7\u00e3o simb\u00f3lico-cultural do mundo pela ONU, ultrapassou a impressionante marca de 500 mil assinaturas. A campanha teve in\u00edcio na quarta-feira [&hellip;]","og_url":"https:\/\/www.gaveanews.com\/index.php\/2025\/09\/12\/que-torcida-e-essa-peticao-do-flamengo-a-onu-ultrapassa-marca-impressionante\/","og_site_name":"G\u00e1vea News","article_publisher":"https:\/\/facebook.com\/gaveaNews\/","article_published_time":"2025-09-12T13:40:50+00:00","article_modified_time":"2025-09-12T13:40:54+00:00","og_image":[{"width":1200,"height":900,"url":"http:\/\/www.gaveanews.com\/wp-content\/uploads\/Torcida-do-Flamengo-faz-a-festa-na-Arena-Castelao-em-Sao-Luis-no-Maranhao.webp","type":"image\/webp"}],"author":"Henrique Machado","twitter_card":"summary_large_image","twitter_misc":{"Escrito por":"Henrique Machado","Est. tempo de leitura":"3 minutos"},"schema":{"@context":"https:\/\/schema.org","@graph":[{"@type":"NewsArticle","@id":"https:\/\/www.gaveanews.com\/index.php\/2025\/09\/12\/que-torcida-e-essa-peticao-do-flamengo-a-onu-ultrapassa-marca-impressionante\/#article","isPartOf":{"@id":"https:\/\/www.gaveanews.com\/index.php\/2025\/09\/12\/que-torcida-e-essa-peticao-do-flamengo-a-onu-ultrapassa-marca-impressionante\/"},"author":{"name":"Henrique Machado","@id":"https:\/\/www.gaveanews.com\/#\/schema\/person\/fd07635ec039ec3ba74ad18ec8a6dbd6"},"headline":"Que torcida \u00e9 essa? Peti\u00e7\u00e3o do Flamengo \u00e0 ONU ultrapassa marca impressionante","datePublished":"2025-09-12T13:40:50+00:00","dateModified":"2025-09-12T13:40:54+00:00","mainEntityOfPage":{"@id":"https:\/\/www.gaveanews.com\/index.php\/2025\/09\/12\/que-torcida-e-essa-peticao-do-flamengo-a-onu-ultrapassa-marca-impressionante\/"},"wordCount":443,"commentCount":0,"image":{"@id":"https:\/\/www.gaveanews.com\/index.php\/2025\/09\/12\/que-torcida-e-essa-peticao-do-flamengo-a-onu-ultrapassa-marca-impressionante\/#primaryimage"},"thumbnailUrl":"https:\/\/www.gaveanews.com\/wp-content\/uploads\/Torcida-do-Flamengo-faz-a-festa-na-Arena-Castelao-em-Sao-Luis-no-Maranhao.webp","articleSection":["Flamengo"],"inLanguage":"pt-BR","potentialAction":[{"@type":"CommentAction","name":"Comment","target":["https:\/\/www.gaveanews.com\/index.php\/2025\/09\/12\/que-torcida-e-essa-peticao-do-flamengo-a-onu-ultrapassa-marca-impressionante\/#respond"]}],"copyrightYear":"2025","copyrightHolder":{"@id":"https:\/\/www.gaveanews.com\/#organization"}},{"@type":"WebPage","@id":"https:\/\/www.gaveanews.com\/index.php\/2025\/09\/12\/que-torcida-e-essa-peticao-do-flamengo-a-onu-ultrapassa-marca-impressionante\/","url":"https:\/\/www.gaveanews.com\/index.php\/2025\/09\/12\/que-torcida-e-essa-peticao-do-flamengo-a-onu-ultrapassa-marca-impressionante\/","name":"Que torcida \u00e9 essa? Peti\u00e7\u00e3o do Flamengo \u00e0 ONU ultrapassa marca impressionante","isPartOf":{"@id":"https:\/\/www.gaveanews.com\/#website"},"primaryImageOfPage":{"@id":"https:\/\/www.gaveanews.com\/index.php\/2025\/09\/12\/que-torcida-e-essa-peticao-do-flamengo-a-onu-ultrapassa-marca-impressionante\/#primaryimage"},"image":{"@id":"https:\/\/www.gaveanews.com\/index.php\/2025\/09\/12\/que-torcida-e-essa-peticao-do-flamengo-a-onu-ultrapassa-marca-impressionante\/#primaryimage"},"thumbnailUrl":"https:\/\/www.gaveanews.com\/wp-content\/uploads\/Torcida-do-Flamengo-faz-a-festa-na-Arena-Castelao-em-Sao-Luis-no-Maranhao.webp","datePublished":"2025-09-12T13:40:50+00:00","dateModified":"2025-09-12T13:40:54+00:00","author":{"@id":"https:\/\/www.gaveanews.com\/#\/schema\/person\/fd07635ec039ec3ba74ad18ec8a6dbd6"},"breadcrumb":{"@id":"https:\/\/www.gaveanews.com\/index.php\/2025\/09\/12\/que-torcida-e-essa-peticao-do-flamengo-a-onu-ultrapassa-marca-impressionante\/#breadcrumb"},"inLanguage":"pt-BR","potentialAction":[{"@type":"ReadAction","target":["https:\/\/www.gaveanews.com\/index.php\/2025\/09\/12\/que-torcida-e-essa-peticao-do-flamengo-a-onu-ultrapassa-marca-impressionante\/"]}]},{"@type":"ImageObject","inLanguage":"pt-BR","@id":"https:\/\/www.gaveanews.com\/index.php\/2025\/09\/12\/que-torcida-e-essa-peticao-do-flamengo-a-onu-ultrapassa-marca-impressionante\/#primaryimage","url":"https:\/\/www.gaveanews.com\/wp-content\/uploads\/Torcida-do-Flamengo-faz-a-festa-na-Arena-Castelao-em-Sao-Luis-no-Maranhao.webp","contentUrl":"https:\/\/www.gaveanews.com\/wp-content\/uploads\/Torcida-do-Flamengo-faz-a-festa-na-Arena-Castelao-em-Sao-Luis-no-Maranhao.webp","width":1200,"height":900,"caption":"Torcida do Flamengo faz a festa na Arena Castel\u00e3o, em S\u00e3o Lu\u00eds, no Maranh\u00e3o - Foto: Gilvan de Souza\/CRF"},{"@type":"BreadcrumbList","@id":"https:\/\/www.gaveanews.com\/index.php\/2025\/09\/12\/que-torcida-e-essa-peticao-do-flamengo-a-onu-ultrapassa-marca-impressionante\/#breadcrumb","itemListElement":[{"@type":"ListItem","position":1,"name":"Home","item":"https:\/\/www.gaveanews.com\/"},{"@type":"ListItem","position":2,"name":"Que torcida \u00e9 essa? Peti\u00e7\u00e3o do Flamengo \u00e0 ONU ultrapassa marca impressionante"}]},{"@type":"WebSite","@id":"https:\/\/www.gaveanews.com\/#website","url":"https:\/\/www.gaveanews.com\/","name":"G\u00e1vea News","description":"Veja todas as not\u00edcias sobre o Flamengo: Contrata\u00e7\u00f5es, categorias de base, resultados das partidas, tabela de classifica\u00e7\u00e3o, pr\u00f3ximos jogos!","potentialAction":[{"@type":"SearchAction","target":{"@type":"EntryPoint","urlTemplate":"https:\/\/www.gaveanews.com\/?s={search_term_string}"},"query-input":{"@type":"PropertyValueSpecification","valueRequired":true,"valueName":"search_term_string"}}],"inLanguage":"pt-BR"},{"@type":"Person","@id":"https:\/\/www.gaveanews.com\/#\/schema\/person\/fd07635ec039ec3ba74ad18ec8a6dbd6","name":"Henrique Machado","image":{"@type":"ImageObject","inLanguage":"pt-BR","@id":"https:\/\/www.gaveanews.com\/#\/schema\/person\/image\/","url":"https:\/\/secure.gravatar.com\/avatar\/b95e35997e01d9800c1b6184bd79d4d898d370a3fce2584f5c77b907d5c7d9e9?s=96&d=mm&r=g","contentUrl":"https:\/\/secure.gravatar.com\/avatar\/b95e35997e01d9800c1b6184bd79d4d898d370a3fce2584f5c77b907d5c7d9e9?s=96&d=mm&r=g","caption":"Henrique Machado"}}]}},"_links":{"self":[{"href":"https:\/\/www.gaveanews.com\/index.php\/wp-json\/wp\/v2\/posts\/276351","targetHints":{"allow":["GET"]}}],"collection":[{"href":"https:\/\/www.gaveanews.com\/index.php\/wp-json\/wp\/v2\/posts"}],"about":[{"href":"https:\/\/www.gaveanews.com\/index.php\/wp-json\/wp\/v2\/types\/post"}],"author":[{"embeddable":true,"href":"https:\/\/www.gaveanews.com\/index.php\/wp-json\/wp\/v2\/users\/15"}],"replies":[{"embeddable":true,"href":"https:\/\/www.gaveanews.com\/index.php\/wp-json\/wp\/v2\/comments?post=276351"}],"version-history":[{"count":1,"href":"https:\/\/www.gaveanews.com\/index.php\/wp-json\/wp\/v2\/posts\/276351\/revisions"}],"predecessor-version":[{"id":276352,"href":"https:\/\/www.gaveanews.com\/index.php\/wp-json\/wp\/v2\/posts\/276351\/revisions\/276352"}],"wp:featuredmedia":[{"embeddable":true,"href":"https:\/\/www.gaveanews.com\/index.php\/wp-json\/wp\/v2\/media\/260116"}],"wp:attachment":[{"href":"https:\/\/www.gaveanews.com\/index.php\/wp-json\/wp\/v2\/media?parent=276351"}],"wp:term":[{"taxonomy":"category","embeddable":true,"href":"https:\/\/www.gaveanews.com\/index.php\/wp-json\/wp\/v2\/categories?post=276351"},{"taxonomy":"post_tag","embeddable":true,"href":"https:\/\/www.gaveanews.com\/index.php\/wp-json\/wp\/v2\/tags?post=276351"}],"curies":[{"name":"wp","href":"https:\/\/api.w.org\/{rel}","templated":true}]}}