{"id":276354,"date":"2025-09-12T11:15:56","date_gmt":"2025-09-12T14:15:56","guid":{"rendered":"https:\/\/www.gaveanews.com\/?p=276354"},"modified":"2025-09-12T11:01:04","modified_gmt":"2025-09-12T14:01:04","slug":"flamenguista-atitude-de-matheus-franca-durante-jogo-do-vasco-viraliza-entre-a-torcida-do-flamengo-assista","status":"publish","type":"post","link":"https:\/\/www.gaveanews.com\/index.php\/2025\/09\/12\/flamenguista-atitude-de-matheus-franca-durante-jogo-do-vasco-viraliza-entre-a-torcida-do-flamengo-assista\/","title":{"rendered":"Flamenguista? Atitude de Matheus Fran\u00e7a durante jogo do Vasco viraliza entre a torcida do Flamengo; assista"},"content":{"rendered":"\n<p>Na noite de quinta-feira (11 de setembro), o est\u00e1dio Nilton Santos recebeu mais de 40 mil torcedores para o cl\u00e1ssico entre Botafogo e Vasco, v\u00e1lido pelas quartas de final da Copa do Brasil. Em campo, a disputa terminou empatada em 1 a 1, levando a decis\u00e3o para os p\u00eanaltis. O Cruzmaltino levou a melhor por 5 a 3 e garantiu vaga na semifinal, frustrando o sonho alvinegro de conquistar o t\u00edtulo in\u00e9dito da competi\u00e7\u00e3o.<\/p>\n\n\n\n<p>O jogo foi marcado por intensidade desde o in\u00edcio. O Vasco abriu o placar com Nuno Moreira, ap\u00f3s rebote do goleiro Neto, mas o Botafogo reagiu ainda no primeiro tempo, com Alex Telles convertendo p\u00eanalti sofrido por Joaqu\u00edn Correa. Apesar da press\u00e3o botafoguense na reta final, a decis\u00e3o foi para as penalidades, onde L\u00e9o Jardim defendeu uma cobran\u00e7a e garantiu a classifica\u00e7\u00e3o vasca\u00edna.<\/p>\n\n\n\n<p>Entre os cobradores do Vasco estava Matheus Fran\u00e7a, cria do Flamengo, que marcou sua penalidade com firmeza. O gesto que se seguiu, no entanto, roubou a cena. O meia chegou a levar a m\u00e3o ao escudo do uniforme cruzmaltino, mas interrompeu o movimento antes de beij\u00e1-lo. A cena foi captada pelas c\u00e2meras e rapidamente se espalhou pelas redes sociais.<\/p>\n\n\n\n<blockquote class=\"twitter-tweet\" data-media-max-width=\"560\"><p lang=\"pt\" dir=\"ltr\">matheus fran\u00e7a \u00e9 flamenguista pra caralho kkkkk ele ia beijar o escudo mas repensou <a href=\"https:\/\/t.co\/6QKrDH1DGk\">pic.twitter.com\/6QKrDH1DGk<\/a><\/p>&mdash; SGA mvp (@SGAmvp_2) <a href=\"https:\/\/twitter.com\/SGAmvp_2\/status\/1966332545022484922?ref_src=twsrc%5Etfw\">September 12, 2025<\/a><\/blockquote> <script async src=\"https:\/\/platform.twitter.com\/widgets.js\" charset=\"utf-8\"><\/script>\n\n\n\n<p>Nas plataformas digitais, torcedores do Flamengo reagiram com humor e identifica\u00e7\u00e3o. Um internauta escreveu: \u201cO Matheus Fran\u00e7a ia beijar o escudo mas lembrou que \u00e9 flamenguista kkkkkkk\u201d. Outro destacou: \u201cO Matheus Fran\u00e7a ia beijar o escudo, mas lembrou que \u00e9 Flamengo. Ele \u00e9 muito flamenguista\u201d.<\/p>\n\n\n\n<p>Entre vasca\u00ednos, a rea\u00e7\u00e3o tamb\u00e9m dividiu opini\u00f5es. Alguns ressaltaram que o importante \u00e9 o profissionalismo do meia e o respeito \u00e0 camisa que veste. \u201cO importante \u00e9 fazer o trabalho dele e respeitar o Vasco enquanto vestir essa camisa\u201d, disse um torcedor. Outro completou: \u201cCalma, \u00e9 um processo at\u00e9 l\u00e1. At\u00e9 o final do ano ele j\u00e1 est\u00e1 beijando\u201d.<\/p>\n\n\n\n<p>Matheus Fran\u00e7a evitou alimentar pol\u00eamicas em sua apresenta\u00e7\u00e3o oficial no Vasco, em agosto. Questionado sobre a press\u00e3o por ter sido revelado no Flamengo, afirmou:<\/p>\n\n\n\n<p>\u201cTodo mundo sabe do meu in\u00edcio no clube rival. Mas o mais importante \u00e9 focar aqui no Vasco. \u00c9 um clube grande e importante. Essa escolha pela volta foi minha, pelas conversas com Diniz, Felipe e Pedrinho. Queria agradecer a eles por todo o apoio, as conversas desde o in\u00edcio. N\u00e3o tenho press\u00e3o nenhuma, muito claro que sou um jogador que vou me doar bastante pelo Vasco e isso que importa\u201d.<\/p>\n","protected":false},"excerpt":{"rendered":"<p>Na noite de quinta-feira (11 de setembro), o est\u00e1dio Nilton Santos recebeu mais de 40 mil torcedores para o cl\u00e1ssico entre Botafogo e Vasco, v\u00e1lido pelas quartas de final da Copa do Brasil. Em campo, a disputa terminou empatada em 1 a 1, levando a decis\u00e3o para os p\u00eanaltis. O Cruzmaltino levou a melhor por [&hellip;]<\/p>\n","protected":false},"author":15,"featured_media":78292,"comment_status":"open","ping_status":"closed","sticky":false,"template":"","format":"standard","meta":{"footnotes":""},"categories":[1,152],"tags":[],"class_list":["post-276354","post","type-post","status-publish","format-standard","has-post-thumbnail","hentry","category-flamengo","category-vasco"],"yoast_head":"<!-- This site is optimized with the Yoast SEO Premium plugin v24.2 (Yoast SEO v26.9) - https:\/\/yoast.com\/product\/yoast-seo-premium-wordpress\/ -->\n<title>Flamenguista? Atitude de Matheus Fran\u00e7a durante jogo do Vasco viraliza entre a torcida do Flamengo; assista<\/title>\n<meta name=\"robots\" content=\"index, follow, max-snippet:-1, max-image-preview:large, max-video-preview:-1\" \/>\n<link rel=\"canonical\" href=\"https:\/\/www.gaveanews.com\/index.php\/2025\/09\/12\/flamenguista-atitude-de-matheus-franca-durante-jogo-do-vasco-viraliza-entre-a-torcida-do-flamengo-assista\/\" \/>\n<meta property=\"og:locale\" content=\"pt_BR\" \/>\n<meta property=\"og:type\" content=\"article\" \/>\n<meta property=\"og:title\" content=\"Flamenguista? Atitude de Matheus Fran\u00e7a durante jogo do Vasco viraliza entre a torcida do Flamengo; assista\" \/>\n<meta property=\"og:description\" content=\"Na noite de quinta-feira (11 de setembro), o est\u00e1dio Nilton Santos recebeu mais de 40 mil torcedores para o cl\u00e1ssico entre Botafogo e Vasco, v\u00e1lido pelas quartas de final da Copa do Brasil. Em campo, a disputa terminou empatada em 1 a 1, levando a decis\u00e3o para os p\u00eanaltis. O Cruzmaltino levou a melhor por [&hellip;]\" \/>\n<meta property=\"og:url\" content=\"https:\/\/www.gaveanews.com\/index.php\/2025\/09\/12\/flamenguista-atitude-de-matheus-franca-durante-jogo-do-vasco-viraliza-entre-a-torcida-do-flamengo-assista\/\" \/>\n<meta property=\"og:site_name\" content=\"G\u00e1vea News\" \/>\n<meta property=\"article:publisher\" content=\"https:\/\/facebook.com\/gaveaNews\/\" \/>\n<meta property=\"article:published_time\" content=\"2025-09-12T14:15:56+00:00\" \/>\n<meta property=\"og:image\" content=\"https:\/\/www.gaveanews.com\/wp-content\/uploads\/Matheus-Franca-marca-seu-primeiro-gol-pelo-time-profissional-do-Flamengo.webp\" \/>\n\t<meta property=\"og:image:width\" content=\"799\" \/>\n\t<meta property=\"og:image:height\" content=\"533\" \/>\n\t<meta property=\"og:image:type\" content=\"image\/jpeg\" \/>\n<meta name=\"author\" content=\"Henrique Machado\" \/>\n<meta name=\"twitter:card\" content=\"summary_large_image\" \/>\n<meta name=\"twitter:label1\" content=\"Escrito por\" \/>\n\t<meta name=\"twitter:data1\" content=\"Henrique Machado\" \/>\n\t<meta name=\"twitter:label2\" content=\"Est. tempo de leitura\" \/>\n\t<meta name=\"twitter:data2\" content=\"3 minutos\" \/>\n<script type=\"application\/ld+json\" class=\"yoast-schema-graph\">{\"@context\":\"https:\/\/schema.org\",\"@graph\":[{\"@type\":\"NewsArticle\",\"@id\":\"https:\/\/www.gaveanews.com\/index.php\/2025\/09\/12\/flamenguista-atitude-de-matheus-franca-durante-jogo-do-vasco-viraliza-entre-a-torcida-do-flamengo-assista\/#article\",\"isPartOf\":{\"@id\":\"https:\/\/www.gaveanews.com\/index.php\/2025\/09\/12\/flamenguista-atitude-de-matheus-franca-durante-jogo-do-vasco-viraliza-entre-a-torcida-do-flamengo-assista\/\"},\"author\":{\"name\":\"Henrique Machado\",\"@id\":\"https:\/\/www.gaveanews.com\/#\/schema\/person\/fd07635ec039ec3ba74ad18ec8a6dbd6\"},\"headline\":\"Flamenguista? Atitude de Matheus Fran\u00e7a durante jogo do Vasco viraliza entre a torcida do Flamengo; assista\",\"datePublished\":\"2025-09-12T14:15:56+00:00\",\"mainEntityOfPage\":{\"@id\":\"https:\/\/www.gaveanews.com\/index.php\/2025\/09\/12\/flamenguista-atitude-de-matheus-franca-durante-jogo-do-vasco-viraliza-entre-a-torcida-do-flamengo-assista\/\"},\"wordCount\":458,\"commentCount\":0,\"image\":{\"@id\":\"https:\/\/www.gaveanews.com\/index.php\/2025\/09\/12\/flamenguista-atitude-de-matheus-franca-durante-jogo-do-vasco-viraliza-entre-a-torcida-do-flamengo-assista\/#primaryimage\"},\"thumbnailUrl\":\"https:\/\/www.gaveanews.com\/wp-content\/uploads\/Matheus-Franca-marca-seu-primeiro-gol-pelo-time-profissional-do-Flamengo.webp\",\"articleSection\":[\"Flamengo\",\"Vasco\"],\"inLanguage\":\"pt-BR\",\"potentialAction\":[{\"@type\":\"CommentAction\",\"name\":\"Comment\",\"target\":[\"https:\/\/www.gaveanews.com\/index.php\/2025\/09\/12\/flamenguista-atitude-de-matheus-franca-durante-jogo-do-vasco-viraliza-entre-a-torcida-do-flamengo-assista\/#respond\"]}],\"copyrightYear\":\"2025\",\"copyrightHolder\":{\"@id\":\"https:\/\/www.gaveanews.com\/#organization\"}},{\"@type\":\"WebPage\",\"@id\":\"https:\/\/www.gaveanews.com\/index.php\/2025\/09\/12\/flamenguista-atitude-de-matheus-franca-durante-jogo-do-vasco-viraliza-entre-a-torcida-do-flamengo-assista\/\",\"url\":\"https:\/\/www.gaveanews.com\/index.php\/2025\/09\/12\/flamenguista-atitude-de-matheus-franca-durante-jogo-do-vasco-viraliza-entre-a-torcida-do-flamengo-assista\/\",\"name\":\"Flamenguista? Atitude de Matheus Fran\u00e7a durante jogo do Vasco viraliza entre a torcida do Flamengo; assista\",\"isPartOf\":{\"@id\":\"https:\/\/www.gaveanews.com\/#website\"},\"primaryImageOfPage\":{\"@id\":\"https:\/\/www.gaveanews.com\/index.php\/2025\/09\/12\/flamenguista-atitude-de-matheus-franca-durante-jogo-do-vasco-viraliza-entre-a-torcida-do-flamengo-assista\/#primaryimage\"},\"image\":{\"@id\":\"https:\/\/www.gaveanews.com\/index.php\/2025\/09\/12\/flamenguista-atitude-de-matheus-franca-durante-jogo-do-vasco-viraliza-entre-a-torcida-do-flamengo-assista\/#primaryimage\"},\"thumbnailUrl\":\"https:\/\/www.gaveanews.com\/wp-content\/uploads\/Matheus-Franca-marca-seu-primeiro-gol-pelo-time-profissional-do-Flamengo.webp\",\"datePublished\":\"2025-09-12T14:15:56+00:00\",\"author\":{\"@id\":\"https:\/\/www.gaveanews.com\/#\/schema\/person\/fd07635ec039ec3ba74ad18ec8a6dbd6\"},\"breadcrumb\":{\"@id\":\"https:\/\/www.gaveanews.com\/index.php\/2025\/09\/12\/flamenguista-atitude-de-matheus-franca-durante-jogo-do-vasco-viraliza-entre-a-torcida-do-flamengo-assista\/#breadcrumb\"},\"inLanguage\":\"pt-BR\",\"potentialAction\":[{\"@type\":\"ReadAction\",\"target\":[\"https:\/\/www.gaveanews.com\/index.php\/2025\/09\/12\/flamenguista-atitude-de-matheus-franca-durante-jogo-do-vasco-viraliza-entre-a-torcida-do-flamengo-assista\/\"]}]},{\"@type\":\"ImageObject\",\"inLanguage\":\"pt-BR\",\"@id\":\"https:\/\/www.gaveanews.com\/index.php\/2025\/09\/12\/flamenguista-atitude-de-matheus-franca-durante-jogo-do-vasco-viraliza-entre-a-torcida-do-flamengo-assista\/#primaryimage\",\"url\":\"https:\/\/www.gaveanews.com\/wp-content\/uploads\/Matheus-Franca-marca-seu-primeiro-gol-pelo-time-profissional-do-Flamengo.webp\",\"contentUrl\":\"https:\/\/www.gaveanews.com\/wp-content\/uploads\/Matheus-Franca-marca-seu-primeiro-gol-pelo-time-profissional-do-Flamengo.webp\",\"width\":799,\"height\":533,\"caption\":\"Matheus Fran\u00e7a marca seu primeiro gol pelo time profissional do Flamengo (Foto: Gilvan de Souza\/Flamengo)\"},{\"@type\":\"BreadcrumbList\",\"@id\":\"https:\/\/www.gaveanews.com\/index.php\/2025\/09\/12\/flamenguista-atitude-de-matheus-franca-durante-jogo-do-vasco-viraliza-entre-a-torcida-do-flamengo-assista\/#breadcrumb\",\"itemListElement\":[{\"@type\":\"ListItem\",\"position\":1,\"name\":\"Home\",\"item\":\"https:\/\/www.gaveanews.com\/\"},{\"@type\":\"ListItem\",\"position\":2,\"name\":\"Flamenguista? Atitude de Matheus Fran\u00e7a durante jogo do Vasco viraliza entre a torcida do Flamengo; assista\"}]},{\"@type\":\"WebSite\",\"@id\":\"https:\/\/www.gaveanews.com\/#website\",\"url\":\"https:\/\/www.gaveanews.com\/\",\"name\":\"G\u00e1vea News\",\"description\":\"Veja todas as not\u00edcias sobre o Flamengo: Contrata\u00e7\u00f5es, categorias de base, resultados das partidas, tabela de classifica\u00e7\u00e3o, pr\u00f3ximos jogos!\",\"potentialAction\":[{\"@type\":\"SearchAction\",\"target\":{\"@type\":\"EntryPoint\",\"urlTemplate\":\"https:\/\/www.gaveanews.com\/?s={search_term_string}\"},\"query-input\":{\"@type\":\"PropertyValueSpecification\",\"valueRequired\":true,\"valueName\":\"search_term_string\"}}],\"inLanguage\":\"pt-BR\"},{\"@type\":\"Person\",\"@id\":\"https:\/\/www.gaveanews.com\/#\/schema\/person\/fd07635ec039ec3ba74ad18ec8a6dbd6\",\"name\":\"Henrique Machado\",\"image\":{\"@type\":\"ImageObject\",\"inLanguage\":\"pt-BR\",\"@id\":\"https:\/\/www.gaveanews.com\/#\/schema\/person\/image\/\",\"url\":\"https:\/\/secure.gravatar.com\/avatar\/b95e35997e01d9800c1b6184bd79d4d898d370a3fce2584f5c77b907d5c7d9e9?s=96&d=mm&r=g\",\"contentUrl\":\"https:\/\/secure.gravatar.com\/avatar\/b95e35997e01d9800c1b6184bd79d4d898d370a3fce2584f5c77b907d5c7d9e9?s=96&d=mm&r=g\",\"caption\":\"Henrique Machado\"}}]}<\/script>\n<!-- \/ Yoast SEO Premium plugin. -->","yoast_head_json":{"title":"Flamenguista? Atitude de Matheus Fran\u00e7a durante jogo do Vasco viraliza entre a torcida do Flamengo; assista","robots":{"index":"index","follow":"follow","max-snippet":"max-snippet:-1","max-image-preview":"max-image-preview:large","max-video-preview":"max-video-preview:-1"},"canonical":"https:\/\/www.gaveanews.com\/index.php\/2025\/09\/12\/flamenguista-atitude-de-matheus-franca-durante-jogo-do-vasco-viraliza-entre-a-torcida-do-flamengo-assista\/","og_locale":"pt_BR","og_type":"article","og_title":"Flamenguista? Atitude de Matheus Fran\u00e7a durante jogo do Vasco viraliza entre a torcida do Flamengo; assista","og_description":"Na noite de quinta-feira (11 de setembro), o est\u00e1dio Nilton Santos recebeu mais de 40 mil torcedores para o cl\u00e1ssico entre Botafogo e Vasco, v\u00e1lido pelas quartas de final da Copa do Brasil. Em campo, a disputa terminou empatada em 1 a 1, levando a decis\u00e3o para os p\u00eanaltis. O Cruzmaltino levou a melhor por [&hellip;]","og_url":"https:\/\/www.gaveanews.com\/index.php\/2025\/09\/12\/flamenguista-atitude-de-matheus-franca-durante-jogo-do-vasco-viraliza-entre-a-torcida-do-flamengo-assista\/","og_site_name":"G\u00e1vea News","article_publisher":"https:\/\/facebook.com\/gaveaNews\/","article_published_time":"2025-09-12T14:15:56+00:00","og_image":[{"width":799,"height":533,"url":"https:\/\/www.gaveanews.com\/wp-content\/uploads\/Matheus-Franca-marca-seu-primeiro-gol-pelo-time-profissional-do-Flamengo.webp","type":"image\/jpeg"}],"author":"Henrique Machado","twitter_card":"summary_large_image","twitter_misc":{"Escrito por":"Henrique Machado","Est. tempo de leitura":"3 minutos"},"schema":{"@context":"https:\/\/schema.org","@graph":[{"@type":"NewsArticle","@id":"https:\/\/www.gaveanews.com\/index.php\/2025\/09\/12\/flamenguista-atitude-de-matheus-franca-durante-jogo-do-vasco-viraliza-entre-a-torcida-do-flamengo-assista\/#article","isPartOf":{"@id":"https:\/\/www.gaveanews.com\/index.php\/2025\/09\/12\/flamenguista-atitude-de-matheus-franca-durante-jogo-do-vasco-viraliza-entre-a-torcida-do-flamengo-assista\/"},"author":{"name":"Henrique Machado","@id":"https:\/\/www.gaveanews.com\/#\/schema\/person\/fd07635ec039ec3ba74ad18ec8a6dbd6"},"headline":"Flamenguista? Atitude de Matheus Fran\u00e7a durante jogo do Vasco viraliza entre a torcida do Flamengo; assista","datePublished":"2025-09-12T14:15:56+00:00","mainEntityOfPage":{"@id":"https:\/\/www.gaveanews.com\/index.php\/2025\/09\/12\/flamenguista-atitude-de-matheus-franca-durante-jogo-do-vasco-viraliza-entre-a-torcida-do-flamengo-assista\/"},"wordCount":458,"commentCount":0,"image":{"@id":"https:\/\/www.gaveanews.com\/index.php\/2025\/09\/12\/flamenguista-atitude-de-matheus-franca-durante-jogo-do-vasco-viraliza-entre-a-torcida-do-flamengo-assista\/#primaryimage"},"thumbnailUrl":"https:\/\/www.gaveanews.com\/wp-content\/uploads\/Matheus-Franca-marca-seu-primeiro-gol-pelo-time-profissional-do-Flamengo.webp","articleSection":["Flamengo","Vasco"],"inLanguage":"pt-BR","potentialAction":[{"@type":"CommentAction","name":"Comment","target":["https:\/\/www.gaveanews.com\/index.php\/2025\/09\/12\/flamenguista-atitude-de-matheus-franca-durante-jogo-do-vasco-viraliza-entre-a-torcida-do-flamengo-assista\/#respond"]}],"copyrightYear":"2025","copyrightHolder":{"@id":"https:\/\/www.gaveanews.com\/#organization"}},{"@type":"WebPage","@id":"https:\/\/www.gaveanews.com\/index.php\/2025\/09\/12\/flamenguista-atitude-de-matheus-franca-durante-jogo-do-vasco-viraliza-entre-a-torcida-do-flamengo-assista\/","url":"https:\/\/www.gaveanews.com\/index.php\/2025\/09\/12\/flamenguista-atitude-de-matheus-franca-durante-jogo-do-vasco-viraliza-entre-a-torcida-do-flamengo-assista\/","name":"Flamenguista? Atitude de Matheus Fran\u00e7a durante jogo do Vasco viraliza entre a torcida do Flamengo; assista","isPartOf":{"@id":"https:\/\/www.gaveanews.com\/#website"},"primaryImageOfPage":{"@id":"https:\/\/www.gaveanews.com\/index.php\/2025\/09\/12\/flamenguista-atitude-de-matheus-franca-durante-jogo-do-vasco-viraliza-entre-a-torcida-do-flamengo-assista\/#primaryimage"},"image":{"@id":"https:\/\/www.gaveanews.com\/index.php\/2025\/09\/12\/flamenguista-atitude-de-matheus-franca-durante-jogo-do-vasco-viraliza-entre-a-torcida-do-flamengo-assista\/#primaryimage"},"thumbnailUrl":"https:\/\/www.gaveanews.com\/wp-content\/uploads\/Matheus-Franca-marca-seu-primeiro-gol-pelo-time-profissional-do-Flamengo.webp","datePublished":"2025-09-12T14:15:56+00:00","author":{"@id":"https:\/\/www.gaveanews.com\/#\/schema\/person\/fd07635ec039ec3ba74ad18ec8a6dbd6"},"breadcrumb":{"@id":"https:\/\/www.gaveanews.com\/index.php\/2025\/09\/12\/flamenguista-atitude-de-matheus-franca-durante-jogo-do-vasco-viraliza-entre-a-torcida-do-flamengo-assista\/#breadcrumb"},"inLanguage":"pt-BR","potentialAction":[{"@type":"ReadAction","target":["https:\/\/www.gaveanews.com\/index.php\/2025\/09\/12\/flamenguista-atitude-de-matheus-franca-durante-jogo-do-vasco-viraliza-entre-a-torcida-do-flamengo-assista\/"]}]},{"@type":"ImageObject","inLanguage":"pt-BR","@id":"https:\/\/www.gaveanews.com\/index.php\/2025\/09\/12\/flamenguista-atitude-de-matheus-franca-durante-jogo-do-vasco-viraliza-entre-a-torcida-do-flamengo-assista\/#primaryimage","url":"https:\/\/www.gaveanews.com\/wp-content\/uploads\/Matheus-Franca-marca-seu-primeiro-gol-pelo-time-profissional-do-Flamengo.webp","contentUrl":"https:\/\/www.gaveanews.com\/wp-content\/uploads\/Matheus-Franca-marca-seu-primeiro-gol-pelo-time-profissional-do-Flamengo.webp","width":799,"height":533,"caption":"Matheus Fran\u00e7a marca seu primeiro gol pelo time profissional do Flamengo (Foto: Gilvan de Souza\/Flamengo)"},{"@type":"BreadcrumbList","@id":"https:\/\/www.gaveanews.com\/index.php\/2025\/09\/12\/flamenguista-atitude-de-matheus-franca-durante-jogo-do-vasco-viraliza-entre-a-torcida-do-flamengo-assista\/#breadcrumb","itemListElement":[{"@type":"ListItem","position":1,"name":"Home","item":"https:\/\/www.gaveanews.com\/"},{"@type":"ListItem","position":2,"name":"Flamenguista? Atitude de Matheus Fran\u00e7a durante jogo do Vasco viraliza entre a torcida do Flamengo; assista"}]},{"@type":"WebSite","@id":"https:\/\/www.gaveanews.com\/#website","url":"https:\/\/www.gaveanews.com\/","name":"G\u00e1vea News","description":"Veja todas as not\u00edcias sobre o Flamengo: Contrata\u00e7\u00f5es, categorias de base, resultados das partidas, tabela de classifica\u00e7\u00e3o, pr\u00f3ximos jogos!","potentialAction":[{"@type":"SearchAction","target":{"@type":"EntryPoint","urlTemplate":"https:\/\/www.gaveanews.com\/?s={search_term_string}"},"query-input":{"@type":"PropertyValueSpecification","valueRequired":true,"valueName":"search_term_string"}}],"inLanguage":"pt-BR"},{"@type":"Person","@id":"https:\/\/www.gaveanews.com\/#\/schema\/person\/fd07635ec039ec3ba74ad18ec8a6dbd6","name":"Henrique Machado","image":{"@type":"ImageObject","inLanguage":"pt-BR","@id":"https:\/\/www.gaveanews.com\/#\/schema\/person\/image\/","url":"https:\/\/secure.gravatar.com\/avatar\/b95e35997e01d9800c1b6184bd79d4d898d370a3fce2584f5c77b907d5c7d9e9?s=96&d=mm&r=g","contentUrl":"https:\/\/secure.gravatar.com\/avatar\/b95e35997e01d9800c1b6184bd79d4d898d370a3fce2584f5c77b907d5c7d9e9?s=96&d=mm&r=g","caption":"Henrique Machado"}}]}},"_links":{"self":[{"href":"https:\/\/www.gaveanews.com\/index.php\/wp-json\/wp\/v2\/posts\/276354","targetHints":{"allow":["GET"]}}],"collection":[{"href":"https:\/\/www.gaveanews.com\/index.php\/wp-json\/wp\/v2\/posts"}],"about":[{"href":"https:\/\/www.gaveanews.com\/index.php\/wp-json\/wp\/v2\/types\/post"}],"author":[{"embeddable":true,"href":"https:\/\/www.gaveanews.com\/index.php\/wp-json\/wp\/v2\/users\/15"}],"replies":[{"embeddable":true,"href":"https:\/\/www.gaveanews.com\/index.php\/wp-json\/wp\/v2\/comments?post=276354"}],"version-history":[{"count":1,"href":"https:\/\/www.gaveanews.com\/index.php\/wp-json\/wp\/v2\/posts\/276354\/revisions"}],"predecessor-version":[{"id":276355,"href":"https:\/\/www.gaveanews.com\/index.php\/wp-json\/wp\/v2\/posts\/276354\/revisions\/276355"}],"wp:featuredmedia":[{"embeddable":true,"href":"https:\/\/www.gaveanews.com\/index.php\/wp-json\/wp\/v2\/media\/78292"}],"wp:attachment":[{"href":"https:\/\/www.gaveanews.com\/index.php\/wp-json\/wp\/v2\/media?parent=276354"}],"wp:term":[{"taxonomy":"category","embeddable":true,"href":"https:\/\/www.gaveanews.com\/index.php\/wp-json\/wp\/v2\/categories?post=276354"},{"taxonomy":"post_tag","embeddable":true,"href":"https:\/\/www.gaveanews.com\/index.php\/wp-json\/wp\/v2\/tags?post=276354"}],"curies":[{"name":"wp","href":"https:\/\/api.w.org\/{rel}","templated":true}]}}