{"id":276359,"date":"2025-09-12T12:48:47","date_gmt":"2025-09-12T15:48:47","guid":{"rendered":"https:\/\/www.gaveanews.com\/?p=276359"},"modified":"2025-09-12T12:48:50","modified_gmt":"2025-09-12T15:48:50","slug":"medico-do-flamengo-detalha-recuperacao-de-erick-pulgar-e-projeta-futuro","status":"publish","type":"post","link":"https:\/\/www.gaveanews.com\/index.php\/2025\/09\/12\/medico-do-flamengo-detalha-recuperacao-de-erick-pulgar-e-projeta-futuro\/","title":{"rendered":"M\u00e9dico do Flamengo detalha recupera\u00e7\u00e3o de Erick Pulgar e projeta futuro"},"content":{"rendered":"<p>O <a href=\"https:\/\/www.gaveanews.com\/index.php\/category\/brasileirao\/flamengo\/\" target=\"_blank\" rel=\"noopener noreferrer\">Flamengo<\/a> divulgou boletim m\u00e9dico nesta quarta-feira (10), com atualiza\u00e7\u00e3o de quatro atletas em recupera\u00e7\u00e3o. O destaque fica para Erick Pulgar, que completa dez semanas da cirurgia no quinto metatarso do p\u00e9 direito.<\/p>\n<p>A contus\u00e3o ocorreu ainda no Mundial de Clubes, no duelo de elimina\u00e7\u00e3o contra o Bayern de Munique, dia 29 de junho. Al\u00e9m do chileno, Alex Sandro, Jorginho e Guillermo Varela seguem monitorados pelo departamento m\u00e9dico.<\/p>\n<p>Nesta sexta-feira (12), Pulgar far\u00e1 tomografia computadorizada para avaliar a consolida\u00e7\u00e3o \u00f3ssea na regi\u00e3o fraturada. Os resultados v\u00e3o orientar os pr\u00f3ximos passos da reabilita\u00e7\u00e3o, segundo o clube. Depois do exame, a equipe m\u00e9dica decidir\u00e1 se haver\u00e1 progress\u00e3o nas atividades no Ninho.<\/p>\n<p>O chefe do departamento m\u00e9dico, Fernando Sassaki, detalhou o protocolo e condicionou os planos ao laudo da tomografia. Ele explicou cada etapa \u00e0 Flamengo TV e disse que o caso depende de evid\u00eancias cl\u00ednicas.<\/p>\n<p>&#8220;Erick Pulgar completa dez semanas da cirurgia, que \u00e9 a data que a gente programou para ele fazer um exame novo. Esse exame \u00e9 a tomografia computadorizada, um exame bem espec\u00edfico para avaliar consolida\u00e7\u00e3o \u00f3ssea. A partir desse exame, a gente come\u00e7a a tra\u00e7ar novos passos, a depender desse resultado. Se tiver sinais de uma consolida\u00e7\u00e3o,\u00a0 a gente come\u00e7a a pensar no prazo de volta&#8221;, explicou.<\/p>\n<h2>Les\u00e3o de Erick Pulgar<\/h2>\n<p>Pulgar se machucou ainda no primeiro tempo diante do Bayern de Munique, no Mundial de Clubes. No lance, cometeu falta em Harry Kane e recebeu cart\u00e3o amarelo. Em seguida, dirigiu-se ao banco reclamando de dores no p\u00e9.<\/p>\n<p>O diagn\u00f3stico apontou fratura do quinto metatarso, e ele passou por cirurgia no Chile. Desde ent\u00e3o, Pulgar segue sem prazo definido para retorno.<\/p>\n<h2>Outros casos<\/h2>\n<p>O Rubro-Negro tamb\u00e9m informou sobre a evolu\u00e7\u00e3o de Alex Sandro, que iniciou trabalhos em campo com acompanhamento da fisioterapeuta. Por outro lado, Jorginho permanece em tratamento por inc\u00f4modos no m\u00fasculo posterior da coxa esquerda, sem prazos para libera\u00e7\u00e3o.<\/p>\n<p>A comiss\u00e3o chegou a ter confian\u00e7a no retorno de Jorginho, ap\u00f3s sua participa\u00e7\u00e3o em atividades desta semana, mas a recorr\u00eancia da dor ainda impede seu retorno.<\/p>\n<p>J\u00e1 Guillermo Varela retornou da Data Fifa com pubalgia e segue em avalia\u00e7\u00e3o para definir tempos de retorno. Filipe Lu\u00eds, em contrapartida, poder\u00e1 contar novamente com Emerson Royal.<\/p>\n<h2>Calend\u00e1rio do Flamengo<\/h2>\n<p>A comiss\u00e3o segue preparando suas pe\u00e7as dispon\u00edveis para enfrentar o Juventude no domingo (14), pela 23\u00aa rodada do Brasileir\u00e3o, no Est\u00e1dio Alfredo Jaconi, em Caxias do Sul. A boal vai rolar \u00e0s 16h para o duelo.<\/p>\n","protected":false},"excerpt":{"rendered":"<p>O Flamengo divulgou boletim m\u00e9dico nesta quarta-feira (10), com atualiza\u00e7\u00e3o de quatro atletas em recupera\u00e7\u00e3o. O destaque fica para Erick Pulgar, que completa dez semanas da cirurgia no quinto metatarso do p\u00e9 direito. A contus\u00e3o ocorreu ainda no Mundial de Clubes, no duelo de elimina\u00e7\u00e3o contra o Bayern de Munique, dia 29 de junho. Al\u00e9m [&hellip;]<\/p>\n","protected":false},"author":39,"featured_media":143788,"comment_status":"open","ping_status":"closed","sticky":false,"template":"","format":"standard","meta":{"footnotes":""},"categories":[1],"tags":[],"class_list":["post-276359","post","type-post","status-publish","format-standard","has-post-thumbnail","hentry","category-flamengo"],"yoast_head":"<!-- This site is optimized with the Yoast SEO Premium plugin v24.2 (Yoast SEO v26.9) - https:\/\/yoast.com\/product\/yoast-seo-premium-wordpress\/ -->\n<title>M\u00e9dico do Flamengo detalha recupera\u00e7\u00e3o de Erick Pulgar e projeta futuro<\/title>\n<meta name=\"robots\" content=\"index, follow, max-snippet:-1, max-image-preview:large, max-video-preview:-1\" \/>\n<link rel=\"canonical\" href=\"https:\/\/www.gaveanews.com\/index.php\/2025\/09\/12\/medico-do-flamengo-detalha-recuperacao-de-erick-pulgar-e-projeta-futuro\/\" \/>\n<meta property=\"og:locale\" content=\"pt_BR\" \/>\n<meta property=\"og:type\" content=\"article\" \/>\n<meta property=\"og:title\" content=\"M\u00e9dico do Flamengo detalha recupera\u00e7\u00e3o de Erick Pulgar e projeta futuro\" \/>\n<meta property=\"og:description\" content=\"O Flamengo divulgou boletim m\u00e9dico nesta quarta-feira (10), com atualiza\u00e7\u00e3o de quatro atletas em recupera\u00e7\u00e3o. O destaque fica para Erick Pulgar, que completa dez semanas da cirurgia no quinto metatarso do p\u00e9 direito. A contus\u00e3o ocorreu ainda no Mundial de Clubes, no duelo de elimina\u00e7\u00e3o contra o Bayern de Munique, dia 29 de junho. Al\u00e9m [&hellip;]\" \/>\n<meta property=\"og:url\" content=\"https:\/\/www.gaveanews.com\/index.php\/2025\/09\/12\/medico-do-flamengo-detalha-recuperacao-de-erick-pulgar-e-projeta-futuro\/\" \/>\n<meta property=\"og:site_name\" content=\"G\u00e1vea News\" \/>\n<meta property=\"article:publisher\" content=\"https:\/\/facebook.com\/gaveaNews\/\" \/>\n<meta property=\"article:published_time\" content=\"2025-09-12T15:48:47+00:00\" \/>\n<meta property=\"article:modified_time\" content=\"2025-09-12T15:48:50+00:00\" \/>\n<meta name=\"author\" content=\"Reda\u00e7\u00e3o\" \/>\n<meta name=\"twitter:card\" content=\"summary_large_image\" \/>\n<meta name=\"twitter:label1\" content=\"Escrito por\" \/>\n\t<meta name=\"twitter:data1\" content=\"Reda\u00e7\u00e3o\" \/>\n\t<meta name=\"twitter:label2\" content=\"Est. tempo de leitura\" \/>\n\t<meta name=\"twitter:data2\" content=\"3 minutos\" \/>\n<script type=\"application\/ld+json\" class=\"yoast-schema-graph\">{\"@context\":\"https:\/\/schema.org\",\"@graph\":[{\"@type\":\"NewsArticle\",\"@id\":\"https:\/\/www.gaveanews.com\/index.php\/2025\/09\/12\/medico-do-flamengo-detalha-recuperacao-de-erick-pulgar-e-projeta-futuro\/#article\",\"isPartOf\":{\"@id\":\"https:\/\/www.gaveanews.com\/index.php\/2025\/09\/12\/medico-do-flamengo-detalha-recuperacao-de-erick-pulgar-e-projeta-futuro\/\"},\"author\":{\"name\":\"Reda\u00e7\u00e3o\",\"@id\":\"https:\/\/www.gaveanews.com\/#\/schema\/person\/c88645e3d550d0b6574305e67dd5a716\"},\"headline\":\"M\u00e9dico do Flamengo detalha recupera\u00e7\u00e3o de Erick Pulgar e projeta futuro\",\"datePublished\":\"2025-09-12T15:48:47+00:00\",\"dateModified\":\"2025-09-12T15:48:50+00:00\",\"mainEntityOfPage\":{\"@id\":\"https:\/\/www.gaveanews.com\/index.php\/2025\/09\/12\/medico-do-flamengo-detalha-recuperacao-de-erick-pulgar-e-projeta-futuro\/\"},\"wordCount\":456,\"commentCount\":0,\"image\":{\"@id\":\"https:\/\/www.gaveanews.com\/index.php\/2025\/09\/12\/medico-do-flamengo-detalha-recuperacao-de-erick-pulgar-e-projeta-futuro\/#primaryimage\"},\"thumbnailUrl\":\"https:\/\/www.gaveanews.com\/wp-content\/uploads\/erickpulgar.avif\",\"articleSection\":[\"Flamengo\"],\"inLanguage\":\"pt-BR\",\"potentialAction\":[{\"@type\":\"CommentAction\",\"name\":\"Comment\",\"target\":[\"https:\/\/www.gaveanews.com\/index.php\/2025\/09\/12\/medico-do-flamengo-detalha-recuperacao-de-erick-pulgar-e-projeta-futuro\/#respond\"]}],\"copyrightYear\":\"2025\",\"copyrightHolder\":{\"@id\":\"https:\/\/www.gaveanews.com\/#organization\"}},{\"@type\":\"WebPage\",\"@id\":\"https:\/\/www.gaveanews.com\/index.php\/2025\/09\/12\/medico-do-flamengo-detalha-recuperacao-de-erick-pulgar-e-projeta-futuro\/\",\"url\":\"https:\/\/www.gaveanews.com\/index.php\/2025\/09\/12\/medico-do-flamengo-detalha-recuperacao-de-erick-pulgar-e-projeta-futuro\/\",\"name\":\"M\u00e9dico do Flamengo detalha recupera\u00e7\u00e3o de Erick Pulgar e projeta futuro\",\"isPartOf\":{\"@id\":\"https:\/\/www.gaveanews.com\/#website\"},\"primaryImageOfPage\":{\"@id\":\"https:\/\/www.gaveanews.com\/index.php\/2025\/09\/12\/medico-do-flamengo-detalha-recuperacao-de-erick-pulgar-e-projeta-futuro\/#primaryimage\"},\"image\":{\"@id\":\"https:\/\/www.gaveanews.com\/index.php\/2025\/09\/12\/medico-do-flamengo-detalha-recuperacao-de-erick-pulgar-e-projeta-futuro\/#primaryimage\"},\"thumbnailUrl\":\"https:\/\/www.gaveanews.com\/wp-content\/uploads\/erickpulgar.avif\",\"datePublished\":\"2025-09-12T15:48:47+00:00\",\"dateModified\":\"2025-09-12T15:48:50+00:00\",\"author\":{\"@id\":\"https:\/\/www.gaveanews.com\/#\/schema\/person\/c88645e3d550d0b6574305e67dd5a716\"},\"breadcrumb\":{\"@id\":\"https:\/\/www.gaveanews.com\/index.php\/2025\/09\/12\/medico-do-flamengo-detalha-recuperacao-de-erick-pulgar-e-projeta-futuro\/#breadcrumb\"},\"inLanguage\":\"pt-BR\",\"potentialAction\":[{\"@type\":\"ReadAction\",\"target\":[\"https:\/\/www.gaveanews.com\/index.php\/2025\/09\/12\/medico-do-flamengo-detalha-recuperacao-de-erick-pulgar-e-projeta-futuro\/\"]}]},{\"@type\":\"ImageObject\",\"inLanguage\":\"pt-BR\",\"@id\":\"https:\/\/www.gaveanews.com\/index.php\/2025\/09\/12\/medico-do-flamengo-detalha-recuperacao-de-erick-pulgar-e-projeta-futuro\/#primaryimage\",\"url\":\"https:\/\/www.gaveanews.com\/wp-content\/uploads\/erickpulgar.avif\",\"contentUrl\":\"https:\/\/www.gaveanews.com\/wp-content\/uploads\/erickpulgar.avif\",\"width\":984,\"height\":656,\"caption\":\"Erick Pulgar em a\u00e7\u00e3o no treinamento de s\u00e1bado do Flamengo \u2014 Foto: Marcelo Cortes\/Flamengo\"},{\"@type\":\"BreadcrumbList\",\"@id\":\"https:\/\/www.gaveanews.com\/index.php\/2025\/09\/12\/medico-do-flamengo-detalha-recuperacao-de-erick-pulgar-e-projeta-futuro\/#breadcrumb\",\"itemListElement\":[{\"@type\":\"ListItem\",\"position\":1,\"name\":\"Home\",\"item\":\"https:\/\/www.gaveanews.com\/\"},{\"@type\":\"ListItem\",\"position\":2,\"name\":\"M\u00e9dico do Flamengo detalha recupera\u00e7\u00e3o de Erick Pulgar e projeta futuro\"}]},{\"@type\":\"WebSite\",\"@id\":\"https:\/\/www.gaveanews.com\/#website\",\"url\":\"https:\/\/www.gaveanews.com\/\",\"name\":\"G\u00e1vea News\",\"description\":\"Veja todas as not\u00edcias sobre o Flamengo: Contrata\u00e7\u00f5es, categorias de base, resultados das partidas, tabela de classifica\u00e7\u00e3o, pr\u00f3ximos jogos!\",\"potentialAction\":[{\"@type\":\"SearchAction\",\"target\":{\"@type\":\"EntryPoint\",\"urlTemplate\":\"https:\/\/www.gaveanews.com\/?s={search_term_string}\"},\"query-input\":{\"@type\":\"PropertyValueSpecification\",\"valueRequired\":true,\"valueName\":\"search_term_string\"}}],\"inLanguage\":\"pt-BR\"},{\"@type\":\"Person\",\"@id\":\"https:\/\/www.gaveanews.com\/#\/schema\/person\/c88645e3d550d0b6574305e67dd5a716\",\"name\":\"Reda\u00e7\u00e3o\",\"image\":{\"@type\":\"ImageObject\",\"inLanguage\":\"pt-BR\",\"@id\":\"https:\/\/www.gaveanews.com\/#\/schema\/person\/image\/\",\"url\":\"https:\/\/secure.gravatar.com\/avatar\/434098fd823f0dc1b062d14ca22bacaa6e38de28d8c816bbef6fc2f8c44d8ba3?s=96&d=mm&r=g\",\"contentUrl\":\"https:\/\/secure.gravatar.com\/avatar\/434098fd823f0dc1b062d14ca22bacaa6e38de28d8c816bbef6fc2f8c44d8ba3?s=96&d=mm&r=g\",\"caption\":\"Reda\u00e7\u00e3o\"}}]}<\/script>\n<!-- \/ Yoast SEO Premium plugin. -->","yoast_head_json":{"title":"M\u00e9dico do Flamengo detalha recupera\u00e7\u00e3o de Erick Pulgar e projeta futuro","robots":{"index":"index","follow":"follow","max-snippet":"max-snippet:-1","max-image-preview":"max-image-preview:large","max-video-preview":"max-video-preview:-1"},"canonical":"https:\/\/www.gaveanews.com\/index.php\/2025\/09\/12\/medico-do-flamengo-detalha-recuperacao-de-erick-pulgar-e-projeta-futuro\/","og_locale":"pt_BR","og_type":"article","og_title":"M\u00e9dico do Flamengo detalha recupera\u00e7\u00e3o de Erick Pulgar e projeta futuro","og_description":"O Flamengo divulgou boletim m\u00e9dico nesta quarta-feira (10), com atualiza\u00e7\u00e3o de quatro atletas em recupera\u00e7\u00e3o. O destaque fica para Erick Pulgar, que completa dez semanas da cirurgia no quinto metatarso do p\u00e9 direito. A contus\u00e3o ocorreu ainda no Mundial de Clubes, no duelo de elimina\u00e7\u00e3o contra o Bayern de Munique, dia 29 de junho. Al\u00e9m [&hellip;]","og_url":"https:\/\/www.gaveanews.com\/index.php\/2025\/09\/12\/medico-do-flamengo-detalha-recuperacao-de-erick-pulgar-e-projeta-futuro\/","og_site_name":"G\u00e1vea News","article_publisher":"https:\/\/facebook.com\/gaveaNews\/","article_published_time":"2025-09-12T15:48:47+00:00","article_modified_time":"2025-09-12T15:48:50+00:00","author":"Reda\u00e7\u00e3o","twitter_card":"summary_large_image","twitter_misc":{"Escrito por":"Reda\u00e7\u00e3o","Est. tempo de leitura":"3 minutos"},"schema":{"@context":"https:\/\/schema.org","@graph":[{"@type":"NewsArticle","@id":"https:\/\/www.gaveanews.com\/index.php\/2025\/09\/12\/medico-do-flamengo-detalha-recuperacao-de-erick-pulgar-e-projeta-futuro\/#article","isPartOf":{"@id":"https:\/\/www.gaveanews.com\/index.php\/2025\/09\/12\/medico-do-flamengo-detalha-recuperacao-de-erick-pulgar-e-projeta-futuro\/"},"author":{"name":"Reda\u00e7\u00e3o","@id":"https:\/\/www.gaveanews.com\/#\/schema\/person\/c88645e3d550d0b6574305e67dd5a716"},"headline":"M\u00e9dico do Flamengo detalha recupera\u00e7\u00e3o de Erick Pulgar e projeta futuro","datePublished":"2025-09-12T15:48:47+00:00","dateModified":"2025-09-12T15:48:50+00:00","mainEntityOfPage":{"@id":"https:\/\/www.gaveanews.com\/index.php\/2025\/09\/12\/medico-do-flamengo-detalha-recuperacao-de-erick-pulgar-e-projeta-futuro\/"},"wordCount":456,"commentCount":0,"image":{"@id":"https:\/\/www.gaveanews.com\/index.php\/2025\/09\/12\/medico-do-flamengo-detalha-recuperacao-de-erick-pulgar-e-projeta-futuro\/#primaryimage"},"thumbnailUrl":"https:\/\/www.gaveanews.com\/wp-content\/uploads\/erickpulgar.avif","articleSection":["Flamengo"],"inLanguage":"pt-BR","potentialAction":[{"@type":"CommentAction","name":"Comment","target":["https:\/\/www.gaveanews.com\/index.php\/2025\/09\/12\/medico-do-flamengo-detalha-recuperacao-de-erick-pulgar-e-projeta-futuro\/#respond"]}],"copyrightYear":"2025","copyrightHolder":{"@id":"https:\/\/www.gaveanews.com\/#organization"}},{"@type":"WebPage","@id":"https:\/\/www.gaveanews.com\/index.php\/2025\/09\/12\/medico-do-flamengo-detalha-recuperacao-de-erick-pulgar-e-projeta-futuro\/","url":"https:\/\/www.gaveanews.com\/index.php\/2025\/09\/12\/medico-do-flamengo-detalha-recuperacao-de-erick-pulgar-e-projeta-futuro\/","name":"M\u00e9dico do Flamengo detalha recupera\u00e7\u00e3o de Erick Pulgar e projeta futuro","isPartOf":{"@id":"https:\/\/www.gaveanews.com\/#website"},"primaryImageOfPage":{"@id":"https:\/\/www.gaveanews.com\/index.php\/2025\/09\/12\/medico-do-flamengo-detalha-recuperacao-de-erick-pulgar-e-projeta-futuro\/#primaryimage"},"image":{"@id":"https:\/\/www.gaveanews.com\/index.php\/2025\/09\/12\/medico-do-flamengo-detalha-recuperacao-de-erick-pulgar-e-projeta-futuro\/#primaryimage"},"thumbnailUrl":"https:\/\/www.gaveanews.com\/wp-content\/uploads\/erickpulgar.avif","datePublished":"2025-09-12T15:48:47+00:00","dateModified":"2025-09-12T15:48:50+00:00","author":{"@id":"https:\/\/www.gaveanews.com\/#\/schema\/person\/c88645e3d550d0b6574305e67dd5a716"},"breadcrumb":{"@id":"https:\/\/www.gaveanews.com\/index.php\/2025\/09\/12\/medico-do-flamengo-detalha-recuperacao-de-erick-pulgar-e-projeta-futuro\/#breadcrumb"},"inLanguage":"pt-BR","potentialAction":[{"@type":"ReadAction","target":["https:\/\/www.gaveanews.com\/index.php\/2025\/09\/12\/medico-do-flamengo-detalha-recuperacao-de-erick-pulgar-e-projeta-futuro\/"]}]},{"@type":"ImageObject","inLanguage":"pt-BR","@id":"https:\/\/www.gaveanews.com\/index.php\/2025\/09\/12\/medico-do-flamengo-detalha-recuperacao-de-erick-pulgar-e-projeta-futuro\/#primaryimage","url":"https:\/\/www.gaveanews.com\/wp-content\/uploads\/erickpulgar.avif","contentUrl":"https:\/\/www.gaveanews.com\/wp-content\/uploads\/erickpulgar.avif","width":984,"height":656,"caption":"Erick Pulgar em a\u00e7\u00e3o no treinamento de s\u00e1bado do Flamengo \u2014 Foto: Marcelo Cortes\/Flamengo"},{"@type":"BreadcrumbList","@id":"https:\/\/www.gaveanews.com\/index.php\/2025\/09\/12\/medico-do-flamengo-detalha-recuperacao-de-erick-pulgar-e-projeta-futuro\/#breadcrumb","itemListElement":[{"@type":"ListItem","position":1,"name":"Home","item":"https:\/\/www.gaveanews.com\/"},{"@type":"ListItem","position":2,"name":"M\u00e9dico do Flamengo detalha recupera\u00e7\u00e3o de Erick Pulgar e projeta futuro"}]},{"@type":"WebSite","@id":"https:\/\/www.gaveanews.com\/#website","url":"https:\/\/www.gaveanews.com\/","name":"G\u00e1vea News","description":"Veja todas as not\u00edcias sobre o Flamengo: Contrata\u00e7\u00f5es, categorias de base, resultados das partidas, tabela de classifica\u00e7\u00e3o, pr\u00f3ximos jogos!","potentialAction":[{"@type":"SearchAction","target":{"@type":"EntryPoint","urlTemplate":"https:\/\/www.gaveanews.com\/?s={search_term_string}"},"query-input":{"@type":"PropertyValueSpecification","valueRequired":true,"valueName":"search_term_string"}}],"inLanguage":"pt-BR"},{"@type":"Person","@id":"https:\/\/www.gaveanews.com\/#\/schema\/person\/c88645e3d550d0b6574305e67dd5a716","name":"Reda\u00e7\u00e3o","image":{"@type":"ImageObject","inLanguage":"pt-BR","@id":"https:\/\/www.gaveanews.com\/#\/schema\/person\/image\/","url":"https:\/\/secure.gravatar.com\/avatar\/434098fd823f0dc1b062d14ca22bacaa6e38de28d8c816bbef6fc2f8c44d8ba3?s=96&d=mm&r=g","contentUrl":"https:\/\/secure.gravatar.com\/avatar\/434098fd823f0dc1b062d14ca22bacaa6e38de28d8c816bbef6fc2f8c44d8ba3?s=96&d=mm&r=g","caption":"Reda\u00e7\u00e3o"}}]}},"_links":{"self":[{"href":"https:\/\/www.gaveanews.com\/index.php\/wp-json\/wp\/v2\/posts\/276359","targetHints":{"allow":["GET"]}}],"collection":[{"href":"https:\/\/www.gaveanews.com\/index.php\/wp-json\/wp\/v2\/posts"}],"about":[{"href":"https:\/\/www.gaveanews.com\/index.php\/wp-json\/wp\/v2\/types\/post"}],"author":[{"embeddable":true,"href":"https:\/\/www.gaveanews.com\/index.php\/wp-json\/wp\/v2\/users\/39"}],"replies":[{"embeddable":true,"href":"https:\/\/www.gaveanews.com\/index.php\/wp-json\/wp\/v2\/comments?post=276359"}],"version-history":[{"count":1,"href":"https:\/\/www.gaveanews.com\/index.php\/wp-json\/wp\/v2\/posts\/276359\/revisions"}],"predecessor-version":[{"id":276370,"href":"https:\/\/www.gaveanews.com\/index.php\/wp-json\/wp\/v2\/posts\/276359\/revisions\/276370"}],"wp:featuredmedia":[{"embeddable":true,"href":"https:\/\/www.gaveanews.com\/index.php\/wp-json\/wp\/v2\/media\/143788"}],"wp:attachment":[{"href":"https:\/\/www.gaveanews.com\/index.php\/wp-json\/wp\/v2\/media?parent=276359"}],"wp:term":[{"taxonomy":"category","embeddable":true,"href":"https:\/\/www.gaveanews.com\/index.php\/wp-json\/wp\/v2\/categories?post=276359"},{"taxonomy":"post_tag","embeddable":true,"href":"https:\/\/www.gaveanews.com\/index.php\/wp-json\/wp\/v2\/tags?post=276359"}],"curies":[{"name":"wp","href":"https:\/\/api.w.org\/{rel}","templated":true}]}}