{"id":276379,"date":"2025-09-12T17:30:00","date_gmt":"2025-09-12T20:30:00","guid":{"rendered":"https:\/\/www.gaveanews.com\/?p=276379"},"modified":"2025-09-12T16:32:31","modified_gmt":"2025-09-12T19:32:31","slug":"goleiro-de-rival-da-serie-a-entra-na-mira-do-flamengo","status":"publish","type":"post","link":"https:\/\/www.gaveanews.com\/index.php\/2025\/09\/12\/goleiro-de-rival-da-serie-a-entra-na-mira-do-flamengo\/","title":{"rendered":"Goleiro de rival da S\u00e9rie A entra na mira do Flamengo"},"content":{"rendered":"\n<p>Em meio \u00e0 busca por um novo goleiro, j\u00e1 que lida com a iminente sa\u00edda de Matheus Cunha, que assinou um pr\u00e9-contrato com o Cruzeiro, o <a href=\"https:\/\/www.gaveanews.com\/index.php\/category\/brasileirao\/flamengo\/\" target=\"_blank\" rel=\"noopener noreferrer\">Flamengo<\/a> observa o mercado e pode investir em um atleta de clube rival da S\u00e9rie A. Isso porque no Gr\u00eamio, o futuro de Gabriel Grando, de 25 anos, segue indefinido. Formado nas categorias de base do tricolor, o arqueiro perdeu espa\u00e7o ap\u00f3s a chegada de Tiago Volpi. Al\u00e9m disso, o mercado se move em dire\u00e7\u00e3o a defini\u00e7\u00f5es para 2026.<\/p>\n\n\n\n<p>Grando tem 1,92 m e contrato vigente at\u00e9 dezembro de 2026. Ele recusou proposta de renova\u00e7\u00e3o feita pelo Gr\u00eamio. A diretoria admite negociar o jogador em definitivo, ap\u00f3s tentativas frustradas de ampliar o v\u00ednculo. Vale recordar que, no in\u00edcio do ano, o <a href=\"https:\/\/www.gaveanews.com\/index.php\/category\/brasileirao\/palmeiras\/\" target=\"_blank\" rel=\"noopener noreferrer\">Palmeiras<\/a> apresentou proposta pr\u00f3xima de R$ 20 milh\u00f5es, recusada pelo clube ga\u00facho. Por outro lado, outros interessados monitoram a situa\u00e7\u00e3o do arqueiro, com nomes mantidos em sigilo.<\/p>\n\n\n\n<figure class=\"wp-block-image size-full\"><img loading=\"lazy\" decoding=\"async\" width=\"774\" height=\"516\" src=\"http:\/\/www.gaveanews.com\/wp-content\/uploads\/Gabriel-Grando-apresentado-pelo-Cruzeiro.webp\" alt=\"\" class=\"wp-image-166449\" srcset=\"https:\/\/www.gaveanews.com\/wp-content\/uploads\/Gabriel-Grando-apresentado-pelo-Cruzeiro.webp 774w, https:\/\/www.gaveanews.com\/wp-content\/uploads\/Gabriel-Grando-apresentado-pelo-Cruzeiro-300x200.webp 300w, https:\/\/www.gaveanews.com\/wp-content\/uploads\/Gabriel-Grando-apresentado-pelo-Cruzeiro-768x512.webp 768w, https:\/\/www.gaveanews.com\/wp-content\/uploads\/Gabriel-Grando-apresentado-pelo-Cruzeiro-630x420.webp 630w, https:\/\/www.gaveanews.com\/wp-content\/uploads\/Gabriel-Grando-apresentado-pelo-Cruzeiro-640x427.webp 640w, https:\/\/www.gaveanews.com\/wp-content\/uploads\/Gabriel-Grando-apresentado-pelo-Cruzeiro-681x454.webp 681w, https:\/\/www.gaveanews.com\/wp-content\/uploads\/Gabriel-Grando-apresentado-pelo-Cruzeiro-100x67.webp 100w\" sizes=\"auto, (max-width: 774px) 100vw, 774px\" \/><figcaption class=\"wp-element-caption\">Gabriel Grando apresentado pelo Cruzeiro (Foto: Gustavo Aleixo\/Cruzeiro)<\/figcaption><\/figure>\n\n\n\n<p>Nesse contexto, o Flamengo avalia a contrata\u00e7\u00e3o de Gabriel Grando. Internamente, o goleiro \u00e9 bem visto pela comiss\u00e3o t\u00e9cnica rubro-negra, que acompanha sua movimenta\u00e7\u00e3o no mercado. A idade e o potencial de evolu\u00e7\u00e3o s\u00e3o apontados como fatores positivos no processo de an\u00e1lise.<\/p>\n\n\n\n<p>A necessidade de reposi\u00e7\u00e3o abriu uma janela para o Flamengo reestruturar o setor a partir de 2026. Al\u00e9m disso, o clube mant\u00e9m aten\u00e7\u00e3o ao desenrolar das tratativas no Sul, observando oportunidades que possam fortalecer o elenco.<\/p>\n\n\n\n<p>As negocia\u00e7\u00f5es entre Grando e o Gr\u00eamio est\u00e3o em andamento. A c\u00fapula gremista prefere uma venda em definitivo e descarta novo empr\u00e9stimo. Em 2024, o goleiro foi cedido ao Cruzeiro e n\u00e3o entrou em campo. Entretanto, o v\u00ednculo at\u00e9 dezembro de 2026 d\u00e1 ao clube algum poder de negocia\u00e7\u00e3o.<\/p>\n\n\n\n<p>Vale citar, ainda que o Gremio n\u00e3o conseguiu concluir a negocia\u00e7\u00e3o que visava o retorno de Marcelo Grohe. Esse movimento do mercado foi importante porque, caso Grohe retornasse, a sa\u00edda de Grando poderia ser facilitada. Como n\u00e3o ocorreu, o Tricolor tamb\u00e9m precisa pensar em seu pr\u00f3prio elenco e negociar com novos nomes enquanto analisa o futuro do jovem. A situa\u00e7\u00e3o, portanto, segue em aberto, e o Fla observa com cautela.<\/p>\n","protected":false},"excerpt":{"rendered":"<p>Em meio \u00e0 busca por um novo goleiro, j\u00e1 que lida com a iminente sa\u00edda de Matheus Cunha, que assinou um pr\u00e9-contrato com o Cruzeiro, o Flamengo observa o mercado e pode investir em um atleta de clube rival da S\u00e9rie A. Isso porque no Gr\u00eamio, o futuro de Gabriel Grando, de 25 anos, segue [&hellip;]<\/p>\n","protected":false},"author":39,"featured_media":256243,"comment_status":"open","ping_status":"closed","sticky":false,"template":"","format":"standard","meta":{"footnotes":""},"categories":[1],"tags":[],"class_list":["post-276379","post","type-post","status-publish","format-standard","has-post-thumbnail","hentry","category-flamengo"],"yoast_head":"<!-- This site is optimized with the Yoast SEO Premium plugin v24.2 (Yoast SEO v26.9) - https:\/\/yoast.com\/product\/yoast-seo-premium-wordpress\/ -->\n<title>Goleiro de rival da S\u00e9rie A entra na mira do Flamengo<\/title>\n<meta name=\"robots\" content=\"index, follow, max-snippet:-1, max-image-preview:large, max-video-preview:-1\" \/>\n<link rel=\"canonical\" href=\"https:\/\/www.gaveanews.com\/index.php\/2025\/09\/12\/goleiro-de-rival-da-serie-a-entra-na-mira-do-flamengo\/\" \/>\n<meta property=\"og:locale\" content=\"pt_BR\" \/>\n<meta property=\"og:type\" content=\"article\" \/>\n<meta property=\"og:title\" content=\"Goleiro de rival da S\u00e9rie A entra na mira do Flamengo\" \/>\n<meta property=\"og:description\" content=\"Em meio \u00e0 busca por um novo goleiro, j\u00e1 que lida com a iminente sa\u00edda de Matheus Cunha, que assinou um pr\u00e9-contrato com o Cruzeiro, o Flamengo observa o mercado e pode investir em um atleta de clube rival da S\u00e9rie A. Isso porque no Gr\u00eamio, o futuro de Gabriel Grando, de 25 anos, segue [&hellip;]\" \/>\n<meta property=\"og:url\" content=\"https:\/\/www.gaveanews.com\/index.php\/2025\/09\/12\/goleiro-de-rival-da-serie-a-entra-na-mira-do-flamengo\/\" \/>\n<meta property=\"og:site_name\" content=\"G\u00e1vea News\" \/>\n<meta property=\"article:publisher\" content=\"https:\/\/facebook.com\/gaveaNews\/\" \/>\n<meta property=\"article:published_time\" content=\"2025-09-12T20:30:00+00:00\" \/>\n<meta property=\"og:image\" content=\"https:\/\/www.gaveanews.com\/wp-content\/uploads\/Bandeira-do-Flamengo-no-estadio-do-Corinthians-antes-do-jogo-contra-o-Fluminense-pelo-Campeonato-Brasileiro-de-2021-640x426-1.webp\" \/>\n\t<meta property=\"og:image:width\" content=\"640\" \/>\n\t<meta property=\"og:image:height\" content=\"426\" \/>\n\t<meta property=\"og:image:type\" content=\"image\/webp\" \/>\n<meta name=\"author\" content=\"Reda\u00e7\u00e3o\" \/>\n<meta name=\"twitter:card\" content=\"summary_large_image\" \/>\n<meta name=\"twitter:label1\" content=\"Escrito por\" \/>\n\t<meta name=\"twitter:data1\" content=\"Reda\u00e7\u00e3o\" \/>\n\t<meta name=\"twitter:label2\" content=\"Est. tempo de leitura\" \/>\n\t<meta name=\"twitter:data2\" content=\"3 minutos\" \/>\n<script type=\"application\/ld+json\" class=\"yoast-schema-graph\">{\"@context\":\"https:\/\/schema.org\",\"@graph\":[{\"@type\":\"NewsArticle\",\"@id\":\"https:\/\/www.gaveanews.com\/index.php\/2025\/09\/12\/goleiro-de-rival-da-serie-a-entra-na-mira-do-flamengo\/#article\",\"isPartOf\":{\"@id\":\"https:\/\/www.gaveanews.com\/index.php\/2025\/09\/12\/goleiro-de-rival-da-serie-a-entra-na-mira-do-flamengo\/\"},\"author\":{\"name\":\"Reda\u00e7\u00e3o\",\"@id\":\"https:\/\/www.gaveanews.com\/#\/schema\/person\/c88645e3d550d0b6574305e67dd5a716\"},\"headline\":\"Goleiro de rival da S\u00e9rie A entra na mira do Flamengo\",\"datePublished\":\"2025-09-12T20:30:00+00:00\",\"mainEntityOfPage\":{\"@id\":\"https:\/\/www.gaveanews.com\/index.php\/2025\/09\/12\/goleiro-de-rival-da-serie-a-entra-na-mira-do-flamengo\/\"},\"wordCount\":406,\"commentCount\":0,\"image\":{\"@id\":\"https:\/\/www.gaveanews.com\/index.php\/2025\/09\/12\/goleiro-de-rival-da-serie-a-entra-na-mira-do-flamengo\/#primaryimage\"},\"thumbnailUrl\":\"https:\/\/www.gaveanews.com\/wp-content\/uploads\/Bandeira-do-Flamengo-no-estadio-do-Corinthians-antes-do-jogo-contra-o-Fluminense-pelo-Campeonato-Brasileiro-de-2021-640x426-1.webp\",\"articleSection\":[\"Flamengo\"],\"inLanguage\":\"pt-BR\",\"potentialAction\":[{\"@type\":\"CommentAction\",\"name\":\"Comment\",\"target\":[\"https:\/\/www.gaveanews.com\/index.php\/2025\/09\/12\/goleiro-de-rival-da-serie-a-entra-na-mira-do-flamengo\/#respond\"]}],\"copyrightYear\":\"2025\",\"copyrightHolder\":{\"@id\":\"https:\/\/www.gaveanews.com\/#organization\"}},{\"@type\":\"WebPage\",\"@id\":\"https:\/\/www.gaveanews.com\/index.php\/2025\/09\/12\/goleiro-de-rival-da-serie-a-entra-na-mira-do-flamengo\/\",\"url\":\"https:\/\/www.gaveanews.com\/index.php\/2025\/09\/12\/goleiro-de-rival-da-serie-a-entra-na-mira-do-flamengo\/\",\"name\":\"Goleiro de rival da S\u00e9rie A entra na mira do Flamengo\",\"isPartOf\":{\"@id\":\"https:\/\/www.gaveanews.com\/#website\"},\"primaryImageOfPage\":{\"@id\":\"https:\/\/www.gaveanews.com\/index.php\/2025\/09\/12\/goleiro-de-rival-da-serie-a-entra-na-mira-do-flamengo\/#primaryimage\"},\"image\":{\"@id\":\"https:\/\/www.gaveanews.com\/index.php\/2025\/09\/12\/goleiro-de-rival-da-serie-a-entra-na-mira-do-flamengo\/#primaryimage\"},\"thumbnailUrl\":\"https:\/\/www.gaveanews.com\/wp-content\/uploads\/Bandeira-do-Flamengo-no-estadio-do-Corinthians-antes-do-jogo-contra-o-Fluminense-pelo-Campeonato-Brasileiro-de-2021-640x426-1.webp\",\"datePublished\":\"2025-09-12T20:30:00+00:00\",\"author\":{\"@id\":\"https:\/\/www.gaveanews.com\/#\/schema\/person\/c88645e3d550d0b6574305e67dd5a716\"},\"breadcrumb\":{\"@id\":\"https:\/\/www.gaveanews.com\/index.php\/2025\/09\/12\/goleiro-de-rival-da-serie-a-entra-na-mira-do-flamengo\/#breadcrumb\"},\"inLanguage\":\"pt-BR\",\"potentialAction\":[{\"@type\":\"ReadAction\",\"target\":[\"https:\/\/www.gaveanews.com\/index.php\/2025\/09\/12\/goleiro-de-rival-da-serie-a-entra-na-mira-do-flamengo\/\"]}]},{\"@type\":\"ImageObject\",\"inLanguage\":\"pt-BR\",\"@id\":\"https:\/\/www.gaveanews.com\/index.php\/2025\/09\/12\/goleiro-de-rival-da-serie-a-entra-na-mira-do-flamengo\/#primaryimage\",\"url\":\"https:\/\/www.gaveanews.com\/wp-content\/uploads\/Bandeira-do-Flamengo-no-estadio-do-Corinthians-antes-do-jogo-contra-o-Fluminense-pelo-Campeonato-Brasileiro-de-2021-640x426-1.webp\",\"contentUrl\":\"https:\/\/www.gaveanews.com\/wp-content\/uploads\/Bandeira-do-Flamengo-no-estadio-do-Corinthians-antes-do-jogo-contra-o-Fluminense-pelo-Campeonato-Brasileiro-de-2021-640x426-1.webp\",\"width\":640,\"height\":426},{\"@type\":\"BreadcrumbList\",\"@id\":\"https:\/\/www.gaveanews.com\/index.php\/2025\/09\/12\/goleiro-de-rival-da-serie-a-entra-na-mira-do-flamengo\/#breadcrumb\",\"itemListElement\":[{\"@type\":\"ListItem\",\"position\":1,\"name\":\"Home\",\"item\":\"https:\/\/www.gaveanews.com\/\"},{\"@type\":\"ListItem\",\"position\":2,\"name\":\"Goleiro de rival da S\u00e9rie A entra na mira do Flamengo\"}]},{\"@type\":\"WebSite\",\"@id\":\"https:\/\/www.gaveanews.com\/#website\",\"url\":\"https:\/\/www.gaveanews.com\/\",\"name\":\"G\u00e1vea News\",\"description\":\"Veja todas as not\u00edcias sobre o Flamengo: Contrata\u00e7\u00f5es, categorias de base, resultados das partidas, tabela de classifica\u00e7\u00e3o, pr\u00f3ximos jogos!\",\"potentialAction\":[{\"@type\":\"SearchAction\",\"target\":{\"@type\":\"EntryPoint\",\"urlTemplate\":\"https:\/\/www.gaveanews.com\/?s={search_term_string}\"},\"query-input\":{\"@type\":\"PropertyValueSpecification\",\"valueRequired\":true,\"valueName\":\"search_term_string\"}}],\"inLanguage\":\"pt-BR\"},{\"@type\":\"Person\",\"@id\":\"https:\/\/www.gaveanews.com\/#\/schema\/person\/c88645e3d550d0b6574305e67dd5a716\",\"name\":\"Reda\u00e7\u00e3o\",\"image\":{\"@type\":\"ImageObject\",\"inLanguage\":\"pt-BR\",\"@id\":\"https:\/\/www.gaveanews.com\/#\/schema\/person\/image\/\",\"url\":\"https:\/\/secure.gravatar.com\/avatar\/434098fd823f0dc1b062d14ca22bacaa6e38de28d8c816bbef6fc2f8c44d8ba3?s=96&d=mm&r=g\",\"contentUrl\":\"https:\/\/secure.gravatar.com\/avatar\/434098fd823f0dc1b062d14ca22bacaa6e38de28d8c816bbef6fc2f8c44d8ba3?s=96&d=mm&r=g\",\"caption\":\"Reda\u00e7\u00e3o\"}}]}<\/script>\n<!-- \/ Yoast SEO Premium plugin. -->","yoast_head_json":{"title":"Goleiro de rival da S\u00e9rie A entra na mira do Flamengo","robots":{"index":"index","follow":"follow","max-snippet":"max-snippet:-1","max-image-preview":"max-image-preview:large","max-video-preview":"max-video-preview:-1"},"canonical":"https:\/\/www.gaveanews.com\/index.php\/2025\/09\/12\/goleiro-de-rival-da-serie-a-entra-na-mira-do-flamengo\/","og_locale":"pt_BR","og_type":"article","og_title":"Goleiro de rival da S\u00e9rie A entra na mira do Flamengo","og_description":"Em meio \u00e0 busca por um novo goleiro, j\u00e1 que lida com a iminente sa\u00edda de Matheus Cunha, que assinou um pr\u00e9-contrato com o Cruzeiro, o Flamengo observa o mercado e pode investir em um atleta de clube rival da S\u00e9rie A. Isso porque no Gr\u00eamio, o futuro de Gabriel Grando, de 25 anos, segue [&hellip;]","og_url":"https:\/\/www.gaveanews.com\/index.php\/2025\/09\/12\/goleiro-de-rival-da-serie-a-entra-na-mira-do-flamengo\/","og_site_name":"G\u00e1vea News","article_publisher":"https:\/\/facebook.com\/gaveaNews\/","article_published_time":"2025-09-12T20:30:00+00:00","og_image":[{"width":640,"height":426,"url":"https:\/\/www.gaveanews.com\/wp-content\/uploads\/Bandeira-do-Flamengo-no-estadio-do-Corinthians-antes-do-jogo-contra-o-Fluminense-pelo-Campeonato-Brasileiro-de-2021-640x426-1.webp","type":"image\/webp"}],"author":"Reda\u00e7\u00e3o","twitter_card":"summary_large_image","twitter_misc":{"Escrito por":"Reda\u00e7\u00e3o","Est. tempo de leitura":"3 minutos"},"schema":{"@context":"https:\/\/schema.org","@graph":[{"@type":"NewsArticle","@id":"https:\/\/www.gaveanews.com\/index.php\/2025\/09\/12\/goleiro-de-rival-da-serie-a-entra-na-mira-do-flamengo\/#article","isPartOf":{"@id":"https:\/\/www.gaveanews.com\/index.php\/2025\/09\/12\/goleiro-de-rival-da-serie-a-entra-na-mira-do-flamengo\/"},"author":{"name":"Reda\u00e7\u00e3o","@id":"https:\/\/www.gaveanews.com\/#\/schema\/person\/c88645e3d550d0b6574305e67dd5a716"},"headline":"Goleiro de rival da S\u00e9rie A entra na mira do Flamengo","datePublished":"2025-09-12T20:30:00+00:00","mainEntityOfPage":{"@id":"https:\/\/www.gaveanews.com\/index.php\/2025\/09\/12\/goleiro-de-rival-da-serie-a-entra-na-mira-do-flamengo\/"},"wordCount":406,"commentCount":0,"image":{"@id":"https:\/\/www.gaveanews.com\/index.php\/2025\/09\/12\/goleiro-de-rival-da-serie-a-entra-na-mira-do-flamengo\/#primaryimage"},"thumbnailUrl":"https:\/\/www.gaveanews.com\/wp-content\/uploads\/Bandeira-do-Flamengo-no-estadio-do-Corinthians-antes-do-jogo-contra-o-Fluminense-pelo-Campeonato-Brasileiro-de-2021-640x426-1.webp","articleSection":["Flamengo"],"inLanguage":"pt-BR","potentialAction":[{"@type":"CommentAction","name":"Comment","target":["https:\/\/www.gaveanews.com\/index.php\/2025\/09\/12\/goleiro-de-rival-da-serie-a-entra-na-mira-do-flamengo\/#respond"]}],"copyrightYear":"2025","copyrightHolder":{"@id":"https:\/\/www.gaveanews.com\/#organization"}},{"@type":"WebPage","@id":"https:\/\/www.gaveanews.com\/index.php\/2025\/09\/12\/goleiro-de-rival-da-serie-a-entra-na-mira-do-flamengo\/","url":"https:\/\/www.gaveanews.com\/index.php\/2025\/09\/12\/goleiro-de-rival-da-serie-a-entra-na-mira-do-flamengo\/","name":"Goleiro de rival da S\u00e9rie A entra na mira do Flamengo","isPartOf":{"@id":"https:\/\/www.gaveanews.com\/#website"},"primaryImageOfPage":{"@id":"https:\/\/www.gaveanews.com\/index.php\/2025\/09\/12\/goleiro-de-rival-da-serie-a-entra-na-mira-do-flamengo\/#primaryimage"},"image":{"@id":"https:\/\/www.gaveanews.com\/index.php\/2025\/09\/12\/goleiro-de-rival-da-serie-a-entra-na-mira-do-flamengo\/#primaryimage"},"thumbnailUrl":"https:\/\/www.gaveanews.com\/wp-content\/uploads\/Bandeira-do-Flamengo-no-estadio-do-Corinthians-antes-do-jogo-contra-o-Fluminense-pelo-Campeonato-Brasileiro-de-2021-640x426-1.webp","datePublished":"2025-09-12T20:30:00+00:00","author":{"@id":"https:\/\/www.gaveanews.com\/#\/schema\/person\/c88645e3d550d0b6574305e67dd5a716"},"breadcrumb":{"@id":"https:\/\/www.gaveanews.com\/index.php\/2025\/09\/12\/goleiro-de-rival-da-serie-a-entra-na-mira-do-flamengo\/#breadcrumb"},"inLanguage":"pt-BR","potentialAction":[{"@type":"ReadAction","target":["https:\/\/www.gaveanews.com\/index.php\/2025\/09\/12\/goleiro-de-rival-da-serie-a-entra-na-mira-do-flamengo\/"]}]},{"@type":"ImageObject","inLanguage":"pt-BR","@id":"https:\/\/www.gaveanews.com\/index.php\/2025\/09\/12\/goleiro-de-rival-da-serie-a-entra-na-mira-do-flamengo\/#primaryimage","url":"https:\/\/www.gaveanews.com\/wp-content\/uploads\/Bandeira-do-Flamengo-no-estadio-do-Corinthians-antes-do-jogo-contra-o-Fluminense-pelo-Campeonato-Brasileiro-de-2021-640x426-1.webp","contentUrl":"https:\/\/www.gaveanews.com\/wp-content\/uploads\/Bandeira-do-Flamengo-no-estadio-do-Corinthians-antes-do-jogo-contra-o-Fluminense-pelo-Campeonato-Brasileiro-de-2021-640x426-1.webp","width":640,"height":426},{"@type":"BreadcrumbList","@id":"https:\/\/www.gaveanews.com\/index.php\/2025\/09\/12\/goleiro-de-rival-da-serie-a-entra-na-mira-do-flamengo\/#breadcrumb","itemListElement":[{"@type":"ListItem","position":1,"name":"Home","item":"https:\/\/www.gaveanews.com\/"},{"@type":"ListItem","position":2,"name":"Goleiro de rival da S\u00e9rie A entra na mira do Flamengo"}]},{"@type":"WebSite","@id":"https:\/\/www.gaveanews.com\/#website","url":"https:\/\/www.gaveanews.com\/","name":"G\u00e1vea News","description":"Veja todas as not\u00edcias sobre o Flamengo: Contrata\u00e7\u00f5es, categorias de base, resultados das partidas, tabela de classifica\u00e7\u00e3o, pr\u00f3ximos jogos!","potentialAction":[{"@type":"SearchAction","target":{"@type":"EntryPoint","urlTemplate":"https:\/\/www.gaveanews.com\/?s={search_term_string}"},"query-input":{"@type":"PropertyValueSpecification","valueRequired":true,"valueName":"search_term_string"}}],"inLanguage":"pt-BR"},{"@type":"Person","@id":"https:\/\/www.gaveanews.com\/#\/schema\/person\/c88645e3d550d0b6574305e67dd5a716","name":"Reda\u00e7\u00e3o","image":{"@type":"ImageObject","inLanguage":"pt-BR","@id":"https:\/\/www.gaveanews.com\/#\/schema\/person\/image\/","url":"https:\/\/secure.gravatar.com\/avatar\/434098fd823f0dc1b062d14ca22bacaa6e38de28d8c816bbef6fc2f8c44d8ba3?s=96&d=mm&r=g","contentUrl":"https:\/\/secure.gravatar.com\/avatar\/434098fd823f0dc1b062d14ca22bacaa6e38de28d8c816bbef6fc2f8c44d8ba3?s=96&d=mm&r=g","caption":"Reda\u00e7\u00e3o"}}]}},"_links":{"self":[{"href":"https:\/\/www.gaveanews.com\/index.php\/wp-json\/wp\/v2\/posts\/276379","targetHints":{"allow":["GET"]}}],"collection":[{"href":"https:\/\/www.gaveanews.com\/index.php\/wp-json\/wp\/v2\/posts"}],"about":[{"href":"https:\/\/www.gaveanews.com\/index.php\/wp-json\/wp\/v2\/types\/post"}],"author":[{"embeddable":true,"href":"https:\/\/www.gaveanews.com\/index.php\/wp-json\/wp\/v2\/users\/39"}],"replies":[{"embeddable":true,"href":"https:\/\/www.gaveanews.com\/index.php\/wp-json\/wp\/v2\/comments?post=276379"}],"version-history":[{"count":1,"href":"https:\/\/www.gaveanews.com\/index.php\/wp-json\/wp\/v2\/posts\/276379\/revisions"}],"predecessor-version":[{"id":276401,"href":"https:\/\/www.gaveanews.com\/index.php\/wp-json\/wp\/v2\/posts\/276379\/revisions\/276401"}],"wp:featuredmedia":[{"embeddable":true,"href":"https:\/\/www.gaveanews.com\/index.php\/wp-json\/wp\/v2\/media\/256243"}],"wp:attachment":[{"href":"https:\/\/www.gaveanews.com\/index.php\/wp-json\/wp\/v2\/media?parent=276379"}],"wp:term":[{"taxonomy":"category","embeddable":true,"href":"https:\/\/www.gaveanews.com\/index.php\/wp-json\/wp\/v2\/categories?post=276379"},{"taxonomy":"post_tag","embeddable":true,"href":"https:\/\/www.gaveanews.com\/index.php\/wp-json\/wp\/v2\/tags?post=276379"}],"curies":[{"name":"wp","href":"https:\/\/api.w.org\/{rel}","templated":true}]}}