{"id":276396,"date":"2025-09-12T18:00:00","date_gmt":"2025-09-12T21:00:00","guid":{"rendered":"https:\/\/www.gaveanews.com\/?p=276396"},"modified":"2025-09-12T16:42:53","modified_gmt":"2025-09-12T19:42:53","slug":"torcer-contra-a-declaracao-de-adriano-imperador-envolvendo-o-flamengo-e-a-inter-de-milao","status":"publish","type":"post","link":"https:\/\/www.gaveanews.com\/index.php\/2025\/09\/12\/torcer-contra-a-declaracao-de-adriano-imperador-envolvendo-o-flamengo-e-a-inter-de-milao\/","title":{"rendered":"Torcer contra? A declara\u00e7\u00e3o de Adriano Imperador envolvendo o Flamengo e a Inter de Mil\u00e3o"},"content":{"rendered":"\n<p>Adriano Imperador voltou ao centro das aten\u00e7\u00f5es em conversa divulgada pela Rom\u00e1rio TV na quinta-feira (11). \u00cddolo com passagens marcantes por <a href=\"https:\/\/www.gaveanews.com\/index.php\/category\/brasileirao\/flamengo\/\" target=\"_blank\" rel=\"noopener noreferrer\">Flamengo<\/a> e Inter de Mil\u00e3o, o ex-atacante debateu torcida, carreira e o momento do clube carioca.<\/p>\n\n\n\n<p>Embora acumule carinho pelos dois escudos, a trajet\u00f3ria em ambos \u00e9 distinta. Revelado pelo Flamengo, Adriano ganhou proje\u00e7\u00e3o internacional na Inter de Mil\u00e3o, onde recebeu o apelido de Imperador. Em dezembro de 2024, promoveu um jogo de despedida no Maracan\u00e3, e na ocasi\u00e3o, reuniu ex-companheiros de Flamengo e Inter e atuou um tempo por cada clube.<\/p>\n\n\n\n<p>Nesse contexto, Rom\u00e1rio perguntou em que lado Adriano ficaria em um confronto entre Flamengo e Inter de Mil\u00e3o. O ex-jogador reafirmou a prefer\u00eancia que o acompanha desde a inf\u00e2ncia, visto que se declara rubro-negro. Al\u00e9m disso, respondeu sem hesitar e manteve a fidelidade ao clube formador.<\/p>\n\n\n\n<p>\u201cFlamengo, sempre. Sem chances de outra torcida\u201d, garantiu. <\/p>\n\n\n\n<p>Na mesma conversa, Adriano elogiou o trabalho de Filipe Lu\u00eds no comando do time. Segundo ele, a intelig\u00eancia do treinador j\u00e1 se destacava quando atuava como lateral. Ademais, o ex-camisa 9 descreveu o elenco rubro-negro em alto n\u00edvel e abordou o potencial competitivo da equipe.<\/p>\n\n\n\n<p>\u201cJ\u00e1 dava para perceber dentro de campo o quanto ele era inteligente. Hoje, como treinador, s\u00f3 confirma isso. O Flamengo est\u00e1 muito bem, tem um elenco maravilhoso e pode ganhar qualquer t\u00edtulo\u201d, disse.<\/p>\n\n\n\n<p>Rom\u00e1rio tamb\u00e9m quis saber quem seria o centroavante ideal para a sele\u00e7\u00e3o. Adriano escolheu Pedro, a quem considera o \u00fanico camisa 9 cl\u00e1ssico do pa\u00eds no momento. Ali\u00e1s, ele lembrou a participa\u00e7\u00e3o do atacante na Copa do Mundo de 2022 ao justificar a resposta.<\/p>\n\n\n\n<p>\u201cPara mim, o centroavante de verdade \u00e9 ele. O Pedro est\u00e1 conseguindo retomar o ritmo e, neste momento, \u00e9 a principal refer\u00eancia do pa\u00eds\u201d.<\/p>\n\n\n\n<p>Por fim, o ex-atacante tem hist\u00f3ria recente com o Flamengo. No retorno ao clube em 2009, ele foi um dos l\u00edderes do elenco campe\u00e3o brasileiro e terminou como artilheiro da competi\u00e7\u00e3o. J\u00e1 em campo, o Flamengo enfrenta o Juventude no domingo (14), pela 23\u00aa rodada do Brasileir\u00e3o, no Est\u00e1dio Alfredo Jaconi, em Caxias do Sul. A bola rola \u00e0s 16 horas (hor\u00e1rio de Bras\u00edlia), com transmiss\u00e3o da Amazon Prime (streaming).<\/p>\n","protected":false},"excerpt":{"rendered":"<p>Adriano Imperador voltou ao centro das aten\u00e7\u00f5es em conversa divulgada pela Rom\u00e1rio TV na quinta-feira (11). \u00cddolo com passagens marcantes por Flamengo e Inter de Mil\u00e3o, o ex-atacante debateu torcida, carreira e o momento do clube carioca. Embora acumule carinho pelos dois escudos, a trajet\u00f3ria em ambos \u00e9 distinta. Revelado pelo Flamengo, Adriano ganhou proje\u00e7\u00e3o [&hellip;]<\/p>\n","protected":false},"author":39,"featured_media":112549,"comment_status":"open","ping_status":"closed","sticky":false,"template":"","format":"standard","meta":{"footnotes":""},"categories":[1],"tags":[],"class_list":["post-276396","post","type-post","status-publish","format-standard","has-post-thumbnail","hentry","category-flamengo"],"yoast_head":"<!-- This site is optimized with the Yoast SEO Premium plugin v24.2 (Yoast SEO v26.9) - https:\/\/yoast.com\/product\/yoast-seo-premium-wordpress\/ -->\n<title>Torcer contra? A declara\u00e7\u00e3o de Adriano Imperador envolvendo o Flamengo e a Inter de Mil\u00e3o<\/title>\n<meta name=\"robots\" content=\"index, follow, max-snippet:-1, max-image-preview:large, max-video-preview:-1\" \/>\n<link rel=\"canonical\" href=\"https:\/\/www.gaveanews.com\/index.php\/2025\/09\/12\/torcer-contra-a-declaracao-de-adriano-imperador-envolvendo-o-flamengo-e-a-inter-de-milao\/\" \/>\n<meta property=\"og:locale\" content=\"pt_BR\" \/>\n<meta property=\"og:type\" content=\"article\" \/>\n<meta property=\"og:title\" content=\"Torcer contra? A declara\u00e7\u00e3o de Adriano Imperador envolvendo o Flamengo e a Inter de Mil\u00e3o\" \/>\n<meta property=\"og:description\" content=\"Adriano Imperador voltou ao centro das aten\u00e7\u00f5es em conversa divulgada pela Rom\u00e1rio TV na quinta-feira (11). \u00cddolo com passagens marcantes por Flamengo e Inter de Mil\u00e3o, o ex-atacante debateu torcida, carreira e o momento do clube carioca. Embora acumule carinho pelos dois escudos, a trajet\u00f3ria em ambos \u00e9 distinta. Revelado pelo Flamengo, Adriano ganhou proje\u00e7\u00e3o [&hellip;]\" \/>\n<meta property=\"og:url\" content=\"https:\/\/www.gaveanews.com\/index.php\/2025\/09\/12\/torcer-contra-a-declaracao-de-adriano-imperador-envolvendo-o-flamengo-e-a-inter-de-milao\/\" \/>\n<meta property=\"og:site_name\" content=\"G\u00e1vea News\" \/>\n<meta property=\"article:publisher\" content=\"https:\/\/facebook.com\/gaveaNews\/\" \/>\n<meta property=\"article:published_time\" content=\"2025-09-12T21:00:00+00:00\" \/>\n<meta property=\"og:image\" content=\"https:\/\/www.gaveanews.com\/wp-content\/uploads\/adriano-imperador-flamengo.webp\" \/>\n\t<meta property=\"og:image:width\" content=\"640\" \/>\n\t<meta property=\"og:image:height\" content=\"400\" \/>\n\t<meta property=\"og:image:type\" content=\"image\/jpeg\" \/>\n<meta name=\"author\" content=\"Reda\u00e7\u00e3o\" \/>\n<meta name=\"twitter:card\" content=\"summary_large_image\" \/>\n<meta name=\"twitter:label1\" content=\"Escrito por\" \/>\n\t<meta name=\"twitter:data1\" content=\"Reda\u00e7\u00e3o\" \/>\n\t<meta name=\"twitter:label2\" content=\"Est. tempo de leitura\" \/>\n\t<meta name=\"twitter:data2\" content=\"3 minutos\" \/>\n<script type=\"application\/ld+json\" class=\"yoast-schema-graph\">{\"@context\":\"https:\/\/schema.org\",\"@graph\":[{\"@type\":\"NewsArticle\",\"@id\":\"https:\/\/www.gaveanews.com\/index.php\/2025\/09\/12\/torcer-contra-a-declaracao-de-adriano-imperador-envolvendo-o-flamengo-e-a-inter-de-milao\/#article\",\"isPartOf\":{\"@id\":\"https:\/\/www.gaveanews.com\/index.php\/2025\/09\/12\/torcer-contra-a-declaracao-de-adriano-imperador-envolvendo-o-flamengo-e-a-inter-de-milao\/\"},\"author\":{\"name\":\"Reda\u00e7\u00e3o\",\"@id\":\"https:\/\/www.gaveanews.com\/#\/schema\/person\/c88645e3d550d0b6574305e67dd5a716\"},\"headline\":\"Torcer contra? A declara\u00e7\u00e3o de Adriano Imperador envolvendo o Flamengo e a Inter de Mil\u00e3o\",\"datePublished\":\"2025-09-12T21:00:00+00:00\",\"mainEntityOfPage\":{\"@id\":\"https:\/\/www.gaveanews.com\/index.php\/2025\/09\/12\/torcer-contra-a-declaracao-de-adriano-imperador-envolvendo-o-flamengo-e-a-inter-de-milao\/\"},\"wordCount\":402,\"commentCount\":0,\"image\":{\"@id\":\"https:\/\/www.gaveanews.com\/index.php\/2025\/09\/12\/torcer-contra-a-declaracao-de-adriano-imperador-envolvendo-o-flamengo-e-a-inter-de-milao\/#primaryimage\"},\"thumbnailUrl\":\"https:\/\/www.gaveanews.com\/wp-content\/uploads\/adriano-imperador-flamengo.webp\",\"articleSection\":[\"Flamengo\"],\"inLanguage\":\"pt-BR\",\"potentialAction\":[{\"@type\":\"CommentAction\",\"name\":\"Comment\",\"target\":[\"https:\/\/www.gaveanews.com\/index.php\/2025\/09\/12\/torcer-contra-a-declaracao-de-adriano-imperador-envolvendo-o-flamengo-e-a-inter-de-milao\/#respond\"]}],\"copyrightYear\":\"2025\",\"copyrightHolder\":{\"@id\":\"https:\/\/www.gaveanews.com\/#organization\"}},{\"@type\":\"WebPage\",\"@id\":\"https:\/\/www.gaveanews.com\/index.php\/2025\/09\/12\/torcer-contra-a-declaracao-de-adriano-imperador-envolvendo-o-flamengo-e-a-inter-de-milao\/\",\"url\":\"https:\/\/www.gaveanews.com\/index.php\/2025\/09\/12\/torcer-contra-a-declaracao-de-adriano-imperador-envolvendo-o-flamengo-e-a-inter-de-milao\/\",\"name\":\"Torcer contra? A declara\u00e7\u00e3o de Adriano Imperador envolvendo o Flamengo e a Inter de Mil\u00e3o\",\"isPartOf\":{\"@id\":\"https:\/\/www.gaveanews.com\/#website\"},\"primaryImageOfPage\":{\"@id\":\"https:\/\/www.gaveanews.com\/index.php\/2025\/09\/12\/torcer-contra-a-declaracao-de-adriano-imperador-envolvendo-o-flamengo-e-a-inter-de-milao\/#primaryimage\"},\"image\":{\"@id\":\"https:\/\/www.gaveanews.com\/index.php\/2025\/09\/12\/torcer-contra-a-declaracao-de-adriano-imperador-envolvendo-o-flamengo-e-a-inter-de-milao\/#primaryimage\"},\"thumbnailUrl\":\"https:\/\/www.gaveanews.com\/wp-content\/uploads\/adriano-imperador-flamengo.webp\",\"datePublished\":\"2025-09-12T21:00:00+00:00\",\"author\":{\"@id\":\"https:\/\/www.gaveanews.com\/#\/schema\/person\/c88645e3d550d0b6574305e67dd5a716\"},\"breadcrumb\":{\"@id\":\"https:\/\/www.gaveanews.com\/index.php\/2025\/09\/12\/torcer-contra-a-declaracao-de-adriano-imperador-envolvendo-o-flamengo-e-a-inter-de-milao\/#breadcrumb\"},\"inLanguage\":\"pt-BR\",\"potentialAction\":[{\"@type\":\"ReadAction\",\"target\":[\"https:\/\/www.gaveanews.com\/index.php\/2025\/09\/12\/torcer-contra-a-declaracao-de-adriano-imperador-envolvendo-o-flamengo-e-a-inter-de-milao\/\"]}]},{\"@type\":\"ImageObject\",\"inLanguage\":\"pt-BR\",\"@id\":\"https:\/\/www.gaveanews.com\/index.php\/2025\/09\/12\/torcer-contra-a-declaracao-de-adriano-imperador-envolvendo-o-flamengo-e-a-inter-de-milao\/#primaryimage\",\"url\":\"https:\/\/www.gaveanews.com\/wp-content\/uploads\/adriano-imperador-flamengo.webp\",\"contentUrl\":\"https:\/\/www.gaveanews.com\/wp-content\/uploads\/adriano-imperador-flamengo.webp\",\"width\":640,\"height\":400,\"caption\":\"Adriano Imperador em a\u00e7\u00e3o pelo Flamengo (Foto: Reprodu\u00e7\u00e3o)\"},{\"@type\":\"BreadcrumbList\",\"@id\":\"https:\/\/www.gaveanews.com\/index.php\/2025\/09\/12\/torcer-contra-a-declaracao-de-adriano-imperador-envolvendo-o-flamengo-e-a-inter-de-milao\/#breadcrumb\",\"itemListElement\":[{\"@type\":\"ListItem\",\"position\":1,\"name\":\"Home\",\"item\":\"https:\/\/www.gaveanews.com\/\"},{\"@type\":\"ListItem\",\"position\":2,\"name\":\"Torcer contra? A declara\u00e7\u00e3o de Adriano Imperador envolvendo o Flamengo e a Inter de Mil\u00e3o\"}]},{\"@type\":\"WebSite\",\"@id\":\"https:\/\/www.gaveanews.com\/#website\",\"url\":\"https:\/\/www.gaveanews.com\/\",\"name\":\"G\u00e1vea News\",\"description\":\"Veja todas as not\u00edcias sobre o Flamengo: Contrata\u00e7\u00f5es, categorias de base, resultados das partidas, tabela de classifica\u00e7\u00e3o, pr\u00f3ximos jogos!\",\"potentialAction\":[{\"@type\":\"SearchAction\",\"target\":{\"@type\":\"EntryPoint\",\"urlTemplate\":\"https:\/\/www.gaveanews.com\/?s={search_term_string}\"},\"query-input\":{\"@type\":\"PropertyValueSpecification\",\"valueRequired\":true,\"valueName\":\"search_term_string\"}}],\"inLanguage\":\"pt-BR\"},{\"@type\":\"Person\",\"@id\":\"https:\/\/www.gaveanews.com\/#\/schema\/person\/c88645e3d550d0b6574305e67dd5a716\",\"name\":\"Reda\u00e7\u00e3o\",\"image\":{\"@type\":\"ImageObject\",\"inLanguage\":\"pt-BR\",\"@id\":\"https:\/\/www.gaveanews.com\/#\/schema\/person\/image\/\",\"url\":\"https:\/\/secure.gravatar.com\/avatar\/434098fd823f0dc1b062d14ca22bacaa6e38de28d8c816bbef6fc2f8c44d8ba3?s=96&d=mm&r=g\",\"contentUrl\":\"https:\/\/secure.gravatar.com\/avatar\/434098fd823f0dc1b062d14ca22bacaa6e38de28d8c816bbef6fc2f8c44d8ba3?s=96&d=mm&r=g\",\"caption\":\"Reda\u00e7\u00e3o\"}}]}<\/script>\n<!-- \/ Yoast SEO Premium plugin. -->","yoast_head_json":{"title":"Torcer contra? A declara\u00e7\u00e3o de Adriano Imperador envolvendo o Flamengo e a Inter de Mil\u00e3o","robots":{"index":"index","follow":"follow","max-snippet":"max-snippet:-1","max-image-preview":"max-image-preview:large","max-video-preview":"max-video-preview:-1"},"canonical":"https:\/\/www.gaveanews.com\/index.php\/2025\/09\/12\/torcer-contra-a-declaracao-de-adriano-imperador-envolvendo-o-flamengo-e-a-inter-de-milao\/","og_locale":"pt_BR","og_type":"article","og_title":"Torcer contra? A declara\u00e7\u00e3o de Adriano Imperador envolvendo o Flamengo e a Inter de Mil\u00e3o","og_description":"Adriano Imperador voltou ao centro das aten\u00e7\u00f5es em conversa divulgada pela Rom\u00e1rio TV na quinta-feira (11). \u00cddolo com passagens marcantes por Flamengo e Inter de Mil\u00e3o, o ex-atacante debateu torcida, carreira e o momento do clube carioca. Embora acumule carinho pelos dois escudos, a trajet\u00f3ria em ambos \u00e9 distinta. Revelado pelo Flamengo, Adriano ganhou proje\u00e7\u00e3o [&hellip;]","og_url":"https:\/\/www.gaveanews.com\/index.php\/2025\/09\/12\/torcer-contra-a-declaracao-de-adriano-imperador-envolvendo-o-flamengo-e-a-inter-de-milao\/","og_site_name":"G\u00e1vea News","article_publisher":"https:\/\/facebook.com\/gaveaNews\/","article_published_time":"2025-09-12T21:00:00+00:00","og_image":[{"width":640,"height":400,"url":"https:\/\/www.gaveanews.com\/wp-content\/uploads\/adriano-imperador-flamengo.webp","type":"image\/jpeg"}],"author":"Reda\u00e7\u00e3o","twitter_card":"summary_large_image","twitter_misc":{"Escrito por":"Reda\u00e7\u00e3o","Est. tempo de leitura":"3 minutos"},"schema":{"@context":"https:\/\/schema.org","@graph":[{"@type":"NewsArticle","@id":"https:\/\/www.gaveanews.com\/index.php\/2025\/09\/12\/torcer-contra-a-declaracao-de-adriano-imperador-envolvendo-o-flamengo-e-a-inter-de-milao\/#article","isPartOf":{"@id":"https:\/\/www.gaveanews.com\/index.php\/2025\/09\/12\/torcer-contra-a-declaracao-de-adriano-imperador-envolvendo-o-flamengo-e-a-inter-de-milao\/"},"author":{"name":"Reda\u00e7\u00e3o","@id":"https:\/\/www.gaveanews.com\/#\/schema\/person\/c88645e3d550d0b6574305e67dd5a716"},"headline":"Torcer contra? A declara\u00e7\u00e3o de Adriano Imperador envolvendo o Flamengo e a Inter de Mil\u00e3o","datePublished":"2025-09-12T21:00:00+00:00","mainEntityOfPage":{"@id":"https:\/\/www.gaveanews.com\/index.php\/2025\/09\/12\/torcer-contra-a-declaracao-de-adriano-imperador-envolvendo-o-flamengo-e-a-inter-de-milao\/"},"wordCount":402,"commentCount":0,"image":{"@id":"https:\/\/www.gaveanews.com\/index.php\/2025\/09\/12\/torcer-contra-a-declaracao-de-adriano-imperador-envolvendo-o-flamengo-e-a-inter-de-milao\/#primaryimage"},"thumbnailUrl":"https:\/\/www.gaveanews.com\/wp-content\/uploads\/adriano-imperador-flamengo.webp","articleSection":["Flamengo"],"inLanguage":"pt-BR","potentialAction":[{"@type":"CommentAction","name":"Comment","target":["https:\/\/www.gaveanews.com\/index.php\/2025\/09\/12\/torcer-contra-a-declaracao-de-adriano-imperador-envolvendo-o-flamengo-e-a-inter-de-milao\/#respond"]}],"copyrightYear":"2025","copyrightHolder":{"@id":"https:\/\/www.gaveanews.com\/#organization"}},{"@type":"WebPage","@id":"https:\/\/www.gaveanews.com\/index.php\/2025\/09\/12\/torcer-contra-a-declaracao-de-adriano-imperador-envolvendo-o-flamengo-e-a-inter-de-milao\/","url":"https:\/\/www.gaveanews.com\/index.php\/2025\/09\/12\/torcer-contra-a-declaracao-de-adriano-imperador-envolvendo-o-flamengo-e-a-inter-de-milao\/","name":"Torcer contra? A declara\u00e7\u00e3o de Adriano Imperador envolvendo o Flamengo e a Inter de Mil\u00e3o","isPartOf":{"@id":"https:\/\/www.gaveanews.com\/#website"},"primaryImageOfPage":{"@id":"https:\/\/www.gaveanews.com\/index.php\/2025\/09\/12\/torcer-contra-a-declaracao-de-adriano-imperador-envolvendo-o-flamengo-e-a-inter-de-milao\/#primaryimage"},"image":{"@id":"https:\/\/www.gaveanews.com\/index.php\/2025\/09\/12\/torcer-contra-a-declaracao-de-adriano-imperador-envolvendo-o-flamengo-e-a-inter-de-milao\/#primaryimage"},"thumbnailUrl":"https:\/\/www.gaveanews.com\/wp-content\/uploads\/adriano-imperador-flamengo.webp","datePublished":"2025-09-12T21:00:00+00:00","author":{"@id":"https:\/\/www.gaveanews.com\/#\/schema\/person\/c88645e3d550d0b6574305e67dd5a716"},"breadcrumb":{"@id":"https:\/\/www.gaveanews.com\/index.php\/2025\/09\/12\/torcer-contra-a-declaracao-de-adriano-imperador-envolvendo-o-flamengo-e-a-inter-de-milao\/#breadcrumb"},"inLanguage":"pt-BR","potentialAction":[{"@type":"ReadAction","target":["https:\/\/www.gaveanews.com\/index.php\/2025\/09\/12\/torcer-contra-a-declaracao-de-adriano-imperador-envolvendo-o-flamengo-e-a-inter-de-milao\/"]}]},{"@type":"ImageObject","inLanguage":"pt-BR","@id":"https:\/\/www.gaveanews.com\/index.php\/2025\/09\/12\/torcer-contra-a-declaracao-de-adriano-imperador-envolvendo-o-flamengo-e-a-inter-de-milao\/#primaryimage","url":"https:\/\/www.gaveanews.com\/wp-content\/uploads\/adriano-imperador-flamengo.webp","contentUrl":"https:\/\/www.gaveanews.com\/wp-content\/uploads\/adriano-imperador-flamengo.webp","width":640,"height":400,"caption":"Adriano Imperador em a\u00e7\u00e3o pelo Flamengo (Foto: Reprodu\u00e7\u00e3o)"},{"@type":"BreadcrumbList","@id":"https:\/\/www.gaveanews.com\/index.php\/2025\/09\/12\/torcer-contra-a-declaracao-de-adriano-imperador-envolvendo-o-flamengo-e-a-inter-de-milao\/#breadcrumb","itemListElement":[{"@type":"ListItem","position":1,"name":"Home","item":"https:\/\/www.gaveanews.com\/"},{"@type":"ListItem","position":2,"name":"Torcer contra? A declara\u00e7\u00e3o de Adriano Imperador envolvendo o Flamengo e a Inter de Mil\u00e3o"}]},{"@type":"WebSite","@id":"https:\/\/www.gaveanews.com\/#website","url":"https:\/\/www.gaveanews.com\/","name":"G\u00e1vea News","description":"Veja todas as not\u00edcias sobre o Flamengo: Contrata\u00e7\u00f5es, categorias de base, resultados das partidas, tabela de classifica\u00e7\u00e3o, pr\u00f3ximos jogos!","potentialAction":[{"@type":"SearchAction","target":{"@type":"EntryPoint","urlTemplate":"https:\/\/www.gaveanews.com\/?s={search_term_string}"},"query-input":{"@type":"PropertyValueSpecification","valueRequired":true,"valueName":"search_term_string"}}],"inLanguage":"pt-BR"},{"@type":"Person","@id":"https:\/\/www.gaveanews.com\/#\/schema\/person\/c88645e3d550d0b6574305e67dd5a716","name":"Reda\u00e7\u00e3o","image":{"@type":"ImageObject","inLanguage":"pt-BR","@id":"https:\/\/www.gaveanews.com\/#\/schema\/person\/image\/","url":"https:\/\/secure.gravatar.com\/avatar\/434098fd823f0dc1b062d14ca22bacaa6e38de28d8c816bbef6fc2f8c44d8ba3?s=96&d=mm&r=g","contentUrl":"https:\/\/secure.gravatar.com\/avatar\/434098fd823f0dc1b062d14ca22bacaa6e38de28d8c816bbef6fc2f8c44d8ba3?s=96&d=mm&r=g","caption":"Reda\u00e7\u00e3o"}}]}},"_links":{"self":[{"href":"https:\/\/www.gaveanews.com\/index.php\/wp-json\/wp\/v2\/posts\/276396","targetHints":{"allow":["GET"]}}],"collection":[{"href":"https:\/\/www.gaveanews.com\/index.php\/wp-json\/wp\/v2\/posts"}],"about":[{"href":"https:\/\/www.gaveanews.com\/index.php\/wp-json\/wp\/v2\/types\/post"}],"author":[{"embeddable":true,"href":"https:\/\/www.gaveanews.com\/index.php\/wp-json\/wp\/v2\/users\/39"}],"replies":[{"embeddable":true,"href":"https:\/\/www.gaveanews.com\/index.php\/wp-json\/wp\/v2\/comments?post=276396"}],"version-history":[{"count":1,"href":"https:\/\/www.gaveanews.com\/index.php\/wp-json\/wp\/v2\/posts\/276396\/revisions"}],"predecessor-version":[{"id":276407,"href":"https:\/\/www.gaveanews.com\/index.php\/wp-json\/wp\/v2\/posts\/276396\/revisions\/276407"}],"wp:featuredmedia":[{"embeddable":true,"href":"https:\/\/www.gaveanews.com\/index.php\/wp-json\/wp\/v2\/media\/112549"}],"wp:attachment":[{"href":"https:\/\/www.gaveanews.com\/index.php\/wp-json\/wp\/v2\/media?parent=276396"}],"wp:term":[{"taxonomy":"category","embeddable":true,"href":"https:\/\/www.gaveanews.com\/index.php\/wp-json\/wp\/v2\/categories?post=276396"},{"taxonomy":"post_tag","embeddable":true,"href":"https:\/\/www.gaveanews.com\/index.php\/wp-json\/wp\/v2\/tags?post=276396"}],"curies":[{"name":"wp","href":"https:\/\/api.w.org\/{rel}","templated":true}]}}