{"id":276400,"date":"2025-09-12T16:33:53","date_gmt":"2025-09-12T19:33:53","guid":{"rendered":"https:\/\/www.gaveanews.com\/?p=276400"},"modified":"2025-09-12T16:34:06","modified_gmt":"2025-09-12T19:34:06","slug":"veja-qual-deve-ser-o-novo-salario-de-arrascaeta-no-flamengo","status":"publish","type":"post","link":"https:\/\/www.gaveanews.com\/index.php\/2025\/09\/12\/veja-qual-deve-ser-o-novo-salario-de-arrascaeta-no-flamengo\/","title":{"rendered":"Veja qual deve ser o novo sal\u00e1rio de Arrascaeta no Flamengo"},"content":{"rendered":"\n<p>O Flamengo reabriu oficialmente as conversas para estender o v\u00ednculo de Arrascaeta, que atualmente vai at\u00e9 dezembro de 2026. Aos 31 anos, o uruguaio j\u00e1 declarou publicamente o desejo de seguir no clube e, inclusive, de encerrar a carreira com a camisa rubro-negra. Esse cen\u00e1rio abriu espa\u00e7o para que diretoria e representantes do atleta voltassem \u00e0 mesa de negocia\u00e7\u00f5es.<\/p>\n\n\n\n<p>As tratativas haviam sido paralisadas meses atr\u00e1s, em meio a outras prioridades do departamento de futebol. O executivo Jos\u00e9 Boto tem conduzido as reuni\u00f5es com Daniel Fonseca, empres\u00e1rio do jogador, que no in\u00edcio do ano j\u00e1 havia apresentado uma proposta inicial n\u00e3o aceita pelo clube.<\/p>\n\n\n\n<p>Segundo informa\u00e7\u00f5es do jornalista Jorge Nicola, a expectativa \u00e9 por um novo contrato de tr\u00eas temporadas, estendendo a perman\u00eancia do camisa 10 at\u00e9 2028. A negocia\u00e7\u00e3o tamb\u00e9m prev\u00ea uma valoriza\u00e7\u00e3o expressiva no sal\u00e1rio, que passaria a ser \u201csuperior a R$ 2 milh\u00f5es por m\u00eas\u201d, consolidando Arrascaeta entre os atletas mais bem remunerados do futebol brasileiro.<\/p>\n\n\n\n<p>O pr\u00f3prio jogador j\u00e1 havia sinalizado essa inten\u00e7\u00e3o de renova\u00e7\u00e3o. De acordo com o rep\u00f3rter Bruno Braz:<\/p>\n\n\n\n<p>\u201cO Arrascaeta no in\u00edcio do ano sinalizou com uma inten\u00e7\u00e3o de renovar at\u00e9 2028. Na ocasi\u00e3o, o Flamengo n\u00e3o deu prosseguimento a essa conversa, mas o Arrascaeta est\u00e1 jogando muito, e a\u00ed o Flamengo viu que isso faz necess\u00e1rio dar uma prioridade para esse caso\u201d.<\/p>\n\n\n\n<p>Al\u00e9m da quest\u00e3o financeira, pesa tamb\u00e9m a convic\u00e7\u00e3o do uruguaio em permanecer no Brasil. Em entrevista recente, Arrascaeta admitiu que a possibilidade de uma transfer\u00eancia para a Europa perdeu for\u00e7a.<\/p>\n\n\n\n<p>\u201cHoje em dia, acho que, pela minha idade, \u00e9 dif\u00edcil que um grande clube venha atr\u00e1s de mim. Eu sei que \u00e9 um pouco complicado que isso aconte\u00e7a. Estou mais focado em minha fam\u00edlia e em brigar por coisas importantes todo ano. Isso tenho aqui no Flamengo\u201d, disse Arrascaeta;<\/p>\n\n\n\n<p>Internamente, o Flamengo trata a renova\u00e7\u00e3o como prioridade semelhante \u00e0 do t\u00e9cnico Filipe Lu\u00eds. Segundo Bruno Braz: \u201cO Flamengo v\u00ea com muito otimismo a renova\u00e7\u00e3o tanto do Filipe quanto do Arrascaeta. Fazendo esse prolongamento a\u00ed, quem sabe at\u00e9 pra ele encerrar a carreira com a camisa 10 do Flamengo\u201d.<\/p>\n","protected":false},"excerpt":{"rendered":"<p>O Flamengo reabriu oficialmente as conversas para estender o v\u00ednculo de Arrascaeta, que atualmente vai at\u00e9 dezembro de 2026. Aos 31 anos, o uruguaio j\u00e1 declarou publicamente o desejo de seguir no clube e, inclusive, de encerrar a carreira com a camisa rubro-negra. Esse cen\u00e1rio abriu espa\u00e7o para que diretoria e representantes do atleta voltassem [&hellip;]<\/p>\n","protected":false},"author":15,"featured_media":145520,"comment_status":"open","ping_status":"closed","sticky":false,"template":"","format":"standard","meta":{"footnotes":""},"categories":[1],"tags":[],"class_list":["post-276400","post","type-post","status-publish","format-standard","has-post-thumbnail","hentry","category-flamengo"],"yoast_head":"<!-- This site is optimized with the Yoast SEO Premium plugin v24.2 (Yoast SEO v26.9) - https:\/\/yoast.com\/product\/yoast-seo-premium-wordpress\/ -->\n<title>Veja qual deve ser o novo sal\u00e1rio de Arrascaeta no Flamengo<\/title>\n<meta name=\"robots\" content=\"index, follow, max-snippet:-1, max-image-preview:large, max-video-preview:-1\" \/>\n<link rel=\"canonical\" href=\"https:\/\/www.gaveanews.com\/index.php\/2025\/09\/12\/veja-qual-deve-ser-o-novo-salario-de-arrascaeta-no-flamengo\/\" \/>\n<meta property=\"og:locale\" content=\"pt_BR\" \/>\n<meta property=\"og:type\" content=\"article\" \/>\n<meta property=\"og:title\" content=\"Veja qual deve ser o novo sal\u00e1rio de Arrascaeta no Flamengo\" \/>\n<meta property=\"og:description\" content=\"O Flamengo reabriu oficialmente as conversas para estender o v\u00ednculo de Arrascaeta, que atualmente vai at\u00e9 dezembro de 2026. Aos 31 anos, o uruguaio j\u00e1 declarou publicamente o desejo de seguir no clube e, inclusive, de encerrar a carreira com a camisa rubro-negra. Esse cen\u00e1rio abriu espa\u00e7o para que diretoria e representantes do atleta voltassem [&hellip;]\" \/>\n<meta property=\"og:url\" content=\"https:\/\/www.gaveanews.com\/index.php\/2025\/09\/12\/veja-qual-deve-ser-o-novo-salario-de-arrascaeta-no-flamengo\/\" \/>\n<meta property=\"og:site_name\" content=\"G\u00e1vea News\" \/>\n<meta property=\"article:publisher\" content=\"https:\/\/facebook.com\/gaveaNews\/\" \/>\n<meta property=\"article:published_time\" content=\"2025-09-12T19:33:53+00:00\" \/>\n<meta property=\"article:modified_time\" content=\"2025-09-12T19:34:06+00:00\" \/>\n<meta property=\"og:image\" content=\"http:\/\/www.gaveanews.com\/wp-content\/uploads\/arrascaeta-flamengo-2.webp\" \/>\n\t<meta property=\"og:image:width\" content=\"900\" \/>\n\t<meta property=\"og:image:height\" content=\"599\" \/>\n\t<meta property=\"og:image:type\" content=\"image\/jpeg\" \/>\n<meta name=\"author\" content=\"Henrique Machado\" \/>\n<meta name=\"twitter:card\" content=\"summary_large_image\" \/>\n<meta name=\"twitter:label1\" content=\"Escrito por\" \/>\n\t<meta name=\"twitter:data1\" content=\"Henrique Machado\" \/>\n\t<meta name=\"twitter:label2\" content=\"Est. tempo de leitura\" \/>\n\t<meta name=\"twitter:data2\" content=\"3 minutos\" \/>\n<script type=\"application\/ld+json\" class=\"yoast-schema-graph\">{\"@context\":\"https:\/\/schema.org\",\"@graph\":[{\"@type\":\"NewsArticle\",\"@id\":\"https:\/\/www.gaveanews.com\/index.php\/2025\/09\/12\/veja-qual-deve-ser-o-novo-salario-de-arrascaeta-no-flamengo\/#article\",\"isPartOf\":{\"@id\":\"https:\/\/www.gaveanews.com\/index.php\/2025\/09\/12\/veja-qual-deve-ser-o-novo-salario-de-arrascaeta-no-flamengo\/\"},\"author\":{\"name\":\"Henrique Machado\",\"@id\":\"https:\/\/www.gaveanews.com\/#\/schema\/person\/fd07635ec039ec3ba74ad18ec8a6dbd6\"},\"headline\":\"Veja qual deve ser o novo sal\u00e1rio de Arrascaeta no Flamengo\",\"datePublished\":\"2025-09-12T19:33:53+00:00\",\"dateModified\":\"2025-09-12T19:34:06+00:00\",\"mainEntityOfPage\":{\"@id\":\"https:\/\/www.gaveanews.com\/index.php\/2025\/09\/12\/veja-qual-deve-ser-o-novo-salario-de-arrascaeta-no-flamengo\/\"},\"wordCount\":390,\"commentCount\":0,\"image\":{\"@id\":\"https:\/\/www.gaveanews.com\/index.php\/2025\/09\/12\/veja-qual-deve-ser-o-novo-salario-de-arrascaeta-no-flamengo\/#primaryimage\"},\"thumbnailUrl\":\"https:\/\/www.gaveanews.com\/wp-content\/uploads\/arrascaeta-flamengo-2.webp\",\"articleSection\":[\"Flamengo\"],\"inLanguage\":\"pt-BR\",\"potentialAction\":[{\"@type\":\"CommentAction\",\"name\":\"Comment\",\"target\":[\"https:\/\/www.gaveanews.com\/index.php\/2025\/09\/12\/veja-qual-deve-ser-o-novo-salario-de-arrascaeta-no-flamengo\/#respond\"]}],\"copyrightYear\":\"2025\",\"copyrightHolder\":{\"@id\":\"https:\/\/www.gaveanews.com\/#organization\"}},{\"@type\":\"WebPage\",\"@id\":\"https:\/\/www.gaveanews.com\/index.php\/2025\/09\/12\/veja-qual-deve-ser-o-novo-salario-de-arrascaeta-no-flamengo\/\",\"url\":\"https:\/\/www.gaveanews.com\/index.php\/2025\/09\/12\/veja-qual-deve-ser-o-novo-salario-de-arrascaeta-no-flamengo\/\",\"name\":\"Veja qual deve ser o novo sal\u00e1rio de Arrascaeta no Flamengo\",\"isPartOf\":{\"@id\":\"https:\/\/www.gaveanews.com\/#website\"},\"primaryImageOfPage\":{\"@id\":\"https:\/\/www.gaveanews.com\/index.php\/2025\/09\/12\/veja-qual-deve-ser-o-novo-salario-de-arrascaeta-no-flamengo\/#primaryimage\"},\"image\":{\"@id\":\"https:\/\/www.gaveanews.com\/index.php\/2025\/09\/12\/veja-qual-deve-ser-o-novo-salario-de-arrascaeta-no-flamengo\/#primaryimage\"},\"thumbnailUrl\":\"https:\/\/www.gaveanews.com\/wp-content\/uploads\/arrascaeta-flamengo-2.webp\",\"datePublished\":\"2025-09-12T19:33:53+00:00\",\"dateModified\":\"2025-09-12T19:34:06+00:00\",\"author\":{\"@id\":\"https:\/\/www.gaveanews.com\/#\/schema\/person\/fd07635ec039ec3ba74ad18ec8a6dbd6\"},\"breadcrumb\":{\"@id\":\"https:\/\/www.gaveanews.com\/index.php\/2025\/09\/12\/veja-qual-deve-ser-o-novo-salario-de-arrascaeta-no-flamengo\/#breadcrumb\"},\"inLanguage\":\"pt-BR\",\"potentialAction\":[{\"@type\":\"ReadAction\",\"target\":[\"https:\/\/www.gaveanews.com\/index.php\/2025\/09\/12\/veja-qual-deve-ser-o-novo-salario-de-arrascaeta-no-flamengo\/\"]}]},{\"@type\":\"ImageObject\",\"inLanguage\":\"pt-BR\",\"@id\":\"https:\/\/www.gaveanews.com\/index.php\/2025\/09\/12\/veja-qual-deve-ser-o-novo-salario-de-arrascaeta-no-flamengo\/#primaryimage\",\"url\":\"https:\/\/www.gaveanews.com\/wp-content\/uploads\/arrascaeta-flamengo-2.webp\",\"contentUrl\":\"https:\/\/www.gaveanews.com\/wp-content\/uploads\/arrascaeta-flamengo-2.webp\",\"width\":900,\"height\":599,\"caption\":\"Arrascaeta em a\u00e7\u00e3o pelo Flamengo (Foto: Marcelo Cortes\/Flamengo)\"},{\"@type\":\"BreadcrumbList\",\"@id\":\"https:\/\/www.gaveanews.com\/index.php\/2025\/09\/12\/veja-qual-deve-ser-o-novo-salario-de-arrascaeta-no-flamengo\/#breadcrumb\",\"itemListElement\":[{\"@type\":\"ListItem\",\"position\":1,\"name\":\"Home\",\"item\":\"https:\/\/www.gaveanews.com\/\"},{\"@type\":\"ListItem\",\"position\":2,\"name\":\"Veja qual deve ser o novo sal\u00e1rio de Arrascaeta no Flamengo\"}]},{\"@type\":\"WebSite\",\"@id\":\"https:\/\/www.gaveanews.com\/#website\",\"url\":\"https:\/\/www.gaveanews.com\/\",\"name\":\"G\u00e1vea News\",\"description\":\"Veja todas as not\u00edcias sobre o Flamengo: Contrata\u00e7\u00f5es, categorias de base, resultados das partidas, tabela de classifica\u00e7\u00e3o, pr\u00f3ximos jogos!\",\"potentialAction\":[{\"@type\":\"SearchAction\",\"target\":{\"@type\":\"EntryPoint\",\"urlTemplate\":\"https:\/\/www.gaveanews.com\/?s={search_term_string}\"},\"query-input\":{\"@type\":\"PropertyValueSpecification\",\"valueRequired\":true,\"valueName\":\"search_term_string\"}}],\"inLanguage\":\"pt-BR\"},{\"@type\":\"Person\",\"@id\":\"https:\/\/www.gaveanews.com\/#\/schema\/person\/fd07635ec039ec3ba74ad18ec8a6dbd6\",\"name\":\"Henrique Machado\",\"image\":{\"@type\":\"ImageObject\",\"inLanguage\":\"pt-BR\",\"@id\":\"https:\/\/www.gaveanews.com\/#\/schema\/person\/image\/\",\"url\":\"https:\/\/secure.gravatar.com\/avatar\/b95e35997e01d9800c1b6184bd79d4d898d370a3fce2584f5c77b907d5c7d9e9?s=96&d=mm&r=g\",\"contentUrl\":\"https:\/\/secure.gravatar.com\/avatar\/b95e35997e01d9800c1b6184bd79d4d898d370a3fce2584f5c77b907d5c7d9e9?s=96&d=mm&r=g\",\"caption\":\"Henrique Machado\"}}]}<\/script>\n<!-- \/ Yoast SEO Premium plugin. -->","yoast_head_json":{"title":"Veja qual deve ser o novo sal\u00e1rio de Arrascaeta no Flamengo","robots":{"index":"index","follow":"follow","max-snippet":"max-snippet:-1","max-image-preview":"max-image-preview:large","max-video-preview":"max-video-preview:-1"},"canonical":"https:\/\/www.gaveanews.com\/index.php\/2025\/09\/12\/veja-qual-deve-ser-o-novo-salario-de-arrascaeta-no-flamengo\/","og_locale":"pt_BR","og_type":"article","og_title":"Veja qual deve ser o novo sal\u00e1rio de Arrascaeta no Flamengo","og_description":"O Flamengo reabriu oficialmente as conversas para estender o v\u00ednculo de Arrascaeta, que atualmente vai at\u00e9 dezembro de 2026. Aos 31 anos, o uruguaio j\u00e1 declarou publicamente o desejo de seguir no clube e, inclusive, de encerrar a carreira com a camisa rubro-negra. Esse cen\u00e1rio abriu espa\u00e7o para que diretoria e representantes do atleta voltassem [&hellip;]","og_url":"https:\/\/www.gaveanews.com\/index.php\/2025\/09\/12\/veja-qual-deve-ser-o-novo-salario-de-arrascaeta-no-flamengo\/","og_site_name":"G\u00e1vea News","article_publisher":"https:\/\/facebook.com\/gaveaNews\/","article_published_time":"2025-09-12T19:33:53+00:00","article_modified_time":"2025-09-12T19:34:06+00:00","og_image":[{"width":900,"height":599,"url":"http:\/\/www.gaveanews.com\/wp-content\/uploads\/arrascaeta-flamengo-2.webp","type":"image\/jpeg"}],"author":"Henrique Machado","twitter_card":"summary_large_image","twitter_misc":{"Escrito por":"Henrique Machado","Est. tempo de leitura":"3 minutos"},"schema":{"@context":"https:\/\/schema.org","@graph":[{"@type":"NewsArticle","@id":"https:\/\/www.gaveanews.com\/index.php\/2025\/09\/12\/veja-qual-deve-ser-o-novo-salario-de-arrascaeta-no-flamengo\/#article","isPartOf":{"@id":"https:\/\/www.gaveanews.com\/index.php\/2025\/09\/12\/veja-qual-deve-ser-o-novo-salario-de-arrascaeta-no-flamengo\/"},"author":{"name":"Henrique Machado","@id":"https:\/\/www.gaveanews.com\/#\/schema\/person\/fd07635ec039ec3ba74ad18ec8a6dbd6"},"headline":"Veja qual deve ser o novo sal\u00e1rio de Arrascaeta no Flamengo","datePublished":"2025-09-12T19:33:53+00:00","dateModified":"2025-09-12T19:34:06+00:00","mainEntityOfPage":{"@id":"https:\/\/www.gaveanews.com\/index.php\/2025\/09\/12\/veja-qual-deve-ser-o-novo-salario-de-arrascaeta-no-flamengo\/"},"wordCount":390,"commentCount":0,"image":{"@id":"https:\/\/www.gaveanews.com\/index.php\/2025\/09\/12\/veja-qual-deve-ser-o-novo-salario-de-arrascaeta-no-flamengo\/#primaryimage"},"thumbnailUrl":"https:\/\/www.gaveanews.com\/wp-content\/uploads\/arrascaeta-flamengo-2.webp","articleSection":["Flamengo"],"inLanguage":"pt-BR","potentialAction":[{"@type":"CommentAction","name":"Comment","target":["https:\/\/www.gaveanews.com\/index.php\/2025\/09\/12\/veja-qual-deve-ser-o-novo-salario-de-arrascaeta-no-flamengo\/#respond"]}],"copyrightYear":"2025","copyrightHolder":{"@id":"https:\/\/www.gaveanews.com\/#organization"}},{"@type":"WebPage","@id":"https:\/\/www.gaveanews.com\/index.php\/2025\/09\/12\/veja-qual-deve-ser-o-novo-salario-de-arrascaeta-no-flamengo\/","url":"https:\/\/www.gaveanews.com\/index.php\/2025\/09\/12\/veja-qual-deve-ser-o-novo-salario-de-arrascaeta-no-flamengo\/","name":"Veja qual deve ser o novo sal\u00e1rio de Arrascaeta no Flamengo","isPartOf":{"@id":"https:\/\/www.gaveanews.com\/#website"},"primaryImageOfPage":{"@id":"https:\/\/www.gaveanews.com\/index.php\/2025\/09\/12\/veja-qual-deve-ser-o-novo-salario-de-arrascaeta-no-flamengo\/#primaryimage"},"image":{"@id":"https:\/\/www.gaveanews.com\/index.php\/2025\/09\/12\/veja-qual-deve-ser-o-novo-salario-de-arrascaeta-no-flamengo\/#primaryimage"},"thumbnailUrl":"https:\/\/www.gaveanews.com\/wp-content\/uploads\/arrascaeta-flamengo-2.webp","datePublished":"2025-09-12T19:33:53+00:00","dateModified":"2025-09-12T19:34:06+00:00","author":{"@id":"https:\/\/www.gaveanews.com\/#\/schema\/person\/fd07635ec039ec3ba74ad18ec8a6dbd6"},"breadcrumb":{"@id":"https:\/\/www.gaveanews.com\/index.php\/2025\/09\/12\/veja-qual-deve-ser-o-novo-salario-de-arrascaeta-no-flamengo\/#breadcrumb"},"inLanguage":"pt-BR","potentialAction":[{"@type":"ReadAction","target":["https:\/\/www.gaveanews.com\/index.php\/2025\/09\/12\/veja-qual-deve-ser-o-novo-salario-de-arrascaeta-no-flamengo\/"]}]},{"@type":"ImageObject","inLanguage":"pt-BR","@id":"https:\/\/www.gaveanews.com\/index.php\/2025\/09\/12\/veja-qual-deve-ser-o-novo-salario-de-arrascaeta-no-flamengo\/#primaryimage","url":"https:\/\/www.gaveanews.com\/wp-content\/uploads\/arrascaeta-flamengo-2.webp","contentUrl":"https:\/\/www.gaveanews.com\/wp-content\/uploads\/arrascaeta-flamengo-2.webp","width":900,"height":599,"caption":"Arrascaeta em a\u00e7\u00e3o pelo Flamengo (Foto: Marcelo Cortes\/Flamengo)"},{"@type":"BreadcrumbList","@id":"https:\/\/www.gaveanews.com\/index.php\/2025\/09\/12\/veja-qual-deve-ser-o-novo-salario-de-arrascaeta-no-flamengo\/#breadcrumb","itemListElement":[{"@type":"ListItem","position":1,"name":"Home","item":"https:\/\/www.gaveanews.com\/"},{"@type":"ListItem","position":2,"name":"Veja qual deve ser o novo sal\u00e1rio de Arrascaeta no Flamengo"}]},{"@type":"WebSite","@id":"https:\/\/www.gaveanews.com\/#website","url":"https:\/\/www.gaveanews.com\/","name":"G\u00e1vea News","description":"Veja todas as not\u00edcias sobre o Flamengo: Contrata\u00e7\u00f5es, categorias de base, resultados das partidas, tabela de classifica\u00e7\u00e3o, pr\u00f3ximos jogos!","potentialAction":[{"@type":"SearchAction","target":{"@type":"EntryPoint","urlTemplate":"https:\/\/www.gaveanews.com\/?s={search_term_string}"},"query-input":{"@type":"PropertyValueSpecification","valueRequired":true,"valueName":"search_term_string"}}],"inLanguage":"pt-BR"},{"@type":"Person","@id":"https:\/\/www.gaveanews.com\/#\/schema\/person\/fd07635ec039ec3ba74ad18ec8a6dbd6","name":"Henrique Machado","image":{"@type":"ImageObject","inLanguage":"pt-BR","@id":"https:\/\/www.gaveanews.com\/#\/schema\/person\/image\/","url":"https:\/\/secure.gravatar.com\/avatar\/b95e35997e01d9800c1b6184bd79d4d898d370a3fce2584f5c77b907d5c7d9e9?s=96&d=mm&r=g","contentUrl":"https:\/\/secure.gravatar.com\/avatar\/b95e35997e01d9800c1b6184bd79d4d898d370a3fce2584f5c77b907d5c7d9e9?s=96&d=mm&r=g","caption":"Henrique Machado"}}]}},"_links":{"self":[{"href":"https:\/\/www.gaveanews.com\/index.php\/wp-json\/wp\/v2\/posts\/276400","targetHints":{"allow":["GET"]}}],"collection":[{"href":"https:\/\/www.gaveanews.com\/index.php\/wp-json\/wp\/v2\/posts"}],"about":[{"href":"https:\/\/www.gaveanews.com\/index.php\/wp-json\/wp\/v2\/types\/post"}],"author":[{"embeddable":true,"href":"https:\/\/www.gaveanews.com\/index.php\/wp-json\/wp\/v2\/users\/15"}],"replies":[{"embeddable":true,"href":"https:\/\/www.gaveanews.com\/index.php\/wp-json\/wp\/v2\/comments?post=276400"}],"version-history":[{"count":1,"href":"https:\/\/www.gaveanews.com\/index.php\/wp-json\/wp\/v2\/posts\/276400\/revisions"}],"predecessor-version":[{"id":276402,"href":"https:\/\/www.gaveanews.com\/index.php\/wp-json\/wp\/v2\/posts\/276400\/revisions\/276402"}],"wp:featuredmedia":[{"embeddable":true,"href":"https:\/\/www.gaveanews.com\/index.php\/wp-json\/wp\/v2\/media\/145520"}],"wp:attachment":[{"href":"https:\/\/www.gaveanews.com\/index.php\/wp-json\/wp\/v2\/media?parent=276400"}],"wp:term":[{"taxonomy":"category","embeddable":true,"href":"https:\/\/www.gaveanews.com\/index.php\/wp-json\/wp\/v2\/categories?post=276400"},{"taxonomy":"post_tag","embeddable":true,"href":"https:\/\/www.gaveanews.com\/index.php\/wp-json\/wp\/v2\/tags?post=276400"}],"curies":[{"name":"wp","href":"https:\/\/api.w.org\/{rel}","templated":true}]}}