{"id":276405,"date":"2025-09-12T19:00:00","date_gmt":"2025-09-12T22:00:00","guid":{"rendered":"https:\/\/www.gaveanews.com\/?p=276405"},"modified":"2025-09-12T17:37:13","modified_gmt":"2025-09-12T20:37:13","slug":"flamengo-x-juventude-veja-a-escalacao-escolhida-por-filipe-luis","status":"publish","type":"post","link":"https:\/\/www.gaveanews.com\/index.php\/2025\/09\/12\/flamengo-x-juventude-veja-a-escalacao-escolhida-por-filipe-luis\/","title":{"rendered":"Flamengo x Juventude: veja a escala\u00e7\u00e3o escolhida por Filipe Lu\u00eds"},"content":{"rendered":"\n<p>Ap\u00f3s uma pausa devido \u00e0 Data Fifa, o <a href=\"https:\/\/www.gaveanews.com\/index.php\/category\/brasileirao\/flamengo\/\" target=\"_blank\" rel=\"noopener noreferrer\">Flamengo<\/a> volta a campo pelo Brasileir\u00e3o contra o Juventude, em Caxias do Sul, no domingo (14 de setembro), \u00e0s 16 horas (hor\u00e1rio de Bras\u00edlia). O clube lidera a competi\u00e7\u00e3o com 47 pontos e divide aten\u00e7\u00f5es com a Libertadores. Al\u00e9m disso, h\u00e1 um tabu hist\u00f3rico para resolver: o Rubro-Negro n\u00e3o vence o Juventude em Caxias do Sul desde 1997.<\/p>\n\n\n\n<p>Antes do jogo, a equipe ainda realiza um treino na manh\u00e3 de s\u00e1bado no Ninho do Urubu e embarca em seguida para o Sul. A atividade definir\u00e1 a situa\u00e7\u00e3o de cada atleta. Afinal, na pr\u00f3xima quinta-feira (18) haver\u00e1 duelo pela Libertadores, no Maracan\u00e3, contra o Estudiantes, fator que pesa nas avalia\u00e7\u00f5es do departamento de futebol.<\/p>\n\n\n\n<p>Na defesa, h\u00e1 uma mudan\u00e7a certa. L\u00e9o Ortiz est\u00e1 suspenso pelo terceiro cart\u00e3o amarelo, e Danilo entra em seu lugar para formar dupla de zaga com L\u00e9o Pereira, enquanto o restante do setor defensivo mant\u00e9m a base recente.<\/p>\n\n\n\n<p>No setor m\u00e9dico, Jorginho e Varela seguem em tratamento. O volante sente dor no m\u00fasculo posterior da coxa esquerda, foi poupado no jogo anterior contra o Gr\u00eamio, e embora tenha voltado a treinar com o grupo, ainda tem resqu\u00edcios do problema. J\u00e1 Varela retornou da sele\u00e7\u00e3o uruguaia com pubalgia e \u00e9 d\u00favida.<\/p>\n\n\n\n<p>Por outro lado, os convocados Arrascaeta, Vi\u00f1a, Carrascal e Samuel Lino treinaram e ficam \u00e0 disposi\u00e7\u00e3o do treinador. O quarteto n\u00e3o est\u00e1 100% fisicamente ser\u00e1 reavaliado para ajuste de minutagem, que pode ser limitada.<\/p>\n\n\n\n<p>Outro nome em observa\u00e7\u00e3o \u00e9 Gonzalo Plata, reapresentou-se na sexta-feira e n\u00e3o foi a campo, trabalhando na academia com o departamento m\u00e9dico. Ele deve ser poupado com foco no confronto contra o Estudiantes. Bruno Henrique segue suspenso pelo STJD e aguarda resposta sobre o pedido do efeito suspensivo.<\/p>\n\n\n\n<p>Alex Sandro avan\u00e7ou na recupera\u00e7\u00e3o da les\u00e3o na panturrilha esquerda e iniciou trabalhos no campo, ainda acompanhado pela fisioterapia.<\/p>\n\n\n\n<p>A prov\u00e1vel escala\u00e7\u00e3o do Flamengo tem, portanto: Rossi; Emerson Royal, Danilo, L\u00e9o Pereira e Ayrton Lucas; De la Cruz, Sa\u00fal e Arrascaeta; Luiz Ara\u00fajo, Samuel Lino (Cebolinha) e Pedro.<\/p>\n","protected":false},"excerpt":{"rendered":"<p>Ap\u00f3s uma pausa devido \u00e0 Data Fifa, o Flamengo volta a campo pelo Brasileir\u00e3o contra o Juventude, em Caxias do Sul, no domingo (14 de setembro), \u00e0s 16 horas (hor\u00e1rio de Bras\u00edlia). O clube lidera a competi\u00e7\u00e3o com 47 pontos e divide aten\u00e7\u00f5es com a Libertadores. Al\u00e9m disso, h\u00e1 um tabu hist\u00f3rico para resolver: o [&hellip;]<\/p>\n","protected":false},"author":39,"featured_media":251455,"comment_status":"open","ping_status":"closed","sticky":false,"template":"","format":"standard","meta":{"footnotes":""},"categories":[1],"tags":[],"class_list":["post-276405","post","type-post","status-publish","format-standard","has-post-thumbnail","hentry","category-flamengo"],"yoast_head":"<!-- This site is optimized with the Yoast SEO Premium plugin v24.2 (Yoast SEO v26.9) - https:\/\/yoast.com\/product\/yoast-seo-premium-wordpress\/ -->\n<title>Flamengo x Juventude: veja a escala\u00e7\u00e3o escolhida por Filipe Lu\u00eds<\/title>\n<meta name=\"robots\" content=\"index, follow, max-snippet:-1, max-image-preview:large, max-video-preview:-1\" \/>\n<link rel=\"canonical\" href=\"https:\/\/www.gaveanews.com\/index.php\/2025\/09\/12\/flamengo-x-juventude-veja-a-escalacao-escolhida-por-filipe-luis\/\" \/>\n<meta property=\"og:locale\" content=\"pt_BR\" \/>\n<meta property=\"og:type\" content=\"article\" \/>\n<meta property=\"og:title\" content=\"Flamengo x Juventude: veja a escala\u00e7\u00e3o escolhida por Filipe Lu\u00eds\" \/>\n<meta property=\"og:description\" content=\"Ap\u00f3s uma pausa devido \u00e0 Data Fifa, o Flamengo volta a campo pelo Brasileir\u00e3o contra o Juventude, em Caxias do Sul, no domingo (14 de setembro), \u00e0s 16 horas (hor\u00e1rio de Bras\u00edlia). O clube lidera a competi\u00e7\u00e3o com 47 pontos e divide aten\u00e7\u00f5es com a Libertadores. Al\u00e9m disso, h\u00e1 um tabu hist\u00f3rico para resolver: o [&hellip;]\" \/>\n<meta property=\"og:url\" content=\"https:\/\/www.gaveanews.com\/index.php\/2025\/09\/12\/flamengo-x-juventude-veja-a-escalacao-escolhida-por-filipe-luis\/\" \/>\n<meta property=\"og:site_name\" content=\"G\u00e1vea News\" \/>\n<meta property=\"article:publisher\" content=\"https:\/\/facebook.com\/gaveaNews\/\" \/>\n<meta property=\"article:published_time\" content=\"2025-09-12T22:00:00+00:00\" \/>\n<meta property=\"og:image\" content=\"https:\/\/www.gaveanews.com\/wp-content\/uploads\/Filipe-Luis-pelo-Flamengo.webp\" \/>\n\t<meta property=\"og:image:width\" content=\"477\" \/>\n\t<meta property=\"og:image:height\" content=\"291\" \/>\n\t<meta property=\"og:image:type\" content=\"image\/jpeg\" \/>\n<meta name=\"author\" content=\"Reda\u00e7\u00e3o\" \/>\n<meta name=\"twitter:card\" content=\"summary_large_image\" \/>\n<meta name=\"twitter:label1\" content=\"Escrito por\" \/>\n\t<meta name=\"twitter:data1\" content=\"Reda\u00e7\u00e3o\" \/>\n\t<meta name=\"twitter:label2\" content=\"Est. tempo de leitura\" \/>\n\t<meta name=\"twitter:data2\" content=\"3 minutos\" \/>\n<script type=\"application\/ld+json\" class=\"yoast-schema-graph\">{\"@context\":\"https:\/\/schema.org\",\"@graph\":[{\"@type\":\"NewsArticle\",\"@id\":\"https:\/\/www.gaveanews.com\/index.php\/2025\/09\/12\/flamengo-x-juventude-veja-a-escalacao-escolhida-por-filipe-luis\/#article\",\"isPartOf\":{\"@id\":\"https:\/\/www.gaveanews.com\/index.php\/2025\/09\/12\/flamengo-x-juventude-veja-a-escalacao-escolhida-por-filipe-luis\/\"},\"author\":{\"name\":\"Reda\u00e7\u00e3o\",\"@id\":\"https:\/\/www.gaveanews.com\/#\/schema\/person\/c88645e3d550d0b6574305e67dd5a716\"},\"headline\":\"Flamengo x Juventude: veja a escala\u00e7\u00e3o escolhida por Filipe Lu\u00eds\",\"datePublished\":\"2025-09-12T22:00:00+00:00\",\"mainEntityOfPage\":{\"@id\":\"https:\/\/www.gaveanews.com\/index.php\/2025\/09\/12\/flamengo-x-juventude-veja-a-escalacao-escolhida-por-filipe-luis\/\"},\"wordCount\":381,\"commentCount\":0,\"image\":{\"@id\":\"https:\/\/www.gaveanews.com\/index.php\/2025\/09\/12\/flamengo-x-juventude-veja-a-escalacao-escolhida-por-filipe-luis\/#primaryimage\"},\"thumbnailUrl\":\"https:\/\/www.gaveanews.com\/wp-content\/uploads\/Filipe-Luis-pelo-Flamengo.webp\",\"articleSection\":[\"Flamengo\"],\"inLanguage\":\"pt-BR\",\"potentialAction\":[{\"@type\":\"CommentAction\",\"name\":\"Comment\",\"target\":[\"https:\/\/www.gaveanews.com\/index.php\/2025\/09\/12\/flamengo-x-juventude-veja-a-escalacao-escolhida-por-filipe-luis\/#respond\"]}],\"copyrightYear\":\"2025\",\"copyrightHolder\":{\"@id\":\"https:\/\/www.gaveanews.com\/#organization\"}},{\"@type\":\"WebPage\",\"@id\":\"https:\/\/www.gaveanews.com\/index.php\/2025\/09\/12\/flamengo-x-juventude-veja-a-escalacao-escolhida-por-filipe-luis\/\",\"url\":\"https:\/\/www.gaveanews.com\/index.php\/2025\/09\/12\/flamengo-x-juventude-veja-a-escalacao-escolhida-por-filipe-luis\/\",\"name\":\"Flamengo x Juventude: veja a escala\u00e7\u00e3o escolhida por Filipe Lu\u00eds\",\"isPartOf\":{\"@id\":\"https:\/\/www.gaveanews.com\/#website\"},\"primaryImageOfPage\":{\"@id\":\"https:\/\/www.gaveanews.com\/index.php\/2025\/09\/12\/flamengo-x-juventude-veja-a-escalacao-escolhida-por-filipe-luis\/#primaryimage\"},\"image\":{\"@id\":\"https:\/\/www.gaveanews.com\/index.php\/2025\/09\/12\/flamengo-x-juventude-veja-a-escalacao-escolhida-por-filipe-luis\/#primaryimage\"},\"thumbnailUrl\":\"https:\/\/www.gaveanews.com\/wp-content\/uploads\/Filipe-Luis-pelo-Flamengo.webp\",\"datePublished\":\"2025-09-12T22:00:00+00:00\",\"author\":{\"@id\":\"https:\/\/www.gaveanews.com\/#\/schema\/person\/c88645e3d550d0b6574305e67dd5a716\"},\"breadcrumb\":{\"@id\":\"https:\/\/www.gaveanews.com\/index.php\/2025\/09\/12\/flamengo-x-juventude-veja-a-escalacao-escolhida-por-filipe-luis\/#breadcrumb\"},\"inLanguage\":\"pt-BR\",\"potentialAction\":[{\"@type\":\"ReadAction\",\"target\":[\"https:\/\/www.gaveanews.com\/index.php\/2025\/09\/12\/flamengo-x-juventude-veja-a-escalacao-escolhida-por-filipe-luis\/\"]}]},{\"@type\":\"ImageObject\",\"inLanguage\":\"pt-BR\",\"@id\":\"https:\/\/www.gaveanews.com\/index.php\/2025\/09\/12\/flamengo-x-juventude-veja-a-escalacao-escolhida-por-filipe-luis\/#primaryimage\",\"url\":\"https:\/\/www.gaveanews.com\/wp-content\/uploads\/Filipe-Luis-pelo-Flamengo.webp\",\"contentUrl\":\"https:\/\/www.gaveanews.com\/wp-content\/uploads\/Filipe-Luis-pelo-Flamengo.webp\",\"width\":477,\"height\":291,\"caption\":\"Filipe Lu\u00eds pelo Flamengo (Fotos: Gilvan de Souza\/Flamengo)\"},{\"@type\":\"BreadcrumbList\",\"@id\":\"https:\/\/www.gaveanews.com\/index.php\/2025\/09\/12\/flamengo-x-juventude-veja-a-escalacao-escolhida-por-filipe-luis\/#breadcrumb\",\"itemListElement\":[{\"@type\":\"ListItem\",\"position\":1,\"name\":\"Home\",\"item\":\"https:\/\/www.gaveanews.com\/\"},{\"@type\":\"ListItem\",\"position\":2,\"name\":\"Flamengo x Juventude: veja a escala\u00e7\u00e3o escolhida por Filipe Lu\u00eds\"}]},{\"@type\":\"WebSite\",\"@id\":\"https:\/\/www.gaveanews.com\/#website\",\"url\":\"https:\/\/www.gaveanews.com\/\",\"name\":\"G\u00e1vea News\",\"description\":\"Veja todas as not\u00edcias sobre o Flamengo: Contrata\u00e7\u00f5es, categorias de base, resultados das partidas, tabela de classifica\u00e7\u00e3o, pr\u00f3ximos jogos!\",\"potentialAction\":[{\"@type\":\"SearchAction\",\"target\":{\"@type\":\"EntryPoint\",\"urlTemplate\":\"https:\/\/www.gaveanews.com\/?s={search_term_string}\"},\"query-input\":{\"@type\":\"PropertyValueSpecification\",\"valueRequired\":true,\"valueName\":\"search_term_string\"}}],\"inLanguage\":\"pt-BR\"},{\"@type\":\"Person\",\"@id\":\"https:\/\/www.gaveanews.com\/#\/schema\/person\/c88645e3d550d0b6574305e67dd5a716\",\"name\":\"Reda\u00e7\u00e3o\",\"image\":{\"@type\":\"ImageObject\",\"inLanguage\":\"pt-BR\",\"@id\":\"https:\/\/www.gaveanews.com\/#\/schema\/person\/image\/\",\"url\":\"https:\/\/secure.gravatar.com\/avatar\/434098fd823f0dc1b062d14ca22bacaa6e38de28d8c816bbef6fc2f8c44d8ba3?s=96&d=mm&r=g\",\"contentUrl\":\"https:\/\/secure.gravatar.com\/avatar\/434098fd823f0dc1b062d14ca22bacaa6e38de28d8c816bbef6fc2f8c44d8ba3?s=96&d=mm&r=g\",\"caption\":\"Reda\u00e7\u00e3o\"}}]}<\/script>\n<!-- \/ Yoast SEO Premium plugin. -->","yoast_head_json":{"title":"Flamengo x Juventude: veja a escala\u00e7\u00e3o escolhida por Filipe Lu\u00eds","robots":{"index":"index","follow":"follow","max-snippet":"max-snippet:-1","max-image-preview":"max-image-preview:large","max-video-preview":"max-video-preview:-1"},"canonical":"https:\/\/www.gaveanews.com\/index.php\/2025\/09\/12\/flamengo-x-juventude-veja-a-escalacao-escolhida-por-filipe-luis\/","og_locale":"pt_BR","og_type":"article","og_title":"Flamengo x Juventude: veja a escala\u00e7\u00e3o escolhida por Filipe Lu\u00eds","og_description":"Ap\u00f3s uma pausa devido \u00e0 Data Fifa, o Flamengo volta a campo pelo Brasileir\u00e3o contra o Juventude, em Caxias do Sul, no domingo (14 de setembro), \u00e0s 16 horas (hor\u00e1rio de Bras\u00edlia). O clube lidera a competi\u00e7\u00e3o com 47 pontos e divide aten\u00e7\u00f5es com a Libertadores. Al\u00e9m disso, h\u00e1 um tabu hist\u00f3rico para resolver: o [&hellip;]","og_url":"https:\/\/www.gaveanews.com\/index.php\/2025\/09\/12\/flamengo-x-juventude-veja-a-escalacao-escolhida-por-filipe-luis\/","og_site_name":"G\u00e1vea News","article_publisher":"https:\/\/facebook.com\/gaveaNews\/","article_published_time":"2025-09-12T22:00:00+00:00","og_image":[{"width":477,"height":291,"url":"https:\/\/www.gaveanews.com\/wp-content\/uploads\/Filipe-Luis-pelo-Flamengo.webp","type":"image\/jpeg"}],"author":"Reda\u00e7\u00e3o","twitter_card":"summary_large_image","twitter_misc":{"Escrito por":"Reda\u00e7\u00e3o","Est. tempo de leitura":"3 minutos"},"schema":{"@context":"https:\/\/schema.org","@graph":[{"@type":"NewsArticle","@id":"https:\/\/www.gaveanews.com\/index.php\/2025\/09\/12\/flamengo-x-juventude-veja-a-escalacao-escolhida-por-filipe-luis\/#article","isPartOf":{"@id":"https:\/\/www.gaveanews.com\/index.php\/2025\/09\/12\/flamengo-x-juventude-veja-a-escalacao-escolhida-por-filipe-luis\/"},"author":{"name":"Reda\u00e7\u00e3o","@id":"https:\/\/www.gaveanews.com\/#\/schema\/person\/c88645e3d550d0b6574305e67dd5a716"},"headline":"Flamengo x Juventude: veja a escala\u00e7\u00e3o escolhida por Filipe Lu\u00eds","datePublished":"2025-09-12T22:00:00+00:00","mainEntityOfPage":{"@id":"https:\/\/www.gaveanews.com\/index.php\/2025\/09\/12\/flamengo-x-juventude-veja-a-escalacao-escolhida-por-filipe-luis\/"},"wordCount":381,"commentCount":0,"image":{"@id":"https:\/\/www.gaveanews.com\/index.php\/2025\/09\/12\/flamengo-x-juventude-veja-a-escalacao-escolhida-por-filipe-luis\/#primaryimage"},"thumbnailUrl":"https:\/\/www.gaveanews.com\/wp-content\/uploads\/Filipe-Luis-pelo-Flamengo.webp","articleSection":["Flamengo"],"inLanguage":"pt-BR","potentialAction":[{"@type":"CommentAction","name":"Comment","target":["https:\/\/www.gaveanews.com\/index.php\/2025\/09\/12\/flamengo-x-juventude-veja-a-escalacao-escolhida-por-filipe-luis\/#respond"]}],"copyrightYear":"2025","copyrightHolder":{"@id":"https:\/\/www.gaveanews.com\/#organization"}},{"@type":"WebPage","@id":"https:\/\/www.gaveanews.com\/index.php\/2025\/09\/12\/flamengo-x-juventude-veja-a-escalacao-escolhida-por-filipe-luis\/","url":"https:\/\/www.gaveanews.com\/index.php\/2025\/09\/12\/flamengo-x-juventude-veja-a-escalacao-escolhida-por-filipe-luis\/","name":"Flamengo x Juventude: veja a escala\u00e7\u00e3o escolhida por Filipe Lu\u00eds","isPartOf":{"@id":"https:\/\/www.gaveanews.com\/#website"},"primaryImageOfPage":{"@id":"https:\/\/www.gaveanews.com\/index.php\/2025\/09\/12\/flamengo-x-juventude-veja-a-escalacao-escolhida-por-filipe-luis\/#primaryimage"},"image":{"@id":"https:\/\/www.gaveanews.com\/index.php\/2025\/09\/12\/flamengo-x-juventude-veja-a-escalacao-escolhida-por-filipe-luis\/#primaryimage"},"thumbnailUrl":"https:\/\/www.gaveanews.com\/wp-content\/uploads\/Filipe-Luis-pelo-Flamengo.webp","datePublished":"2025-09-12T22:00:00+00:00","author":{"@id":"https:\/\/www.gaveanews.com\/#\/schema\/person\/c88645e3d550d0b6574305e67dd5a716"},"breadcrumb":{"@id":"https:\/\/www.gaveanews.com\/index.php\/2025\/09\/12\/flamengo-x-juventude-veja-a-escalacao-escolhida-por-filipe-luis\/#breadcrumb"},"inLanguage":"pt-BR","potentialAction":[{"@type":"ReadAction","target":["https:\/\/www.gaveanews.com\/index.php\/2025\/09\/12\/flamengo-x-juventude-veja-a-escalacao-escolhida-por-filipe-luis\/"]}]},{"@type":"ImageObject","inLanguage":"pt-BR","@id":"https:\/\/www.gaveanews.com\/index.php\/2025\/09\/12\/flamengo-x-juventude-veja-a-escalacao-escolhida-por-filipe-luis\/#primaryimage","url":"https:\/\/www.gaveanews.com\/wp-content\/uploads\/Filipe-Luis-pelo-Flamengo.webp","contentUrl":"https:\/\/www.gaveanews.com\/wp-content\/uploads\/Filipe-Luis-pelo-Flamengo.webp","width":477,"height":291,"caption":"Filipe Lu\u00eds pelo Flamengo (Fotos: Gilvan de Souza\/Flamengo)"},{"@type":"BreadcrumbList","@id":"https:\/\/www.gaveanews.com\/index.php\/2025\/09\/12\/flamengo-x-juventude-veja-a-escalacao-escolhida-por-filipe-luis\/#breadcrumb","itemListElement":[{"@type":"ListItem","position":1,"name":"Home","item":"https:\/\/www.gaveanews.com\/"},{"@type":"ListItem","position":2,"name":"Flamengo x Juventude: veja a escala\u00e7\u00e3o escolhida por Filipe Lu\u00eds"}]},{"@type":"WebSite","@id":"https:\/\/www.gaveanews.com\/#website","url":"https:\/\/www.gaveanews.com\/","name":"G\u00e1vea News","description":"Veja todas as not\u00edcias sobre o Flamengo: Contrata\u00e7\u00f5es, categorias de base, resultados das partidas, tabela de classifica\u00e7\u00e3o, pr\u00f3ximos jogos!","potentialAction":[{"@type":"SearchAction","target":{"@type":"EntryPoint","urlTemplate":"https:\/\/www.gaveanews.com\/?s={search_term_string}"},"query-input":{"@type":"PropertyValueSpecification","valueRequired":true,"valueName":"search_term_string"}}],"inLanguage":"pt-BR"},{"@type":"Person","@id":"https:\/\/www.gaveanews.com\/#\/schema\/person\/c88645e3d550d0b6574305e67dd5a716","name":"Reda\u00e7\u00e3o","image":{"@type":"ImageObject","inLanguage":"pt-BR","@id":"https:\/\/www.gaveanews.com\/#\/schema\/person\/image\/","url":"https:\/\/secure.gravatar.com\/avatar\/434098fd823f0dc1b062d14ca22bacaa6e38de28d8c816bbef6fc2f8c44d8ba3?s=96&d=mm&r=g","contentUrl":"https:\/\/secure.gravatar.com\/avatar\/434098fd823f0dc1b062d14ca22bacaa6e38de28d8c816bbef6fc2f8c44d8ba3?s=96&d=mm&r=g","caption":"Reda\u00e7\u00e3o"}}]}},"_links":{"self":[{"href":"https:\/\/www.gaveanews.com\/index.php\/wp-json\/wp\/v2\/posts\/276405","targetHints":{"allow":["GET"]}}],"collection":[{"href":"https:\/\/www.gaveanews.com\/index.php\/wp-json\/wp\/v2\/posts"}],"about":[{"href":"https:\/\/www.gaveanews.com\/index.php\/wp-json\/wp\/v2\/types\/post"}],"author":[{"embeddable":true,"href":"https:\/\/www.gaveanews.com\/index.php\/wp-json\/wp\/v2\/users\/39"}],"replies":[{"embeddable":true,"href":"https:\/\/www.gaveanews.com\/index.php\/wp-json\/wp\/v2\/comments?post=276405"}],"version-history":[{"count":1,"href":"https:\/\/www.gaveanews.com\/index.php\/wp-json\/wp\/v2\/posts\/276405\/revisions"}],"predecessor-version":[{"id":276417,"href":"https:\/\/www.gaveanews.com\/index.php\/wp-json\/wp\/v2\/posts\/276405\/revisions\/276417"}],"wp:featuredmedia":[{"embeddable":true,"href":"https:\/\/www.gaveanews.com\/index.php\/wp-json\/wp\/v2\/media\/251455"}],"wp:attachment":[{"href":"https:\/\/www.gaveanews.com\/index.php\/wp-json\/wp\/v2\/media?parent=276405"}],"wp:term":[{"taxonomy":"category","embeddable":true,"href":"https:\/\/www.gaveanews.com\/index.php\/wp-json\/wp\/v2\/categories?post=276405"},{"taxonomy":"post_tag","embeddable":true,"href":"https:\/\/www.gaveanews.com\/index.php\/wp-json\/wp\/v2\/tags?post=276405"}],"curies":[{"name":"wp","href":"https:\/\/api.w.org\/{rel}","templated":true}]}}