{"id":276408,"date":"2025-09-12T20:00:00","date_gmt":"2025-09-12T23:00:00","guid":{"rendered":"https:\/\/www.gaveanews.com\/?p=276408"},"modified":"2025-09-12T17:49:16","modified_gmt":"2025-09-12T20:49:16","slug":"veja-as-duvidas-e-desfalques-do-flamengo-para-enfrentar-o-juventude","status":"publish","type":"post","link":"https:\/\/www.gaveanews.com\/index.php\/2025\/09\/12\/veja-as-duvidas-e-desfalques-do-flamengo-para-enfrentar-o-juventude\/","title":{"rendered":"Veja as d\u00favidas e desfalques do Flamengo para enfrentar o Juventude"},"content":{"rendered":"\n<p><a href=\"https:\/\/www.gaveanews.com\/index.php\/category\/brasileirao\/flamengo\/\" target=\"_blank\" rel=\"noopener noreferrer\">Flamengo<\/a> e Juventude se enfrentam no Est\u00e1dio Alfredo Jaconi, em Caxias do Sul, pela 23\u00aa rodada do Campeonato Brasileiro, neste domingo (14), \u00e0s 16 horas (hor\u00e1rio de Bras\u00edlia). O duelo integra a sequ\u00eancia da competi\u00e7\u00e3o nacional e mobiliza as aten\u00e7\u00f5es dos torcedores, que acompanham a equipe rubro-negra em mais um compromisso do calend\u00e1rio.<\/p>\n\n\n\n<p>J\u00e1 a prepara\u00e7\u00e3o do Flamengo ocorre em meio a baixas e incertezas no elenco. Para esta partida, o t\u00e9cnico Filipe Lu\u00eds j\u00e1 sabe que n\u00e3o poder\u00e1 contar com tr\u00eas jogadores, e tr\u00eas outros atletas s\u00e3o d\u00favidas para o confronto.<\/p>\n\n\n\n<p>Um desfalque j\u00e1 conhecido \u00e9 o de Erick Pulgar, em recupera\u00e7\u00e3o de fratura no quinto metatarso do p\u00e9 direito. Nesta sexta-feira (12), o volante realizar\u00e1 Tomografia Computadorizada para acompanhar a evolu\u00e7\u00e3o da contus\u00e3o.<\/p>\n\n\n\n<p>L\u00e9o Ortiz tamb\u00e9m n\u00e3o estar\u00e1 \u00e0 disposi\u00e7\u00e3o no fim de semana, pois recebeu o terceiro cart\u00e3o amarelo no duelo anterior, contra o Gr\u00eamio, e cumprir\u00e1 suspens\u00e3o autom\u00e1tica. Bruno Henrique suspenso pelo STJD, integra a lista de baixas.<\/p>\n\n\n\n<p>Por outro lado, tr\u00eas nomes permanecem como d\u00favidas para enfrentar o Juventude. Alex Sandro, que sofreu les\u00e3o muscular na panturrilha esquerda, iniciou trabalhos em campo com a fisioterapia na quarta-feira (10), e n\u00e3o tem presen\u00e7a garantida. <\/p>\n\n\n\n<p>Ademais, Jorginho e Varela seguem sob observa\u00e7\u00e3o do Departamento M\u00e9dico. O volante sente dores no m\u00fasculo posterior da coxa esquerda e continua em tratamento. J\u00e1 o lateral se reapresentou da Sele\u00e7\u00e3o Uruguaia com um quadro de pubalgia e ser\u00e1 reavaliado diariamente. As condi\u00e7\u00f5es de ambos dependem da resposta cl\u00ednica nas atividades de reabilita\u00e7\u00e3o, mas tudo indica que os dois ficam fora de combate.<\/p>\n\n\n\n<p>Por fim, o jogo ser\u00e1 transmiss\u00e3o pelo servi\u00e7o de streaming da Amazon Prime. Para a partida, o Flamengo tentar\u00e1 quebrar o tabu de 28 anos sem vencer no Alfredo Jaconi para se manter na lideran\u00e7a do Campeoanto Brasileiro.<\/p>\n","protected":false},"excerpt":{"rendered":"<p>Flamengo e Juventude se enfrentam no Est\u00e1dio Alfredo Jaconi, em Caxias do Sul, pela 23\u00aa rodada do Campeonato Brasileiro, neste domingo (14), \u00e0s 16 horas (hor\u00e1rio de Bras\u00edlia). O duelo integra a sequ\u00eancia da competi\u00e7\u00e3o nacional e mobiliza as aten\u00e7\u00f5es dos torcedores, que acompanham a equipe rubro-negra em mais um compromisso do calend\u00e1rio. J\u00e1 a [&hellip;]<\/p>\n","protected":false},"author":39,"featured_media":276139,"comment_status":"open","ping_status":"closed","sticky":false,"template":"","format":"standard","meta":{"footnotes":""},"categories":[1],"tags":[],"class_list":["post-276408","post","type-post","status-publish","format-standard","has-post-thumbnail","hentry","category-flamengo"],"yoast_head":"<!-- This site is optimized with the Yoast SEO Premium plugin v24.2 (Yoast SEO v26.9) - https:\/\/yoast.com\/product\/yoast-seo-premium-wordpress\/ -->\n<title>Veja as d\u00favidas e desfalques do Flamengo para enfrentar o Juventude<\/title>\n<meta name=\"robots\" content=\"index, follow, max-snippet:-1, max-image-preview:large, max-video-preview:-1\" \/>\n<link rel=\"canonical\" href=\"https:\/\/www.gaveanews.com\/index.php\/2025\/09\/12\/veja-as-duvidas-e-desfalques-do-flamengo-para-enfrentar-o-juventude\/\" \/>\n<meta property=\"og:locale\" content=\"pt_BR\" \/>\n<meta property=\"og:type\" content=\"article\" \/>\n<meta property=\"og:title\" content=\"Veja as d\u00favidas e desfalques do Flamengo para enfrentar o Juventude\" \/>\n<meta property=\"og:description\" content=\"Flamengo e Juventude se enfrentam no Est\u00e1dio Alfredo Jaconi, em Caxias do Sul, pela 23\u00aa rodada do Campeonato Brasileiro, neste domingo (14), \u00e0s 16 horas (hor\u00e1rio de Bras\u00edlia). O duelo integra a sequ\u00eancia da competi\u00e7\u00e3o nacional e mobiliza as aten\u00e7\u00f5es dos torcedores, que acompanham a equipe rubro-negra em mais um compromisso do calend\u00e1rio. J\u00e1 a [&hellip;]\" \/>\n<meta property=\"og:url\" content=\"https:\/\/www.gaveanews.com\/index.php\/2025\/09\/12\/veja-as-duvidas-e-desfalques-do-flamengo-para-enfrentar-o-juventude\/\" \/>\n<meta property=\"og:site_name\" content=\"G\u00e1vea News\" \/>\n<meta property=\"article:publisher\" content=\"https:\/\/facebook.com\/gaveaNews\/\" \/>\n<meta property=\"article:published_time\" content=\"2025-09-12T23:00:00+00:00\" \/>\n<meta property=\"og:image\" content=\"https:\/\/www.gaveanews.com\/wp-content\/uploads\/Elenco-do-Flamengo-durante-treinamento.webp\" \/>\n\t<meta property=\"og:image:width\" content=\"1000\" \/>\n\t<meta property=\"og:image:height\" content=\"563\" \/>\n\t<meta property=\"og:image:type\" content=\"image\/webp\" \/>\n<meta name=\"author\" content=\"Reda\u00e7\u00e3o\" \/>\n<meta name=\"twitter:card\" content=\"summary_large_image\" \/>\n<meta name=\"twitter:label1\" content=\"Escrito por\" \/>\n\t<meta name=\"twitter:data1\" content=\"Reda\u00e7\u00e3o\" \/>\n\t<meta name=\"twitter:label2\" content=\"Est. tempo de leitura\" \/>\n\t<meta name=\"twitter:data2\" content=\"2 minutos\" \/>\n<script type=\"application\/ld+json\" class=\"yoast-schema-graph\">{\"@context\":\"https:\/\/schema.org\",\"@graph\":[{\"@type\":\"NewsArticle\",\"@id\":\"https:\/\/www.gaveanews.com\/index.php\/2025\/09\/12\/veja-as-duvidas-e-desfalques-do-flamengo-para-enfrentar-o-juventude\/#article\",\"isPartOf\":{\"@id\":\"https:\/\/www.gaveanews.com\/index.php\/2025\/09\/12\/veja-as-duvidas-e-desfalques-do-flamengo-para-enfrentar-o-juventude\/\"},\"author\":{\"name\":\"Reda\u00e7\u00e3o\",\"@id\":\"https:\/\/www.gaveanews.com\/#\/schema\/person\/c88645e3d550d0b6574305e67dd5a716\"},\"headline\":\"Veja as d\u00favidas e desfalques do Flamengo para enfrentar o Juventude\",\"datePublished\":\"2025-09-12T23:00:00+00:00\",\"mainEntityOfPage\":{\"@id\":\"https:\/\/www.gaveanews.com\/index.php\/2025\/09\/12\/veja-as-duvidas-e-desfalques-do-flamengo-para-enfrentar-o-juventude\/\"},\"wordCount\":344,\"commentCount\":0,\"image\":{\"@id\":\"https:\/\/www.gaveanews.com\/index.php\/2025\/09\/12\/veja-as-duvidas-e-desfalques-do-flamengo-para-enfrentar-o-juventude\/#primaryimage\"},\"thumbnailUrl\":\"https:\/\/www.gaveanews.com\/wp-content\/uploads\/Elenco-do-Flamengo-durante-treinamento.webp\",\"articleSection\":[\"Flamengo\"],\"inLanguage\":\"pt-BR\",\"potentialAction\":[{\"@type\":\"CommentAction\",\"name\":\"Comment\",\"target\":[\"https:\/\/www.gaveanews.com\/index.php\/2025\/09\/12\/veja-as-duvidas-e-desfalques-do-flamengo-para-enfrentar-o-juventude\/#respond\"]}],\"copyrightYear\":\"2025\",\"copyrightHolder\":{\"@id\":\"https:\/\/www.gaveanews.com\/#organization\"}},{\"@type\":\"WebPage\",\"@id\":\"https:\/\/www.gaveanews.com\/index.php\/2025\/09\/12\/veja-as-duvidas-e-desfalques-do-flamengo-para-enfrentar-o-juventude\/\",\"url\":\"https:\/\/www.gaveanews.com\/index.php\/2025\/09\/12\/veja-as-duvidas-e-desfalques-do-flamengo-para-enfrentar-o-juventude\/\",\"name\":\"Veja as d\u00favidas e desfalques do Flamengo para enfrentar o Juventude\",\"isPartOf\":{\"@id\":\"https:\/\/www.gaveanews.com\/#website\"},\"primaryImageOfPage\":{\"@id\":\"https:\/\/www.gaveanews.com\/index.php\/2025\/09\/12\/veja-as-duvidas-e-desfalques-do-flamengo-para-enfrentar-o-juventude\/#primaryimage\"},\"image\":{\"@id\":\"https:\/\/www.gaveanews.com\/index.php\/2025\/09\/12\/veja-as-duvidas-e-desfalques-do-flamengo-para-enfrentar-o-juventude\/#primaryimage\"},\"thumbnailUrl\":\"https:\/\/www.gaveanews.com\/wp-content\/uploads\/Elenco-do-Flamengo-durante-treinamento.webp\",\"datePublished\":\"2025-09-12T23:00:00+00:00\",\"author\":{\"@id\":\"https:\/\/www.gaveanews.com\/#\/schema\/person\/c88645e3d550d0b6574305e67dd5a716\"},\"breadcrumb\":{\"@id\":\"https:\/\/www.gaveanews.com\/index.php\/2025\/09\/12\/veja-as-duvidas-e-desfalques-do-flamengo-para-enfrentar-o-juventude\/#breadcrumb\"},\"inLanguage\":\"pt-BR\",\"potentialAction\":[{\"@type\":\"ReadAction\",\"target\":[\"https:\/\/www.gaveanews.com\/index.php\/2025\/09\/12\/veja-as-duvidas-e-desfalques-do-flamengo-para-enfrentar-o-juventude\/\"]}]},{\"@type\":\"ImageObject\",\"inLanguage\":\"pt-BR\",\"@id\":\"https:\/\/www.gaveanews.com\/index.php\/2025\/09\/12\/veja-as-duvidas-e-desfalques-do-flamengo-para-enfrentar-o-juventude\/#primaryimage\",\"url\":\"https:\/\/www.gaveanews.com\/wp-content\/uploads\/Elenco-do-Flamengo-durante-treinamento.webp\",\"contentUrl\":\"https:\/\/www.gaveanews.com\/wp-content\/uploads\/Elenco-do-Flamengo-durante-treinamento.webp\",\"width\":1000,\"height\":563,\"caption\":\"Elenco do Flamengo durante treinamento (Foto: Gilvan de Souza\/Flamengo)\"},{\"@type\":\"BreadcrumbList\",\"@id\":\"https:\/\/www.gaveanews.com\/index.php\/2025\/09\/12\/veja-as-duvidas-e-desfalques-do-flamengo-para-enfrentar-o-juventude\/#breadcrumb\",\"itemListElement\":[{\"@type\":\"ListItem\",\"position\":1,\"name\":\"Home\",\"item\":\"https:\/\/www.gaveanews.com\/\"},{\"@type\":\"ListItem\",\"position\":2,\"name\":\"Veja as d\u00favidas e desfalques do Flamengo para enfrentar o Juventude\"}]},{\"@type\":\"WebSite\",\"@id\":\"https:\/\/www.gaveanews.com\/#website\",\"url\":\"https:\/\/www.gaveanews.com\/\",\"name\":\"G\u00e1vea News\",\"description\":\"Veja todas as not\u00edcias sobre o Flamengo: Contrata\u00e7\u00f5es, categorias de base, resultados das partidas, tabela de classifica\u00e7\u00e3o, pr\u00f3ximos jogos!\",\"potentialAction\":[{\"@type\":\"SearchAction\",\"target\":{\"@type\":\"EntryPoint\",\"urlTemplate\":\"https:\/\/www.gaveanews.com\/?s={search_term_string}\"},\"query-input\":{\"@type\":\"PropertyValueSpecification\",\"valueRequired\":true,\"valueName\":\"search_term_string\"}}],\"inLanguage\":\"pt-BR\"},{\"@type\":\"Person\",\"@id\":\"https:\/\/www.gaveanews.com\/#\/schema\/person\/c88645e3d550d0b6574305e67dd5a716\",\"name\":\"Reda\u00e7\u00e3o\",\"image\":{\"@type\":\"ImageObject\",\"inLanguage\":\"pt-BR\",\"@id\":\"https:\/\/www.gaveanews.com\/#\/schema\/person\/image\/\",\"url\":\"https:\/\/secure.gravatar.com\/avatar\/434098fd823f0dc1b062d14ca22bacaa6e38de28d8c816bbef6fc2f8c44d8ba3?s=96&d=mm&r=g\",\"contentUrl\":\"https:\/\/secure.gravatar.com\/avatar\/434098fd823f0dc1b062d14ca22bacaa6e38de28d8c816bbef6fc2f8c44d8ba3?s=96&d=mm&r=g\",\"caption\":\"Reda\u00e7\u00e3o\"}}]}<\/script>\n<!-- \/ Yoast SEO Premium plugin. -->","yoast_head_json":{"title":"Veja as d\u00favidas e desfalques do Flamengo para enfrentar o Juventude","robots":{"index":"index","follow":"follow","max-snippet":"max-snippet:-1","max-image-preview":"max-image-preview:large","max-video-preview":"max-video-preview:-1"},"canonical":"https:\/\/www.gaveanews.com\/index.php\/2025\/09\/12\/veja-as-duvidas-e-desfalques-do-flamengo-para-enfrentar-o-juventude\/","og_locale":"pt_BR","og_type":"article","og_title":"Veja as d\u00favidas e desfalques do Flamengo para enfrentar o Juventude","og_description":"Flamengo e Juventude se enfrentam no Est\u00e1dio Alfredo Jaconi, em Caxias do Sul, pela 23\u00aa rodada do Campeonato Brasileiro, neste domingo (14), \u00e0s 16 horas (hor\u00e1rio de Bras\u00edlia). O duelo integra a sequ\u00eancia da competi\u00e7\u00e3o nacional e mobiliza as aten\u00e7\u00f5es dos torcedores, que acompanham a equipe rubro-negra em mais um compromisso do calend\u00e1rio. J\u00e1 a [&hellip;]","og_url":"https:\/\/www.gaveanews.com\/index.php\/2025\/09\/12\/veja-as-duvidas-e-desfalques-do-flamengo-para-enfrentar-o-juventude\/","og_site_name":"G\u00e1vea News","article_publisher":"https:\/\/facebook.com\/gaveaNews\/","article_published_time":"2025-09-12T23:00:00+00:00","og_image":[{"width":1000,"height":563,"url":"https:\/\/www.gaveanews.com\/wp-content\/uploads\/Elenco-do-Flamengo-durante-treinamento.webp","type":"image\/webp"}],"author":"Reda\u00e7\u00e3o","twitter_card":"summary_large_image","twitter_misc":{"Escrito por":"Reda\u00e7\u00e3o","Est. tempo de leitura":"2 minutos"},"schema":{"@context":"https:\/\/schema.org","@graph":[{"@type":"NewsArticle","@id":"https:\/\/www.gaveanews.com\/index.php\/2025\/09\/12\/veja-as-duvidas-e-desfalques-do-flamengo-para-enfrentar-o-juventude\/#article","isPartOf":{"@id":"https:\/\/www.gaveanews.com\/index.php\/2025\/09\/12\/veja-as-duvidas-e-desfalques-do-flamengo-para-enfrentar-o-juventude\/"},"author":{"name":"Reda\u00e7\u00e3o","@id":"https:\/\/www.gaveanews.com\/#\/schema\/person\/c88645e3d550d0b6574305e67dd5a716"},"headline":"Veja as d\u00favidas e desfalques do Flamengo para enfrentar o Juventude","datePublished":"2025-09-12T23:00:00+00:00","mainEntityOfPage":{"@id":"https:\/\/www.gaveanews.com\/index.php\/2025\/09\/12\/veja-as-duvidas-e-desfalques-do-flamengo-para-enfrentar-o-juventude\/"},"wordCount":344,"commentCount":0,"image":{"@id":"https:\/\/www.gaveanews.com\/index.php\/2025\/09\/12\/veja-as-duvidas-e-desfalques-do-flamengo-para-enfrentar-o-juventude\/#primaryimage"},"thumbnailUrl":"https:\/\/www.gaveanews.com\/wp-content\/uploads\/Elenco-do-Flamengo-durante-treinamento.webp","articleSection":["Flamengo"],"inLanguage":"pt-BR","potentialAction":[{"@type":"CommentAction","name":"Comment","target":["https:\/\/www.gaveanews.com\/index.php\/2025\/09\/12\/veja-as-duvidas-e-desfalques-do-flamengo-para-enfrentar-o-juventude\/#respond"]}],"copyrightYear":"2025","copyrightHolder":{"@id":"https:\/\/www.gaveanews.com\/#organization"}},{"@type":"WebPage","@id":"https:\/\/www.gaveanews.com\/index.php\/2025\/09\/12\/veja-as-duvidas-e-desfalques-do-flamengo-para-enfrentar-o-juventude\/","url":"https:\/\/www.gaveanews.com\/index.php\/2025\/09\/12\/veja-as-duvidas-e-desfalques-do-flamengo-para-enfrentar-o-juventude\/","name":"Veja as d\u00favidas e desfalques do Flamengo para enfrentar o Juventude","isPartOf":{"@id":"https:\/\/www.gaveanews.com\/#website"},"primaryImageOfPage":{"@id":"https:\/\/www.gaveanews.com\/index.php\/2025\/09\/12\/veja-as-duvidas-e-desfalques-do-flamengo-para-enfrentar-o-juventude\/#primaryimage"},"image":{"@id":"https:\/\/www.gaveanews.com\/index.php\/2025\/09\/12\/veja-as-duvidas-e-desfalques-do-flamengo-para-enfrentar-o-juventude\/#primaryimage"},"thumbnailUrl":"https:\/\/www.gaveanews.com\/wp-content\/uploads\/Elenco-do-Flamengo-durante-treinamento.webp","datePublished":"2025-09-12T23:00:00+00:00","author":{"@id":"https:\/\/www.gaveanews.com\/#\/schema\/person\/c88645e3d550d0b6574305e67dd5a716"},"breadcrumb":{"@id":"https:\/\/www.gaveanews.com\/index.php\/2025\/09\/12\/veja-as-duvidas-e-desfalques-do-flamengo-para-enfrentar-o-juventude\/#breadcrumb"},"inLanguage":"pt-BR","potentialAction":[{"@type":"ReadAction","target":["https:\/\/www.gaveanews.com\/index.php\/2025\/09\/12\/veja-as-duvidas-e-desfalques-do-flamengo-para-enfrentar-o-juventude\/"]}]},{"@type":"ImageObject","inLanguage":"pt-BR","@id":"https:\/\/www.gaveanews.com\/index.php\/2025\/09\/12\/veja-as-duvidas-e-desfalques-do-flamengo-para-enfrentar-o-juventude\/#primaryimage","url":"https:\/\/www.gaveanews.com\/wp-content\/uploads\/Elenco-do-Flamengo-durante-treinamento.webp","contentUrl":"https:\/\/www.gaveanews.com\/wp-content\/uploads\/Elenco-do-Flamengo-durante-treinamento.webp","width":1000,"height":563,"caption":"Elenco do Flamengo durante treinamento (Foto: Gilvan de Souza\/Flamengo)"},{"@type":"BreadcrumbList","@id":"https:\/\/www.gaveanews.com\/index.php\/2025\/09\/12\/veja-as-duvidas-e-desfalques-do-flamengo-para-enfrentar-o-juventude\/#breadcrumb","itemListElement":[{"@type":"ListItem","position":1,"name":"Home","item":"https:\/\/www.gaveanews.com\/"},{"@type":"ListItem","position":2,"name":"Veja as d\u00favidas e desfalques do Flamengo para enfrentar o Juventude"}]},{"@type":"WebSite","@id":"https:\/\/www.gaveanews.com\/#website","url":"https:\/\/www.gaveanews.com\/","name":"G\u00e1vea News","description":"Veja todas as not\u00edcias sobre o Flamengo: Contrata\u00e7\u00f5es, categorias de base, resultados das partidas, tabela de classifica\u00e7\u00e3o, pr\u00f3ximos jogos!","potentialAction":[{"@type":"SearchAction","target":{"@type":"EntryPoint","urlTemplate":"https:\/\/www.gaveanews.com\/?s={search_term_string}"},"query-input":{"@type":"PropertyValueSpecification","valueRequired":true,"valueName":"search_term_string"}}],"inLanguage":"pt-BR"},{"@type":"Person","@id":"https:\/\/www.gaveanews.com\/#\/schema\/person\/c88645e3d550d0b6574305e67dd5a716","name":"Reda\u00e7\u00e3o","image":{"@type":"ImageObject","inLanguage":"pt-BR","@id":"https:\/\/www.gaveanews.com\/#\/schema\/person\/image\/","url":"https:\/\/secure.gravatar.com\/avatar\/434098fd823f0dc1b062d14ca22bacaa6e38de28d8c816bbef6fc2f8c44d8ba3?s=96&d=mm&r=g","contentUrl":"https:\/\/secure.gravatar.com\/avatar\/434098fd823f0dc1b062d14ca22bacaa6e38de28d8c816bbef6fc2f8c44d8ba3?s=96&d=mm&r=g","caption":"Reda\u00e7\u00e3o"}}]}},"_links":{"self":[{"href":"https:\/\/www.gaveanews.com\/index.php\/wp-json\/wp\/v2\/posts\/276408","targetHints":{"allow":["GET"]}}],"collection":[{"href":"https:\/\/www.gaveanews.com\/index.php\/wp-json\/wp\/v2\/posts"}],"about":[{"href":"https:\/\/www.gaveanews.com\/index.php\/wp-json\/wp\/v2\/types\/post"}],"author":[{"embeddable":true,"href":"https:\/\/www.gaveanews.com\/index.php\/wp-json\/wp\/v2\/users\/39"}],"replies":[{"embeddable":true,"href":"https:\/\/www.gaveanews.com\/index.php\/wp-json\/wp\/v2\/comments?post=276408"}],"version-history":[{"count":1,"href":"https:\/\/www.gaveanews.com\/index.php\/wp-json\/wp\/v2\/posts\/276408\/revisions"}],"predecessor-version":[{"id":276419,"href":"https:\/\/www.gaveanews.com\/index.php\/wp-json\/wp\/v2\/posts\/276408\/revisions\/276419"}],"wp:featuredmedia":[{"embeddable":true,"href":"https:\/\/www.gaveanews.com\/index.php\/wp-json\/wp\/v2\/media\/276139"}],"wp:attachment":[{"href":"https:\/\/www.gaveanews.com\/index.php\/wp-json\/wp\/v2\/media?parent=276408"}],"wp:term":[{"taxonomy":"category","embeddable":true,"href":"https:\/\/www.gaveanews.com\/index.php\/wp-json\/wp\/v2\/categories?post=276408"},{"taxonomy":"post_tag","embeddable":true,"href":"https:\/\/www.gaveanews.com\/index.php\/wp-json\/wp\/v2\/tags?post=276408"}],"curies":[{"name":"wp","href":"https:\/\/api.w.org\/{rel}","templated":true}]}}