{"id":276449,"date":"2025-09-14T18:37:12","date_gmt":"2025-09-14T21:37:12","guid":{"rendered":"https:\/\/www.gaveanews.com\/?p=276449"},"modified":"2025-09-14T18:37:18","modified_gmt":"2025-09-14T21:37:18","slug":"flamengo-quebra-tabu-de-28-anos","status":"publish","type":"post","link":"https:\/\/www.gaveanews.com\/index.php\/2025\/09\/14\/flamengo-quebra-tabu-de-28-anos\/","title":{"rendered":"Flamengo quebra tabu de 28 anos"},"content":{"rendered":"<p>O <a href=\"https:\/\/www.gaveanews.com\/index.php\/category\/brasileirao\/flamengo\/\" target=\"_blank\" rel=\"noopener noreferrer\">Flamengo<\/a> venceu o Juventude por 2 a 0 neste domingo (14 de setembro), no Est\u00e1dio Alfredo Jaconi, em Caxias do Sul, pela 23\u00aa rodada do Campeonato Brasileiro. Al\u00e9m de manter a lideran\u00e7a, o resultado quebrou um jejum de 28 anos no est\u00e1dio.<\/p>\n<p>Os gols foram marcados por Arrascaeta e, perto do fim, por Emerson Royal. Com o triunfo, o Flamengo chegou a 50 pontos e abriu quatro de vantagem sobre o <a href=\"https:\/\/www.gaveanews.com\/index.php\/category\/brasileirao\/palmeiras\/\" target=\"_blank\" rel=\"noopener noreferrer\">Palmeiras<\/a>, segundo colocado. J\u00e1 o Juventude ocupa a zona de rebaixamento, em 18\u00ba lugar, com 21 pontos.<\/p>\n<p>A \u00faltima vit\u00f3ria do Flamengo no Alfredo Jaconi havia ocorrido em 1997. De l\u00e1 para c\u00e1, foram 13 confrontos, com sete vit\u00f3rias do Juventude e seis empates. Al\u00e9m disso, o gol de Arrascaeta marcou uma marca pessoal: o camisa 10 igualou sua temporada mais artilheira pelo clube, chegando a 18 gols, mesmo n\u00famero de 2019.<\/p>\n<p>Pela agenda, o Flamengo recebe o Estudiantes na quinta-feira (18 de setembro), \u00e0s 21h30 (hor\u00e1rio de Bras\u00edlia), pela Libertadores. No Brasileir\u00e3o, enfrenta o Vasco no domingo (21 de setembro), \u00e0s 17h30 (hor\u00e1rio de Bras\u00edlia), no Maracan\u00e3.<\/p>\n<p>O Juventude tem duelo contra o Mirassol, fora de casa, no domingo (21 de setembro), \u00e0s 16 horas (hor\u00e1rio de Bras\u00edlia). Depois, encara o Internacional em Caxias do Sul no s\u00e1bado (27 de setembro), \u00e0s 18h30 (hor\u00e1rio de Bras\u00edlia).<\/p>\n","protected":false},"excerpt":{"rendered":"<p>O Flamengo venceu o Juventude por 2 a 0 neste domingo (14 de setembro), no Est\u00e1dio Alfredo Jaconi, em Caxias do Sul, pela 23\u00aa rodada do Campeonato Brasileiro. Al\u00e9m de manter a lideran\u00e7a, o resultado quebrou um jejum de 28 anos no est\u00e1dio. Os gols foram marcados por Arrascaeta e, perto do fim, por Emerson [&hellip;]<\/p>\n","protected":false},"author":39,"featured_media":272956,"comment_status":"open","ping_status":"closed","sticky":false,"template":"","format":"standard","meta":{"footnotes":""},"categories":[1],"tags":[],"class_list":["post-276449","post","type-post","status-publish","format-standard","has-post-thumbnail","hentry","category-flamengo"],"yoast_head":"<!-- This site is optimized with the Yoast SEO Premium plugin v24.2 (Yoast SEO v26.9) - https:\/\/yoast.com\/product\/yoast-seo-premium-wordpress\/ -->\n<title>Flamengo quebra tabu de 28 anos<\/title>\n<meta name=\"robots\" content=\"index, follow, max-snippet:-1, max-image-preview:large, max-video-preview:-1\" \/>\n<link rel=\"canonical\" href=\"https:\/\/www.gaveanews.com\/index.php\/2025\/09\/14\/flamengo-quebra-tabu-de-28-anos\/\" \/>\n<meta property=\"og:locale\" content=\"pt_BR\" \/>\n<meta property=\"og:type\" content=\"article\" \/>\n<meta property=\"og:title\" content=\"Flamengo quebra tabu de 28 anos\" \/>\n<meta property=\"og:description\" content=\"O Flamengo venceu o Juventude por 2 a 0 neste domingo (14 de setembro), no Est\u00e1dio Alfredo Jaconi, em Caxias do Sul, pela 23\u00aa rodada do Campeonato Brasileiro. Al\u00e9m de manter a lideran\u00e7a, o resultado quebrou um jejum de 28 anos no est\u00e1dio. Os gols foram marcados por Arrascaeta e, perto do fim, por Emerson [&hellip;]\" \/>\n<meta property=\"og:url\" content=\"https:\/\/www.gaveanews.com\/index.php\/2025\/09\/14\/flamengo-quebra-tabu-de-28-anos\/\" \/>\n<meta property=\"og:site_name\" content=\"G\u00e1vea News\" \/>\n<meta property=\"article:publisher\" content=\"https:\/\/facebook.com\/gaveaNews\/\" \/>\n<meta property=\"article:published_time\" content=\"2025-09-14T21:37:12+00:00\" \/>\n<meta property=\"article:modified_time\" content=\"2025-09-14T21:37:18+00:00\" \/>\n<meta property=\"og:image\" content=\"http:\/\/www.gaveanews.com\/wp-content\/uploads\/elenco-do-Flamengo.png\" \/>\n\t<meta property=\"og:image:width\" content=\"1200\" \/>\n\t<meta property=\"og:image:height\" content=\"900\" \/>\n\t<meta property=\"og:image:type\" content=\"image\/png\" \/>\n<meta name=\"author\" content=\"Reda\u00e7\u00e3o\" \/>\n<meta name=\"twitter:card\" content=\"summary_large_image\" \/>\n<meta name=\"twitter:label1\" content=\"Escrito por\" \/>\n\t<meta name=\"twitter:data1\" content=\"Reda\u00e7\u00e3o\" \/>\n\t<meta name=\"twitter:label2\" content=\"Est. tempo de leitura\" \/>\n\t<meta name=\"twitter:data2\" content=\"2 minutos\" \/>\n<script type=\"application\/ld+json\" class=\"yoast-schema-graph\">{\"@context\":\"https:\/\/schema.org\",\"@graph\":[{\"@type\":\"NewsArticle\",\"@id\":\"https:\/\/www.gaveanews.com\/index.php\/2025\/09\/14\/flamengo-quebra-tabu-de-28-anos\/#article\",\"isPartOf\":{\"@id\":\"https:\/\/www.gaveanews.com\/index.php\/2025\/09\/14\/flamengo-quebra-tabu-de-28-anos\/\"},\"author\":{\"name\":\"Reda\u00e7\u00e3o\",\"@id\":\"https:\/\/www.gaveanews.com\/#\/schema\/person\/c88645e3d550d0b6574305e67dd5a716\"},\"headline\":\"Flamengo quebra tabu de 28 anos\",\"datePublished\":\"2025-09-14T21:37:12+00:00\",\"dateModified\":\"2025-09-14T21:37:18+00:00\",\"mainEntityOfPage\":{\"@id\":\"https:\/\/www.gaveanews.com\/index.php\/2025\/09\/14\/flamengo-quebra-tabu-de-28-anos\/\"},\"wordCount\":224,\"commentCount\":0,\"image\":{\"@id\":\"https:\/\/www.gaveanews.com\/index.php\/2025\/09\/14\/flamengo-quebra-tabu-de-28-anos\/#primaryimage\"},\"thumbnailUrl\":\"https:\/\/www.gaveanews.com\/wp-content\/uploads\/elenco-do-Flamengo.png\",\"articleSection\":[\"Flamengo\"],\"inLanguage\":\"pt-BR\",\"potentialAction\":[{\"@type\":\"CommentAction\",\"name\":\"Comment\",\"target\":[\"https:\/\/www.gaveanews.com\/index.php\/2025\/09\/14\/flamengo-quebra-tabu-de-28-anos\/#respond\"]}],\"copyrightYear\":\"2025\",\"copyrightHolder\":{\"@id\":\"https:\/\/www.gaveanews.com\/#organization\"}},{\"@type\":\"WebPage\",\"@id\":\"https:\/\/www.gaveanews.com\/index.php\/2025\/09\/14\/flamengo-quebra-tabu-de-28-anos\/\",\"url\":\"https:\/\/www.gaveanews.com\/index.php\/2025\/09\/14\/flamengo-quebra-tabu-de-28-anos\/\",\"name\":\"Flamengo quebra tabu de 28 anos\",\"isPartOf\":{\"@id\":\"https:\/\/www.gaveanews.com\/#website\"},\"primaryImageOfPage\":{\"@id\":\"https:\/\/www.gaveanews.com\/index.php\/2025\/09\/14\/flamengo-quebra-tabu-de-28-anos\/#primaryimage\"},\"image\":{\"@id\":\"https:\/\/www.gaveanews.com\/index.php\/2025\/09\/14\/flamengo-quebra-tabu-de-28-anos\/#primaryimage\"},\"thumbnailUrl\":\"https:\/\/www.gaveanews.com\/wp-content\/uploads\/elenco-do-Flamengo.png\",\"datePublished\":\"2025-09-14T21:37:12+00:00\",\"dateModified\":\"2025-09-14T21:37:18+00:00\",\"author\":{\"@id\":\"https:\/\/www.gaveanews.com\/#\/schema\/person\/c88645e3d550d0b6574305e67dd5a716\"},\"breadcrumb\":{\"@id\":\"https:\/\/www.gaveanews.com\/index.php\/2025\/09\/14\/flamengo-quebra-tabu-de-28-anos\/#breadcrumb\"},\"inLanguage\":\"pt-BR\",\"potentialAction\":[{\"@type\":\"ReadAction\",\"target\":[\"https:\/\/www.gaveanews.com\/index.php\/2025\/09\/14\/flamengo-quebra-tabu-de-28-anos\/\"]}]},{\"@type\":\"ImageObject\",\"inLanguage\":\"pt-BR\",\"@id\":\"https:\/\/www.gaveanews.com\/index.php\/2025\/09\/14\/flamengo-quebra-tabu-de-28-anos\/#primaryimage\",\"url\":\"https:\/\/www.gaveanews.com\/wp-content\/uploads\/elenco-do-Flamengo.png\",\"contentUrl\":\"https:\/\/www.gaveanews.com\/wp-content\/uploads\/elenco-do-Flamengo.png\",\"width\":1200,\"height\":900,\"caption\":\"Elenco do Flamengo (Foto: Adriano Fontes\/Flamengo)\"},{\"@type\":\"BreadcrumbList\",\"@id\":\"https:\/\/www.gaveanews.com\/index.php\/2025\/09\/14\/flamengo-quebra-tabu-de-28-anos\/#breadcrumb\",\"itemListElement\":[{\"@type\":\"ListItem\",\"position\":1,\"name\":\"Home\",\"item\":\"https:\/\/www.gaveanews.com\/\"},{\"@type\":\"ListItem\",\"position\":2,\"name\":\"Flamengo quebra tabu de 28 anos\"}]},{\"@type\":\"WebSite\",\"@id\":\"https:\/\/www.gaveanews.com\/#website\",\"url\":\"https:\/\/www.gaveanews.com\/\",\"name\":\"G\u00e1vea News\",\"description\":\"Veja todas as not\u00edcias sobre o Flamengo: Contrata\u00e7\u00f5es, categorias de base, resultados das partidas, tabela de classifica\u00e7\u00e3o, pr\u00f3ximos jogos!\",\"potentialAction\":[{\"@type\":\"SearchAction\",\"target\":{\"@type\":\"EntryPoint\",\"urlTemplate\":\"https:\/\/www.gaveanews.com\/?s={search_term_string}\"},\"query-input\":{\"@type\":\"PropertyValueSpecification\",\"valueRequired\":true,\"valueName\":\"search_term_string\"}}],\"inLanguage\":\"pt-BR\"},{\"@type\":\"Person\",\"@id\":\"https:\/\/www.gaveanews.com\/#\/schema\/person\/c88645e3d550d0b6574305e67dd5a716\",\"name\":\"Reda\u00e7\u00e3o\",\"image\":{\"@type\":\"ImageObject\",\"inLanguage\":\"pt-BR\",\"@id\":\"https:\/\/www.gaveanews.com\/#\/schema\/person\/image\/\",\"url\":\"https:\/\/secure.gravatar.com\/avatar\/434098fd823f0dc1b062d14ca22bacaa6e38de28d8c816bbef6fc2f8c44d8ba3?s=96&d=mm&r=g\",\"contentUrl\":\"https:\/\/secure.gravatar.com\/avatar\/434098fd823f0dc1b062d14ca22bacaa6e38de28d8c816bbef6fc2f8c44d8ba3?s=96&d=mm&r=g\",\"caption\":\"Reda\u00e7\u00e3o\"}}]}<\/script>\n<!-- \/ Yoast SEO Premium plugin. -->","yoast_head_json":{"title":"Flamengo quebra tabu de 28 anos","robots":{"index":"index","follow":"follow","max-snippet":"max-snippet:-1","max-image-preview":"max-image-preview:large","max-video-preview":"max-video-preview:-1"},"canonical":"https:\/\/www.gaveanews.com\/index.php\/2025\/09\/14\/flamengo-quebra-tabu-de-28-anos\/","og_locale":"pt_BR","og_type":"article","og_title":"Flamengo quebra tabu de 28 anos","og_description":"O Flamengo venceu o Juventude por 2 a 0 neste domingo (14 de setembro), no Est\u00e1dio Alfredo Jaconi, em Caxias do Sul, pela 23\u00aa rodada do Campeonato Brasileiro. Al\u00e9m de manter a lideran\u00e7a, o resultado quebrou um jejum de 28 anos no est\u00e1dio. Os gols foram marcados por Arrascaeta e, perto do fim, por Emerson [&hellip;]","og_url":"https:\/\/www.gaveanews.com\/index.php\/2025\/09\/14\/flamengo-quebra-tabu-de-28-anos\/","og_site_name":"G\u00e1vea News","article_publisher":"https:\/\/facebook.com\/gaveaNews\/","article_published_time":"2025-09-14T21:37:12+00:00","article_modified_time":"2025-09-14T21:37:18+00:00","og_image":[{"width":1200,"height":900,"url":"http:\/\/www.gaveanews.com\/wp-content\/uploads\/elenco-do-Flamengo.png","type":"image\/png"}],"author":"Reda\u00e7\u00e3o","twitter_card":"summary_large_image","twitter_misc":{"Escrito por":"Reda\u00e7\u00e3o","Est. tempo de leitura":"2 minutos"},"schema":{"@context":"https:\/\/schema.org","@graph":[{"@type":"NewsArticle","@id":"https:\/\/www.gaveanews.com\/index.php\/2025\/09\/14\/flamengo-quebra-tabu-de-28-anos\/#article","isPartOf":{"@id":"https:\/\/www.gaveanews.com\/index.php\/2025\/09\/14\/flamengo-quebra-tabu-de-28-anos\/"},"author":{"name":"Reda\u00e7\u00e3o","@id":"https:\/\/www.gaveanews.com\/#\/schema\/person\/c88645e3d550d0b6574305e67dd5a716"},"headline":"Flamengo quebra tabu de 28 anos","datePublished":"2025-09-14T21:37:12+00:00","dateModified":"2025-09-14T21:37:18+00:00","mainEntityOfPage":{"@id":"https:\/\/www.gaveanews.com\/index.php\/2025\/09\/14\/flamengo-quebra-tabu-de-28-anos\/"},"wordCount":224,"commentCount":0,"image":{"@id":"https:\/\/www.gaveanews.com\/index.php\/2025\/09\/14\/flamengo-quebra-tabu-de-28-anos\/#primaryimage"},"thumbnailUrl":"https:\/\/www.gaveanews.com\/wp-content\/uploads\/elenco-do-Flamengo.png","articleSection":["Flamengo"],"inLanguage":"pt-BR","potentialAction":[{"@type":"CommentAction","name":"Comment","target":["https:\/\/www.gaveanews.com\/index.php\/2025\/09\/14\/flamengo-quebra-tabu-de-28-anos\/#respond"]}],"copyrightYear":"2025","copyrightHolder":{"@id":"https:\/\/www.gaveanews.com\/#organization"}},{"@type":"WebPage","@id":"https:\/\/www.gaveanews.com\/index.php\/2025\/09\/14\/flamengo-quebra-tabu-de-28-anos\/","url":"https:\/\/www.gaveanews.com\/index.php\/2025\/09\/14\/flamengo-quebra-tabu-de-28-anos\/","name":"Flamengo quebra tabu de 28 anos","isPartOf":{"@id":"https:\/\/www.gaveanews.com\/#website"},"primaryImageOfPage":{"@id":"https:\/\/www.gaveanews.com\/index.php\/2025\/09\/14\/flamengo-quebra-tabu-de-28-anos\/#primaryimage"},"image":{"@id":"https:\/\/www.gaveanews.com\/index.php\/2025\/09\/14\/flamengo-quebra-tabu-de-28-anos\/#primaryimage"},"thumbnailUrl":"https:\/\/www.gaveanews.com\/wp-content\/uploads\/elenco-do-Flamengo.png","datePublished":"2025-09-14T21:37:12+00:00","dateModified":"2025-09-14T21:37:18+00:00","author":{"@id":"https:\/\/www.gaveanews.com\/#\/schema\/person\/c88645e3d550d0b6574305e67dd5a716"},"breadcrumb":{"@id":"https:\/\/www.gaveanews.com\/index.php\/2025\/09\/14\/flamengo-quebra-tabu-de-28-anos\/#breadcrumb"},"inLanguage":"pt-BR","potentialAction":[{"@type":"ReadAction","target":["https:\/\/www.gaveanews.com\/index.php\/2025\/09\/14\/flamengo-quebra-tabu-de-28-anos\/"]}]},{"@type":"ImageObject","inLanguage":"pt-BR","@id":"https:\/\/www.gaveanews.com\/index.php\/2025\/09\/14\/flamengo-quebra-tabu-de-28-anos\/#primaryimage","url":"https:\/\/www.gaveanews.com\/wp-content\/uploads\/elenco-do-Flamengo.png","contentUrl":"https:\/\/www.gaveanews.com\/wp-content\/uploads\/elenco-do-Flamengo.png","width":1200,"height":900,"caption":"Elenco do Flamengo (Foto: Adriano Fontes\/Flamengo)"},{"@type":"BreadcrumbList","@id":"https:\/\/www.gaveanews.com\/index.php\/2025\/09\/14\/flamengo-quebra-tabu-de-28-anos\/#breadcrumb","itemListElement":[{"@type":"ListItem","position":1,"name":"Home","item":"https:\/\/www.gaveanews.com\/"},{"@type":"ListItem","position":2,"name":"Flamengo quebra tabu de 28 anos"}]},{"@type":"WebSite","@id":"https:\/\/www.gaveanews.com\/#website","url":"https:\/\/www.gaveanews.com\/","name":"G\u00e1vea News","description":"Veja todas as not\u00edcias sobre o Flamengo: Contrata\u00e7\u00f5es, categorias de base, resultados das partidas, tabela de classifica\u00e7\u00e3o, pr\u00f3ximos jogos!","potentialAction":[{"@type":"SearchAction","target":{"@type":"EntryPoint","urlTemplate":"https:\/\/www.gaveanews.com\/?s={search_term_string}"},"query-input":{"@type":"PropertyValueSpecification","valueRequired":true,"valueName":"search_term_string"}}],"inLanguage":"pt-BR"},{"@type":"Person","@id":"https:\/\/www.gaveanews.com\/#\/schema\/person\/c88645e3d550d0b6574305e67dd5a716","name":"Reda\u00e7\u00e3o","image":{"@type":"ImageObject","inLanguage":"pt-BR","@id":"https:\/\/www.gaveanews.com\/#\/schema\/person\/image\/","url":"https:\/\/secure.gravatar.com\/avatar\/434098fd823f0dc1b062d14ca22bacaa6e38de28d8c816bbef6fc2f8c44d8ba3?s=96&d=mm&r=g","contentUrl":"https:\/\/secure.gravatar.com\/avatar\/434098fd823f0dc1b062d14ca22bacaa6e38de28d8c816bbef6fc2f8c44d8ba3?s=96&d=mm&r=g","caption":"Reda\u00e7\u00e3o"}}]}},"_links":{"self":[{"href":"https:\/\/www.gaveanews.com\/index.php\/wp-json\/wp\/v2\/posts\/276449","targetHints":{"allow":["GET"]}}],"collection":[{"href":"https:\/\/www.gaveanews.com\/index.php\/wp-json\/wp\/v2\/posts"}],"about":[{"href":"https:\/\/www.gaveanews.com\/index.php\/wp-json\/wp\/v2\/types\/post"}],"author":[{"embeddable":true,"href":"https:\/\/www.gaveanews.com\/index.php\/wp-json\/wp\/v2\/users\/39"}],"replies":[{"embeddable":true,"href":"https:\/\/www.gaveanews.com\/index.php\/wp-json\/wp\/v2\/comments?post=276449"}],"version-history":[{"count":1,"href":"https:\/\/www.gaveanews.com\/index.php\/wp-json\/wp\/v2\/posts\/276449\/revisions"}],"predecessor-version":[{"id":276454,"href":"https:\/\/www.gaveanews.com\/index.php\/wp-json\/wp\/v2\/posts\/276449\/revisions\/276454"}],"wp:featuredmedia":[{"embeddable":true,"href":"https:\/\/www.gaveanews.com\/index.php\/wp-json\/wp\/v2\/media\/272956"}],"wp:attachment":[{"href":"https:\/\/www.gaveanews.com\/index.php\/wp-json\/wp\/v2\/media?parent=276449"}],"wp:term":[{"taxonomy":"category","embeddable":true,"href":"https:\/\/www.gaveanews.com\/index.php\/wp-json\/wp\/v2\/categories?post=276449"},{"taxonomy":"post_tag","embeddable":true,"href":"https:\/\/www.gaveanews.com\/index.php\/wp-json\/wp\/v2\/tags?post=276449"}],"curies":[{"name":"wp","href":"https:\/\/api.w.org\/{rel}","templated":true}]}}