{"id":276457,"date":"2025-09-14T21:09:59","date_gmt":"2025-09-15T00:09:59","guid":{"rendered":"https:\/\/www.gaveanews.com\/?p=276457"},"modified":"2025-09-14T21:10:07","modified_gmt":"2025-09-15T00:10:07","slug":"imprensa-da-europa-destaca-resposta-do-flamengo-ao-palmeiras","status":"publish","type":"post","link":"https:\/\/www.gaveanews.com\/index.php\/2025\/09\/14\/imprensa-da-europa-destaca-resposta-do-flamengo-ao-palmeiras\/","title":{"rendered":"Imprensa da Europa destaca &#8216;resposta&#8217; do Flamengo ao Palmeiras"},"content":{"rendered":"\n<p>O <a href=\"https:\/\/www.gaveanews.com\/index.php\/category\/brasileirao\/flamengo\/\" target=\"_blank\" rel=\"noopener noreferrer\">Flamengo<\/a> venceu o Juventude por 2 a 0, pela 23\u00aa rodada do Campeonato Brasileiro. A partida ocorreu no Alfredo Jaconi, em Caxias do Sul, neste domingo (14 de setembro), \u00e0s 16 horas (hor\u00e1rio de Bras\u00edlia). Com o resultado, o time chegou a 50 pontos e segue na lideran\u00e7a isolada. A vantagem para o <a href=\"https:\/\/www.gaveanews.com\/index.php\/category\/brasileirao\/palmeiras\/\" target=\"_blank\" rel=\"noopener noreferrer\">Palmeiras<\/a> \u00e9 de quatro pontos.<\/p>\n\n\n\n<p>Vale destacar que esta vit\u00f3ria ganhou repercuss\u00e3o no exterior. Isso porque, o jornal &#8216;A Bola&#8217;, fez quest\u00e3o de publicar uma mat\u00e9ria em seu portal: &#8220;Brasileir\u00e3o: Flamengo responde ao Palmeiras e tamb\u00e9m vence&#8221;. <strong>Veja a manchete abaixo:<\/strong><\/p>\n\n\n\n<figure class=\"wp-block-embed is-type-rich is-provider-twitter wp-block-embed-twitter\"><div class=\"wp-block-embed__wrapper\">\n<blockquote class=\"twitter-tweet\" data-width=\"550\" data-dnt=\"true\"><p lang=\"pt\" dir=\"ltr\">Imprensa da Europa destaca &#39;resposta&#39; do <a href=\"https:\/\/twitter.com\/hashtag\/Flamengo?src=hash&amp;ref_src=twsrc%5Etfw\">#Flamengo<\/a> ao Palmeiras no Brasileir\u00e3o: <a href=\"https:\/\/t.co\/CSGOOn2lVo\">pic.twitter.com\/CSGOOn2lVo<\/a><\/p>&mdash; G\u00e1vea News (@GaveaNews_) <a href=\"https:\/\/twitter.com\/GaveaNews_\/status\/1967374059668381700?ref_src=twsrc%5Etfw\">September 14, 2025<\/a><\/blockquote><script async src=\"https:\/\/platform.twitter.com\/widgets.js\" charset=\"utf-8\"><\/script>\n<\/div><\/figure>\n\n\n\n<p>Arrascaeta e Emerson Royal marcaram. O uruguaio fez seu 13\u00ba gol no Brasileir\u00e3o aos 30 minutos do primeiro tempo. O Flamengo manteve press\u00e3o alta e ocupou o campo de ataque na maior parte do jogo. Entretanto, o Juventude criou pouco e quase n\u00e3o assustou. Na etapa final, os ga\u00fachos tentaram equilibrar, mas o Rubro-Negro seguiu com as melhores chances.<\/p>\n\n\n\n<p>Luiz Ara\u00fajo obrigou Jandrei a boa defesa, ap\u00f3s passe de Danilo. Depois, Arrascaeta finalizou da entrada da \u00e1rea e o goleiro encaixou. Em seguida, Arrascaeta acertou o travess\u00e3o em cobran\u00e7a de falta. O segundo gol saiu aos 41 do segundo tempo, em cruzamento de Allan e cabeceio de Emerson Royal no segundo pau.<\/p>\n\n\n\n<p>O p\u00fablico no est\u00e1dio foi de 15.204 torcedores, com renda de R$ 748.973,00. A arbitragem foi de Raphael Claus, com aux\u00edlio do VAR Rafael Traci. J\u00e1 os cart\u00f5es amarelos ficaram para Rafael Bilu, Gabriel Taliari e \u00c9nio, no Juventude. Ayrton Lucas e Luiz Ara\u00fajo receberam amarelo pelo Flamengo.<\/p>\n","protected":false},"excerpt":{"rendered":"<p>O Flamengo venceu o Juventude por 2 a 0, pela 23\u00aa rodada do Campeonato Brasileiro. A partida ocorreu no Alfredo Jaconi, em Caxias do Sul, neste domingo (14 de setembro), \u00e0s 16 horas (hor\u00e1rio de Bras\u00edlia). Com o resultado, o time chegou a 50 pontos e segue na lideran\u00e7a isolada. A vantagem para o Palmeiras [&hellip;]<\/p>\n","protected":false},"author":39,"featured_media":276364,"comment_status":"open","ping_status":"closed","sticky":false,"template":"","format":"standard","meta":{"footnotes":""},"categories":[1],"tags":[],"class_list":["post-276457","post","type-post","status-publish","format-standard","has-post-thumbnail","hentry","category-flamengo"],"yoast_head":"<!-- This site is optimized with the Yoast SEO Premium plugin v24.2 (Yoast SEO v26.9) - https:\/\/yoast.com\/product\/yoast-seo-premium-wordpress\/ -->\n<title>Imprensa da Europa destaca &#039;resposta&#039; do Flamengo ao Palmeiras<\/title>\n<meta name=\"robots\" content=\"index, follow, max-snippet:-1, max-image-preview:large, max-video-preview:-1\" \/>\n<link rel=\"canonical\" href=\"https:\/\/www.gaveanews.com\/index.php\/2025\/09\/14\/imprensa-da-europa-destaca-resposta-do-flamengo-ao-palmeiras\/\" \/>\n<meta property=\"og:locale\" content=\"pt_BR\" \/>\n<meta property=\"og:type\" content=\"article\" \/>\n<meta property=\"og:title\" content=\"Imprensa da Europa destaca &#039;resposta&#039; do Flamengo ao Palmeiras\" \/>\n<meta property=\"og:description\" content=\"O Flamengo venceu o Juventude por 2 a 0, pela 23\u00aa rodada do Campeonato Brasileiro. A partida ocorreu no Alfredo Jaconi, em Caxias do Sul, neste domingo (14 de setembro), \u00e0s 16 horas (hor\u00e1rio de Bras\u00edlia). Com o resultado, o time chegou a 50 pontos e segue na lideran\u00e7a isolada. A vantagem para o Palmeiras [&hellip;]\" \/>\n<meta property=\"og:url\" content=\"https:\/\/www.gaveanews.com\/index.php\/2025\/09\/14\/imprensa-da-europa-destaca-resposta-do-flamengo-ao-palmeiras\/\" \/>\n<meta property=\"og:site_name\" content=\"G\u00e1vea News\" \/>\n<meta property=\"article:publisher\" content=\"https:\/\/facebook.com\/gaveaNews\/\" \/>\n<meta property=\"article:published_time\" content=\"2025-09-15T00:09:59+00:00\" \/>\n<meta property=\"article:modified_time\" content=\"2025-09-15T00:10:07+00:00\" \/>\n<meta property=\"og:image\" content=\"http:\/\/www.gaveanews.com\/wp-content\/uploads\/Samuel-Lino-Leo-Pereira-Pedro-Leo-Ortiz-Flamengo.jpg\" \/>\n\t<meta property=\"og:image:width\" content=\"1280\" \/>\n\t<meta property=\"og:image:height\" content=\"960\" \/>\n\t<meta property=\"og:image:type\" content=\"image\/jpeg\" \/>\n<meta name=\"author\" content=\"Reda\u00e7\u00e3o\" \/>\n<meta name=\"twitter:card\" content=\"summary_large_image\" \/>\n<meta name=\"twitter:label1\" content=\"Escrito por\" \/>\n\t<meta name=\"twitter:data1\" content=\"Reda\u00e7\u00e3o\" \/>\n\t<meta name=\"twitter:label2\" content=\"Est. tempo de leitura\" \/>\n\t<meta name=\"twitter:data2\" content=\"2 minutos\" \/>\n<script type=\"application\/ld+json\" class=\"yoast-schema-graph\">{\"@context\":\"https:\/\/schema.org\",\"@graph\":[{\"@type\":\"NewsArticle\",\"@id\":\"https:\/\/www.gaveanews.com\/index.php\/2025\/09\/14\/imprensa-da-europa-destaca-resposta-do-flamengo-ao-palmeiras\/#article\",\"isPartOf\":{\"@id\":\"https:\/\/www.gaveanews.com\/index.php\/2025\/09\/14\/imprensa-da-europa-destaca-resposta-do-flamengo-ao-palmeiras\/\"},\"author\":{\"name\":\"Reda\u00e7\u00e3o\",\"@id\":\"https:\/\/www.gaveanews.com\/#\/schema\/person\/c88645e3d550d0b6574305e67dd5a716\"},\"headline\":\"Imprensa da Europa destaca &#8216;resposta&#8217; do Flamengo ao Palmeiras\",\"datePublished\":\"2025-09-15T00:09:59+00:00\",\"dateModified\":\"2025-09-15T00:10:07+00:00\",\"mainEntityOfPage\":{\"@id\":\"https:\/\/www.gaveanews.com\/index.php\/2025\/09\/14\/imprensa-da-europa-destaca-resposta-do-flamengo-ao-palmeiras\/\"},\"wordCount\":279,\"commentCount\":0,\"image\":{\"@id\":\"https:\/\/www.gaveanews.com\/index.php\/2025\/09\/14\/imprensa-da-europa-destaca-resposta-do-flamengo-ao-palmeiras\/#primaryimage\"},\"thumbnailUrl\":\"https:\/\/www.gaveanews.com\/wp-content\/uploads\/Samuel-Lino-Leo-Pereira-Pedro-Leo-Ortiz-Flamengo.jpg\",\"articleSection\":[\"Flamengo\"],\"inLanguage\":\"pt-BR\",\"potentialAction\":[{\"@type\":\"CommentAction\",\"name\":\"Comment\",\"target\":[\"https:\/\/www.gaveanews.com\/index.php\/2025\/09\/14\/imprensa-da-europa-destaca-resposta-do-flamengo-ao-palmeiras\/#respond\"]}],\"copyrightYear\":\"2025\",\"copyrightHolder\":{\"@id\":\"https:\/\/www.gaveanews.com\/#organization\"}},{\"@type\":\"WebPage\",\"@id\":\"https:\/\/www.gaveanews.com\/index.php\/2025\/09\/14\/imprensa-da-europa-destaca-resposta-do-flamengo-ao-palmeiras\/\",\"url\":\"https:\/\/www.gaveanews.com\/index.php\/2025\/09\/14\/imprensa-da-europa-destaca-resposta-do-flamengo-ao-palmeiras\/\",\"name\":\"Imprensa da Europa destaca 'resposta' do Flamengo ao Palmeiras\",\"isPartOf\":{\"@id\":\"https:\/\/www.gaveanews.com\/#website\"},\"primaryImageOfPage\":{\"@id\":\"https:\/\/www.gaveanews.com\/index.php\/2025\/09\/14\/imprensa-da-europa-destaca-resposta-do-flamengo-ao-palmeiras\/#primaryimage\"},\"image\":{\"@id\":\"https:\/\/www.gaveanews.com\/index.php\/2025\/09\/14\/imprensa-da-europa-destaca-resposta-do-flamengo-ao-palmeiras\/#primaryimage\"},\"thumbnailUrl\":\"https:\/\/www.gaveanews.com\/wp-content\/uploads\/Samuel-Lino-Leo-Pereira-Pedro-Leo-Ortiz-Flamengo.jpg\",\"datePublished\":\"2025-09-15T00:09:59+00:00\",\"dateModified\":\"2025-09-15T00:10:07+00:00\",\"author\":{\"@id\":\"https:\/\/www.gaveanews.com\/#\/schema\/person\/c88645e3d550d0b6574305e67dd5a716\"},\"breadcrumb\":{\"@id\":\"https:\/\/www.gaveanews.com\/index.php\/2025\/09\/14\/imprensa-da-europa-destaca-resposta-do-flamengo-ao-palmeiras\/#breadcrumb\"},\"inLanguage\":\"pt-BR\",\"potentialAction\":[{\"@type\":\"ReadAction\",\"target\":[\"https:\/\/www.gaveanews.com\/index.php\/2025\/09\/14\/imprensa-da-europa-destaca-resposta-do-flamengo-ao-palmeiras\/\"]}]},{\"@type\":\"ImageObject\",\"inLanguage\":\"pt-BR\",\"@id\":\"https:\/\/www.gaveanews.com\/index.php\/2025\/09\/14\/imprensa-da-europa-destaca-resposta-do-flamengo-ao-palmeiras\/#primaryimage\",\"url\":\"https:\/\/www.gaveanews.com\/wp-content\/uploads\/Samuel-Lino-Leo-Pereira-Pedro-Leo-Ortiz-Flamengo.jpg\",\"contentUrl\":\"https:\/\/www.gaveanews.com\/wp-content\/uploads\/Samuel-Lino-Leo-Pereira-Pedro-Leo-Ortiz-Flamengo.jpg\",\"width\":1280,\"height\":960,\"caption\":\"Flamengo no Maracan\u00e3 (Foto: Adriano Fontes\/CRF)\"},{\"@type\":\"BreadcrumbList\",\"@id\":\"https:\/\/www.gaveanews.com\/index.php\/2025\/09\/14\/imprensa-da-europa-destaca-resposta-do-flamengo-ao-palmeiras\/#breadcrumb\",\"itemListElement\":[{\"@type\":\"ListItem\",\"position\":1,\"name\":\"Home\",\"item\":\"https:\/\/www.gaveanews.com\/\"},{\"@type\":\"ListItem\",\"position\":2,\"name\":\"Imprensa da Europa destaca &#8216;resposta&#8217; do Flamengo ao Palmeiras\"}]},{\"@type\":\"WebSite\",\"@id\":\"https:\/\/www.gaveanews.com\/#website\",\"url\":\"https:\/\/www.gaveanews.com\/\",\"name\":\"G\u00e1vea News\",\"description\":\"Veja todas as not\u00edcias sobre o Flamengo: Contrata\u00e7\u00f5es, categorias de base, resultados das partidas, tabela de classifica\u00e7\u00e3o, pr\u00f3ximos jogos!\",\"potentialAction\":[{\"@type\":\"SearchAction\",\"target\":{\"@type\":\"EntryPoint\",\"urlTemplate\":\"https:\/\/www.gaveanews.com\/?s={search_term_string}\"},\"query-input\":{\"@type\":\"PropertyValueSpecification\",\"valueRequired\":true,\"valueName\":\"search_term_string\"}}],\"inLanguage\":\"pt-BR\"},{\"@type\":\"Person\",\"@id\":\"https:\/\/www.gaveanews.com\/#\/schema\/person\/c88645e3d550d0b6574305e67dd5a716\",\"name\":\"Reda\u00e7\u00e3o\",\"image\":{\"@type\":\"ImageObject\",\"inLanguage\":\"pt-BR\",\"@id\":\"https:\/\/www.gaveanews.com\/#\/schema\/person\/image\/\",\"url\":\"https:\/\/secure.gravatar.com\/avatar\/434098fd823f0dc1b062d14ca22bacaa6e38de28d8c816bbef6fc2f8c44d8ba3?s=96&d=mm&r=g\",\"contentUrl\":\"https:\/\/secure.gravatar.com\/avatar\/434098fd823f0dc1b062d14ca22bacaa6e38de28d8c816bbef6fc2f8c44d8ba3?s=96&d=mm&r=g\",\"caption\":\"Reda\u00e7\u00e3o\"}}]}<\/script>\n<!-- \/ Yoast SEO Premium plugin. -->","yoast_head_json":{"title":"Imprensa da Europa destaca 'resposta' do Flamengo ao Palmeiras","robots":{"index":"index","follow":"follow","max-snippet":"max-snippet:-1","max-image-preview":"max-image-preview:large","max-video-preview":"max-video-preview:-1"},"canonical":"https:\/\/www.gaveanews.com\/index.php\/2025\/09\/14\/imprensa-da-europa-destaca-resposta-do-flamengo-ao-palmeiras\/","og_locale":"pt_BR","og_type":"article","og_title":"Imprensa da Europa destaca 'resposta' do Flamengo ao Palmeiras","og_description":"O Flamengo venceu o Juventude por 2 a 0, pela 23\u00aa rodada do Campeonato Brasileiro. A partida ocorreu no Alfredo Jaconi, em Caxias do Sul, neste domingo (14 de setembro), \u00e0s 16 horas (hor\u00e1rio de Bras\u00edlia). Com o resultado, o time chegou a 50 pontos e segue na lideran\u00e7a isolada. A vantagem para o Palmeiras [&hellip;]","og_url":"https:\/\/www.gaveanews.com\/index.php\/2025\/09\/14\/imprensa-da-europa-destaca-resposta-do-flamengo-ao-palmeiras\/","og_site_name":"G\u00e1vea News","article_publisher":"https:\/\/facebook.com\/gaveaNews\/","article_published_time":"2025-09-15T00:09:59+00:00","article_modified_time":"2025-09-15T00:10:07+00:00","og_image":[{"width":1280,"height":960,"url":"http:\/\/www.gaveanews.com\/wp-content\/uploads\/Samuel-Lino-Leo-Pereira-Pedro-Leo-Ortiz-Flamengo.jpg","type":"image\/jpeg"}],"author":"Reda\u00e7\u00e3o","twitter_card":"summary_large_image","twitter_misc":{"Escrito por":"Reda\u00e7\u00e3o","Est. tempo de leitura":"2 minutos"},"schema":{"@context":"https:\/\/schema.org","@graph":[{"@type":"NewsArticle","@id":"https:\/\/www.gaveanews.com\/index.php\/2025\/09\/14\/imprensa-da-europa-destaca-resposta-do-flamengo-ao-palmeiras\/#article","isPartOf":{"@id":"https:\/\/www.gaveanews.com\/index.php\/2025\/09\/14\/imprensa-da-europa-destaca-resposta-do-flamengo-ao-palmeiras\/"},"author":{"name":"Reda\u00e7\u00e3o","@id":"https:\/\/www.gaveanews.com\/#\/schema\/person\/c88645e3d550d0b6574305e67dd5a716"},"headline":"Imprensa da Europa destaca &#8216;resposta&#8217; do Flamengo ao Palmeiras","datePublished":"2025-09-15T00:09:59+00:00","dateModified":"2025-09-15T00:10:07+00:00","mainEntityOfPage":{"@id":"https:\/\/www.gaveanews.com\/index.php\/2025\/09\/14\/imprensa-da-europa-destaca-resposta-do-flamengo-ao-palmeiras\/"},"wordCount":279,"commentCount":0,"image":{"@id":"https:\/\/www.gaveanews.com\/index.php\/2025\/09\/14\/imprensa-da-europa-destaca-resposta-do-flamengo-ao-palmeiras\/#primaryimage"},"thumbnailUrl":"https:\/\/www.gaveanews.com\/wp-content\/uploads\/Samuel-Lino-Leo-Pereira-Pedro-Leo-Ortiz-Flamengo.jpg","articleSection":["Flamengo"],"inLanguage":"pt-BR","potentialAction":[{"@type":"CommentAction","name":"Comment","target":["https:\/\/www.gaveanews.com\/index.php\/2025\/09\/14\/imprensa-da-europa-destaca-resposta-do-flamengo-ao-palmeiras\/#respond"]}],"copyrightYear":"2025","copyrightHolder":{"@id":"https:\/\/www.gaveanews.com\/#organization"}},{"@type":"WebPage","@id":"https:\/\/www.gaveanews.com\/index.php\/2025\/09\/14\/imprensa-da-europa-destaca-resposta-do-flamengo-ao-palmeiras\/","url":"https:\/\/www.gaveanews.com\/index.php\/2025\/09\/14\/imprensa-da-europa-destaca-resposta-do-flamengo-ao-palmeiras\/","name":"Imprensa da Europa destaca 'resposta' do Flamengo ao Palmeiras","isPartOf":{"@id":"https:\/\/www.gaveanews.com\/#website"},"primaryImageOfPage":{"@id":"https:\/\/www.gaveanews.com\/index.php\/2025\/09\/14\/imprensa-da-europa-destaca-resposta-do-flamengo-ao-palmeiras\/#primaryimage"},"image":{"@id":"https:\/\/www.gaveanews.com\/index.php\/2025\/09\/14\/imprensa-da-europa-destaca-resposta-do-flamengo-ao-palmeiras\/#primaryimage"},"thumbnailUrl":"https:\/\/www.gaveanews.com\/wp-content\/uploads\/Samuel-Lino-Leo-Pereira-Pedro-Leo-Ortiz-Flamengo.jpg","datePublished":"2025-09-15T00:09:59+00:00","dateModified":"2025-09-15T00:10:07+00:00","author":{"@id":"https:\/\/www.gaveanews.com\/#\/schema\/person\/c88645e3d550d0b6574305e67dd5a716"},"breadcrumb":{"@id":"https:\/\/www.gaveanews.com\/index.php\/2025\/09\/14\/imprensa-da-europa-destaca-resposta-do-flamengo-ao-palmeiras\/#breadcrumb"},"inLanguage":"pt-BR","potentialAction":[{"@type":"ReadAction","target":["https:\/\/www.gaveanews.com\/index.php\/2025\/09\/14\/imprensa-da-europa-destaca-resposta-do-flamengo-ao-palmeiras\/"]}]},{"@type":"ImageObject","inLanguage":"pt-BR","@id":"https:\/\/www.gaveanews.com\/index.php\/2025\/09\/14\/imprensa-da-europa-destaca-resposta-do-flamengo-ao-palmeiras\/#primaryimage","url":"https:\/\/www.gaveanews.com\/wp-content\/uploads\/Samuel-Lino-Leo-Pereira-Pedro-Leo-Ortiz-Flamengo.jpg","contentUrl":"https:\/\/www.gaveanews.com\/wp-content\/uploads\/Samuel-Lino-Leo-Pereira-Pedro-Leo-Ortiz-Flamengo.jpg","width":1280,"height":960,"caption":"Flamengo no Maracan\u00e3 (Foto: Adriano Fontes\/CRF)"},{"@type":"BreadcrumbList","@id":"https:\/\/www.gaveanews.com\/index.php\/2025\/09\/14\/imprensa-da-europa-destaca-resposta-do-flamengo-ao-palmeiras\/#breadcrumb","itemListElement":[{"@type":"ListItem","position":1,"name":"Home","item":"https:\/\/www.gaveanews.com\/"},{"@type":"ListItem","position":2,"name":"Imprensa da Europa destaca &#8216;resposta&#8217; do Flamengo ao Palmeiras"}]},{"@type":"WebSite","@id":"https:\/\/www.gaveanews.com\/#website","url":"https:\/\/www.gaveanews.com\/","name":"G\u00e1vea News","description":"Veja todas as not\u00edcias sobre o Flamengo: Contrata\u00e7\u00f5es, categorias de base, resultados das partidas, tabela de classifica\u00e7\u00e3o, pr\u00f3ximos jogos!","potentialAction":[{"@type":"SearchAction","target":{"@type":"EntryPoint","urlTemplate":"https:\/\/www.gaveanews.com\/?s={search_term_string}"},"query-input":{"@type":"PropertyValueSpecification","valueRequired":true,"valueName":"search_term_string"}}],"inLanguage":"pt-BR"},{"@type":"Person","@id":"https:\/\/www.gaveanews.com\/#\/schema\/person\/c88645e3d550d0b6574305e67dd5a716","name":"Reda\u00e7\u00e3o","image":{"@type":"ImageObject","inLanguage":"pt-BR","@id":"https:\/\/www.gaveanews.com\/#\/schema\/person\/image\/","url":"https:\/\/secure.gravatar.com\/avatar\/434098fd823f0dc1b062d14ca22bacaa6e38de28d8c816bbef6fc2f8c44d8ba3?s=96&d=mm&r=g","contentUrl":"https:\/\/secure.gravatar.com\/avatar\/434098fd823f0dc1b062d14ca22bacaa6e38de28d8c816bbef6fc2f8c44d8ba3?s=96&d=mm&r=g","caption":"Reda\u00e7\u00e3o"}}]}},"_links":{"self":[{"href":"https:\/\/www.gaveanews.com\/index.php\/wp-json\/wp\/v2\/posts\/276457","targetHints":{"allow":["GET"]}}],"collection":[{"href":"https:\/\/www.gaveanews.com\/index.php\/wp-json\/wp\/v2\/posts"}],"about":[{"href":"https:\/\/www.gaveanews.com\/index.php\/wp-json\/wp\/v2\/types\/post"}],"author":[{"embeddable":true,"href":"https:\/\/www.gaveanews.com\/index.php\/wp-json\/wp\/v2\/users\/39"}],"replies":[{"embeddable":true,"href":"https:\/\/www.gaveanews.com\/index.php\/wp-json\/wp\/v2\/comments?post=276457"}],"version-history":[{"count":1,"href":"https:\/\/www.gaveanews.com\/index.php\/wp-json\/wp\/v2\/posts\/276457\/revisions"}],"predecessor-version":[{"id":276467,"href":"https:\/\/www.gaveanews.com\/index.php\/wp-json\/wp\/v2\/posts\/276457\/revisions\/276467"}],"wp:featuredmedia":[{"embeddable":true,"href":"https:\/\/www.gaveanews.com\/index.php\/wp-json\/wp\/v2\/media\/276364"}],"wp:attachment":[{"href":"https:\/\/www.gaveanews.com\/index.php\/wp-json\/wp\/v2\/media?parent=276457"}],"wp:term":[{"taxonomy":"category","embeddable":true,"href":"https:\/\/www.gaveanews.com\/index.php\/wp-json\/wp\/v2\/categories?post=276457"},{"taxonomy":"post_tag","embeddable":true,"href":"https:\/\/www.gaveanews.com\/index.php\/wp-json\/wp\/v2\/tags?post=276457"}],"curies":[{"name":"wp","href":"https:\/\/api.w.org\/{rel}","templated":true}]}}