{"id":276466,"date":"2025-09-14T21:23:11","date_gmt":"2025-09-15T00:23:11","guid":{"rendered":"https:\/\/www.gaveanews.com\/?p=276466"},"modified":"2025-09-14T21:23:16","modified_gmt":"2025-09-15T00:23:16","slug":"danilo-do-flamengo-manda-recado-para-samuel-lino","status":"publish","type":"post","link":"https:\/\/www.gaveanews.com\/index.php\/2025\/09\/14\/danilo-do-flamengo-manda-recado-para-samuel-lino\/","title":{"rendered":"Danilo, do Flamengo, manda recado para Samuel Lino"},"content":{"rendered":"\n<p>Depois de iniciar pela \u00faltima vez no s\u00e1bado (20 de julho), contra o Fluminense, Danilo voltou ao time titular do <a href=\"https:\/\/www.gaveanews.com\/index.php\/category\/brasileirao\/flamengo\/\" target=\"_blank\" rel=\"noopener noreferrer\">Flamengo<\/a> neste domingo (14). O zagueiro atuou na vit\u00f3ria por 2 a 0 sobre o Juventude e evidenciou seu papel de lideran\u00e7a. Durante o jogo, ele realizou uma cobran\u00e7a direta em Samuel Lino.<\/p>\n\n\n\n<p>Ap\u00f3s o jogo, o defensor detalhou sua conduta como refer\u00eancia no elenco e a forma como cobra os companheiros. Em seguida, mencionou o epis\u00f3dio com Lino.<\/p>\n\n\n\n<p>&#8220;Tamb\u00e9m no meu papel na Sele\u00e7\u00e3o Brasileira, seguia uma conduta de responsabilidade e servir de exemplo para os mais novos. De motiva\u00e7\u00e3o, de empenho. Sou chato. Falei com o Lino, que perdeu duas bolas, \u2018dei na cabe\u00e7a\u2019 dele. E vou se ele perder bola que n\u00e3o deve, e ele pode falar comigo se eu facilitar. \u00c9 assim que a gente cresce e consegue um grupo vencedor. Est\u00e1 sendo muito prazeroso viver no Flamengo, conviver com os garotos da base, a cultura do que \u00e9 ser Flamengo. Espero que eu possa estar sendo ben\u00e9fico para o Flamengo&#8221;.<\/p>\n\n\n\n<p>Com concorr\u00eancia de L\u00e9o Ortiz e L\u00e9o Pereira e ap\u00f3s les\u00f5es, Danilo soma 19 partidas pelo clube, com tr\u00eas gols e uma assist\u00eancia. No confronto deste domingo, Arrascaeta e Emerson Royal marcaram de cabe\u00e7a. A partida integrou a 23\u00aa rodada do Brasileir\u00e3o. <\/p>\n\n\n\n<p>O Flamengo agora vira a &#8216;chavinha&#8217; e enfrenta o Estudiantes na quinta-feira (18), \u00e0s 21 horas e 30 minutos (hor\u00e1rio de Bras\u00edlia), no Maracan\u00e3.<\/p>\n","protected":false},"excerpt":{"rendered":"<p>Depois de iniciar pela \u00faltima vez no s\u00e1bado (20 de julho), contra o Fluminense, Danilo voltou ao time titular do Flamengo neste domingo (14). O zagueiro atuou na vit\u00f3ria por 2 a 0 sobre o Juventude e evidenciou seu papel de lideran\u00e7a. Durante o jogo, ele realizou uma cobran\u00e7a direta em Samuel Lino. Ap\u00f3s o [&hellip;]<\/p>\n","protected":false},"author":39,"featured_media":220898,"comment_status":"open","ping_status":"closed","sticky":false,"template":"","format":"standard","meta":{"footnotes":""},"categories":[1],"tags":[],"class_list":["post-276466","post","type-post","status-publish","format-standard","has-post-thumbnail","hentry","category-flamengo"],"yoast_head":"<!-- This site is optimized with the Yoast SEO Premium plugin v24.2 (Yoast SEO v26.9) - https:\/\/yoast.com\/product\/yoast-seo-premium-wordpress\/ -->\n<title>Danilo, do Flamengo, manda recado para Samuel Lino<\/title>\n<meta name=\"robots\" content=\"index, follow, max-snippet:-1, max-image-preview:large, max-video-preview:-1\" \/>\n<link rel=\"canonical\" href=\"https:\/\/www.gaveanews.com\/index.php\/2025\/09\/14\/danilo-do-flamengo-manda-recado-para-samuel-lino\/\" \/>\n<meta property=\"og:locale\" content=\"pt_BR\" \/>\n<meta property=\"og:type\" content=\"article\" \/>\n<meta property=\"og:title\" content=\"Danilo, do Flamengo, manda recado para Samuel Lino\" \/>\n<meta property=\"og:description\" content=\"Depois de iniciar pela \u00faltima vez no s\u00e1bado (20 de julho), contra o Fluminense, Danilo voltou ao time titular do Flamengo neste domingo (14). O zagueiro atuou na vit\u00f3ria por 2 a 0 sobre o Juventude e evidenciou seu papel de lideran\u00e7a. Durante o jogo, ele realizou uma cobran\u00e7a direta em Samuel Lino. Ap\u00f3s o [&hellip;]\" \/>\n<meta property=\"og:url\" content=\"https:\/\/www.gaveanews.com\/index.php\/2025\/09\/14\/danilo-do-flamengo-manda-recado-para-samuel-lino\/\" \/>\n<meta property=\"og:site_name\" content=\"G\u00e1vea News\" \/>\n<meta property=\"article:publisher\" content=\"https:\/\/facebook.com\/gaveaNews\/\" \/>\n<meta property=\"article:published_time\" content=\"2025-09-15T00:23:11+00:00\" \/>\n<meta property=\"article:modified_time\" content=\"2025-09-15T00:23:16+00:00\" \/>\n<meta property=\"og:image\" content=\"http:\/\/www.gaveanews.com\/wp-content\/uploads\/Danilo-apresentado-pelo-Flamengo.webp\" \/>\n\t<meta property=\"og:image:width\" content=\"1279\" \/>\n\t<meta property=\"og:image:height\" content=\"1521\" \/>\n\t<meta property=\"og:image:type\" content=\"image\/jpeg\" \/>\n<meta name=\"author\" content=\"Reda\u00e7\u00e3o\" \/>\n<meta name=\"twitter:card\" content=\"summary_large_image\" \/>\n<meta name=\"twitter:label1\" content=\"Escrito por\" \/>\n\t<meta name=\"twitter:data1\" content=\"Reda\u00e7\u00e3o\" \/>\n\t<meta name=\"twitter:label2\" content=\"Est. tempo de leitura\" \/>\n\t<meta name=\"twitter:data2\" content=\"2 minutos\" \/>\n<script type=\"application\/ld+json\" class=\"yoast-schema-graph\">{\"@context\":\"https:\/\/schema.org\",\"@graph\":[{\"@type\":\"NewsArticle\",\"@id\":\"https:\/\/www.gaveanews.com\/index.php\/2025\/09\/14\/danilo-do-flamengo-manda-recado-para-samuel-lino\/#article\",\"isPartOf\":{\"@id\":\"https:\/\/www.gaveanews.com\/index.php\/2025\/09\/14\/danilo-do-flamengo-manda-recado-para-samuel-lino\/\"},\"author\":{\"name\":\"Reda\u00e7\u00e3o\",\"@id\":\"https:\/\/www.gaveanews.com\/#\/schema\/person\/c88645e3d550d0b6574305e67dd5a716\"},\"headline\":\"Danilo, do Flamengo, manda recado para Samuel Lino\",\"datePublished\":\"2025-09-15T00:23:11+00:00\",\"dateModified\":\"2025-09-15T00:23:16+00:00\",\"mainEntityOfPage\":{\"@id\":\"https:\/\/www.gaveanews.com\/index.php\/2025\/09\/14\/danilo-do-flamengo-manda-recado-para-samuel-lino\/\"},\"wordCount\":262,\"commentCount\":0,\"image\":{\"@id\":\"https:\/\/www.gaveanews.com\/index.php\/2025\/09\/14\/danilo-do-flamengo-manda-recado-para-samuel-lino\/#primaryimage\"},\"thumbnailUrl\":\"https:\/\/www.gaveanews.com\/wp-content\/uploads\/Danilo-apresentado-pelo-Flamengo.webp\",\"articleSection\":[\"Flamengo\"],\"inLanguage\":\"pt-BR\",\"potentialAction\":[{\"@type\":\"CommentAction\",\"name\":\"Comment\",\"target\":[\"https:\/\/www.gaveanews.com\/index.php\/2025\/09\/14\/danilo-do-flamengo-manda-recado-para-samuel-lino\/#respond\"]}],\"copyrightYear\":\"2025\",\"copyrightHolder\":{\"@id\":\"https:\/\/www.gaveanews.com\/#organization\"}},{\"@type\":\"WebPage\",\"@id\":\"https:\/\/www.gaveanews.com\/index.php\/2025\/09\/14\/danilo-do-flamengo-manda-recado-para-samuel-lino\/\",\"url\":\"https:\/\/www.gaveanews.com\/index.php\/2025\/09\/14\/danilo-do-flamengo-manda-recado-para-samuel-lino\/\",\"name\":\"Danilo, do Flamengo, manda recado para Samuel Lino\",\"isPartOf\":{\"@id\":\"https:\/\/www.gaveanews.com\/#website\"},\"primaryImageOfPage\":{\"@id\":\"https:\/\/www.gaveanews.com\/index.php\/2025\/09\/14\/danilo-do-flamengo-manda-recado-para-samuel-lino\/#primaryimage\"},\"image\":{\"@id\":\"https:\/\/www.gaveanews.com\/index.php\/2025\/09\/14\/danilo-do-flamengo-manda-recado-para-samuel-lino\/#primaryimage\"},\"thumbnailUrl\":\"https:\/\/www.gaveanews.com\/wp-content\/uploads\/Danilo-apresentado-pelo-Flamengo.webp\",\"datePublished\":\"2025-09-15T00:23:11+00:00\",\"dateModified\":\"2025-09-15T00:23:16+00:00\",\"author\":{\"@id\":\"https:\/\/www.gaveanews.com\/#\/schema\/person\/c88645e3d550d0b6574305e67dd5a716\"},\"breadcrumb\":{\"@id\":\"https:\/\/www.gaveanews.com\/index.php\/2025\/09\/14\/danilo-do-flamengo-manda-recado-para-samuel-lino\/#breadcrumb\"},\"inLanguage\":\"pt-BR\",\"potentialAction\":[{\"@type\":\"ReadAction\",\"target\":[\"https:\/\/www.gaveanews.com\/index.php\/2025\/09\/14\/danilo-do-flamengo-manda-recado-para-samuel-lino\/\"]}]},{\"@type\":\"ImageObject\",\"inLanguage\":\"pt-BR\",\"@id\":\"https:\/\/www.gaveanews.com\/index.php\/2025\/09\/14\/danilo-do-flamengo-manda-recado-para-samuel-lino\/#primaryimage\",\"url\":\"https:\/\/www.gaveanews.com\/wp-content\/uploads\/Danilo-apresentado-pelo-Flamengo.webp\",\"contentUrl\":\"https:\/\/www.gaveanews.com\/wp-content\/uploads\/Danilo-apresentado-pelo-Flamengo.webp\",\"width\":1279,\"height\":1521,\"caption\":\"Danilo apresentado pelo Flamengo (Foto: Paula Reis \/ CRF)\"},{\"@type\":\"BreadcrumbList\",\"@id\":\"https:\/\/www.gaveanews.com\/index.php\/2025\/09\/14\/danilo-do-flamengo-manda-recado-para-samuel-lino\/#breadcrumb\",\"itemListElement\":[{\"@type\":\"ListItem\",\"position\":1,\"name\":\"Home\",\"item\":\"https:\/\/www.gaveanews.com\/\"},{\"@type\":\"ListItem\",\"position\":2,\"name\":\"Danilo, do Flamengo, manda recado para Samuel Lino\"}]},{\"@type\":\"WebSite\",\"@id\":\"https:\/\/www.gaveanews.com\/#website\",\"url\":\"https:\/\/www.gaveanews.com\/\",\"name\":\"G\u00e1vea News\",\"description\":\"Veja todas as not\u00edcias sobre o Flamengo: Contrata\u00e7\u00f5es, categorias de base, resultados das partidas, tabela de classifica\u00e7\u00e3o, pr\u00f3ximos jogos!\",\"potentialAction\":[{\"@type\":\"SearchAction\",\"target\":{\"@type\":\"EntryPoint\",\"urlTemplate\":\"https:\/\/www.gaveanews.com\/?s={search_term_string}\"},\"query-input\":{\"@type\":\"PropertyValueSpecification\",\"valueRequired\":true,\"valueName\":\"search_term_string\"}}],\"inLanguage\":\"pt-BR\"},{\"@type\":\"Person\",\"@id\":\"https:\/\/www.gaveanews.com\/#\/schema\/person\/c88645e3d550d0b6574305e67dd5a716\",\"name\":\"Reda\u00e7\u00e3o\",\"image\":{\"@type\":\"ImageObject\",\"inLanguage\":\"pt-BR\",\"@id\":\"https:\/\/www.gaveanews.com\/#\/schema\/person\/image\/\",\"url\":\"https:\/\/secure.gravatar.com\/avatar\/434098fd823f0dc1b062d14ca22bacaa6e38de28d8c816bbef6fc2f8c44d8ba3?s=96&d=mm&r=g\",\"contentUrl\":\"https:\/\/secure.gravatar.com\/avatar\/434098fd823f0dc1b062d14ca22bacaa6e38de28d8c816bbef6fc2f8c44d8ba3?s=96&d=mm&r=g\",\"caption\":\"Reda\u00e7\u00e3o\"}}]}<\/script>\n<!-- \/ Yoast SEO Premium plugin. -->","yoast_head_json":{"title":"Danilo, do Flamengo, manda recado para Samuel Lino","robots":{"index":"index","follow":"follow","max-snippet":"max-snippet:-1","max-image-preview":"max-image-preview:large","max-video-preview":"max-video-preview:-1"},"canonical":"https:\/\/www.gaveanews.com\/index.php\/2025\/09\/14\/danilo-do-flamengo-manda-recado-para-samuel-lino\/","og_locale":"pt_BR","og_type":"article","og_title":"Danilo, do Flamengo, manda recado para Samuel Lino","og_description":"Depois de iniciar pela \u00faltima vez no s\u00e1bado (20 de julho), contra o Fluminense, Danilo voltou ao time titular do Flamengo neste domingo (14). O zagueiro atuou na vit\u00f3ria por 2 a 0 sobre o Juventude e evidenciou seu papel de lideran\u00e7a. Durante o jogo, ele realizou uma cobran\u00e7a direta em Samuel Lino. Ap\u00f3s o [&hellip;]","og_url":"https:\/\/www.gaveanews.com\/index.php\/2025\/09\/14\/danilo-do-flamengo-manda-recado-para-samuel-lino\/","og_site_name":"G\u00e1vea News","article_publisher":"https:\/\/facebook.com\/gaveaNews\/","article_published_time":"2025-09-15T00:23:11+00:00","article_modified_time":"2025-09-15T00:23:16+00:00","og_image":[{"width":1279,"height":1521,"url":"http:\/\/www.gaveanews.com\/wp-content\/uploads\/Danilo-apresentado-pelo-Flamengo.webp","type":"image\/jpeg"}],"author":"Reda\u00e7\u00e3o","twitter_card":"summary_large_image","twitter_misc":{"Escrito por":"Reda\u00e7\u00e3o","Est. tempo de leitura":"2 minutos"},"schema":{"@context":"https:\/\/schema.org","@graph":[{"@type":"NewsArticle","@id":"https:\/\/www.gaveanews.com\/index.php\/2025\/09\/14\/danilo-do-flamengo-manda-recado-para-samuel-lino\/#article","isPartOf":{"@id":"https:\/\/www.gaveanews.com\/index.php\/2025\/09\/14\/danilo-do-flamengo-manda-recado-para-samuel-lino\/"},"author":{"name":"Reda\u00e7\u00e3o","@id":"https:\/\/www.gaveanews.com\/#\/schema\/person\/c88645e3d550d0b6574305e67dd5a716"},"headline":"Danilo, do Flamengo, manda recado para Samuel Lino","datePublished":"2025-09-15T00:23:11+00:00","dateModified":"2025-09-15T00:23:16+00:00","mainEntityOfPage":{"@id":"https:\/\/www.gaveanews.com\/index.php\/2025\/09\/14\/danilo-do-flamengo-manda-recado-para-samuel-lino\/"},"wordCount":262,"commentCount":0,"image":{"@id":"https:\/\/www.gaveanews.com\/index.php\/2025\/09\/14\/danilo-do-flamengo-manda-recado-para-samuel-lino\/#primaryimage"},"thumbnailUrl":"https:\/\/www.gaveanews.com\/wp-content\/uploads\/Danilo-apresentado-pelo-Flamengo.webp","articleSection":["Flamengo"],"inLanguage":"pt-BR","potentialAction":[{"@type":"CommentAction","name":"Comment","target":["https:\/\/www.gaveanews.com\/index.php\/2025\/09\/14\/danilo-do-flamengo-manda-recado-para-samuel-lino\/#respond"]}],"copyrightYear":"2025","copyrightHolder":{"@id":"https:\/\/www.gaveanews.com\/#organization"}},{"@type":"WebPage","@id":"https:\/\/www.gaveanews.com\/index.php\/2025\/09\/14\/danilo-do-flamengo-manda-recado-para-samuel-lino\/","url":"https:\/\/www.gaveanews.com\/index.php\/2025\/09\/14\/danilo-do-flamengo-manda-recado-para-samuel-lino\/","name":"Danilo, do Flamengo, manda recado para Samuel Lino","isPartOf":{"@id":"https:\/\/www.gaveanews.com\/#website"},"primaryImageOfPage":{"@id":"https:\/\/www.gaveanews.com\/index.php\/2025\/09\/14\/danilo-do-flamengo-manda-recado-para-samuel-lino\/#primaryimage"},"image":{"@id":"https:\/\/www.gaveanews.com\/index.php\/2025\/09\/14\/danilo-do-flamengo-manda-recado-para-samuel-lino\/#primaryimage"},"thumbnailUrl":"https:\/\/www.gaveanews.com\/wp-content\/uploads\/Danilo-apresentado-pelo-Flamengo.webp","datePublished":"2025-09-15T00:23:11+00:00","dateModified":"2025-09-15T00:23:16+00:00","author":{"@id":"https:\/\/www.gaveanews.com\/#\/schema\/person\/c88645e3d550d0b6574305e67dd5a716"},"breadcrumb":{"@id":"https:\/\/www.gaveanews.com\/index.php\/2025\/09\/14\/danilo-do-flamengo-manda-recado-para-samuel-lino\/#breadcrumb"},"inLanguage":"pt-BR","potentialAction":[{"@type":"ReadAction","target":["https:\/\/www.gaveanews.com\/index.php\/2025\/09\/14\/danilo-do-flamengo-manda-recado-para-samuel-lino\/"]}]},{"@type":"ImageObject","inLanguage":"pt-BR","@id":"https:\/\/www.gaveanews.com\/index.php\/2025\/09\/14\/danilo-do-flamengo-manda-recado-para-samuel-lino\/#primaryimage","url":"https:\/\/www.gaveanews.com\/wp-content\/uploads\/Danilo-apresentado-pelo-Flamengo.webp","contentUrl":"https:\/\/www.gaveanews.com\/wp-content\/uploads\/Danilo-apresentado-pelo-Flamengo.webp","width":1279,"height":1521,"caption":"Danilo apresentado pelo Flamengo (Foto: Paula Reis \/ CRF)"},{"@type":"BreadcrumbList","@id":"https:\/\/www.gaveanews.com\/index.php\/2025\/09\/14\/danilo-do-flamengo-manda-recado-para-samuel-lino\/#breadcrumb","itemListElement":[{"@type":"ListItem","position":1,"name":"Home","item":"https:\/\/www.gaveanews.com\/"},{"@type":"ListItem","position":2,"name":"Danilo, do Flamengo, manda recado para Samuel Lino"}]},{"@type":"WebSite","@id":"https:\/\/www.gaveanews.com\/#website","url":"https:\/\/www.gaveanews.com\/","name":"G\u00e1vea News","description":"Veja todas as not\u00edcias sobre o Flamengo: Contrata\u00e7\u00f5es, categorias de base, resultados das partidas, tabela de classifica\u00e7\u00e3o, pr\u00f3ximos jogos!","potentialAction":[{"@type":"SearchAction","target":{"@type":"EntryPoint","urlTemplate":"https:\/\/www.gaveanews.com\/?s={search_term_string}"},"query-input":{"@type":"PropertyValueSpecification","valueRequired":true,"valueName":"search_term_string"}}],"inLanguage":"pt-BR"},{"@type":"Person","@id":"https:\/\/www.gaveanews.com\/#\/schema\/person\/c88645e3d550d0b6574305e67dd5a716","name":"Reda\u00e7\u00e3o","image":{"@type":"ImageObject","inLanguage":"pt-BR","@id":"https:\/\/www.gaveanews.com\/#\/schema\/person\/image\/","url":"https:\/\/secure.gravatar.com\/avatar\/434098fd823f0dc1b062d14ca22bacaa6e38de28d8c816bbef6fc2f8c44d8ba3?s=96&d=mm&r=g","contentUrl":"https:\/\/secure.gravatar.com\/avatar\/434098fd823f0dc1b062d14ca22bacaa6e38de28d8c816bbef6fc2f8c44d8ba3?s=96&d=mm&r=g","caption":"Reda\u00e7\u00e3o"}}]}},"_links":{"self":[{"href":"https:\/\/www.gaveanews.com\/index.php\/wp-json\/wp\/v2\/posts\/276466","targetHints":{"allow":["GET"]}}],"collection":[{"href":"https:\/\/www.gaveanews.com\/index.php\/wp-json\/wp\/v2\/posts"}],"about":[{"href":"https:\/\/www.gaveanews.com\/index.php\/wp-json\/wp\/v2\/types\/post"}],"author":[{"embeddable":true,"href":"https:\/\/www.gaveanews.com\/index.php\/wp-json\/wp\/v2\/users\/39"}],"replies":[{"embeddable":true,"href":"https:\/\/www.gaveanews.com\/index.php\/wp-json\/wp\/v2\/comments?post=276466"}],"version-history":[{"count":1,"href":"https:\/\/www.gaveanews.com\/index.php\/wp-json\/wp\/v2\/posts\/276466\/revisions"}],"predecessor-version":[{"id":276481,"href":"https:\/\/www.gaveanews.com\/index.php\/wp-json\/wp\/v2\/posts\/276466\/revisions\/276481"}],"wp:featuredmedia":[{"embeddable":true,"href":"https:\/\/www.gaveanews.com\/index.php\/wp-json\/wp\/v2\/media\/220898"}],"wp:attachment":[{"href":"https:\/\/www.gaveanews.com\/index.php\/wp-json\/wp\/v2\/media?parent=276466"}],"wp:term":[{"taxonomy":"category","embeddable":true,"href":"https:\/\/www.gaveanews.com\/index.php\/wp-json\/wp\/v2\/categories?post=276466"},{"taxonomy":"post_tag","embeddable":true,"href":"https:\/\/www.gaveanews.com\/index.php\/wp-json\/wp\/v2\/tags?post=276466"}],"curies":[{"name":"wp","href":"https:\/\/api.w.org\/{rel}","templated":true}]}}