{"id":276472,"date":"2025-09-14T21:28:55","date_gmt":"2025-09-15T00:28:55","guid":{"rendered":"https:\/\/www.gaveanews.com\/?p=276472"},"modified":"2025-09-14T21:28:59","modified_gmt":"2025-09-15T00:28:59","slug":"meia-do-flamengo-saul-nao-concorda-com-declaracao-de-filipe-luis","status":"publish","type":"post","link":"https:\/\/www.gaveanews.com\/index.php\/2025\/09\/14\/meia-do-flamengo-saul-nao-concorda-com-declaracao-de-filipe-luis\/","title":{"rendered":"Meia do Flamengo, Saul n\u00e3o concorda com declara\u00e7\u00e3o de Filipe Lu\u00eds"},"content":{"rendered":"\n<p>Ap\u00f3s a vit\u00f3ria do <a href=\"https:\/\/www.gaveanews.com\/index.php\/category\/brasileirao\/flamengo\/\" target=\"_blank\" rel=\"noopener noreferrer\">Flamengo<\/a> sobre o Juventude, neste domingo (14 de setembro), Sa\u00fal discordou de Filipe Lu\u00eds sobre viver o melhor momento da carreira. O meia foi titular, atuou os 90 minutos e deu assist\u00eancia para o gol de Arrascaeta. Questionado, ele explicou como enxerga a sua atual fase. Entretanto, ressaltou o aspecto mental do momento.<\/p>\n\n\n\n<p>\u201cEu acho que n\u00e3o (sobre estar no melhor momento da carreira). Eu acho que tive momentos muito bons em rela\u00e7\u00e3o a tudo, mas a verdade \u00e9 que neste momento eu me sinto muito bem mentalmente. Tenho a sorte de minha fam\u00edlia estar comigo, acompanha-me nesta aventura. Eu sei que para eles n\u00e3o \u00e9 f\u00e1cil. Eu saio para treinar, passo tempo com os meus companheiros. Eu fa\u00e7o e desfruto de tudo que fa\u00e7o. Mas as pessoas que nos acompanham, n\u00e3o \u00e9 f\u00e1cil. N\u00e3o \u00e9 f\u00e1cil sair at\u00e9 mesmo do nosso pa\u00eds ou de qualquer lugar. Viajando com as mulheres que temos, os futebolistas\u201d.<\/p>\n\n\n\n<p>Afinal, o espanhol atravessou uma maratona pessoal. O filho Marco \u00d1\u00edguez Salamanca nasceu na manh\u00e3 de s\u00e1bado (13 de setembro), no Rio de Janeiro. No domingo (14 de setembro), ele viajou separado do elenco e chegou a Caxias do Sul horas antes da partida. <\/p>\n\n\n\n<p>Paralelamente a isso, Filipe Lu\u00eds afirmou estar vendo o melhor desempenho do meia: <\/p>\n\n\n\n<p>&#8220;Estamos vendo o melhor Sa\u00fal. Talvez o melhor Sa\u00fal da sua carreira. Isso \u00e9 m\u00e9rito dele e obviamente do clube de acreditar e poder recuperar o potencial desse jogador. Todo mundo sabe da carreira que ele teve e o jogador important\u00edssimo que foi por onde passou, especialmente no Atl\u00e9tico de Madrid&#8221;.<\/p>\n","protected":false},"excerpt":{"rendered":"<p>Ap\u00f3s a vit\u00f3ria do Flamengo sobre o Juventude, neste domingo (14 de setembro), Sa\u00fal discordou de Filipe Lu\u00eds sobre viver o melhor momento da carreira. O meia foi titular, atuou os 90 minutos e deu assist\u00eancia para o gol de Arrascaeta. Questionado, ele explicou como enxerga a sua atual fase. Entretanto, ressaltou o aspecto mental [&hellip;]<\/p>\n","protected":false},"author":39,"featured_media":272987,"comment_status":"open","ping_status":"closed","sticky":false,"template":"","format":"standard","meta":{"footnotes":""},"categories":[1],"tags":[],"class_list":["post-276472","post","type-post","status-publish","format-standard","has-post-thumbnail","hentry","category-flamengo"],"yoast_head":"<!-- This site is optimized with the Yoast SEO Premium plugin v24.2 (Yoast SEO v26.9) - https:\/\/yoast.com\/product\/yoast-seo-premium-wordpress\/ -->\n<title>Meia do Flamengo, Saul n\u00e3o concorda com declara\u00e7\u00e3o de Filipe Lu\u00eds<\/title>\n<meta name=\"robots\" content=\"index, follow, max-snippet:-1, max-image-preview:large, max-video-preview:-1\" \/>\n<link rel=\"canonical\" href=\"https:\/\/www.gaveanews.com\/index.php\/2025\/09\/14\/meia-do-flamengo-saul-nao-concorda-com-declaracao-de-filipe-luis\/\" \/>\n<meta property=\"og:locale\" content=\"pt_BR\" \/>\n<meta property=\"og:type\" content=\"article\" \/>\n<meta property=\"og:title\" content=\"Meia do Flamengo, Saul n\u00e3o concorda com declara\u00e7\u00e3o de Filipe Lu\u00eds\" \/>\n<meta property=\"og:description\" content=\"Ap\u00f3s a vit\u00f3ria do Flamengo sobre o Juventude, neste domingo (14 de setembro), Sa\u00fal discordou de Filipe Lu\u00eds sobre viver o melhor momento da carreira. O meia foi titular, atuou os 90 minutos e deu assist\u00eancia para o gol de Arrascaeta. Questionado, ele explicou como enxerga a sua atual fase. Entretanto, ressaltou o aspecto mental [&hellip;]\" \/>\n<meta property=\"og:url\" content=\"https:\/\/www.gaveanews.com\/index.php\/2025\/09\/14\/meia-do-flamengo-saul-nao-concorda-com-declaracao-de-filipe-luis\/\" \/>\n<meta property=\"og:site_name\" content=\"G\u00e1vea News\" \/>\n<meta property=\"article:publisher\" content=\"https:\/\/facebook.com\/gaveaNews\/\" \/>\n<meta property=\"article:published_time\" content=\"2025-09-15T00:28:55+00:00\" \/>\n<meta property=\"article:modified_time\" content=\"2025-09-15T00:28:59+00:00\" \/>\n<meta property=\"og:image\" content=\"http:\/\/www.gaveanews.com\/wp-content\/uploads\/Saul-Niguez-novo-reforco-do-Flamengo.jpg\" \/>\n\t<meta property=\"og:image:width\" content=\"1280\" \/>\n\t<meta property=\"og:image:height\" content=\"960\" \/>\n\t<meta property=\"og:image:type\" content=\"image\/jpeg\" \/>\n<meta name=\"author\" content=\"Reda\u00e7\u00e3o\" \/>\n<meta name=\"twitter:card\" content=\"summary_large_image\" \/>\n<meta name=\"twitter:label1\" content=\"Escrito por\" \/>\n\t<meta name=\"twitter:data1\" content=\"Reda\u00e7\u00e3o\" \/>\n\t<meta name=\"twitter:label2\" content=\"Est. tempo de leitura\" \/>\n\t<meta name=\"twitter:data2\" content=\"2 minutos\" \/>\n<script type=\"application\/ld+json\" class=\"yoast-schema-graph\">{\"@context\":\"https:\/\/schema.org\",\"@graph\":[{\"@type\":\"NewsArticle\",\"@id\":\"https:\/\/www.gaveanews.com\/index.php\/2025\/09\/14\/meia-do-flamengo-saul-nao-concorda-com-declaracao-de-filipe-luis\/#article\",\"isPartOf\":{\"@id\":\"https:\/\/www.gaveanews.com\/index.php\/2025\/09\/14\/meia-do-flamengo-saul-nao-concorda-com-declaracao-de-filipe-luis\/\"},\"author\":{\"name\":\"Reda\u00e7\u00e3o\",\"@id\":\"https:\/\/www.gaveanews.com\/#\/schema\/person\/c88645e3d550d0b6574305e67dd5a716\"},\"headline\":\"Meia do Flamengo, Saul n\u00e3o concorda com declara\u00e7\u00e3o de Filipe Lu\u00eds\",\"datePublished\":\"2025-09-15T00:28:55+00:00\",\"dateModified\":\"2025-09-15T00:28:59+00:00\",\"mainEntityOfPage\":{\"@id\":\"https:\/\/www.gaveanews.com\/index.php\/2025\/09\/14\/meia-do-flamengo-saul-nao-concorda-com-declaracao-de-filipe-luis\/\"},\"wordCount\":296,\"commentCount\":0,\"image\":{\"@id\":\"https:\/\/www.gaveanews.com\/index.php\/2025\/09\/14\/meia-do-flamengo-saul-nao-concorda-com-declaracao-de-filipe-luis\/#primaryimage\"},\"thumbnailUrl\":\"https:\/\/www.gaveanews.com\/wp-content\/uploads\/Saul-Niguez-novo-reforco-do-Flamengo.jpg\",\"articleSection\":[\"Flamengo\"],\"inLanguage\":\"pt-BR\",\"potentialAction\":[{\"@type\":\"CommentAction\",\"name\":\"Comment\",\"target\":[\"https:\/\/www.gaveanews.com\/index.php\/2025\/09\/14\/meia-do-flamengo-saul-nao-concorda-com-declaracao-de-filipe-luis\/#respond\"]}],\"copyrightYear\":\"2025\",\"copyrightHolder\":{\"@id\":\"https:\/\/www.gaveanews.com\/#organization\"}},{\"@type\":\"WebPage\",\"@id\":\"https:\/\/www.gaveanews.com\/index.php\/2025\/09\/14\/meia-do-flamengo-saul-nao-concorda-com-declaracao-de-filipe-luis\/\",\"url\":\"https:\/\/www.gaveanews.com\/index.php\/2025\/09\/14\/meia-do-flamengo-saul-nao-concorda-com-declaracao-de-filipe-luis\/\",\"name\":\"Meia do Flamengo, Saul n\u00e3o concorda com declara\u00e7\u00e3o de Filipe Lu\u00eds\",\"isPartOf\":{\"@id\":\"https:\/\/www.gaveanews.com\/#website\"},\"primaryImageOfPage\":{\"@id\":\"https:\/\/www.gaveanews.com\/index.php\/2025\/09\/14\/meia-do-flamengo-saul-nao-concorda-com-declaracao-de-filipe-luis\/#primaryimage\"},\"image\":{\"@id\":\"https:\/\/www.gaveanews.com\/index.php\/2025\/09\/14\/meia-do-flamengo-saul-nao-concorda-com-declaracao-de-filipe-luis\/#primaryimage\"},\"thumbnailUrl\":\"https:\/\/www.gaveanews.com\/wp-content\/uploads\/Saul-Niguez-novo-reforco-do-Flamengo.jpg\",\"datePublished\":\"2025-09-15T00:28:55+00:00\",\"dateModified\":\"2025-09-15T00:28:59+00:00\",\"author\":{\"@id\":\"https:\/\/www.gaveanews.com\/#\/schema\/person\/c88645e3d550d0b6574305e67dd5a716\"},\"breadcrumb\":{\"@id\":\"https:\/\/www.gaveanews.com\/index.php\/2025\/09\/14\/meia-do-flamengo-saul-nao-concorda-com-declaracao-de-filipe-luis\/#breadcrumb\"},\"inLanguage\":\"pt-BR\",\"potentialAction\":[{\"@type\":\"ReadAction\",\"target\":[\"https:\/\/www.gaveanews.com\/index.php\/2025\/09\/14\/meia-do-flamengo-saul-nao-concorda-com-declaracao-de-filipe-luis\/\"]}]},{\"@type\":\"ImageObject\",\"inLanguage\":\"pt-BR\",\"@id\":\"https:\/\/www.gaveanews.com\/index.php\/2025\/09\/14\/meia-do-flamengo-saul-nao-concorda-com-declaracao-de-filipe-luis\/#primaryimage\",\"url\":\"https:\/\/www.gaveanews.com\/wp-content\/uploads\/Saul-Niguez-novo-reforco-do-Flamengo.jpg\",\"contentUrl\":\"https:\/\/www.gaveanews.com\/wp-content\/uploads\/Saul-Niguez-novo-reforco-do-Flamengo.jpg\",\"width\":1280,\"height\":960,\"caption\":\"Saul Niguez, novo refor\u00e7o do Flamengo (Foto: Reprodu\u00e7\u00e3o)\"},{\"@type\":\"BreadcrumbList\",\"@id\":\"https:\/\/www.gaveanews.com\/index.php\/2025\/09\/14\/meia-do-flamengo-saul-nao-concorda-com-declaracao-de-filipe-luis\/#breadcrumb\",\"itemListElement\":[{\"@type\":\"ListItem\",\"position\":1,\"name\":\"Home\",\"item\":\"https:\/\/www.gaveanews.com\/\"},{\"@type\":\"ListItem\",\"position\":2,\"name\":\"Meia do Flamengo, Saul n\u00e3o concorda com declara\u00e7\u00e3o de Filipe Lu\u00eds\"}]},{\"@type\":\"WebSite\",\"@id\":\"https:\/\/www.gaveanews.com\/#website\",\"url\":\"https:\/\/www.gaveanews.com\/\",\"name\":\"G\u00e1vea News\",\"description\":\"Veja todas as not\u00edcias sobre o Flamengo: Contrata\u00e7\u00f5es, categorias de base, resultados das partidas, tabela de classifica\u00e7\u00e3o, pr\u00f3ximos jogos!\",\"potentialAction\":[{\"@type\":\"SearchAction\",\"target\":{\"@type\":\"EntryPoint\",\"urlTemplate\":\"https:\/\/www.gaveanews.com\/?s={search_term_string}\"},\"query-input\":{\"@type\":\"PropertyValueSpecification\",\"valueRequired\":true,\"valueName\":\"search_term_string\"}}],\"inLanguage\":\"pt-BR\"},{\"@type\":\"Person\",\"@id\":\"https:\/\/www.gaveanews.com\/#\/schema\/person\/c88645e3d550d0b6574305e67dd5a716\",\"name\":\"Reda\u00e7\u00e3o\",\"image\":{\"@type\":\"ImageObject\",\"inLanguage\":\"pt-BR\",\"@id\":\"https:\/\/www.gaveanews.com\/#\/schema\/person\/image\/\",\"url\":\"https:\/\/secure.gravatar.com\/avatar\/434098fd823f0dc1b062d14ca22bacaa6e38de28d8c816bbef6fc2f8c44d8ba3?s=96&d=mm&r=g\",\"contentUrl\":\"https:\/\/secure.gravatar.com\/avatar\/434098fd823f0dc1b062d14ca22bacaa6e38de28d8c816bbef6fc2f8c44d8ba3?s=96&d=mm&r=g\",\"caption\":\"Reda\u00e7\u00e3o\"}}]}<\/script>\n<!-- \/ Yoast SEO Premium plugin. -->","yoast_head_json":{"title":"Meia do Flamengo, Saul n\u00e3o concorda com declara\u00e7\u00e3o de Filipe Lu\u00eds","robots":{"index":"index","follow":"follow","max-snippet":"max-snippet:-1","max-image-preview":"max-image-preview:large","max-video-preview":"max-video-preview:-1"},"canonical":"https:\/\/www.gaveanews.com\/index.php\/2025\/09\/14\/meia-do-flamengo-saul-nao-concorda-com-declaracao-de-filipe-luis\/","og_locale":"pt_BR","og_type":"article","og_title":"Meia do Flamengo, Saul n\u00e3o concorda com declara\u00e7\u00e3o de Filipe Lu\u00eds","og_description":"Ap\u00f3s a vit\u00f3ria do Flamengo sobre o Juventude, neste domingo (14 de setembro), Sa\u00fal discordou de Filipe Lu\u00eds sobre viver o melhor momento da carreira. O meia foi titular, atuou os 90 minutos e deu assist\u00eancia para o gol de Arrascaeta. Questionado, ele explicou como enxerga a sua atual fase. Entretanto, ressaltou o aspecto mental [&hellip;]","og_url":"https:\/\/www.gaveanews.com\/index.php\/2025\/09\/14\/meia-do-flamengo-saul-nao-concorda-com-declaracao-de-filipe-luis\/","og_site_name":"G\u00e1vea News","article_publisher":"https:\/\/facebook.com\/gaveaNews\/","article_published_time":"2025-09-15T00:28:55+00:00","article_modified_time":"2025-09-15T00:28:59+00:00","og_image":[{"width":1280,"height":960,"url":"http:\/\/www.gaveanews.com\/wp-content\/uploads\/Saul-Niguez-novo-reforco-do-Flamengo.jpg","type":"image\/jpeg"}],"author":"Reda\u00e7\u00e3o","twitter_card":"summary_large_image","twitter_misc":{"Escrito por":"Reda\u00e7\u00e3o","Est. tempo de leitura":"2 minutos"},"schema":{"@context":"https:\/\/schema.org","@graph":[{"@type":"NewsArticle","@id":"https:\/\/www.gaveanews.com\/index.php\/2025\/09\/14\/meia-do-flamengo-saul-nao-concorda-com-declaracao-de-filipe-luis\/#article","isPartOf":{"@id":"https:\/\/www.gaveanews.com\/index.php\/2025\/09\/14\/meia-do-flamengo-saul-nao-concorda-com-declaracao-de-filipe-luis\/"},"author":{"name":"Reda\u00e7\u00e3o","@id":"https:\/\/www.gaveanews.com\/#\/schema\/person\/c88645e3d550d0b6574305e67dd5a716"},"headline":"Meia do Flamengo, Saul n\u00e3o concorda com declara\u00e7\u00e3o de Filipe Lu\u00eds","datePublished":"2025-09-15T00:28:55+00:00","dateModified":"2025-09-15T00:28:59+00:00","mainEntityOfPage":{"@id":"https:\/\/www.gaveanews.com\/index.php\/2025\/09\/14\/meia-do-flamengo-saul-nao-concorda-com-declaracao-de-filipe-luis\/"},"wordCount":296,"commentCount":0,"image":{"@id":"https:\/\/www.gaveanews.com\/index.php\/2025\/09\/14\/meia-do-flamengo-saul-nao-concorda-com-declaracao-de-filipe-luis\/#primaryimage"},"thumbnailUrl":"https:\/\/www.gaveanews.com\/wp-content\/uploads\/Saul-Niguez-novo-reforco-do-Flamengo.jpg","articleSection":["Flamengo"],"inLanguage":"pt-BR","potentialAction":[{"@type":"CommentAction","name":"Comment","target":["https:\/\/www.gaveanews.com\/index.php\/2025\/09\/14\/meia-do-flamengo-saul-nao-concorda-com-declaracao-de-filipe-luis\/#respond"]}],"copyrightYear":"2025","copyrightHolder":{"@id":"https:\/\/www.gaveanews.com\/#organization"}},{"@type":"WebPage","@id":"https:\/\/www.gaveanews.com\/index.php\/2025\/09\/14\/meia-do-flamengo-saul-nao-concorda-com-declaracao-de-filipe-luis\/","url":"https:\/\/www.gaveanews.com\/index.php\/2025\/09\/14\/meia-do-flamengo-saul-nao-concorda-com-declaracao-de-filipe-luis\/","name":"Meia do Flamengo, Saul n\u00e3o concorda com declara\u00e7\u00e3o de Filipe Lu\u00eds","isPartOf":{"@id":"https:\/\/www.gaveanews.com\/#website"},"primaryImageOfPage":{"@id":"https:\/\/www.gaveanews.com\/index.php\/2025\/09\/14\/meia-do-flamengo-saul-nao-concorda-com-declaracao-de-filipe-luis\/#primaryimage"},"image":{"@id":"https:\/\/www.gaveanews.com\/index.php\/2025\/09\/14\/meia-do-flamengo-saul-nao-concorda-com-declaracao-de-filipe-luis\/#primaryimage"},"thumbnailUrl":"https:\/\/www.gaveanews.com\/wp-content\/uploads\/Saul-Niguez-novo-reforco-do-Flamengo.jpg","datePublished":"2025-09-15T00:28:55+00:00","dateModified":"2025-09-15T00:28:59+00:00","author":{"@id":"https:\/\/www.gaveanews.com\/#\/schema\/person\/c88645e3d550d0b6574305e67dd5a716"},"breadcrumb":{"@id":"https:\/\/www.gaveanews.com\/index.php\/2025\/09\/14\/meia-do-flamengo-saul-nao-concorda-com-declaracao-de-filipe-luis\/#breadcrumb"},"inLanguage":"pt-BR","potentialAction":[{"@type":"ReadAction","target":["https:\/\/www.gaveanews.com\/index.php\/2025\/09\/14\/meia-do-flamengo-saul-nao-concorda-com-declaracao-de-filipe-luis\/"]}]},{"@type":"ImageObject","inLanguage":"pt-BR","@id":"https:\/\/www.gaveanews.com\/index.php\/2025\/09\/14\/meia-do-flamengo-saul-nao-concorda-com-declaracao-de-filipe-luis\/#primaryimage","url":"https:\/\/www.gaveanews.com\/wp-content\/uploads\/Saul-Niguez-novo-reforco-do-Flamengo.jpg","contentUrl":"https:\/\/www.gaveanews.com\/wp-content\/uploads\/Saul-Niguez-novo-reforco-do-Flamengo.jpg","width":1280,"height":960,"caption":"Saul Niguez, novo refor\u00e7o do Flamengo (Foto: Reprodu\u00e7\u00e3o)"},{"@type":"BreadcrumbList","@id":"https:\/\/www.gaveanews.com\/index.php\/2025\/09\/14\/meia-do-flamengo-saul-nao-concorda-com-declaracao-de-filipe-luis\/#breadcrumb","itemListElement":[{"@type":"ListItem","position":1,"name":"Home","item":"https:\/\/www.gaveanews.com\/"},{"@type":"ListItem","position":2,"name":"Meia do Flamengo, Saul n\u00e3o concorda com declara\u00e7\u00e3o de Filipe Lu\u00eds"}]},{"@type":"WebSite","@id":"https:\/\/www.gaveanews.com\/#website","url":"https:\/\/www.gaveanews.com\/","name":"G\u00e1vea News","description":"Veja todas as not\u00edcias sobre o Flamengo: Contrata\u00e7\u00f5es, categorias de base, resultados das partidas, tabela de classifica\u00e7\u00e3o, pr\u00f3ximos jogos!","potentialAction":[{"@type":"SearchAction","target":{"@type":"EntryPoint","urlTemplate":"https:\/\/www.gaveanews.com\/?s={search_term_string}"},"query-input":{"@type":"PropertyValueSpecification","valueRequired":true,"valueName":"search_term_string"}}],"inLanguage":"pt-BR"},{"@type":"Person","@id":"https:\/\/www.gaveanews.com\/#\/schema\/person\/c88645e3d550d0b6574305e67dd5a716","name":"Reda\u00e7\u00e3o","image":{"@type":"ImageObject","inLanguage":"pt-BR","@id":"https:\/\/www.gaveanews.com\/#\/schema\/person\/image\/","url":"https:\/\/secure.gravatar.com\/avatar\/434098fd823f0dc1b062d14ca22bacaa6e38de28d8c816bbef6fc2f8c44d8ba3?s=96&d=mm&r=g","contentUrl":"https:\/\/secure.gravatar.com\/avatar\/434098fd823f0dc1b062d14ca22bacaa6e38de28d8c816bbef6fc2f8c44d8ba3?s=96&d=mm&r=g","caption":"Reda\u00e7\u00e3o"}}]}},"_links":{"self":[{"href":"https:\/\/www.gaveanews.com\/index.php\/wp-json\/wp\/v2\/posts\/276472","targetHints":{"allow":["GET"]}}],"collection":[{"href":"https:\/\/www.gaveanews.com\/index.php\/wp-json\/wp\/v2\/posts"}],"about":[{"href":"https:\/\/www.gaveanews.com\/index.php\/wp-json\/wp\/v2\/types\/post"}],"author":[{"embeddable":true,"href":"https:\/\/www.gaveanews.com\/index.php\/wp-json\/wp\/v2\/users\/39"}],"replies":[{"embeddable":true,"href":"https:\/\/www.gaveanews.com\/index.php\/wp-json\/wp\/v2\/comments?post=276472"}],"version-history":[{"count":1,"href":"https:\/\/www.gaveanews.com\/index.php\/wp-json\/wp\/v2\/posts\/276472\/revisions"}],"predecessor-version":[{"id":276483,"href":"https:\/\/www.gaveanews.com\/index.php\/wp-json\/wp\/v2\/posts\/276472\/revisions\/276483"}],"wp:featuredmedia":[{"embeddable":true,"href":"https:\/\/www.gaveanews.com\/index.php\/wp-json\/wp\/v2\/media\/272987"}],"wp:attachment":[{"href":"https:\/\/www.gaveanews.com\/index.php\/wp-json\/wp\/v2\/media?parent=276472"}],"wp:term":[{"taxonomy":"category","embeddable":true,"href":"https:\/\/www.gaveanews.com\/index.php\/wp-json\/wp\/v2\/categories?post=276472"},{"taxonomy":"post_tag","embeddable":true,"href":"https:\/\/www.gaveanews.com\/index.php\/wp-json\/wp\/v2\/tags?post=276472"}],"curies":[{"name":"wp","href":"https:\/\/api.w.org\/{rel}","templated":true}]}}