{"id":276488,"date":"2025-09-15T09:42:58","date_gmt":"2025-09-15T12:42:58","guid":{"rendered":"https:\/\/www.gaveanews.com\/?p=276488"},"modified":"2025-09-15T09:43:04","modified_gmt":"2025-09-15T12:43:04","slug":"a-declaracao-de-filipe-luis-direcionada-a-emerson-royal-do-flamengo","status":"publish","type":"post","link":"https:\/\/www.gaveanews.com\/index.php\/2025\/09\/15\/a-declaracao-de-filipe-luis-direcionada-a-emerson-royal-do-flamengo\/","title":{"rendered":"A declara\u00e7\u00e3o de Filipe Lu\u00eds direcionada a Emerson Royal, do Flamengo"},"content":{"rendered":"\n<p>No \u00faltimo domingo (14), o Flamengo conquistou uma vit\u00f3ria importante fora de casa ao bater o Juventude por 2 a 0, no Est\u00e1dio Alfredo Jaconi, pelo Campeonato Brasileiro. Os gols da partida foram marcados por Arrascaeta e Emerson Royal, resultado que manteve a equipe rubro-negra embalada e aumentou a confian\u00e7a do elenco para os pr\u00f3ximos compromissos.<\/p>\n\n\n\n<p>A atua\u00e7\u00e3o de Royal, autor do segundo gol, foi especialmente destacada pelo t\u00e9cnico Filipe Lu\u00eds, que enxerga no lateral-direito um potencial de retorno \u00e0 Sele\u00e7\u00e3o Brasileira. O treinador ressaltou que o estilo de jogo do Flamengo guarda semelhan\u00e7as com o modelo aplicado por Carlo Ancelotti na equipe nacional, o que poderia favorecer a reintegra\u00e7\u00e3o do atleta.<\/p>\n\n\n\n<p>Em entrevista ap\u00f3s a vit\u00f3ria, Filipe Lu\u00eds explicou que essa proximidade entre os sistemas pode ser decisiva para Royal.<\/p>\n\n\n\n<p>&#8220;Eu falei com o Emerson. A forma que o Flamengo joga hoje \u00e9 praticamente id\u00eantica \u00e0 que a Sele\u00e7\u00e3o Brasileira jogou no primeiro jogo contra o Chile, mas \u00e9 melhor do que isso para ele poder entender o modelo, entender o conceito e que isso vai potencializar muito ainda as caracter\u00edsticas que ele tem. Eu n\u00e3o tenho d\u00favida que vai voltar a ficar no radar da sele\u00e7\u00e3o&#8221;.<\/p>\n\n\n\n<p>Segundo o treinador, a sequ\u00eancia de jogos ser\u00e1 fundamental para o crescimento do lateral. O gol marcado diante do Juventude foi visto como um ponto de virada na confian\u00e7a do atleta, que vem aproveitando bem o per\u00edodo de maior rodagem dentro do elenco. A pausa para a Data Fifa, segundo Filipe, tamb\u00e9m foi \u00fatil, pois Royal conseguiu assimilar melhor os conceitos t\u00e1ticos da equipe.<\/p>\n\n\n\n<p>Na disputa por espa\u00e7o na sele\u00e7\u00e3o, Royal enfrenta concorr\u00eancia acirrada. Recentemente, Wesley (Roma) e Vanderson (M\u00f4naco) foram lembrados por Ancelotti, enquanto Vitinho (Botafogo) herdou uma vaga ap\u00f3s les\u00e3o do lateral monegasco. Al\u00e9m deles, Yan Couto (Borussia Dortmund) e Dod\u00f4 (Fiorentina) seguem na mira da comiss\u00e3o t\u00e9cnica da CBF. Nenhum, contudo, possui vaga assegurada, o que abre margem para Royal disputar posi\u00e7\u00e3o.<\/p>\n\n\n\n<p>O lateral do Flamengo j\u00e1 soma dez partidas com a camisa da Sele\u00e7\u00e3o Brasileira desde sua estreia em 2019, incluindo participa\u00e7\u00f5es na Copa Am\u00e9rica de 2021 e nas Eliminat\u00f3rias para os Mundiais de 2022 e 2026. Apesar dessa bagagem, ficou fora da \u00faltima Copa do Mundo, quando Tite optou por outros nomes para a lateral-direita.<\/p>\n\n\n\n<p>A consist\u00eancia mostrada recentemente, somada \u00e0 experi\u00eancia acumulada, pode refor\u00e7ar sua candidatura. Contra o Juventude, al\u00e9m do gol, Royal mostrou seguran\u00e7a defensiva e disciplina t\u00e1tica, aspectos valorizados tanto no Flamengo quanto em uma poss\u00edvel nova oportunidade na Sele\u00e7\u00e3o.<\/p>\n\n\n\n<p>Agora, o jogador volta suas aten\u00e7\u00f5es para a Copa Libertadores. Na pr\u00f3xima quinta-feira (18), \u00e0s 21h30 (hor\u00e1rio de Bras\u00edlia), o Flamengo enfrenta o Estudiantes, no Maracan\u00e3, pelas quartas de final.<\/p>\n","protected":false},"excerpt":{"rendered":"<p>No \u00faltimo domingo (14), o Flamengo conquistou uma vit\u00f3ria importante fora de casa ao bater o Juventude por 2 a 0, no Est\u00e1dio Alfredo Jaconi, pelo Campeonato Brasileiro. Os gols da partida foram marcados por Arrascaeta e Emerson Royal, resultado que manteve a equipe rubro-negra embalada e aumentou a confian\u00e7a do elenco para os pr\u00f3ximos [&hellip;]<\/p>\n","protected":false},"author":15,"featured_media":274249,"comment_status":"open","ping_status":"closed","sticky":false,"template":"","format":"standard","meta":{"footnotes":""},"categories":[1],"tags":[],"class_list":["post-276488","post","type-post","status-publish","format-standard","has-post-thumbnail","hentry","category-flamengo"],"yoast_head":"<!-- This site is optimized with the Yoast SEO Premium plugin v24.2 (Yoast SEO v26.9) - https:\/\/yoast.com\/product\/yoast-seo-premium-wordpress\/ -->\n<title>A declara\u00e7\u00e3o de Filipe Lu\u00eds direcionada a Emerson Royal, do Flamengo<\/title>\n<meta name=\"robots\" content=\"index, follow, max-snippet:-1, max-image-preview:large, max-video-preview:-1\" \/>\n<link rel=\"canonical\" href=\"https:\/\/www.gaveanews.com\/index.php\/2025\/09\/15\/a-declaracao-de-filipe-luis-direcionada-a-emerson-royal-do-flamengo\/\" \/>\n<meta property=\"og:locale\" content=\"pt_BR\" \/>\n<meta property=\"og:type\" content=\"article\" \/>\n<meta property=\"og:title\" content=\"A declara\u00e7\u00e3o de Filipe Lu\u00eds direcionada a Emerson Royal, do Flamengo\" \/>\n<meta property=\"og:description\" content=\"No \u00faltimo domingo (14), o Flamengo conquistou uma vit\u00f3ria importante fora de casa ao bater o Juventude por 2 a 0, no Est\u00e1dio Alfredo Jaconi, pelo Campeonato Brasileiro. Os gols da partida foram marcados por Arrascaeta e Emerson Royal, resultado que manteve a equipe rubro-negra embalada e aumentou a confian\u00e7a do elenco para os pr\u00f3ximos [&hellip;]\" \/>\n<meta property=\"og:url\" content=\"https:\/\/www.gaveanews.com\/index.php\/2025\/09\/15\/a-declaracao-de-filipe-luis-direcionada-a-emerson-royal-do-flamengo\/\" \/>\n<meta property=\"og:site_name\" content=\"G\u00e1vea News\" \/>\n<meta property=\"article:publisher\" content=\"https:\/\/facebook.com\/gaveaNews\/\" \/>\n<meta property=\"article:published_time\" content=\"2025-09-15T12:42:58+00:00\" \/>\n<meta property=\"article:modified_time\" content=\"2025-09-15T12:43:04+00:00\" \/>\n<meta property=\"og:image\" content=\"http:\/\/www.gaveanews.com\/wp-content\/uploads\/Emerson-Royal-Flamengo.png\" \/>\n\t<meta property=\"og:image:width\" content=\"1200\" \/>\n\t<meta property=\"og:image:height\" content=\"900\" \/>\n\t<meta property=\"og:image:type\" content=\"image\/png\" \/>\n<meta name=\"author\" content=\"Henrique Machado\" \/>\n<meta name=\"twitter:card\" content=\"summary_large_image\" \/>\n<meta name=\"twitter:label1\" content=\"Escrito por\" \/>\n\t<meta name=\"twitter:data1\" content=\"Henrique Machado\" \/>\n\t<meta name=\"twitter:label2\" content=\"Est. tempo de leitura\" \/>\n\t<meta name=\"twitter:data2\" content=\"3 minutos\" \/>\n<script type=\"application\/ld+json\" class=\"yoast-schema-graph\">{\"@context\":\"https:\/\/schema.org\",\"@graph\":[{\"@type\":\"NewsArticle\",\"@id\":\"https:\/\/www.gaveanews.com\/index.php\/2025\/09\/15\/a-declaracao-de-filipe-luis-direcionada-a-emerson-royal-do-flamengo\/#article\",\"isPartOf\":{\"@id\":\"https:\/\/www.gaveanews.com\/index.php\/2025\/09\/15\/a-declaracao-de-filipe-luis-direcionada-a-emerson-royal-do-flamengo\/\"},\"author\":{\"name\":\"Henrique Machado\",\"@id\":\"https:\/\/www.gaveanews.com\/#\/schema\/person\/fd07635ec039ec3ba74ad18ec8a6dbd6\"},\"headline\":\"A declara\u00e7\u00e3o de Filipe Lu\u00eds direcionada a Emerson Royal, do Flamengo\",\"datePublished\":\"2025-09-15T12:42:58+00:00\",\"dateModified\":\"2025-09-15T12:43:04+00:00\",\"mainEntityOfPage\":{\"@id\":\"https:\/\/www.gaveanews.com\/index.php\/2025\/09\/15\/a-declaracao-de-filipe-luis-direcionada-a-emerson-royal-do-flamengo\/\"},\"wordCount\":496,\"commentCount\":0,\"image\":{\"@id\":\"https:\/\/www.gaveanews.com\/index.php\/2025\/09\/15\/a-declaracao-de-filipe-luis-direcionada-a-emerson-royal-do-flamengo\/#primaryimage\"},\"thumbnailUrl\":\"https:\/\/www.gaveanews.com\/wp-content\/uploads\/Emerson-Royal-Flamengo.png\",\"articleSection\":[\"Flamengo\"],\"inLanguage\":\"pt-BR\",\"potentialAction\":[{\"@type\":\"CommentAction\",\"name\":\"Comment\",\"target\":[\"https:\/\/www.gaveanews.com\/index.php\/2025\/09\/15\/a-declaracao-de-filipe-luis-direcionada-a-emerson-royal-do-flamengo\/#respond\"]}],\"copyrightYear\":\"2025\",\"copyrightHolder\":{\"@id\":\"https:\/\/www.gaveanews.com\/#organization\"}},{\"@type\":\"WebPage\",\"@id\":\"https:\/\/www.gaveanews.com\/index.php\/2025\/09\/15\/a-declaracao-de-filipe-luis-direcionada-a-emerson-royal-do-flamengo\/\",\"url\":\"https:\/\/www.gaveanews.com\/index.php\/2025\/09\/15\/a-declaracao-de-filipe-luis-direcionada-a-emerson-royal-do-flamengo\/\",\"name\":\"A declara\u00e7\u00e3o de Filipe Lu\u00eds direcionada a Emerson Royal, do Flamengo\",\"isPartOf\":{\"@id\":\"https:\/\/www.gaveanews.com\/#website\"},\"primaryImageOfPage\":{\"@id\":\"https:\/\/www.gaveanews.com\/index.php\/2025\/09\/15\/a-declaracao-de-filipe-luis-direcionada-a-emerson-royal-do-flamengo\/#primaryimage\"},\"image\":{\"@id\":\"https:\/\/www.gaveanews.com\/index.php\/2025\/09\/15\/a-declaracao-de-filipe-luis-direcionada-a-emerson-royal-do-flamengo\/#primaryimage\"},\"thumbnailUrl\":\"https:\/\/www.gaveanews.com\/wp-content\/uploads\/Emerson-Royal-Flamengo.png\",\"datePublished\":\"2025-09-15T12:42:58+00:00\",\"dateModified\":\"2025-09-15T12:43:04+00:00\",\"author\":{\"@id\":\"https:\/\/www.gaveanews.com\/#\/schema\/person\/fd07635ec039ec3ba74ad18ec8a6dbd6\"},\"breadcrumb\":{\"@id\":\"https:\/\/www.gaveanews.com\/index.php\/2025\/09\/15\/a-declaracao-de-filipe-luis-direcionada-a-emerson-royal-do-flamengo\/#breadcrumb\"},\"inLanguage\":\"pt-BR\",\"potentialAction\":[{\"@type\":\"ReadAction\",\"target\":[\"https:\/\/www.gaveanews.com\/index.php\/2025\/09\/15\/a-declaracao-de-filipe-luis-direcionada-a-emerson-royal-do-flamengo\/\"]}]},{\"@type\":\"ImageObject\",\"inLanguage\":\"pt-BR\",\"@id\":\"https:\/\/www.gaveanews.com\/index.php\/2025\/09\/15\/a-declaracao-de-filipe-luis-direcionada-a-emerson-royal-do-flamengo\/#primaryimage\",\"url\":\"https:\/\/www.gaveanews.com\/wp-content\/uploads\/Emerson-Royal-Flamengo.png\",\"contentUrl\":\"https:\/\/www.gaveanews.com\/wp-content\/uploads\/Emerson-Royal-Flamengo.png\",\"width\":1200,\"height\":900,\"caption\":\"Emerson Royal Flamengo (Foto: Gilvan de Souza\/Flamengo)\"},{\"@type\":\"BreadcrumbList\",\"@id\":\"https:\/\/www.gaveanews.com\/index.php\/2025\/09\/15\/a-declaracao-de-filipe-luis-direcionada-a-emerson-royal-do-flamengo\/#breadcrumb\",\"itemListElement\":[{\"@type\":\"ListItem\",\"position\":1,\"name\":\"Home\",\"item\":\"https:\/\/www.gaveanews.com\/\"},{\"@type\":\"ListItem\",\"position\":2,\"name\":\"A declara\u00e7\u00e3o de Filipe Lu\u00eds direcionada a Emerson Royal, do Flamengo\"}]},{\"@type\":\"WebSite\",\"@id\":\"https:\/\/www.gaveanews.com\/#website\",\"url\":\"https:\/\/www.gaveanews.com\/\",\"name\":\"G\u00e1vea News\",\"description\":\"Veja todas as not\u00edcias sobre o Flamengo: Contrata\u00e7\u00f5es, categorias de base, resultados das partidas, tabela de classifica\u00e7\u00e3o, pr\u00f3ximos jogos!\",\"potentialAction\":[{\"@type\":\"SearchAction\",\"target\":{\"@type\":\"EntryPoint\",\"urlTemplate\":\"https:\/\/www.gaveanews.com\/?s={search_term_string}\"},\"query-input\":{\"@type\":\"PropertyValueSpecification\",\"valueRequired\":true,\"valueName\":\"search_term_string\"}}],\"inLanguage\":\"pt-BR\"},{\"@type\":\"Person\",\"@id\":\"https:\/\/www.gaveanews.com\/#\/schema\/person\/fd07635ec039ec3ba74ad18ec8a6dbd6\",\"name\":\"Henrique Machado\",\"image\":{\"@type\":\"ImageObject\",\"inLanguage\":\"pt-BR\",\"@id\":\"https:\/\/www.gaveanews.com\/#\/schema\/person\/image\/\",\"url\":\"https:\/\/secure.gravatar.com\/avatar\/b95e35997e01d9800c1b6184bd79d4d898d370a3fce2584f5c77b907d5c7d9e9?s=96&d=mm&r=g\",\"contentUrl\":\"https:\/\/secure.gravatar.com\/avatar\/b95e35997e01d9800c1b6184bd79d4d898d370a3fce2584f5c77b907d5c7d9e9?s=96&d=mm&r=g\",\"caption\":\"Henrique Machado\"}}]}<\/script>\n<!-- \/ Yoast SEO Premium plugin. -->","yoast_head_json":{"title":"A declara\u00e7\u00e3o de Filipe Lu\u00eds direcionada a Emerson Royal, do Flamengo","robots":{"index":"index","follow":"follow","max-snippet":"max-snippet:-1","max-image-preview":"max-image-preview:large","max-video-preview":"max-video-preview:-1"},"canonical":"https:\/\/www.gaveanews.com\/index.php\/2025\/09\/15\/a-declaracao-de-filipe-luis-direcionada-a-emerson-royal-do-flamengo\/","og_locale":"pt_BR","og_type":"article","og_title":"A declara\u00e7\u00e3o de Filipe Lu\u00eds direcionada a Emerson Royal, do Flamengo","og_description":"No \u00faltimo domingo (14), o Flamengo conquistou uma vit\u00f3ria importante fora de casa ao bater o Juventude por 2 a 0, no Est\u00e1dio Alfredo Jaconi, pelo Campeonato Brasileiro. Os gols da partida foram marcados por Arrascaeta e Emerson Royal, resultado que manteve a equipe rubro-negra embalada e aumentou a confian\u00e7a do elenco para os pr\u00f3ximos [&hellip;]","og_url":"https:\/\/www.gaveanews.com\/index.php\/2025\/09\/15\/a-declaracao-de-filipe-luis-direcionada-a-emerson-royal-do-flamengo\/","og_site_name":"G\u00e1vea News","article_publisher":"https:\/\/facebook.com\/gaveaNews\/","article_published_time":"2025-09-15T12:42:58+00:00","article_modified_time":"2025-09-15T12:43:04+00:00","og_image":[{"width":1200,"height":900,"url":"http:\/\/www.gaveanews.com\/wp-content\/uploads\/Emerson-Royal-Flamengo.png","type":"image\/png"}],"author":"Henrique Machado","twitter_card":"summary_large_image","twitter_misc":{"Escrito por":"Henrique Machado","Est. tempo de leitura":"3 minutos"},"schema":{"@context":"https:\/\/schema.org","@graph":[{"@type":"NewsArticle","@id":"https:\/\/www.gaveanews.com\/index.php\/2025\/09\/15\/a-declaracao-de-filipe-luis-direcionada-a-emerson-royal-do-flamengo\/#article","isPartOf":{"@id":"https:\/\/www.gaveanews.com\/index.php\/2025\/09\/15\/a-declaracao-de-filipe-luis-direcionada-a-emerson-royal-do-flamengo\/"},"author":{"name":"Henrique Machado","@id":"https:\/\/www.gaveanews.com\/#\/schema\/person\/fd07635ec039ec3ba74ad18ec8a6dbd6"},"headline":"A declara\u00e7\u00e3o de Filipe Lu\u00eds direcionada a Emerson Royal, do Flamengo","datePublished":"2025-09-15T12:42:58+00:00","dateModified":"2025-09-15T12:43:04+00:00","mainEntityOfPage":{"@id":"https:\/\/www.gaveanews.com\/index.php\/2025\/09\/15\/a-declaracao-de-filipe-luis-direcionada-a-emerson-royal-do-flamengo\/"},"wordCount":496,"commentCount":0,"image":{"@id":"https:\/\/www.gaveanews.com\/index.php\/2025\/09\/15\/a-declaracao-de-filipe-luis-direcionada-a-emerson-royal-do-flamengo\/#primaryimage"},"thumbnailUrl":"https:\/\/www.gaveanews.com\/wp-content\/uploads\/Emerson-Royal-Flamengo.png","articleSection":["Flamengo"],"inLanguage":"pt-BR","potentialAction":[{"@type":"CommentAction","name":"Comment","target":["https:\/\/www.gaveanews.com\/index.php\/2025\/09\/15\/a-declaracao-de-filipe-luis-direcionada-a-emerson-royal-do-flamengo\/#respond"]}],"copyrightYear":"2025","copyrightHolder":{"@id":"https:\/\/www.gaveanews.com\/#organization"}},{"@type":"WebPage","@id":"https:\/\/www.gaveanews.com\/index.php\/2025\/09\/15\/a-declaracao-de-filipe-luis-direcionada-a-emerson-royal-do-flamengo\/","url":"https:\/\/www.gaveanews.com\/index.php\/2025\/09\/15\/a-declaracao-de-filipe-luis-direcionada-a-emerson-royal-do-flamengo\/","name":"A declara\u00e7\u00e3o de Filipe Lu\u00eds direcionada a Emerson Royal, do Flamengo","isPartOf":{"@id":"https:\/\/www.gaveanews.com\/#website"},"primaryImageOfPage":{"@id":"https:\/\/www.gaveanews.com\/index.php\/2025\/09\/15\/a-declaracao-de-filipe-luis-direcionada-a-emerson-royal-do-flamengo\/#primaryimage"},"image":{"@id":"https:\/\/www.gaveanews.com\/index.php\/2025\/09\/15\/a-declaracao-de-filipe-luis-direcionada-a-emerson-royal-do-flamengo\/#primaryimage"},"thumbnailUrl":"https:\/\/www.gaveanews.com\/wp-content\/uploads\/Emerson-Royal-Flamengo.png","datePublished":"2025-09-15T12:42:58+00:00","dateModified":"2025-09-15T12:43:04+00:00","author":{"@id":"https:\/\/www.gaveanews.com\/#\/schema\/person\/fd07635ec039ec3ba74ad18ec8a6dbd6"},"breadcrumb":{"@id":"https:\/\/www.gaveanews.com\/index.php\/2025\/09\/15\/a-declaracao-de-filipe-luis-direcionada-a-emerson-royal-do-flamengo\/#breadcrumb"},"inLanguage":"pt-BR","potentialAction":[{"@type":"ReadAction","target":["https:\/\/www.gaveanews.com\/index.php\/2025\/09\/15\/a-declaracao-de-filipe-luis-direcionada-a-emerson-royal-do-flamengo\/"]}]},{"@type":"ImageObject","inLanguage":"pt-BR","@id":"https:\/\/www.gaveanews.com\/index.php\/2025\/09\/15\/a-declaracao-de-filipe-luis-direcionada-a-emerson-royal-do-flamengo\/#primaryimage","url":"https:\/\/www.gaveanews.com\/wp-content\/uploads\/Emerson-Royal-Flamengo.png","contentUrl":"https:\/\/www.gaveanews.com\/wp-content\/uploads\/Emerson-Royal-Flamengo.png","width":1200,"height":900,"caption":"Emerson Royal Flamengo (Foto: Gilvan de Souza\/Flamengo)"},{"@type":"BreadcrumbList","@id":"https:\/\/www.gaveanews.com\/index.php\/2025\/09\/15\/a-declaracao-de-filipe-luis-direcionada-a-emerson-royal-do-flamengo\/#breadcrumb","itemListElement":[{"@type":"ListItem","position":1,"name":"Home","item":"https:\/\/www.gaveanews.com\/"},{"@type":"ListItem","position":2,"name":"A declara\u00e7\u00e3o de Filipe Lu\u00eds direcionada a Emerson Royal, do Flamengo"}]},{"@type":"WebSite","@id":"https:\/\/www.gaveanews.com\/#website","url":"https:\/\/www.gaveanews.com\/","name":"G\u00e1vea News","description":"Veja todas as not\u00edcias sobre o Flamengo: Contrata\u00e7\u00f5es, categorias de base, resultados das partidas, tabela de classifica\u00e7\u00e3o, pr\u00f3ximos jogos!","potentialAction":[{"@type":"SearchAction","target":{"@type":"EntryPoint","urlTemplate":"https:\/\/www.gaveanews.com\/?s={search_term_string}"},"query-input":{"@type":"PropertyValueSpecification","valueRequired":true,"valueName":"search_term_string"}}],"inLanguage":"pt-BR"},{"@type":"Person","@id":"https:\/\/www.gaveanews.com\/#\/schema\/person\/fd07635ec039ec3ba74ad18ec8a6dbd6","name":"Henrique Machado","image":{"@type":"ImageObject","inLanguage":"pt-BR","@id":"https:\/\/www.gaveanews.com\/#\/schema\/person\/image\/","url":"https:\/\/secure.gravatar.com\/avatar\/b95e35997e01d9800c1b6184bd79d4d898d370a3fce2584f5c77b907d5c7d9e9?s=96&d=mm&r=g","contentUrl":"https:\/\/secure.gravatar.com\/avatar\/b95e35997e01d9800c1b6184bd79d4d898d370a3fce2584f5c77b907d5c7d9e9?s=96&d=mm&r=g","caption":"Henrique Machado"}}]}},"_links":{"self":[{"href":"https:\/\/www.gaveanews.com\/index.php\/wp-json\/wp\/v2\/posts\/276488","targetHints":{"allow":["GET"]}}],"collection":[{"href":"https:\/\/www.gaveanews.com\/index.php\/wp-json\/wp\/v2\/posts"}],"about":[{"href":"https:\/\/www.gaveanews.com\/index.php\/wp-json\/wp\/v2\/types\/post"}],"author":[{"embeddable":true,"href":"https:\/\/www.gaveanews.com\/index.php\/wp-json\/wp\/v2\/users\/15"}],"replies":[{"embeddable":true,"href":"https:\/\/www.gaveanews.com\/index.php\/wp-json\/wp\/v2\/comments?post=276488"}],"version-history":[{"count":1,"href":"https:\/\/www.gaveanews.com\/index.php\/wp-json\/wp\/v2\/posts\/276488\/revisions"}],"predecessor-version":[{"id":276489,"href":"https:\/\/www.gaveanews.com\/index.php\/wp-json\/wp\/v2\/posts\/276488\/revisions\/276489"}],"wp:featuredmedia":[{"embeddable":true,"href":"https:\/\/www.gaveanews.com\/index.php\/wp-json\/wp\/v2\/media\/274249"}],"wp:attachment":[{"href":"https:\/\/www.gaveanews.com\/index.php\/wp-json\/wp\/v2\/media?parent=276488"}],"wp:term":[{"taxonomy":"category","embeddable":true,"href":"https:\/\/www.gaveanews.com\/index.php\/wp-json\/wp\/v2\/categories?post=276488"},{"taxonomy":"post_tag","embeddable":true,"href":"https:\/\/www.gaveanews.com\/index.php\/wp-json\/wp\/v2\/tags?post=276488"}],"curies":[{"name":"wp","href":"https:\/\/api.w.org\/{rel}","templated":true}]}}