{"id":276655,"date":"2025-09-16T22:00:00","date_gmt":"2025-09-17T01:00:00","guid":{"rendered":"https:\/\/www.gaveanews.com\/?p=276655"},"modified":"2025-09-16T19:57:01","modified_gmt":"2025-09-16T22:57:01","slug":"flamengo-sofre-derrota-na-justica-2","status":"publish","type":"post","link":"https:\/\/www.gaveanews.com\/index.php\/2025\/09\/16\/flamengo-sofre-derrota-na-justica-2\/","title":{"rendered":"Flamengo sofre derrota na Justi\u00e7a"},"content":{"rendered":"\n<p>Nesta ter\u00e7a-feira (16), o <a href=\"https:\/\/www.gaveanews.com\/index.php\/category\/brasileirao\/flamengo\/\" target=\"_blank\" rel=\"noopener noreferrer\">Flamengo<\/a> voltou a perder o processo do ex-seguran\u00e7a Benedito Ferreira, decorrente do inc\u00eandio no Ninho do Urubu de 2019. Segundo decis\u00e3o publicada nesta segunda-feira, o juiz Bruno Andrade de Macedo manteve a senten\u00e7a e aplicou multa de 2% sobre R$ 600 mil.<\/p>\n\n\n\n<p>O magistrado fixou R$ 100 mil por dano moral e R$ 500 mil por dano material, al\u00e9m de pens\u00e3o vital\u00edcia at\u00e9 os 78 anos. A senten\u00e7a tamb\u00e9m determinou a reintegra\u00e7\u00e3o em cinco dias, o que n\u00e3o ocorreu. Ele atuou no resgate de ao menos tr\u00eas v\u00edtimas e 10 jovens da base morreram no inc\u00eandio. J\u00e1 o clube ainda pode recorrer em primeira inst\u00e2ncia ao TRT, com prazo de pouco mais de uma semana ap\u00f3s a publica\u00e7\u00e3o.<\/p>\n\n\n\n<p>Ao negar os embargos de declara\u00e7\u00e3o, Macedo afirmou que o recurso retardou o andamento do caso. Assim, criticou o car\u00e1ter protelat\u00f3rio da iniciativa.<\/p>\n\n\n\n<p>\u201cOs presentes embargos foram opostos com intuito nitidamente protelat\u00f3rio, apenas para interromper o prazo para interposi\u00e7\u00e3o do recurso ordin\u00e1rio, com o que se retarda injustificadamente a entrega da presta\u00e7\u00e3o jurisdicional, contrariando os princ\u00edpios da celeridade e efici\u00eancia\u201d.<\/p>\n\n\n\n<p>O juiz refor\u00e7ou que a senten\u00e7a anterior j\u00e1 resguardou o direito \u00e0 pens\u00e3o mesmo com reabilita\u00e7\u00e3o em outra fun\u00e7\u00e3o. Al\u00e9m disso, considerou il\u00edcita a demiss\u00e3o e registrou que o clube tinha ci\u00eancia do tratamento m\u00e9dico.<\/p>\n\n\n\n<p>\u201cClara ao mencionar que a reabilita\u00e7\u00e3o do empregado em fun\u00e7\u00e3o diversa n\u00e3o afasta o direito \u00e0 pens\u00e3o mensal, tendo em vista a redu\u00e7\u00e3o total da capacidade para o exerc\u00edcio da fun\u00e7\u00e3o anteriormente desenvolvida na empresa\u201d.<\/p>\n\n\n\n<p>Por fim, um laudo pericial apontou Transtorno Depressivo, Transtorno de Adapta\u00e7\u00e3o e Transtorno de P\u00e2nico, com origem ocupacional e nexo causal ou concausal com as atividades no clube. \u201cCom quadro agravado e com presen\u00e7a de idea\u00e7\u00e3o suicida, o que denota a gravidade do estado cl\u00ednico atual\u201d.<\/p>\n","protected":false},"excerpt":{"rendered":"<p>Nesta ter\u00e7a-feira (16), o Flamengo voltou a perder o processo do ex-seguran\u00e7a Benedito Ferreira, decorrente do inc\u00eandio no Ninho do Urubu de 2019. Segundo decis\u00e3o publicada nesta segunda-feira, o juiz Bruno Andrade de Macedo manteve a senten\u00e7a e aplicou multa de 2% sobre R$ 600 mil. O magistrado fixou R$ 100 mil por dano moral [&hellip;]<\/p>\n","protected":false},"author":39,"featured_media":275129,"comment_status":"open","ping_status":"closed","sticky":false,"template":"","format":"standard","meta":{"footnotes":""},"categories":[1],"tags":[],"class_list":["post-276655","post","type-post","status-publish","format-standard","has-post-thumbnail","hentry","category-flamengo"],"yoast_head":"<!-- This site is optimized with the Yoast SEO Premium plugin v24.2 (Yoast SEO v26.9) - https:\/\/yoast.com\/product\/yoast-seo-premium-wordpress\/ -->\n<title>Flamengo sofre derrota na Justi\u00e7a<\/title>\n<meta name=\"robots\" content=\"index, follow, max-snippet:-1, max-image-preview:large, max-video-preview:-1\" \/>\n<link rel=\"canonical\" href=\"https:\/\/www.gaveanews.com\/index.php\/2025\/09\/16\/flamengo-sofre-derrota-na-justica-2\/\" \/>\n<meta property=\"og:locale\" content=\"pt_BR\" \/>\n<meta property=\"og:type\" content=\"article\" \/>\n<meta property=\"og:title\" content=\"Flamengo sofre derrota na Justi\u00e7a\" \/>\n<meta property=\"og:description\" content=\"Nesta ter\u00e7a-feira (16), o Flamengo voltou a perder o processo do ex-seguran\u00e7a Benedito Ferreira, decorrente do inc\u00eandio no Ninho do Urubu de 2019. Segundo decis\u00e3o publicada nesta segunda-feira, o juiz Bruno Andrade de Macedo manteve a senten\u00e7a e aplicou multa de 2% sobre R$ 600 mil. O magistrado fixou R$ 100 mil por dano moral [&hellip;]\" \/>\n<meta property=\"og:url\" content=\"https:\/\/www.gaveanews.com\/index.php\/2025\/09\/16\/flamengo-sofre-derrota-na-justica-2\/\" \/>\n<meta property=\"og:site_name\" content=\"G\u00e1vea News\" \/>\n<meta property=\"article:publisher\" content=\"https:\/\/facebook.com\/gaveaNews\/\" \/>\n<meta property=\"article:published_time\" content=\"2025-09-17T01:00:00+00:00\" \/>\n<meta property=\"og:image\" content=\"https:\/\/www.gaveanews.com\/wp-content\/uploads\/Camisa-do-Flamengo-com-patrocinio-da-Betano.webp\" \/>\n\t<meta property=\"og:image:width\" content=\"969\" \/>\n\t<meta property=\"og:image:height\" content=\"726\" \/>\n\t<meta property=\"og:image:type\" content=\"image\/webp\" \/>\n<meta name=\"author\" content=\"Reda\u00e7\u00e3o\" \/>\n<meta name=\"twitter:card\" content=\"summary_large_image\" \/>\n<meta name=\"twitter:label1\" content=\"Escrito por\" \/>\n\t<meta name=\"twitter:data1\" content=\"Reda\u00e7\u00e3o\" \/>\n\t<meta name=\"twitter:label2\" content=\"Est. tempo de leitura\" \/>\n\t<meta name=\"twitter:data2\" content=\"2 minutos\" \/>\n<script type=\"application\/ld+json\" class=\"yoast-schema-graph\">{\"@context\":\"https:\/\/schema.org\",\"@graph\":[{\"@type\":\"NewsArticle\",\"@id\":\"https:\/\/www.gaveanews.com\/index.php\/2025\/09\/16\/flamengo-sofre-derrota-na-justica-2\/#article\",\"isPartOf\":{\"@id\":\"https:\/\/www.gaveanews.com\/index.php\/2025\/09\/16\/flamengo-sofre-derrota-na-justica-2\/\"},\"author\":{\"name\":\"Reda\u00e7\u00e3o\",\"@id\":\"https:\/\/www.gaveanews.com\/#\/schema\/person\/c88645e3d550d0b6574305e67dd5a716\"},\"headline\":\"Flamengo sofre derrota na Justi\u00e7a\",\"datePublished\":\"2025-09-17T01:00:00+00:00\",\"mainEntityOfPage\":{\"@id\":\"https:\/\/www.gaveanews.com\/index.php\/2025\/09\/16\/flamengo-sofre-derrota-na-justica-2\/\"},\"wordCount\":343,\"commentCount\":0,\"image\":{\"@id\":\"https:\/\/www.gaveanews.com\/index.php\/2025\/09\/16\/flamengo-sofre-derrota-na-justica-2\/#primaryimage\"},\"thumbnailUrl\":\"https:\/\/www.gaveanews.com\/wp-content\/uploads\/Camisa-do-Flamengo-com-patrocinio-da-Betano.webp\",\"articleSection\":[\"Flamengo\"],\"inLanguage\":\"pt-BR\",\"potentialAction\":[{\"@type\":\"CommentAction\",\"name\":\"Comment\",\"target\":[\"https:\/\/www.gaveanews.com\/index.php\/2025\/09\/16\/flamengo-sofre-derrota-na-justica-2\/#respond\"]}],\"copyrightYear\":\"2025\",\"copyrightHolder\":{\"@id\":\"https:\/\/www.gaveanews.com\/#organization\"}},{\"@type\":\"WebPage\",\"@id\":\"https:\/\/www.gaveanews.com\/index.php\/2025\/09\/16\/flamengo-sofre-derrota-na-justica-2\/\",\"url\":\"https:\/\/www.gaveanews.com\/index.php\/2025\/09\/16\/flamengo-sofre-derrota-na-justica-2\/\",\"name\":\"Flamengo sofre derrota na Justi\u00e7a\",\"isPartOf\":{\"@id\":\"https:\/\/www.gaveanews.com\/#website\"},\"primaryImageOfPage\":{\"@id\":\"https:\/\/www.gaveanews.com\/index.php\/2025\/09\/16\/flamengo-sofre-derrota-na-justica-2\/#primaryimage\"},\"image\":{\"@id\":\"https:\/\/www.gaveanews.com\/index.php\/2025\/09\/16\/flamengo-sofre-derrota-na-justica-2\/#primaryimage\"},\"thumbnailUrl\":\"https:\/\/www.gaveanews.com\/wp-content\/uploads\/Camisa-do-Flamengo-com-patrocinio-da-Betano.webp\",\"datePublished\":\"2025-09-17T01:00:00+00:00\",\"author\":{\"@id\":\"https:\/\/www.gaveanews.com\/#\/schema\/person\/c88645e3d550d0b6574305e67dd5a716\"},\"breadcrumb\":{\"@id\":\"https:\/\/www.gaveanews.com\/index.php\/2025\/09\/16\/flamengo-sofre-derrota-na-justica-2\/#breadcrumb\"},\"inLanguage\":\"pt-BR\",\"potentialAction\":[{\"@type\":\"ReadAction\",\"target\":[\"https:\/\/www.gaveanews.com\/index.php\/2025\/09\/16\/flamengo-sofre-derrota-na-justica-2\/\"]}]},{\"@type\":\"ImageObject\",\"inLanguage\":\"pt-BR\",\"@id\":\"https:\/\/www.gaveanews.com\/index.php\/2025\/09\/16\/flamengo-sofre-derrota-na-justica-2\/#primaryimage\",\"url\":\"https:\/\/www.gaveanews.com\/wp-content\/uploads\/Camisa-do-Flamengo-com-patrocinio-da-Betano.webp\",\"contentUrl\":\"https:\/\/www.gaveanews.com\/wp-content\/uploads\/Camisa-do-Flamengo-com-patrocinio-da-Betano.webp\",\"width\":969,\"height\":726,\"caption\":\"Camisa do Flamengo com patroc\u00ednio da Betano (Foto: Divulga\u00e7\u00e3o)\"},{\"@type\":\"BreadcrumbList\",\"@id\":\"https:\/\/www.gaveanews.com\/index.php\/2025\/09\/16\/flamengo-sofre-derrota-na-justica-2\/#breadcrumb\",\"itemListElement\":[{\"@type\":\"ListItem\",\"position\":1,\"name\":\"Home\",\"item\":\"https:\/\/www.gaveanews.com\/\"},{\"@type\":\"ListItem\",\"position\":2,\"name\":\"Flamengo sofre derrota na Justi\u00e7a\"}]},{\"@type\":\"WebSite\",\"@id\":\"https:\/\/www.gaveanews.com\/#website\",\"url\":\"https:\/\/www.gaveanews.com\/\",\"name\":\"G\u00e1vea News\",\"description\":\"Veja todas as not\u00edcias sobre o Flamengo: Contrata\u00e7\u00f5es, categorias de base, resultados das partidas, tabela de classifica\u00e7\u00e3o, pr\u00f3ximos jogos!\",\"potentialAction\":[{\"@type\":\"SearchAction\",\"target\":{\"@type\":\"EntryPoint\",\"urlTemplate\":\"https:\/\/www.gaveanews.com\/?s={search_term_string}\"},\"query-input\":{\"@type\":\"PropertyValueSpecification\",\"valueRequired\":true,\"valueName\":\"search_term_string\"}}],\"inLanguage\":\"pt-BR\"},{\"@type\":\"Person\",\"@id\":\"https:\/\/www.gaveanews.com\/#\/schema\/person\/c88645e3d550d0b6574305e67dd5a716\",\"name\":\"Reda\u00e7\u00e3o\",\"image\":{\"@type\":\"ImageObject\",\"inLanguage\":\"pt-BR\",\"@id\":\"https:\/\/www.gaveanews.com\/#\/schema\/person\/image\/\",\"url\":\"https:\/\/secure.gravatar.com\/avatar\/434098fd823f0dc1b062d14ca22bacaa6e38de28d8c816bbef6fc2f8c44d8ba3?s=96&d=mm&r=g\",\"contentUrl\":\"https:\/\/secure.gravatar.com\/avatar\/434098fd823f0dc1b062d14ca22bacaa6e38de28d8c816bbef6fc2f8c44d8ba3?s=96&d=mm&r=g\",\"caption\":\"Reda\u00e7\u00e3o\"}}]}<\/script>\n<!-- \/ Yoast SEO Premium plugin. -->","yoast_head_json":{"title":"Flamengo sofre derrota na Justi\u00e7a","robots":{"index":"index","follow":"follow","max-snippet":"max-snippet:-1","max-image-preview":"max-image-preview:large","max-video-preview":"max-video-preview:-1"},"canonical":"https:\/\/www.gaveanews.com\/index.php\/2025\/09\/16\/flamengo-sofre-derrota-na-justica-2\/","og_locale":"pt_BR","og_type":"article","og_title":"Flamengo sofre derrota na Justi\u00e7a","og_description":"Nesta ter\u00e7a-feira (16), o Flamengo voltou a perder o processo do ex-seguran\u00e7a Benedito Ferreira, decorrente do inc\u00eandio no Ninho do Urubu de 2019. Segundo decis\u00e3o publicada nesta segunda-feira, o juiz Bruno Andrade de Macedo manteve a senten\u00e7a e aplicou multa de 2% sobre R$ 600 mil. O magistrado fixou R$ 100 mil por dano moral [&hellip;]","og_url":"https:\/\/www.gaveanews.com\/index.php\/2025\/09\/16\/flamengo-sofre-derrota-na-justica-2\/","og_site_name":"G\u00e1vea News","article_publisher":"https:\/\/facebook.com\/gaveaNews\/","article_published_time":"2025-09-17T01:00:00+00:00","og_image":[{"width":969,"height":726,"url":"https:\/\/www.gaveanews.com\/wp-content\/uploads\/Camisa-do-Flamengo-com-patrocinio-da-Betano.webp","type":"image\/webp"}],"author":"Reda\u00e7\u00e3o","twitter_card":"summary_large_image","twitter_misc":{"Escrito por":"Reda\u00e7\u00e3o","Est. tempo de leitura":"2 minutos"},"schema":{"@context":"https:\/\/schema.org","@graph":[{"@type":"NewsArticle","@id":"https:\/\/www.gaveanews.com\/index.php\/2025\/09\/16\/flamengo-sofre-derrota-na-justica-2\/#article","isPartOf":{"@id":"https:\/\/www.gaveanews.com\/index.php\/2025\/09\/16\/flamengo-sofre-derrota-na-justica-2\/"},"author":{"name":"Reda\u00e7\u00e3o","@id":"https:\/\/www.gaveanews.com\/#\/schema\/person\/c88645e3d550d0b6574305e67dd5a716"},"headline":"Flamengo sofre derrota na Justi\u00e7a","datePublished":"2025-09-17T01:00:00+00:00","mainEntityOfPage":{"@id":"https:\/\/www.gaveanews.com\/index.php\/2025\/09\/16\/flamengo-sofre-derrota-na-justica-2\/"},"wordCount":343,"commentCount":0,"image":{"@id":"https:\/\/www.gaveanews.com\/index.php\/2025\/09\/16\/flamengo-sofre-derrota-na-justica-2\/#primaryimage"},"thumbnailUrl":"https:\/\/www.gaveanews.com\/wp-content\/uploads\/Camisa-do-Flamengo-com-patrocinio-da-Betano.webp","articleSection":["Flamengo"],"inLanguage":"pt-BR","potentialAction":[{"@type":"CommentAction","name":"Comment","target":["https:\/\/www.gaveanews.com\/index.php\/2025\/09\/16\/flamengo-sofre-derrota-na-justica-2\/#respond"]}],"copyrightYear":"2025","copyrightHolder":{"@id":"https:\/\/www.gaveanews.com\/#organization"}},{"@type":"WebPage","@id":"https:\/\/www.gaveanews.com\/index.php\/2025\/09\/16\/flamengo-sofre-derrota-na-justica-2\/","url":"https:\/\/www.gaveanews.com\/index.php\/2025\/09\/16\/flamengo-sofre-derrota-na-justica-2\/","name":"Flamengo sofre derrota na Justi\u00e7a","isPartOf":{"@id":"https:\/\/www.gaveanews.com\/#website"},"primaryImageOfPage":{"@id":"https:\/\/www.gaveanews.com\/index.php\/2025\/09\/16\/flamengo-sofre-derrota-na-justica-2\/#primaryimage"},"image":{"@id":"https:\/\/www.gaveanews.com\/index.php\/2025\/09\/16\/flamengo-sofre-derrota-na-justica-2\/#primaryimage"},"thumbnailUrl":"https:\/\/www.gaveanews.com\/wp-content\/uploads\/Camisa-do-Flamengo-com-patrocinio-da-Betano.webp","datePublished":"2025-09-17T01:00:00+00:00","author":{"@id":"https:\/\/www.gaveanews.com\/#\/schema\/person\/c88645e3d550d0b6574305e67dd5a716"},"breadcrumb":{"@id":"https:\/\/www.gaveanews.com\/index.php\/2025\/09\/16\/flamengo-sofre-derrota-na-justica-2\/#breadcrumb"},"inLanguage":"pt-BR","potentialAction":[{"@type":"ReadAction","target":["https:\/\/www.gaveanews.com\/index.php\/2025\/09\/16\/flamengo-sofre-derrota-na-justica-2\/"]}]},{"@type":"ImageObject","inLanguage":"pt-BR","@id":"https:\/\/www.gaveanews.com\/index.php\/2025\/09\/16\/flamengo-sofre-derrota-na-justica-2\/#primaryimage","url":"https:\/\/www.gaveanews.com\/wp-content\/uploads\/Camisa-do-Flamengo-com-patrocinio-da-Betano.webp","contentUrl":"https:\/\/www.gaveanews.com\/wp-content\/uploads\/Camisa-do-Flamengo-com-patrocinio-da-Betano.webp","width":969,"height":726,"caption":"Camisa do Flamengo com patroc\u00ednio da Betano (Foto: Divulga\u00e7\u00e3o)"},{"@type":"BreadcrumbList","@id":"https:\/\/www.gaveanews.com\/index.php\/2025\/09\/16\/flamengo-sofre-derrota-na-justica-2\/#breadcrumb","itemListElement":[{"@type":"ListItem","position":1,"name":"Home","item":"https:\/\/www.gaveanews.com\/"},{"@type":"ListItem","position":2,"name":"Flamengo sofre derrota na Justi\u00e7a"}]},{"@type":"WebSite","@id":"https:\/\/www.gaveanews.com\/#website","url":"https:\/\/www.gaveanews.com\/","name":"G\u00e1vea News","description":"Veja todas as not\u00edcias sobre o Flamengo: Contrata\u00e7\u00f5es, categorias de base, resultados das partidas, tabela de classifica\u00e7\u00e3o, pr\u00f3ximos jogos!","potentialAction":[{"@type":"SearchAction","target":{"@type":"EntryPoint","urlTemplate":"https:\/\/www.gaveanews.com\/?s={search_term_string}"},"query-input":{"@type":"PropertyValueSpecification","valueRequired":true,"valueName":"search_term_string"}}],"inLanguage":"pt-BR"},{"@type":"Person","@id":"https:\/\/www.gaveanews.com\/#\/schema\/person\/c88645e3d550d0b6574305e67dd5a716","name":"Reda\u00e7\u00e3o","image":{"@type":"ImageObject","inLanguage":"pt-BR","@id":"https:\/\/www.gaveanews.com\/#\/schema\/person\/image\/","url":"https:\/\/secure.gravatar.com\/avatar\/434098fd823f0dc1b062d14ca22bacaa6e38de28d8c816bbef6fc2f8c44d8ba3?s=96&d=mm&r=g","contentUrl":"https:\/\/secure.gravatar.com\/avatar\/434098fd823f0dc1b062d14ca22bacaa6e38de28d8c816bbef6fc2f8c44d8ba3?s=96&d=mm&r=g","caption":"Reda\u00e7\u00e3o"}}]}},"_links":{"self":[{"href":"https:\/\/www.gaveanews.com\/index.php\/wp-json\/wp\/v2\/posts\/276655","targetHints":{"allow":["GET"]}}],"collection":[{"href":"https:\/\/www.gaveanews.com\/index.php\/wp-json\/wp\/v2\/posts"}],"about":[{"href":"https:\/\/www.gaveanews.com\/index.php\/wp-json\/wp\/v2\/types\/post"}],"author":[{"embeddable":true,"href":"https:\/\/www.gaveanews.com\/index.php\/wp-json\/wp\/v2\/users\/39"}],"replies":[{"embeddable":true,"href":"https:\/\/www.gaveanews.com\/index.php\/wp-json\/wp\/v2\/comments?post=276655"}],"version-history":[{"count":1,"href":"https:\/\/www.gaveanews.com\/index.php\/wp-json\/wp\/v2\/posts\/276655\/revisions"}],"predecessor-version":[{"id":276665,"href":"https:\/\/www.gaveanews.com\/index.php\/wp-json\/wp\/v2\/posts\/276655\/revisions\/276665"}],"wp:featuredmedia":[{"embeddable":true,"href":"https:\/\/www.gaveanews.com\/index.php\/wp-json\/wp\/v2\/media\/275129"}],"wp:attachment":[{"href":"https:\/\/www.gaveanews.com\/index.php\/wp-json\/wp\/v2\/media?parent=276655"}],"wp:term":[{"taxonomy":"category","embeddable":true,"href":"https:\/\/www.gaveanews.com\/index.php\/wp-json\/wp\/v2\/categories?post=276655"},{"taxonomy":"post_tag","embeddable":true,"href":"https:\/\/www.gaveanews.com\/index.php\/wp-json\/wp\/v2\/tags?post=276655"}],"curies":[{"name":"wp","href":"https:\/\/api.w.org\/{rel}","templated":true}]}}