{"id":276670,"date":"2025-09-17T09:29:48","date_gmt":"2025-09-17T12:29:48","guid":{"rendered":"https:\/\/www.gaveanews.com\/?p=276670"},"modified":"2025-09-17T09:29:55","modified_gmt":"2025-09-17T12:29:55","slug":"a-declaracao-de-simeone-direcionada-a-filipe-luis-saul-e-samuel-lino-do-flamengo","status":"publish","type":"post","link":"https:\/\/www.gaveanews.com\/index.php\/2025\/09\/17\/a-declaracao-de-simeone-direcionada-a-filipe-luis-saul-e-samuel-lino-do-flamengo\/","title":{"rendered":"A declara\u00e7\u00e3o de Simeone direcionada a Filipe Lu\u00eds, Sa\u00fal e Samuel Lino, do Flamengo"},"content":{"rendered":"\n<p>O t\u00e9cnico Diego Simeone, do Atl\u00e9tico de Madrid, voltou a demonstrar respeito pelo Flamengo e pelos ex-comandados que hoje vestem a camisa rubro-negra. A declara\u00e7\u00e3o foi dada em entrevista \u00e0 TNT Sports, em meio ao reconhecimento internacional do trabalho de Filipe Lu\u00eds e da presen\u00e7a de atletas com passagem pelos colchoneros no clube carioca.<\/p>\n\n\n\n<p>O contexto desse elogio envolve tamb\u00e9m a visibilidade que o Flamengo tem alcan\u00e7ado na Europa. L\u00edder do Brasileir\u00e3o e classificado \u00e0s quartas de final da Libertadores, o time comandado por Filipe Lu\u00eds vem chamando a aten\u00e7\u00e3o pela consist\u00eancia apresentada na temporada, mesmo com baixas importantes e ajustes feitos no elenco.<\/p>\n\n\n\n<p>Simeone foi questionado se acompanha o desempenho do Flamengo. O treinador admitiu que o fuso hor\u00e1rio dificulta assistir \u00e0s partidas, mas ressaltou o v\u00ednculo afetivo que mant\u00e9m com nomes como Filipe Lu\u00eds, Sa\u00fal e Samuel Lino, todos com passagem marcante pelo Atl\u00e9tico de Madrid.<\/p>\n\n\n\n<p>\u201cA verdade \u00e9 que eu n\u00e3o tenho acompanhado os jogos do Brasil, sinceramente, principalmente pelo fuso hor\u00e1rio, que \u00e9 muito tarde. Mas sempre guardo um enorme carinho por Filipe Lu\u00eds, Samu Lino e pelo Sa\u00fal. E o Flamengo, a verdade \u00e9 que \u00e9 um time hist\u00f3rico no Brasil e no mundo. \u00c9 sempre bonito v\u00ea-los jogar\u201d.<\/p>\n\n\n\n<p>O fuso hor\u00e1rio realmente \u00e9 um obst\u00e1culo para quem vive na Europa. Enquanto o Flamengo enfrenta o Estudiantes nesta quinta-feira (18 de setembro), \u00e0s 21h30 (hor\u00e1rio de Bras\u00edlia), os torcedores em Madri s\u00f3 poderiam acompanhar o in\u00edcio da partida \u00e0s 2h30 da madrugada de sexta-feira (19).<\/p>\n\n\n\n<p>Na mesma entrevista, Simeone refor\u00e7ou a dimens\u00e3o hist\u00f3rica do Flamengo. O reconhecimento ecoa em meio a especula\u00e7\u00f5es na imprensa europeia sobre a possibilidade de Filipe Lu\u00eds, \u00eddolo do clube carioca, ser cogitado no futuro para suced\u00ea-lo no comando do Atl\u00e9tico de Madrid, dado o la\u00e7o constru\u00eddo entre os dois ao longo de mais de uma d\u00e9cada.<\/p>\n\n\n\n<p>O ex-lateral, que fez carreira de destaque no futebol europeu e retornou ao Brasil para encerrar a trajet\u00f3ria como jogador no Flamengo, vem se consolidando como treinador. Sua presen\u00e7a \u00e0 beira do campo mant\u00e9m viva a ponte entre o estilo competitivo do Atl\u00e9tico e a tradi\u00e7\u00e3o vencedora do Rubro-Negro.<\/p>\n","protected":false},"excerpt":{"rendered":"<p>O t\u00e9cnico Diego Simeone, do Atl\u00e9tico de Madrid, voltou a demonstrar respeito pelo Flamengo e pelos ex-comandados que hoje vestem a camisa rubro-negra. A declara\u00e7\u00e3o foi dada em entrevista \u00e0 TNT Sports, em meio ao reconhecimento internacional do trabalho de Filipe Lu\u00eds e da presen\u00e7a de atletas com passagem pelos colchoneros no clube carioca. O [&hellip;]<\/p>\n","protected":false},"author":15,"featured_media":110767,"comment_status":"open","ping_status":"closed","sticky":false,"template":"","format":"standard","meta":{"footnotes":""},"categories":[1],"tags":[],"class_list":["post-276670","post","type-post","status-publish","format-standard","has-post-thumbnail","hentry","category-flamengo"],"yoast_head":"<!-- This site is optimized with the Yoast SEO Premium plugin v24.2 (Yoast SEO v26.9) - https:\/\/yoast.com\/product\/yoast-seo-premium-wordpress\/ -->\n<title>A declara\u00e7\u00e3o de Simeone direcionada a Filipe Lu\u00eds, Sa\u00fal e Samuel Lino, do Flamengo<\/title>\n<meta name=\"robots\" content=\"index, follow, max-snippet:-1, max-image-preview:large, max-video-preview:-1\" \/>\n<link rel=\"canonical\" href=\"https:\/\/www.gaveanews.com\/index.php\/2025\/09\/17\/a-declaracao-de-simeone-direcionada-a-filipe-luis-saul-e-samuel-lino-do-flamengo\/\" \/>\n<meta property=\"og:locale\" content=\"pt_BR\" \/>\n<meta property=\"og:type\" content=\"article\" \/>\n<meta property=\"og:title\" content=\"A declara\u00e7\u00e3o de Simeone direcionada a Filipe Lu\u00eds, Sa\u00fal e Samuel Lino, do Flamengo\" \/>\n<meta property=\"og:description\" content=\"O t\u00e9cnico Diego Simeone, do Atl\u00e9tico de Madrid, voltou a demonstrar respeito pelo Flamengo e pelos ex-comandados que hoje vestem a camisa rubro-negra. A declara\u00e7\u00e3o foi dada em entrevista \u00e0 TNT Sports, em meio ao reconhecimento internacional do trabalho de Filipe Lu\u00eds e da presen\u00e7a de atletas com passagem pelos colchoneros no clube carioca. O [&hellip;]\" \/>\n<meta property=\"og:url\" content=\"https:\/\/www.gaveanews.com\/index.php\/2025\/09\/17\/a-declaracao-de-simeone-direcionada-a-filipe-luis-saul-e-samuel-lino-do-flamengo\/\" \/>\n<meta property=\"og:site_name\" content=\"G\u00e1vea News\" \/>\n<meta property=\"article:publisher\" content=\"https:\/\/facebook.com\/gaveaNews\/\" \/>\n<meta property=\"article:published_time\" content=\"2025-09-17T12:29:48+00:00\" \/>\n<meta property=\"article:modified_time\" content=\"2025-09-17T12:29:55+00:00\" \/>\n<meta property=\"og:image\" content=\"http:\/\/www.gaveanews.com\/wp-content\/uploads\/Simeone-durante-treino-do-Atletico-de-Madrid.webp\" \/>\n\t<meta property=\"og:image:width\" content=\"1080\" \/>\n\t<meta property=\"og:image:height\" content=\"1350\" \/>\n\t<meta property=\"og:image:type\" content=\"image\/jpeg\" \/>\n<meta name=\"author\" content=\"Henrique Machado\" \/>\n<meta name=\"twitter:card\" content=\"summary_large_image\" \/>\n<meta name=\"twitter:label1\" content=\"Escrito por\" \/>\n\t<meta name=\"twitter:data1\" content=\"Henrique Machado\" \/>\n\t<meta name=\"twitter:label2\" content=\"Est. tempo de leitura\" \/>\n\t<meta name=\"twitter:data2\" content=\"3 minutos\" \/>\n<script type=\"application\/ld+json\" class=\"yoast-schema-graph\">{\"@context\":\"https:\/\/schema.org\",\"@graph\":[{\"@type\":\"NewsArticle\",\"@id\":\"https:\/\/www.gaveanews.com\/index.php\/2025\/09\/17\/a-declaracao-de-simeone-direcionada-a-filipe-luis-saul-e-samuel-lino-do-flamengo\/#article\",\"isPartOf\":{\"@id\":\"https:\/\/www.gaveanews.com\/index.php\/2025\/09\/17\/a-declaracao-de-simeone-direcionada-a-filipe-luis-saul-e-samuel-lino-do-flamengo\/\"},\"author\":{\"name\":\"Henrique Machado\",\"@id\":\"https:\/\/www.gaveanews.com\/#\/schema\/person\/fd07635ec039ec3ba74ad18ec8a6dbd6\"},\"headline\":\"A declara\u00e7\u00e3o de Simeone direcionada a Filipe Lu\u00eds, Sa\u00fal e Samuel Lino, do Flamengo\",\"datePublished\":\"2025-09-17T12:29:48+00:00\",\"dateModified\":\"2025-09-17T12:29:55+00:00\",\"mainEntityOfPage\":{\"@id\":\"https:\/\/www.gaveanews.com\/index.php\/2025\/09\/17\/a-declaracao-de-simeone-direcionada-a-filipe-luis-saul-e-samuel-lino-do-flamengo\/\"},\"wordCount\":406,\"commentCount\":0,\"image\":{\"@id\":\"https:\/\/www.gaveanews.com\/index.php\/2025\/09\/17\/a-declaracao-de-simeone-direcionada-a-filipe-luis-saul-e-samuel-lino-do-flamengo\/#primaryimage\"},\"thumbnailUrl\":\"https:\/\/www.gaveanews.com\/wp-content\/uploads\/Simeone-durante-treino-do-Atletico-de-Madrid.webp\",\"articleSection\":[\"Flamengo\"],\"inLanguage\":\"pt-BR\",\"potentialAction\":[{\"@type\":\"CommentAction\",\"name\":\"Comment\",\"target\":[\"https:\/\/www.gaveanews.com\/index.php\/2025\/09\/17\/a-declaracao-de-simeone-direcionada-a-filipe-luis-saul-e-samuel-lino-do-flamengo\/#respond\"]}],\"copyrightYear\":\"2025\",\"copyrightHolder\":{\"@id\":\"https:\/\/www.gaveanews.com\/#organization\"}},{\"@type\":\"WebPage\",\"@id\":\"https:\/\/www.gaveanews.com\/index.php\/2025\/09\/17\/a-declaracao-de-simeone-direcionada-a-filipe-luis-saul-e-samuel-lino-do-flamengo\/\",\"url\":\"https:\/\/www.gaveanews.com\/index.php\/2025\/09\/17\/a-declaracao-de-simeone-direcionada-a-filipe-luis-saul-e-samuel-lino-do-flamengo\/\",\"name\":\"A declara\u00e7\u00e3o de Simeone direcionada a Filipe Lu\u00eds, Sa\u00fal e Samuel Lino, do Flamengo\",\"isPartOf\":{\"@id\":\"https:\/\/www.gaveanews.com\/#website\"},\"primaryImageOfPage\":{\"@id\":\"https:\/\/www.gaveanews.com\/index.php\/2025\/09\/17\/a-declaracao-de-simeone-direcionada-a-filipe-luis-saul-e-samuel-lino-do-flamengo\/#primaryimage\"},\"image\":{\"@id\":\"https:\/\/www.gaveanews.com\/index.php\/2025\/09\/17\/a-declaracao-de-simeone-direcionada-a-filipe-luis-saul-e-samuel-lino-do-flamengo\/#primaryimage\"},\"thumbnailUrl\":\"https:\/\/www.gaveanews.com\/wp-content\/uploads\/Simeone-durante-treino-do-Atletico-de-Madrid.webp\",\"datePublished\":\"2025-09-17T12:29:48+00:00\",\"dateModified\":\"2025-09-17T12:29:55+00:00\",\"author\":{\"@id\":\"https:\/\/www.gaveanews.com\/#\/schema\/person\/fd07635ec039ec3ba74ad18ec8a6dbd6\"},\"breadcrumb\":{\"@id\":\"https:\/\/www.gaveanews.com\/index.php\/2025\/09\/17\/a-declaracao-de-simeone-direcionada-a-filipe-luis-saul-e-samuel-lino-do-flamengo\/#breadcrumb\"},\"inLanguage\":\"pt-BR\",\"potentialAction\":[{\"@type\":\"ReadAction\",\"target\":[\"https:\/\/www.gaveanews.com\/index.php\/2025\/09\/17\/a-declaracao-de-simeone-direcionada-a-filipe-luis-saul-e-samuel-lino-do-flamengo\/\"]}]},{\"@type\":\"ImageObject\",\"inLanguage\":\"pt-BR\",\"@id\":\"https:\/\/www.gaveanews.com\/index.php\/2025\/09\/17\/a-declaracao-de-simeone-direcionada-a-filipe-luis-saul-e-samuel-lino-do-flamengo\/#primaryimage\",\"url\":\"https:\/\/www.gaveanews.com\/wp-content\/uploads\/Simeone-durante-treino-do-Atletico-de-Madrid.webp\",\"contentUrl\":\"https:\/\/www.gaveanews.com\/wp-content\/uploads\/Simeone-durante-treino-do-Atletico-de-Madrid.webp\",\"width\":1080,\"height\":1350,\"caption\":\"Simeone durante treino do Atl\u00e9tico de Madrid (Foto: Reprodu\u00e7\u00e3o\/Instagram)\"},{\"@type\":\"BreadcrumbList\",\"@id\":\"https:\/\/www.gaveanews.com\/index.php\/2025\/09\/17\/a-declaracao-de-simeone-direcionada-a-filipe-luis-saul-e-samuel-lino-do-flamengo\/#breadcrumb\",\"itemListElement\":[{\"@type\":\"ListItem\",\"position\":1,\"name\":\"Home\",\"item\":\"https:\/\/www.gaveanews.com\/\"},{\"@type\":\"ListItem\",\"position\":2,\"name\":\"A declara\u00e7\u00e3o de Simeone direcionada a Filipe Lu\u00eds, Sa\u00fal e Samuel Lino, do Flamengo\"}]},{\"@type\":\"WebSite\",\"@id\":\"https:\/\/www.gaveanews.com\/#website\",\"url\":\"https:\/\/www.gaveanews.com\/\",\"name\":\"G\u00e1vea News\",\"description\":\"Veja todas as not\u00edcias sobre o Flamengo: Contrata\u00e7\u00f5es, categorias de base, resultados das partidas, tabela de classifica\u00e7\u00e3o, pr\u00f3ximos jogos!\",\"potentialAction\":[{\"@type\":\"SearchAction\",\"target\":{\"@type\":\"EntryPoint\",\"urlTemplate\":\"https:\/\/www.gaveanews.com\/?s={search_term_string}\"},\"query-input\":{\"@type\":\"PropertyValueSpecification\",\"valueRequired\":true,\"valueName\":\"search_term_string\"}}],\"inLanguage\":\"pt-BR\"},{\"@type\":\"Person\",\"@id\":\"https:\/\/www.gaveanews.com\/#\/schema\/person\/fd07635ec039ec3ba74ad18ec8a6dbd6\",\"name\":\"Henrique Machado\",\"image\":{\"@type\":\"ImageObject\",\"inLanguage\":\"pt-BR\",\"@id\":\"https:\/\/www.gaveanews.com\/#\/schema\/person\/image\/\",\"url\":\"https:\/\/secure.gravatar.com\/avatar\/b95e35997e01d9800c1b6184bd79d4d898d370a3fce2584f5c77b907d5c7d9e9?s=96&d=mm&r=g\",\"contentUrl\":\"https:\/\/secure.gravatar.com\/avatar\/b95e35997e01d9800c1b6184bd79d4d898d370a3fce2584f5c77b907d5c7d9e9?s=96&d=mm&r=g\",\"caption\":\"Henrique Machado\"}}]}<\/script>\n<!-- \/ Yoast SEO Premium plugin. -->","yoast_head_json":{"title":"A declara\u00e7\u00e3o de Simeone direcionada a Filipe Lu\u00eds, Sa\u00fal e Samuel Lino, do Flamengo","robots":{"index":"index","follow":"follow","max-snippet":"max-snippet:-1","max-image-preview":"max-image-preview:large","max-video-preview":"max-video-preview:-1"},"canonical":"https:\/\/www.gaveanews.com\/index.php\/2025\/09\/17\/a-declaracao-de-simeone-direcionada-a-filipe-luis-saul-e-samuel-lino-do-flamengo\/","og_locale":"pt_BR","og_type":"article","og_title":"A declara\u00e7\u00e3o de Simeone direcionada a Filipe Lu\u00eds, Sa\u00fal e Samuel Lino, do Flamengo","og_description":"O t\u00e9cnico Diego Simeone, do Atl\u00e9tico de Madrid, voltou a demonstrar respeito pelo Flamengo e pelos ex-comandados que hoje vestem a camisa rubro-negra. A declara\u00e7\u00e3o foi dada em entrevista \u00e0 TNT Sports, em meio ao reconhecimento internacional do trabalho de Filipe Lu\u00eds e da presen\u00e7a de atletas com passagem pelos colchoneros no clube carioca. O [&hellip;]","og_url":"https:\/\/www.gaveanews.com\/index.php\/2025\/09\/17\/a-declaracao-de-simeone-direcionada-a-filipe-luis-saul-e-samuel-lino-do-flamengo\/","og_site_name":"G\u00e1vea News","article_publisher":"https:\/\/facebook.com\/gaveaNews\/","article_published_time":"2025-09-17T12:29:48+00:00","article_modified_time":"2025-09-17T12:29:55+00:00","og_image":[{"width":1080,"height":1350,"url":"http:\/\/www.gaveanews.com\/wp-content\/uploads\/Simeone-durante-treino-do-Atletico-de-Madrid.webp","type":"image\/jpeg"}],"author":"Henrique Machado","twitter_card":"summary_large_image","twitter_misc":{"Escrito por":"Henrique Machado","Est. tempo de leitura":"3 minutos"},"schema":{"@context":"https:\/\/schema.org","@graph":[{"@type":"NewsArticle","@id":"https:\/\/www.gaveanews.com\/index.php\/2025\/09\/17\/a-declaracao-de-simeone-direcionada-a-filipe-luis-saul-e-samuel-lino-do-flamengo\/#article","isPartOf":{"@id":"https:\/\/www.gaveanews.com\/index.php\/2025\/09\/17\/a-declaracao-de-simeone-direcionada-a-filipe-luis-saul-e-samuel-lino-do-flamengo\/"},"author":{"name":"Henrique Machado","@id":"https:\/\/www.gaveanews.com\/#\/schema\/person\/fd07635ec039ec3ba74ad18ec8a6dbd6"},"headline":"A declara\u00e7\u00e3o de Simeone direcionada a Filipe Lu\u00eds, Sa\u00fal e Samuel Lino, do Flamengo","datePublished":"2025-09-17T12:29:48+00:00","dateModified":"2025-09-17T12:29:55+00:00","mainEntityOfPage":{"@id":"https:\/\/www.gaveanews.com\/index.php\/2025\/09\/17\/a-declaracao-de-simeone-direcionada-a-filipe-luis-saul-e-samuel-lino-do-flamengo\/"},"wordCount":406,"commentCount":0,"image":{"@id":"https:\/\/www.gaveanews.com\/index.php\/2025\/09\/17\/a-declaracao-de-simeone-direcionada-a-filipe-luis-saul-e-samuel-lino-do-flamengo\/#primaryimage"},"thumbnailUrl":"https:\/\/www.gaveanews.com\/wp-content\/uploads\/Simeone-durante-treino-do-Atletico-de-Madrid.webp","articleSection":["Flamengo"],"inLanguage":"pt-BR","potentialAction":[{"@type":"CommentAction","name":"Comment","target":["https:\/\/www.gaveanews.com\/index.php\/2025\/09\/17\/a-declaracao-de-simeone-direcionada-a-filipe-luis-saul-e-samuel-lino-do-flamengo\/#respond"]}],"copyrightYear":"2025","copyrightHolder":{"@id":"https:\/\/www.gaveanews.com\/#organization"}},{"@type":"WebPage","@id":"https:\/\/www.gaveanews.com\/index.php\/2025\/09\/17\/a-declaracao-de-simeone-direcionada-a-filipe-luis-saul-e-samuel-lino-do-flamengo\/","url":"https:\/\/www.gaveanews.com\/index.php\/2025\/09\/17\/a-declaracao-de-simeone-direcionada-a-filipe-luis-saul-e-samuel-lino-do-flamengo\/","name":"A declara\u00e7\u00e3o de Simeone direcionada a Filipe Lu\u00eds, Sa\u00fal e Samuel Lino, do Flamengo","isPartOf":{"@id":"https:\/\/www.gaveanews.com\/#website"},"primaryImageOfPage":{"@id":"https:\/\/www.gaveanews.com\/index.php\/2025\/09\/17\/a-declaracao-de-simeone-direcionada-a-filipe-luis-saul-e-samuel-lino-do-flamengo\/#primaryimage"},"image":{"@id":"https:\/\/www.gaveanews.com\/index.php\/2025\/09\/17\/a-declaracao-de-simeone-direcionada-a-filipe-luis-saul-e-samuel-lino-do-flamengo\/#primaryimage"},"thumbnailUrl":"https:\/\/www.gaveanews.com\/wp-content\/uploads\/Simeone-durante-treino-do-Atletico-de-Madrid.webp","datePublished":"2025-09-17T12:29:48+00:00","dateModified":"2025-09-17T12:29:55+00:00","author":{"@id":"https:\/\/www.gaveanews.com\/#\/schema\/person\/fd07635ec039ec3ba74ad18ec8a6dbd6"},"breadcrumb":{"@id":"https:\/\/www.gaveanews.com\/index.php\/2025\/09\/17\/a-declaracao-de-simeone-direcionada-a-filipe-luis-saul-e-samuel-lino-do-flamengo\/#breadcrumb"},"inLanguage":"pt-BR","potentialAction":[{"@type":"ReadAction","target":["https:\/\/www.gaveanews.com\/index.php\/2025\/09\/17\/a-declaracao-de-simeone-direcionada-a-filipe-luis-saul-e-samuel-lino-do-flamengo\/"]}]},{"@type":"ImageObject","inLanguage":"pt-BR","@id":"https:\/\/www.gaveanews.com\/index.php\/2025\/09\/17\/a-declaracao-de-simeone-direcionada-a-filipe-luis-saul-e-samuel-lino-do-flamengo\/#primaryimage","url":"https:\/\/www.gaveanews.com\/wp-content\/uploads\/Simeone-durante-treino-do-Atletico-de-Madrid.webp","contentUrl":"https:\/\/www.gaveanews.com\/wp-content\/uploads\/Simeone-durante-treino-do-Atletico-de-Madrid.webp","width":1080,"height":1350,"caption":"Simeone durante treino do Atl\u00e9tico de Madrid (Foto: Reprodu\u00e7\u00e3o\/Instagram)"},{"@type":"BreadcrumbList","@id":"https:\/\/www.gaveanews.com\/index.php\/2025\/09\/17\/a-declaracao-de-simeone-direcionada-a-filipe-luis-saul-e-samuel-lino-do-flamengo\/#breadcrumb","itemListElement":[{"@type":"ListItem","position":1,"name":"Home","item":"https:\/\/www.gaveanews.com\/"},{"@type":"ListItem","position":2,"name":"A declara\u00e7\u00e3o de Simeone direcionada a Filipe Lu\u00eds, Sa\u00fal e Samuel Lino, do Flamengo"}]},{"@type":"WebSite","@id":"https:\/\/www.gaveanews.com\/#website","url":"https:\/\/www.gaveanews.com\/","name":"G\u00e1vea News","description":"Veja todas as not\u00edcias sobre o Flamengo: Contrata\u00e7\u00f5es, categorias de base, resultados das partidas, tabela de classifica\u00e7\u00e3o, pr\u00f3ximos jogos!","potentialAction":[{"@type":"SearchAction","target":{"@type":"EntryPoint","urlTemplate":"https:\/\/www.gaveanews.com\/?s={search_term_string}"},"query-input":{"@type":"PropertyValueSpecification","valueRequired":true,"valueName":"search_term_string"}}],"inLanguage":"pt-BR"},{"@type":"Person","@id":"https:\/\/www.gaveanews.com\/#\/schema\/person\/fd07635ec039ec3ba74ad18ec8a6dbd6","name":"Henrique Machado","image":{"@type":"ImageObject","inLanguage":"pt-BR","@id":"https:\/\/www.gaveanews.com\/#\/schema\/person\/image\/","url":"https:\/\/secure.gravatar.com\/avatar\/b95e35997e01d9800c1b6184bd79d4d898d370a3fce2584f5c77b907d5c7d9e9?s=96&d=mm&r=g","contentUrl":"https:\/\/secure.gravatar.com\/avatar\/b95e35997e01d9800c1b6184bd79d4d898d370a3fce2584f5c77b907d5c7d9e9?s=96&d=mm&r=g","caption":"Henrique Machado"}}]}},"_links":{"self":[{"href":"https:\/\/www.gaveanews.com\/index.php\/wp-json\/wp\/v2\/posts\/276670","targetHints":{"allow":["GET"]}}],"collection":[{"href":"https:\/\/www.gaveanews.com\/index.php\/wp-json\/wp\/v2\/posts"}],"about":[{"href":"https:\/\/www.gaveanews.com\/index.php\/wp-json\/wp\/v2\/types\/post"}],"author":[{"embeddable":true,"href":"https:\/\/www.gaveanews.com\/index.php\/wp-json\/wp\/v2\/users\/15"}],"replies":[{"embeddable":true,"href":"https:\/\/www.gaveanews.com\/index.php\/wp-json\/wp\/v2\/comments?post=276670"}],"version-history":[{"count":1,"href":"https:\/\/www.gaveanews.com\/index.php\/wp-json\/wp\/v2\/posts\/276670\/revisions"}],"predecessor-version":[{"id":276671,"href":"https:\/\/www.gaveanews.com\/index.php\/wp-json\/wp\/v2\/posts\/276670\/revisions\/276671"}],"wp:featuredmedia":[{"embeddable":true,"href":"https:\/\/www.gaveanews.com\/index.php\/wp-json\/wp\/v2\/media\/110767"}],"wp:attachment":[{"href":"https:\/\/www.gaveanews.com\/index.php\/wp-json\/wp\/v2\/media?parent=276670"}],"wp:term":[{"taxonomy":"category","embeddable":true,"href":"https:\/\/www.gaveanews.com\/index.php\/wp-json\/wp\/v2\/categories?post=276670"},{"taxonomy":"post_tag","embeddable":true,"href":"https:\/\/www.gaveanews.com\/index.php\/wp-json\/wp\/v2\/tags?post=276670"}],"curies":[{"name":"wp","href":"https:\/\/api.w.org\/{rel}","templated":true}]}}