{"id":276672,"date":"2025-09-17T10:01:30","date_gmt":"2025-09-17T13:01:30","guid":{"rendered":"https:\/\/www.gaveanews.com\/?p=276672"},"modified":"2025-09-17T10:01:34","modified_gmt":"2025-09-17T13:01:34","slug":"video-jorge-jesus-e-sincero-ao-falar-sobre-filipe-luis-do-flamengo","status":"publish","type":"post","link":"https:\/\/www.gaveanews.com\/index.php\/2025\/09\/17\/video-jorge-jesus-e-sincero-ao-falar-sobre-filipe-luis-do-flamengo\/","title":{"rendered":"V\u00eddeo: Jorge Jesus \u00e9 sincero ao falar sobre Filipe Lu\u00eds, do Flamengo"},"content":{"rendered":"\n<p>Jorge Jesus, t\u00e9cnico do Al Nassr, elogiou publicamente o treinador do <a href=\"https:\/\/www.gaveanews.com\/index.php\/category\/brasileirao\/flamengo\/\" target=\"_blank\" rel=\"noopener noreferrer\">Flamengo<\/a>, Filipe Lu\u00eds, em entrevista ao Canal Goat na ter\u00e7a-feira (16 de setembro).<\/p>\n\n\n\n<p>Em 2019, Filipe Lu\u00eds trabalhou com Jorge Jesus no Flamengo, ainda como lateral esquerdo. Naquela temporada, juntos conquistaram um Campeonato Brasileiro, uma Libertadores, uma Recopa, uma Supercopa e um Carioca.<\/p>\n\n\n\n<p>Em conversa com o Canal Goat, o portugu\u00eas ressaltou a proximidade e o aprendizado acumulado entre ambos.<\/p>\n\n\n\n<p>&#8220;Al\u00e9m de ser amigo, \u00e9 uma pessoa grata, e h\u00e1 pessoas no futebol que esquecem as coisas com muita facilidade. Continuamos a falar muito. Ele \u00e9 um treinador que est\u00e1 come\u00e7ando a carreira e que absorveu o conhecimento da minha forma de trabalhar, e acredito muito em seu crescimento.&#8221;<\/p>\n\n\n\n<p>Na sequ\u00eancia, Jesus projetou a evolu\u00e7\u00e3o do colega e destacou tra\u00e7os pessoais: &#8220;Ele est\u00e1 aprendendo, nossos primeiros anos de carreira s\u00e3o assim, como os meus. Agora, sei que ele ter\u00e1 um futuro brilhante, vai ter. O Filipe \u00e9 um amigo grato, um grande pai de fam\u00edlia e ser\u00e1 um grande treinador.&#8221;<\/p>\n\n\n\n<blockquote class=\"twitter-tweet\" data-media-max-width=\"560\"><p lang=\"pt\" dir=\"ltr\">\u201cPara al\u00e9m de ser amigo, \u00e9 uma pessoa grata. H\u00e1 pessoas no futebol que se esquecem com muita facilidade das coisas.\u201d <br><br>Em exclusiva, Jorge Jesus rasgou elogios a Filipe Lu\u00eds, enalteceu a qualidade do jovem treinador e tamb\u00e9m destacou o car\u00e1ter de Filipe \ud83e\udd79\u2665\ufe0f <a href=\"https:\/\/twitter.com\/CanalGOATBR?ref_src=twsrc%5Etfw\">@CanalGOATBR<\/a> <a href=\"https:\/\/t.co\/gdcDfC9uYG\">pic.twitter.com\/gdcDfC9uYG<\/a><\/p>&mdash; Isabelle Costa (@bellexcosta) <a href=\"https:\/\/twitter.com\/bellexcosta\/status\/1968088929632129236?ref_src=twsrc%5Etfw\">September 16, 2025<\/a><\/blockquote> <script async src=\"https:\/\/platform.twitter.com\/widgets.js\" charset=\"utf-8\"><\/script>\n\n\n\n<p>Por sua vez, Filipe Lu\u00eds j\u00e1 admitiu que se inspira no m\u00e9todo de Jorge Jesus e chegou a se definir como \u201cc\u00f3pia\u201d do ex-comandante. Entretanto, ele rejeitou compara\u00e7\u00f5es entre \u00e9pocas e elencos.<\/p>\n\n\n\n<p>&#8220;Bom, primeiramente, eu n\u00e3o posso nunca comparar times passados com o meu time atual, s\u00e3o jogadores totalmente diferentes. Eu n\u00e3o posso nunca, jamais, me colocar \u00e0 altura do treinador que estava naquele momento, que era o Jorge Jesus.&#8221;<\/p>\n\n\n\n<p>Em outra resposta, o t\u00e9cnico rubro-negro valorizou o impacto do portugu\u00eas no clube: &#8220;Se n\u00e3o \u00e9 o melhor da hist\u00f3ria, \u00e9 um dos melhores que passaram aqui no Flamengo. Eu nunca serei parecido, nunca farei algo semelhante ao que ele fez.&#8221;<\/p>\n\n\n\n<p>O Flamengo tem compromisso pela Libertadores na quinta-feira (18 de setembro), contra o Estudiantes (ARG), \u00e0s 21h30 (hor\u00e1rio de Bras\u00edlia), no Maracan\u00e3. Depois, enfrenta o Vasco no domingo (21 de setembro), tamb\u00e9m no Maracan\u00e3, pelo Brasileir\u00e3o.<\/p>\n","protected":false},"excerpt":{"rendered":"<p>Jorge Jesus, t\u00e9cnico do Al Nassr, elogiou publicamente o treinador do Flamengo, Filipe Lu\u00eds, em entrevista ao Canal Goat na ter\u00e7a-feira (16 de setembro). Em 2019, Filipe Lu\u00eds trabalhou com Jorge Jesus no Flamengo, ainda como lateral esquerdo. Naquela temporada, juntos conquistaram um Campeonato Brasileiro, uma Libertadores, uma Recopa, uma Supercopa e um Carioca. Em [&hellip;]<\/p>\n","protected":false},"author":39,"featured_media":170129,"comment_status":"open","ping_status":"closed","sticky":false,"template":"","format":"standard","meta":{"footnotes":""},"categories":[1],"tags":[],"class_list":["post-276672","post","type-post","status-publish","format-standard","has-post-thumbnail","hentry","category-flamengo"],"yoast_head":"<!-- This site is optimized with the Yoast SEO Premium plugin v24.2 (Yoast SEO v26.9) - https:\/\/yoast.com\/product\/yoast-seo-premium-wordpress\/ -->\n<title>V\u00eddeo: Jorge Jesus \u00e9 sincero ao falar sobre Filipe Lu\u00eds, do Flamengo<\/title>\n<meta name=\"robots\" content=\"index, follow, max-snippet:-1, max-image-preview:large, max-video-preview:-1\" \/>\n<link rel=\"canonical\" href=\"https:\/\/www.gaveanews.com\/index.php\/2025\/09\/17\/video-jorge-jesus-e-sincero-ao-falar-sobre-filipe-luis-do-flamengo\/\" \/>\n<meta property=\"og:locale\" content=\"pt_BR\" \/>\n<meta property=\"og:type\" content=\"article\" \/>\n<meta property=\"og:title\" content=\"V\u00eddeo: Jorge Jesus \u00e9 sincero ao falar sobre Filipe Lu\u00eds, do Flamengo\" \/>\n<meta property=\"og:description\" content=\"Jorge Jesus, t\u00e9cnico do Al Nassr, elogiou publicamente o treinador do Flamengo, Filipe Lu\u00eds, em entrevista ao Canal Goat na ter\u00e7a-feira (16 de setembro). Em 2019, Filipe Lu\u00eds trabalhou com Jorge Jesus no Flamengo, ainda como lateral esquerdo. Naquela temporada, juntos conquistaram um Campeonato Brasileiro, uma Libertadores, uma Recopa, uma Supercopa e um Carioca. Em [&hellip;]\" \/>\n<meta property=\"og:url\" content=\"https:\/\/www.gaveanews.com\/index.php\/2025\/09\/17\/video-jorge-jesus-e-sincero-ao-falar-sobre-filipe-luis-do-flamengo\/\" \/>\n<meta property=\"og:site_name\" content=\"G\u00e1vea News\" \/>\n<meta property=\"article:publisher\" content=\"https:\/\/facebook.com\/gaveaNews\/\" \/>\n<meta property=\"article:published_time\" content=\"2025-09-17T13:01:30+00:00\" \/>\n<meta property=\"article:modified_time\" content=\"2025-09-17T13:01:34+00:00\" \/>\n<meta property=\"og:image\" content=\"http:\/\/www.gaveanews.com\/wp-content\/uploads\/Jorge-Jesus-e-Filipe-Luis-pelo-Flamengo.webp\" \/>\n\t<meta property=\"og:image:width\" content=\"640\" \/>\n\t<meta property=\"og:image:height\" content=\"400\" \/>\n\t<meta property=\"og:image:type\" content=\"image\/webp\" \/>\n<meta name=\"author\" content=\"Reda\u00e7\u00e3o\" \/>\n<meta name=\"twitter:card\" content=\"summary_large_image\" \/>\n<meta name=\"twitter:label1\" content=\"Escrito por\" \/>\n\t<meta name=\"twitter:data1\" content=\"Reda\u00e7\u00e3o\" \/>\n\t<meta name=\"twitter:label2\" content=\"Est. tempo de leitura\" \/>\n\t<meta name=\"twitter:data2\" content=\"2 minutos\" \/>\n<script type=\"application\/ld+json\" class=\"yoast-schema-graph\">{\"@context\":\"https:\/\/schema.org\",\"@graph\":[{\"@type\":\"NewsArticle\",\"@id\":\"https:\/\/www.gaveanews.com\/index.php\/2025\/09\/17\/video-jorge-jesus-e-sincero-ao-falar-sobre-filipe-luis-do-flamengo\/#article\",\"isPartOf\":{\"@id\":\"https:\/\/www.gaveanews.com\/index.php\/2025\/09\/17\/video-jorge-jesus-e-sincero-ao-falar-sobre-filipe-luis-do-flamengo\/\"},\"author\":{\"name\":\"Reda\u00e7\u00e3o\",\"@id\":\"https:\/\/www.gaveanews.com\/#\/schema\/person\/c88645e3d550d0b6574305e67dd5a716\"},\"headline\":\"V\u00eddeo: Jorge Jesus \u00e9 sincero ao falar sobre Filipe Lu\u00eds, do Flamengo\",\"datePublished\":\"2025-09-17T13:01:30+00:00\",\"dateModified\":\"2025-09-17T13:01:34+00:00\",\"mainEntityOfPage\":{\"@id\":\"https:\/\/www.gaveanews.com\/index.php\/2025\/09\/17\/video-jorge-jesus-e-sincero-ao-falar-sobre-filipe-luis-do-flamengo\/\"},\"wordCount\":405,\"commentCount\":0,\"image\":{\"@id\":\"https:\/\/www.gaveanews.com\/index.php\/2025\/09\/17\/video-jorge-jesus-e-sincero-ao-falar-sobre-filipe-luis-do-flamengo\/#primaryimage\"},\"thumbnailUrl\":\"https:\/\/www.gaveanews.com\/wp-content\/uploads\/Jorge-Jesus-e-Filipe-Luis-pelo-Flamengo.webp\",\"articleSection\":[\"Flamengo\"],\"inLanguage\":\"pt-BR\",\"potentialAction\":[{\"@type\":\"CommentAction\",\"name\":\"Comment\",\"target\":[\"https:\/\/www.gaveanews.com\/index.php\/2025\/09\/17\/video-jorge-jesus-e-sincero-ao-falar-sobre-filipe-luis-do-flamengo\/#respond\"]}],\"copyrightYear\":\"2025\",\"copyrightHolder\":{\"@id\":\"https:\/\/www.gaveanews.com\/#organization\"}},{\"@type\":\"WebPage\",\"@id\":\"https:\/\/www.gaveanews.com\/index.php\/2025\/09\/17\/video-jorge-jesus-e-sincero-ao-falar-sobre-filipe-luis-do-flamengo\/\",\"url\":\"https:\/\/www.gaveanews.com\/index.php\/2025\/09\/17\/video-jorge-jesus-e-sincero-ao-falar-sobre-filipe-luis-do-flamengo\/\",\"name\":\"V\u00eddeo: Jorge Jesus \u00e9 sincero ao falar sobre Filipe Lu\u00eds, do Flamengo\",\"isPartOf\":{\"@id\":\"https:\/\/www.gaveanews.com\/#website\"},\"primaryImageOfPage\":{\"@id\":\"https:\/\/www.gaveanews.com\/index.php\/2025\/09\/17\/video-jorge-jesus-e-sincero-ao-falar-sobre-filipe-luis-do-flamengo\/#primaryimage\"},\"image\":{\"@id\":\"https:\/\/www.gaveanews.com\/index.php\/2025\/09\/17\/video-jorge-jesus-e-sincero-ao-falar-sobre-filipe-luis-do-flamengo\/#primaryimage\"},\"thumbnailUrl\":\"https:\/\/www.gaveanews.com\/wp-content\/uploads\/Jorge-Jesus-e-Filipe-Luis-pelo-Flamengo.webp\",\"datePublished\":\"2025-09-17T13:01:30+00:00\",\"dateModified\":\"2025-09-17T13:01:34+00:00\",\"author\":{\"@id\":\"https:\/\/www.gaveanews.com\/#\/schema\/person\/c88645e3d550d0b6574305e67dd5a716\"},\"breadcrumb\":{\"@id\":\"https:\/\/www.gaveanews.com\/index.php\/2025\/09\/17\/video-jorge-jesus-e-sincero-ao-falar-sobre-filipe-luis-do-flamengo\/#breadcrumb\"},\"inLanguage\":\"pt-BR\",\"potentialAction\":[{\"@type\":\"ReadAction\",\"target\":[\"https:\/\/www.gaveanews.com\/index.php\/2025\/09\/17\/video-jorge-jesus-e-sincero-ao-falar-sobre-filipe-luis-do-flamengo\/\"]}]},{\"@type\":\"ImageObject\",\"inLanguage\":\"pt-BR\",\"@id\":\"https:\/\/www.gaveanews.com\/index.php\/2025\/09\/17\/video-jorge-jesus-e-sincero-ao-falar-sobre-filipe-luis-do-flamengo\/#primaryimage\",\"url\":\"https:\/\/www.gaveanews.com\/wp-content\/uploads\/Jorge-Jesus-e-Filipe-Luis-pelo-Flamengo.webp\",\"contentUrl\":\"https:\/\/www.gaveanews.com\/wp-content\/uploads\/Jorge-Jesus-e-Filipe-Luis-pelo-Flamengo.webp\",\"width\":640,\"height\":400,\"caption\":\"Jorge Jesus e Filipe Luis pelo Flamengo (Foto: Alexandre Vidal)\"},{\"@type\":\"BreadcrumbList\",\"@id\":\"https:\/\/www.gaveanews.com\/index.php\/2025\/09\/17\/video-jorge-jesus-e-sincero-ao-falar-sobre-filipe-luis-do-flamengo\/#breadcrumb\",\"itemListElement\":[{\"@type\":\"ListItem\",\"position\":1,\"name\":\"Home\",\"item\":\"https:\/\/www.gaveanews.com\/\"},{\"@type\":\"ListItem\",\"position\":2,\"name\":\"V\u00eddeo: Jorge Jesus \u00e9 sincero ao falar sobre Filipe Lu\u00eds, do Flamengo\"}]},{\"@type\":\"WebSite\",\"@id\":\"https:\/\/www.gaveanews.com\/#website\",\"url\":\"https:\/\/www.gaveanews.com\/\",\"name\":\"G\u00e1vea News\",\"description\":\"Veja todas as not\u00edcias sobre o Flamengo: Contrata\u00e7\u00f5es, categorias de base, resultados das partidas, tabela de classifica\u00e7\u00e3o, pr\u00f3ximos jogos!\",\"potentialAction\":[{\"@type\":\"SearchAction\",\"target\":{\"@type\":\"EntryPoint\",\"urlTemplate\":\"https:\/\/www.gaveanews.com\/?s={search_term_string}\"},\"query-input\":{\"@type\":\"PropertyValueSpecification\",\"valueRequired\":true,\"valueName\":\"search_term_string\"}}],\"inLanguage\":\"pt-BR\"},{\"@type\":\"Person\",\"@id\":\"https:\/\/www.gaveanews.com\/#\/schema\/person\/c88645e3d550d0b6574305e67dd5a716\",\"name\":\"Reda\u00e7\u00e3o\",\"image\":{\"@type\":\"ImageObject\",\"inLanguage\":\"pt-BR\",\"@id\":\"https:\/\/www.gaveanews.com\/#\/schema\/person\/image\/\",\"url\":\"https:\/\/secure.gravatar.com\/avatar\/434098fd823f0dc1b062d14ca22bacaa6e38de28d8c816bbef6fc2f8c44d8ba3?s=96&d=mm&r=g\",\"contentUrl\":\"https:\/\/secure.gravatar.com\/avatar\/434098fd823f0dc1b062d14ca22bacaa6e38de28d8c816bbef6fc2f8c44d8ba3?s=96&d=mm&r=g\",\"caption\":\"Reda\u00e7\u00e3o\"}}]}<\/script>\n<!-- \/ Yoast SEO Premium plugin. -->","yoast_head_json":{"title":"V\u00eddeo: Jorge Jesus \u00e9 sincero ao falar sobre Filipe Lu\u00eds, do Flamengo","robots":{"index":"index","follow":"follow","max-snippet":"max-snippet:-1","max-image-preview":"max-image-preview:large","max-video-preview":"max-video-preview:-1"},"canonical":"https:\/\/www.gaveanews.com\/index.php\/2025\/09\/17\/video-jorge-jesus-e-sincero-ao-falar-sobre-filipe-luis-do-flamengo\/","og_locale":"pt_BR","og_type":"article","og_title":"V\u00eddeo: Jorge Jesus \u00e9 sincero ao falar sobre Filipe Lu\u00eds, do Flamengo","og_description":"Jorge Jesus, t\u00e9cnico do Al Nassr, elogiou publicamente o treinador do Flamengo, Filipe Lu\u00eds, em entrevista ao Canal Goat na ter\u00e7a-feira (16 de setembro). Em 2019, Filipe Lu\u00eds trabalhou com Jorge Jesus no Flamengo, ainda como lateral esquerdo. Naquela temporada, juntos conquistaram um Campeonato Brasileiro, uma Libertadores, uma Recopa, uma Supercopa e um Carioca. Em [&hellip;]","og_url":"https:\/\/www.gaveanews.com\/index.php\/2025\/09\/17\/video-jorge-jesus-e-sincero-ao-falar-sobre-filipe-luis-do-flamengo\/","og_site_name":"G\u00e1vea News","article_publisher":"https:\/\/facebook.com\/gaveaNews\/","article_published_time":"2025-09-17T13:01:30+00:00","article_modified_time":"2025-09-17T13:01:34+00:00","og_image":[{"width":640,"height":400,"url":"http:\/\/www.gaveanews.com\/wp-content\/uploads\/Jorge-Jesus-e-Filipe-Luis-pelo-Flamengo.webp","type":"image\/webp"}],"author":"Reda\u00e7\u00e3o","twitter_card":"summary_large_image","twitter_misc":{"Escrito por":"Reda\u00e7\u00e3o","Est. tempo de leitura":"2 minutos"},"schema":{"@context":"https:\/\/schema.org","@graph":[{"@type":"NewsArticle","@id":"https:\/\/www.gaveanews.com\/index.php\/2025\/09\/17\/video-jorge-jesus-e-sincero-ao-falar-sobre-filipe-luis-do-flamengo\/#article","isPartOf":{"@id":"https:\/\/www.gaveanews.com\/index.php\/2025\/09\/17\/video-jorge-jesus-e-sincero-ao-falar-sobre-filipe-luis-do-flamengo\/"},"author":{"name":"Reda\u00e7\u00e3o","@id":"https:\/\/www.gaveanews.com\/#\/schema\/person\/c88645e3d550d0b6574305e67dd5a716"},"headline":"V\u00eddeo: Jorge Jesus \u00e9 sincero ao falar sobre Filipe Lu\u00eds, do Flamengo","datePublished":"2025-09-17T13:01:30+00:00","dateModified":"2025-09-17T13:01:34+00:00","mainEntityOfPage":{"@id":"https:\/\/www.gaveanews.com\/index.php\/2025\/09\/17\/video-jorge-jesus-e-sincero-ao-falar-sobre-filipe-luis-do-flamengo\/"},"wordCount":405,"commentCount":0,"image":{"@id":"https:\/\/www.gaveanews.com\/index.php\/2025\/09\/17\/video-jorge-jesus-e-sincero-ao-falar-sobre-filipe-luis-do-flamengo\/#primaryimage"},"thumbnailUrl":"https:\/\/www.gaveanews.com\/wp-content\/uploads\/Jorge-Jesus-e-Filipe-Luis-pelo-Flamengo.webp","articleSection":["Flamengo"],"inLanguage":"pt-BR","potentialAction":[{"@type":"CommentAction","name":"Comment","target":["https:\/\/www.gaveanews.com\/index.php\/2025\/09\/17\/video-jorge-jesus-e-sincero-ao-falar-sobre-filipe-luis-do-flamengo\/#respond"]}],"copyrightYear":"2025","copyrightHolder":{"@id":"https:\/\/www.gaveanews.com\/#organization"}},{"@type":"WebPage","@id":"https:\/\/www.gaveanews.com\/index.php\/2025\/09\/17\/video-jorge-jesus-e-sincero-ao-falar-sobre-filipe-luis-do-flamengo\/","url":"https:\/\/www.gaveanews.com\/index.php\/2025\/09\/17\/video-jorge-jesus-e-sincero-ao-falar-sobre-filipe-luis-do-flamengo\/","name":"V\u00eddeo: Jorge Jesus \u00e9 sincero ao falar sobre Filipe Lu\u00eds, do Flamengo","isPartOf":{"@id":"https:\/\/www.gaveanews.com\/#website"},"primaryImageOfPage":{"@id":"https:\/\/www.gaveanews.com\/index.php\/2025\/09\/17\/video-jorge-jesus-e-sincero-ao-falar-sobre-filipe-luis-do-flamengo\/#primaryimage"},"image":{"@id":"https:\/\/www.gaveanews.com\/index.php\/2025\/09\/17\/video-jorge-jesus-e-sincero-ao-falar-sobre-filipe-luis-do-flamengo\/#primaryimage"},"thumbnailUrl":"https:\/\/www.gaveanews.com\/wp-content\/uploads\/Jorge-Jesus-e-Filipe-Luis-pelo-Flamengo.webp","datePublished":"2025-09-17T13:01:30+00:00","dateModified":"2025-09-17T13:01:34+00:00","author":{"@id":"https:\/\/www.gaveanews.com\/#\/schema\/person\/c88645e3d550d0b6574305e67dd5a716"},"breadcrumb":{"@id":"https:\/\/www.gaveanews.com\/index.php\/2025\/09\/17\/video-jorge-jesus-e-sincero-ao-falar-sobre-filipe-luis-do-flamengo\/#breadcrumb"},"inLanguage":"pt-BR","potentialAction":[{"@type":"ReadAction","target":["https:\/\/www.gaveanews.com\/index.php\/2025\/09\/17\/video-jorge-jesus-e-sincero-ao-falar-sobre-filipe-luis-do-flamengo\/"]}]},{"@type":"ImageObject","inLanguage":"pt-BR","@id":"https:\/\/www.gaveanews.com\/index.php\/2025\/09\/17\/video-jorge-jesus-e-sincero-ao-falar-sobre-filipe-luis-do-flamengo\/#primaryimage","url":"https:\/\/www.gaveanews.com\/wp-content\/uploads\/Jorge-Jesus-e-Filipe-Luis-pelo-Flamengo.webp","contentUrl":"https:\/\/www.gaveanews.com\/wp-content\/uploads\/Jorge-Jesus-e-Filipe-Luis-pelo-Flamengo.webp","width":640,"height":400,"caption":"Jorge Jesus e Filipe Luis pelo Flamengo (Foto: Alexandre Vidal)"},{"@type":"BreadcrumbList","@id":"https:\/\/www.gaveanews.com\/index.php\/2025\/09\/17\/video-jorge-jesus-e-sincero-ao-falar-sobre-filipe-luis-do-flamengo\/#breadcrumb","itemListElement":[{"@type":"ListItem","position":1,"name":"Home","item":"https:\/\/www.gaveanews.com\/"},{"@type":"ListItem","position":2,"name":"V\u00eddeo: Jorge Jesus \u00e9 sincero ao falar sobre Filipe Lu\u00eds, do Flamengo"}]},{"@type":"WebSite","@id":"https:\/\/www.gaveanews.com\/#website","url":"https:\/\/www.gaveanews.com\/","name":"G\u00e1vea News","description":"Veja todas as not\u00edcias sobre o Flamengo: Contrata\u00e7\u00f5es, categorias de base, resultados das partidas, tabela de classifica\u00e7\u00e3o, pr\u00f3ximos jogos!","potentialAction":[{"@type":"SearchAction","target":{"@type":"EntryPoint","urlTemplate":"https:\/\/www.gaveanews.com\/?s={search_term_string}"},"query-input":{"@type":"PropertyValueSpecification","valueRequired":true,"valueName":"search_term_string"}}],"inLanguage":"pt-BR"},{"@type":"Person","@id":"https:\/\/www.gaveanews.com\/#\/schema\/person\/c88645e3d550d0b6574305e67dd5a716","name":"Reda\u00e7\u00e3o","image":{"@type":"ImageObject","inLanguage":"pt-BR","@id":"https:\/\/www.gaveanews.com\/#\/schema\/person\/image\/","url":"https:\/\/secure.gravatar.com\/avatar\/434098fd823f0dc1b062d14ca22bacaa6e38de28d8c816bbef6fc2f8c44d8ba3?s=96&d=mm&r=g","contentUrl":"https:\/\/secure.gravatar.com\/avatar\/434098fd823f0dc1b062d14ca22bacaa6e38de28d8c816bbef6fc2f8c44d8ba3?s=96&d=mm&r=g","caption":"Reda\u00e7\u00e3o"}}]}},"_links":{"self":[{"href":"https:\/\/www.gaveanews.com\/index.php\/wp-json\/wp\/v2\/posts\/276672","targetHints":{"allow":["GET"]}}],"collection":[{"href":"https:\/\/www.gaveanews.com\/index.php\/wp-json\/wp\/v2\/posts"}],"about":[{"href":"https:\/\/www.gaveanews.com\/index.php\/wp-json\/wp\/v2\/types\/post"}],"author":[{"embeddable":true,"href":"https:\/\/www.gaveanews.com\/index.php\/wp-json\/wp\/v2\/users\/39"}],"replies":[{"embeddable":true,"href":"https:\/\/www.gaveanews.com\/index.php\/wp-json\/wp\/v2\/comments?post=276672"}],"version-history":[{"count":1,"href":"https:\/\/www.gaveanews.com\/index.php\/wp-json\/wp\/v2\/posts\/276672\/revisions"}],"predecessor-version":[{"id":276675,"href":"https:\/\/www.gaveanews.com\/index.php\/wp-json\/wp\/v2\/posts\/276672\/revisions\/276675"}],"wp:featuredmedia":[{"embeddable":true,"href":"https:\/\/www.gaveanews.com\/index.php\/wp-json\/wp\/v2\/media\/170129"}],"wp:attachment":[{"href":"https:\/\/www.gaveanews.com\/index.php\/wp-json\/wp\/v2\/media?parent=276672"}],"wp:term":[{"taxonomy":"category","embeddable":true,"href":"https:\/\/www.gaveanews.com\/index.php\/wp-json\/wp\/v2\/categories?post=276672"},{"taxonomy":"post_tag","embeddable":true,"href":"https:\/\/www.gaveanews.com\/index.php\/wp-json\/wp\/v2\/tags?post=276672"}],"curies":[{"name":"wp","href":"https:\/\/api.w.org\/{rel}","templated":true}]}}