{"id":276679,"date":"2025-09-17T10:46:01","date_gmt":"2025-09-17T13:46:01","guid":{"rendered":"https:\/\/www.gaveanews.com\/?p=276679"},"modified":"2025-09-17T10:46:06","modified_gmt":"2025-09-17T13:46:06","slug":"craques-da-europa-tem-interesse-em-jogar-no-flamengo-afirma-boto","status":"publish","type":"post","link":"https:\/\/www.gaveanews.com\/index.php\/2025\/09\/17\/craques-da-europa-tem-interesse-em-jogar-no-flamengo-afirma-boto\/","title":{"rendered":"Craques da Europa t\u00eam interesse em jogar no Flamengo, afirma Boto"},"content":{"rendered":"\n<p>Na primeira temporada no Brasil, Jos\u00e9 Boto avalia que o <a href=\"https:\/\/www.gaveanews.com\/index.php\/category\/brasileirao\/flamengo\/\" target=\"_blank\" rel=\"noopener noreferrer\">Flamengo<\/a> ganhou nova vitrine na Europa. O clube trouxe Samuel Lino e Sa\u00fal, do Atl\u00e9tico de Madrid. Chegaram tamb\u00e9m Emerson Royal, ent\u00e3o no Milan, Jorge Carrascal, do D\u00ednamo Moscou, e Jorginho, que rescindiu com o Arsenal. Na \u00faltima janela, todos os refor\u00e7os vieram da Europa.<\/p>\n\n\n\n<p>Questionado sobre o impacto dessas chegadas, Boto disse que o movimento abriu mais portas ao clube e atraiu jogadores do continente.<\/p>\n\n\n\n<p>&#8220;Em termos de mercado, esta janela tem um pouco de impacto na Europa, de abrir ainda mais as portas do Flamengo para jogadores europeus. Eles est\u00e3o vendo este tipo de jogadores vindo para c\u00e1 e se interessam mais para vir&#8221;.<\/p>\n\n\n\n<p>Entretanto, ele evitou revelar identidades e afirmou que os interessados atuavam em posi\u00e7\u00f5es sem necessidade imediata no elenco.<\/p>\n\n\n\n<p>&#8220;N\u00e3o vou dizer nomes, mas depois destas contrata\u00e7\u00f5es houve nomes importantes e conhecidos do futebol europeu que mostraram interesse em vir jogar no Flamengo . Eram posi\u00e7\u00f5es que n\u00f3s n\u00e3o necessit\u00e1vamos, e eu tamb\u00e9m j\u00e1 disse que, \u00e0s vezes, \u00e1gua a mais mata a planta, e n\u00f3s n\u00e3o quer\u00edamos tamb\u00e9m transformar numa coisa que depois iria prejudicar a equipe&#8221;.<\/p>\n\n\n\n<p>J\u00e1 sobre Filipe Lu\u00eds, Boto relatou uma investida do Fenerbah\u00e7e e a liga\u00e7\u00e3o de um presidente europeu para tratar do lateral.<\/p>\n\n\n\n<p>&#8220;Queria tamb\u00e9m dizer que, durante a semana passada, ele teve a possibilidade de sair do clube. Eu sei disto porque o presidente desse clube ligou para mim e perguntou quanto de dinheiro n\u00f3s quer\u00edamos para liberar o Filipe Lu\u00eds. Ao que respondi: &#8216;isto n\u00e3o \u00e9 um banco&#8217;. N\u00f3s n\u00e3o t\u00ednhamos qualquer vontade de vend\u00ea-lo&#8221;.<\/p>\n","protected":false},"excerpt":{"rendered":"<p>Na primeira temporada no Brasil, Jos\u00e9 Boto avalia que o Flamengo ganhou nova vitrine na Europa. O clube trouxe Samuel Lino e Sa\u00fal, do Atl\u00e9tico de Madrid. Chegaram tamb\u00e9m Emerson Royal, ent\u00e3o no Milan, Jorge Carrascal, do D\u00ednamo Moscou, e Jorginho, que rescindiu com o Arsenal. Na \u00faltima janela, todos os refor\u00e7os vieram da Europa. [&hellip;]<\/p>\n","protected":false},"author":39,"featured_media":127354,"comment_status":"open","ping_status":"closed","sticky":false,"template":"","format":"standard","meta":{"footnotes":""},"categories":[1],"tags":[],"class_list":["post-276679","post","type-post","status-publish","format-standard","has-post-thumbnail","hentry","category-flamengo"],"yoast_head":"<!-- This site is optimized with the Yoast SEO Premium plugin v24.2 (Yoast SEO v26.9) - https:\/\/yoast.com\/product\/yoast-seo-premium-wordpress\/ -->\n<title>Craques da Europa t\u00eam interesse em jogar no Flamengo, afirma Boto<\/title>\n<meta name=\"robots\" content=\"index, follow, max-snippet:-1, max-image-preview:large, max-video-preview:-1\" \/>\n<link rel=\"canonical\" href=\"https:\/\/www.gaveanews.com\/index.php\/2025\/09\/17\/craques-da-europa-tem-interesse-em-jogar-no-flamengo-afirma-boto\/\" \/>\n<meta property=\"og:locale\" content=\"pt_BR\" \/>\n<meta property=\"og:type\" content=\"article\" \/>\n<meta property=\"og:title\" content=\"Craques da Europa t\u00eam interesse em jogar no Flamengo, afirma Boto\" \/>\n<meta property=\"og:description\" content=\"Na primeira temporada no Brasil, Jos\u00e9 Boto avalia que o Flamengo ganhou nova vitrine na Europa. O clube trouxe Samuel Lino e Sa\u00fal, do Atl\u00e9tico de Madrid. Chegaram tamb\u00e9m Emerson Royal, ent\u00e3o no Milan, Jorge Carrascal, do D\u00ednamo Moscou, e Jorginho, que rescindiu com o Arsenal. Na \u00faltima janela, todos os refor\u00e7os vieram da Europa. [&hellip;]\" \/>\n<meta property=\"og:url\" content=\"https:\/\/www.gaveanews.com\/index.php\/2025\/09\/17\/craques-da-europa-tem-interesse-em-jogar-no-flamengo-afirma-boto\/\" \/>\n<meta property=\"og:site_name\" content=\"G\u00e1vea News\" \/>\n<meta property=\"article:publisher\" content=\"https:\/\/facebook.com\/gaveaNews\/\" \/>\n<meta property=\"article:published_time\" content=\"2025-09-17T13:46:01+00:00\" \/>\n<meta property=\"article:modified_time\" content=\"2025-09-17T13:46:06+00:00\" \/>\n<meta property=\"og:image\" content=\"http:\/\/www.gaveanews.com\/wp-content\/uploads\/camisa-flamengo.webp\" \/>\n\t<meta property=\"og:image:width\" content=\"483\" \/>\n\t<meta property=\"og:image:height\" content=\"322\" \/>\n\t<meta property=\"og:image:type\" content=\"image\/webp\" \/>\n<meta name=\"author\" content=\"Reda\u00e7\u00e3o\" \/>\n<meta name=\"twitter:card\" content=\"summary_large_image\" \/>\n<meta name=\"twitter:label1\" content=\"Escrito por\" \/>\n\t<meta name=\"twitter:data1\" content=\"Reda\u00e7\u00e3o\" \/>\n\t<meta name=\"twitter:label2\" content=\"Est. tempo de leitura\" \/>\n\t<meta name=\"twitter:data2\" content=\"2 minutos\" \/>\n<script type=\"application\/ld+json\" class=\"yoast-schema-graph\">{\"@context\":\"https:\/\/schema.org\",\"@graph\":[{\"@type\":\"NewsArticle\",\"@id\":\"https:\/\/www.gaveanews.com\/index.php\/2025\/09\/17\/craques-da-europa-tem-interesse-em-jogar-no-flamengo-afirma-boto\/#article\",\"isPartOf\":{\"@id\":\"https:\/\/www.gaveanews.com\/index.php\/2025\/09\/17\/craques-da-europa-tem-interesse-em-jogar-no-flamengo-afirma-boto\/\"},\"author\":{\"name\":\"Reda\u00e7\u00e3o\",\"@id\":\"https:\/\/www.gaveanews.com\/#\/schema\/person\/c88645e3d550d0b6574305e67dd5a716\"},\"headline\":\"Craques da Europa t\u00eam interesse em jogar no Flamengo, afirma Boto\",\"datePublished\":\"2025-09-17T13:46:01+00:00\",\"dateModified\":\"2025-09-17T13:46:06+00:00\",\"mainEntityOfPage\":{\"@id\":\"https:\/\/www.gaveanews.com\/index.php\/2025\/09\/17\/craques-da-europa-tem-interesse-em-jogar-no-flamengo-afirma-boto\/\"},\"wordCount\":309,\"commentCount\":0,\"image\":{\"@id\":\"https:\/\/www.gaveanews.com\/index.php\/2025\/09\/17\/craques-da-europa-tem-interesse-em-jogar-no-flamengo-afirma-boto\/#primaryimage\"},\"thumbnailUrl\":\"https:\/\/www.gaveanews.com\/wp-content\/uploads\/camisa-flamengo.webp\",\"articleSection\":[\"Flamengo\"],\"inLanguage\":\"pt-BR\",\"potentialAction\":[{\"@type\":\"CommentAction\",\"name\":\"Comment\",\"target\":[\"https:\/\/www.gaveanews.com\/index.php\/2025\/09\/17\/craques-da-europa-tem-interesse-em-jogar-no-flamengo-afirma-boto\/#respond\"]}],\"copyrightYear\":\"2025\",\"copyrightHolder\":{\"@id\":\"https:\/\/www.gaveanews.com\/#organization\"}},{\"@type\":\"WebPage\",\"@id\":\"https:\/\/www.gaveanews.com\/index.php\/2025\/09\/17\/craques-da-europa-tem-interesse-em-jogar-no-flamengo-afirma-boto\/\",\"url\":\"https:\/\/www.gaveanews.com\/index.php\/2025\/09\/17\/craques-da-europa-tem-interesse-em-jogar-no-flamengo-afirma-boto\/\",\"name\":\"Craques da Europa t\u00eam interesse em jogar no Flamengo, afirma Boto\",\"isPartOf\":{\"@id\":\"https:\/\/www.gaveanews.com\/#website\"},\"primaryImageOfPage\":{\"@id\":\"https:\/\/www.gaveanews.com\/index.php\/2025\/09\/17\/craques-da-europa-tem-interesse-em-jogar-no-flamengo-afirma-boto\/#primaryimage\"},\"image\":{\"@id\":\"https:\/\/www.gaveanews.com\/index.php\/2025\/09\/17\/craques-da-europa-tem-interesse-em-jogar-no-flamengo-afirma-boto\/#primaryimage\"},\"thumbnailUrl\":\"https:\/\/www.gaveanews.com\/wp-content\/uploads\/camisa-flamengo.webp\",\"datePublished\":\"2025-09-17T13:46:01+00:00\",\"dateModified\":\"2025-09-17T13:46:06+00:00\",\"author\":{\"@id\":\"https:\/\/www.gaveanews.com\/#\/schema\/person\/c88645e3d550d0b6574305e67dd5a716\"},\"breadcrumb\":{\"@id\":\"https:\/\/www.gaveanews.com\/index.php\/2025\/09\/17\/craques-da-europa-tem-interesse-em-jogar-no-flamengo-afirma-boto\/#breadcrumb\"},\"inLanguage\":\"pt-BR\",\"potentialAction\":[{\"@type\":\"ReadAction\",\"target\":[\"https:\/\/www.gaveanews.com\/index.php\/2025\/09\/17\/craques-da-europa-tem-interesse-em-jogar-no-flamengo-afirma-boto\/\"]}]},{\"@type\":\"ImageObject\",\"inLanguage\":\"pt-BR\",\"@id\":\"https:\/\/www.gaveanews.com\/index.php\/2025\/09\/17\/craques-da-europa-tem-interesse-em-jogar-no-flamengo-afirma-boto\/#primaryimage\",\"url\":\"https:\/\/www.gaveanews.com\/wp-content\/uploads\/camisa-flamengo.webp\",\"contentUrl\":\"https:\/\/www.gaveanews.com\/wp-content\/uploads\/camisa-flamengo.webp\",\"width\":483,\"height\":322,\"caption\":\"Escudo do Flamengo (Foto: Reprodu\u00e7\u00e3o)\"},{\"@type\":\"BreadcrumbList\",\"@id\":\"https:\/\/www.gaveanews.com\/index.php\/2025\/09\/17\/craques-da-europa-tem-interesse-em-jogar-no-flamengo-afirma-boto\/#breadcrumb\",\"itemListElement\":[{\"@type\":\"ListItem\",\"position\":1,\"name\":\"Home\",\"item\":\"https:\/\/www.gaveanews.com\/\"},{\"@type\":\"ListItem\",\"position\":2,\"name\":\"Craques da Europa t\u00eam interesse em jogar no Flamengo, afirma Boto\"}]},{\"@type\":\"WebSite\",\"@id\":\"https:\/\/www.gaveanews.com\/#website\",\"url\":\"https:\/\/www.gaveanews.com\/\",\"name\":\"G\u00e1vea News\",\"description\":\"Veja todas as not\u00edcias sobre o Flamengo: Contrata\u00e7\u00f5es, categorias de base, resultados das partidas, tabela de classifica\u00e7\u00e3o, pr\u00f3ximos jogos!\",\"potentialAction\":[{\"@type\":\"SearchAction\",\"target\":{\"@type\":\"EntryPoint\",\"urlTemplate\":\"https:\/\/www.gaveanews.com\/?s={search_term_string}\"},\"query-input\":{\"@type\":\"PropertyValueSpecification\",\"valueRequired\":true,\"valueName\":\"search_term_string\"}}],\"inLanguage\":\"pt-BR\"},{\"@type\":\"Person\",\"@id\":\"https:\/\/www.gaveanews.com\/#\/schema\/person\/c88645e3d550d0b6574305e67dd5a716\",\"name\":\"Reda\u00e7\u00e3o\",\"image\":{\"@type\":\"ImageObject\",\"inLanguage\":\"pt-BR\",\"@id\":\"https:\/\/www.gaveanews.com\/#\/schema\/person\/image\/\",\"url\":\"https:\/\/secure.gravatar.com\/avatar\/434098fd823f0dc1b062d14ca22bacaa6e38de28d8c816bbef6fc2f8c44d8ba3?s=96&d=mm&r=g\",\"contentUrl\":\"https:\/\/secure.gravatar.com\/avatar\/434098fd823f0dc1b062d14ca22bacaa6e38de28d8c816bbef6fc2f8c44d8ba3?s=96&d=mm&r=g\",\"caption\":\"Reda\u00e7\u00e3o\"}}]}<\/script>\n<!-- \/ Yoast SEO Premium plugin. -->","yoast_head_json":{"title":"Craques da Europa t\u00eam interesse em jogar no Flamengo, afirma Boto","robots":{"index":"index","follow":"follow","max-snippet":"max-snippet:-1","max-image-preview":"max-image-preview:large","max-video-preview":"max-video-preview:-1"},"canonical":"https:\/\/www.gaveanews.com\/index.php\/2025\/09\/17\/craques-da-europa-tem-interesse-em-jogar-no-flamengo-afirma-boto\/","og_locale":"pt_BR","og_type":"article","og_title":"Craques da Europa t\u00eam interesse em jogar no Flamengo, afirma Boto","og_description":"Na primeira temporada no Brasil, Jos\u00e9 Boto avalia que o Flamengo ganhou nova vitrine na Europa. O clube trouxe Samuel Lino e Sa\u00fal, do Atl\u00e9tico de Madrid. Chegaram tamb\u00e9m Emerson Royal, ent\u00e3o no Milan, Jorge Carrascal, do D\u00ednamo Moscou, e Jorginho, que rescindiu com o Arsenal. Na \u00faltima janela, todos os refor\u00e7os vieram da Europa. [&hellip;]","og_url":"https:\/\/www.gaveanews.com\/index.php\/2025\/09\/17\/craques-da-europa-tem-interesse-em-jogar-no-flamengo-afirma-boto\/","og_site_name":"G\u00e1vea News","article_publisher":"https:\/\/facebook.com\/gaveaNews\/","article_published_time":"2025-09-17T13:46:01+00:00","article_modified_time":"2025-09-17T13:46:06+00:00","og_image":[{"width":483,"height":322,"url":"http:\/\/www.gaveanews.com\/wp-content\/uploads\/camisa-flamengo.webp","type":"image\/webp"}],"author":"Reda\u00e7\u00e3o","twitter_card":"summary_large_image","twitter_misc":{"Escrito por":"Reda\u00e7\u00e3o","Est. tempo de leitura":"2 minutos"},"schema":{"@context":"https:\/\/schema.org","@graph":[{"@type":"NewsArticle","@id":"https:\/\/www.gaveanews.com\/index.php\/2025\/09\/17\/craques-da-europa-tem-interesse-em-jogar-no-flamengo-afirma-boto\/#article","isPartOf":{"@id":"https:\/\/www.gaveanews.com\/index.php\/2025\/09\/17\/craques-da-europa-tem-interesse-em-jogar-no-flamengo-afirma-boto\/"},"author":{"name":"Reda\u00e7\u00e3o","@id":"https:\/\/www.gaveanews.com\/#\/schema\/person\/c88645e3d550d0b6574305e67dd5a716"},"headline":"Craques da Europa t\u00eam interesse em jogar no Flamengo, afirma Boto","datePublished":"2025-09-17T13:46:01+00:00","dateModified":"2025-09-17T13:46:06+00:00","mainEntityOfPage":{"@id":"https:\/\/www.gaveanews.com\/index.php\/2025\/09\/17\/craques-da-europa-tem-interesse-em-jogar-no-flamengo-afirma-boto\/"},"wordCount":309,"commentCount":0,"image":{"@id":"https:\/\/www.gaveanews.com\/index.php\/2025\/09\/17\/craques-da-europa-tem-interesse-em-jogar-no-flamengo-afirma-boto\/#primaryimage"},"thumbnailUrl":"https:\/\/www.gaveanews.com\/wp-content\/uploads\/camisa-flamengo.webp","articleSection":["Flamengo"],"inLanguage":"pt-BR","potentialAction":[{"@type":"CommentAction","name":"Comment","target":["https:\/\/www.gaveanews.com\/index.php\/2025\/09\/17\/craques-da-europa-tem-interesse-em-jogar-no-flamengo-afirma-boto\/#respond"]}],"copyrightYear":"2025","copyrightHolder":{"@id":"https:\/\/www.gaveanews.com\/#organization"}},{"@type":"WebPage","@id":"https:\/\/www.gaveanews.com\/index.php\/2025\/09\/17\/craques-da-europa-tem-interesse-em-jogar-no-flamengo-afirma-boto\/","url":"https:\/\/www.gaveanews.com\/index.php\/2025\/09\/17\/craques-da-europa-tem-interesse-em-jogar-no-flamengo-afirma-boto\/","name":"Craques da Europa t\u00eam interesse em jogar no Flamengo, afirma Boto","isPartOf":{"@id":"https:\/\/www.gaveanews.com\/#website"},"primaryImageOfPage":{"@id":"https:\/\/www.gaveanews.com\/index.php\/2025\/09\/17\/craques-da-europa-tem-interesse-em-jogar-no-flamengo-afirma-boto\/#primaryimage"},"image":{"@id":"https:\/\/www.gaveanews.com\/index.php\/2025\/09\/17\/craques-da-europa-tem-interesse-em-jogar-no-flamengo-afirma-boto\/#primaryimage"},"thumbnailUrl":"https:\/\/www.gaveanews.com\/wp-content\/uploads\/camisa-flamengo.webp","datePublished":"2025-09-17T13:46:01+00:00","dateModified":"2025-09-17T13:46:06+00:00","author":{"@id":"https:\/\/www.gaveanews.com\/#\/schema\/person\/c88645e3d550d0b6574305e67dd5a716"},"breadcrumb":{"@id":"https:\/\/www.gaveanews.com\/index.php\/2025\/09\/17\/craques-da-europa-tem-interesse-em-jogar-no-flamengo-afirma-boto\/#breadcrumb"},"inLanguage":"pt-BR","potentialAction":[{"@type":"ReadAction","target":["https:\/\/www.gaveanews.com\/index.php\/2025\/09\/17\/craques-da-europa-tem-interesse-em-jogar-no-flamengo-afirma-boto\/"]}]},{"@type":"ImageObject","inLanguage":"pt-BR","@id":"https:\/\/www.gaveanews.com\/index.php\/2025\/09\/17\/craques-da-europa-tem-interesse-em-jogar-no-flamengo-afirma-boto\/#primaryimage","url":"https:\/\/www.gaveanews.com\/wp-content\/uploads\/camisa-flamengo.webp","contentUrl":"https:\/\/www.gaveanews.com\/wp-content\/uploads\/camisa-flamengo.webp","width":483,"height":322,"caption":"Escudo do Flamengo (Foto: Reprodu\u00e7\u00e3o)"},{"@type":"BreadcrumbList","@id":"https:\/\/www.gaveanews.com\/index.php\/2025\/09\/17\/craques-da-europa-tem-interesse-em-jogar-no-flamengo-afirma-boto\/#breadcrumb","itemListElement":[{"@type":"ListItem","position":1,"name":"Home","item":"https:\/\/www.gaveanews.com\/"},{"@type":"ListItem","position":2,"name":"Craques da Europa t\u00eam interesse em jogar no Flamengo, afirma Boto"}]},{"@type":"WebSite","@id":"https:\/\/www.gaveanews.com\/#website","url":"https:\/\/www.gaveanews.com\/","name":"G\u00e1vea News","description":"Veja todas as not\u00edcias sobre o Flamengo: Contrata\u00e7\u00f5es, categorias de base, resultados das partidas, tabela de classifica\u00e7\u00e3o, pr\u00f3ximos jogos!","potentialAction":[{"@type":"SearchAction","target":{"@type":"EntryPoint","urlTemplate":"https:\/\/www.gaveanews.com\/?s={search_term_string}"},"query-input":{"@type":"PropertyValueSpecification","valueRequired":true,"valueName":"search_term_string"}}],"inLanguage":"pt-BR"},{"@type":"Person","@id":"https:\/\/www.gaveanews.com\/#\/schema\/person\/c88645e3d550d0b6574305e67dd5a716","name":"Reda\u00e7\u00e3o","image":{"@type":"ImageObject","inLanguage":"pt-BR","@id":"https:\/\/www.gaveanews.com\/#\/schema\/person\/image\/","url":"https:\/\/secure.gravatar.com\/avatar\/434098fd823f0dc1b062d14ca22bacaa6e38de28d8c816bbef6fc2f8c44d8ba3?s=96&d=mm&r=g","contentUrl":"https:\/\/secure.gravatar.com\/avatar\/434098fd823f0dc1b062d14ca22bacaa6e38de28d8c816bbef6fc2f8c44d8ba3?s=96&d=mm&r=g","caption":"Reda\u00e7\u00e3o"}}]}},"_links":{"self":[{"href":"https:\/\/www.gaveanews.com\/index.php\/wp-json\/wp\/v2\/posts\/276679","targetHints":{"allow":["GET"]}}],"collection":[{"href":"https:\/\/www.gaveanews.com\/index.php\/wp-json\/wp\/v2\/posts"}],"about":[{"href":"https:\/\/www.gaveanews.com\/index.php\/wp-json\/wp\/v2\/types\/post"}],"author":[{"embeddable":true,"href":"https:\/\/www.gaveanews.com\/index.php\/wp-json\/wp\/v2\/users\/39"}],"replies":[{"embeddable":true,"href":"https:\/\/www.gaveanews.com\/index.php\/wp-json\/wp\/v2\/comments?post=276679"}],"version-history":[{"count":1,"href":"https:\/\/www.gaveanews.com\/index.php\/wp-json\/wp\/v2\/posts\/276679\/revisions"}],"predecessor-version":[{"id":276684,"href":"https:\/\/www.gaveanews.com\/index.php\/wp-json\/wp\/v2\/posts\/276679\/revisions\/276684"}],"wp:featuredmedia":[{"embeddable":true,"href":"https:\/\/www.gaveanews.com\/index.php\/wp-json\/wp\/v2\/media\/127354"}],"wp:attachment":[{"href":"https:\/\/www.gaveanews.com\/index.php\/wp-json\/wp\/v2\/media?parent=276679"}],"wp:term":[{"taxonomy":"category","embeddable":true,"href":"https:\/\/www.gaveanews.com\/index.php\/wp-json\/wp\/v2\/categories?post=276679"},{"taxonomy":"post_tag","embeddable":true,"href":"https:\/\/www.gaveanews.com\/index.php\/wp-json\/wp\/v2\/tags?post=276679"}],"curies":[{"name":"wp","href":"https:\/\/api.w.org\/{rel}","templated":true}]}}