{"id":277011,"date":"2025-09-22T12:15:06","date_gmt":"2025-09-22T15:15:06","guid":{"rendered":"https:\/\/www.gaveanews.com\/?p=277011"},"modified":"2025-09-22T12:12:13","modified_gmt":"2025-09-22T15:12:13","slug":"a-declaracao-de-emerson-royal-apos-o-empate-entre-flamengo-e-vasco","status":"publish","type":"post","link":"https:\/\/www.gaveanews.com\/index.php\/2025\/09\/22\/a-declaracao-de-emerson-royal-apos-o-empate-entre-flamengo-e-vasco\/","title":{"rendered":"A declara\u00e7\u00e3o de Emerson Royal ap\u00f3s o empate entre Flamengo e Vasco"},"content":{"rendered":"\n<p>O <a href=\"https:\/\/www.gaveanews.com\/index.php\/category\/brasileirao\/flamengo\/\" target=\"_blank\" rel=\"noopener noreferrer\">Flamengo<\/a> empatou com o <a href=\"https:\/\/www.gaveanews.com\/index.php\/category\/brasileirao\/vasco\/\" target=\"_blank\" rel=\"noopener noreferrer\">Vasco<\/a> por 1 a 1, no Maracan\u00e3, no domingo (21 de setembro), pela 24\u00aa rodada do Brasileir\u00e3o. Emerson Royal foi titular e um dos destaques. Ele entrou na vaga de Varela, em equipe com mudan\u00e7as feitas por Filipe Lu\u00eds.<\/p>\n\n\n\n<p>O lateral foi eleito Destaque Sofascore no cl\u00e1ssico. Ele completou 40 de 44 passes (91%), criou 1 grande chance e deu 4 passes decisivos. Al\u00e9m disso, venceu 10 de 14 duelos e acertou 2 de 5 cruzamentos. Somou 5 desarmes e 10 a\u00e7\u00f5es defensivas.<\/p>\n\n\n\n<p>J\u00e1 na tabela, o Flamengo tem 51 pontos em 23 jogos, seguido pelo <a href=\"https:\/\/www.gaveanews.com\/index.php\/category\/brasileirao\/palmeiras\/\" target=\"_blank\" rel=\"noopener noreferrer\">Palmeiras<\/a>, com 49 em 22. O Vasco soma 24 em 23. Na quinta-feira (25 de setembro), o Rubro-Negro visita o Estudiantes, em La Plata, pelo jogo de volta das quartas da Libertadores. Como venceu no Rio por 2 a 1, joga por um empate.<\/p>\n\n\n\n<p>Depois do jogo, Emerson lamentou o resultado e negou influ\u00eancia no duelo da Libertadores.<\/p>\n\n\n\n<p>\u201cA gente criou bastante, tivemos oportunidades, tentamos impor o jogo. Acredito que fizemos uma grande partida. Nada (sobre o resultado influenciar na Libertadores). \u00c9 um campeonato completamente diferente\u201d.<\/p>\n\n\n\n<p>Em seguida, ele detalhou a leitura do cl\u00e1ssico diante do time de Fernando Diniz, destacando a press\u00e3o alta e a marca\u00e7\u00e3o individual do rival.<\/p>\n\n\n\n<p>\u201cAcredito que tentamos de todas as formas (a vit\u00f3ria). Sabemos que a proposta do Diniz \u00e9 tentar pressionar e, com a bola, jogar bastante. Tentamos pressionar alto, eles acabaram colocando uma marca\u00e7\u00e3o individual, o que dificultou em uma parte do jogo. No contexto geral, dominamos o jogo, criamos ocasi\u00f5es, mas foi um placar que n\u00e3o quer\u00edamos. Agora \u00e9 seguir firme pois temos um jogo muito importante da Libertadores\u201d.<\/p>\n\n\n\n<p>Por fim, questionado sobre poss\u00edvel distra\u00e7\u00e3o por causa do mata-mata, o lateral recha\u00e7ou a hip\u00f3tese e refor\u00e7ou a concentra\u00e7\u00e3o no cl\u00e1ssico.<\/p>\n\n\n\n<p>\u201cN\u00e3o acredito que a gente estivesse com a cabe\u00e7a em outro lugar. Est\u00e1vamos concentrados. Impomos nosso jogo, um cl\u00e1ssico muito complicado contra o time do Diniz. Trabalhei com ele na Sele\u00e7\u00e3o. Sei o quanto \u00e9 dif\u00edcil jogar contra. Tenta jogar o tempo todo, quer pressionar. Tem um advers\u00e1rio de qualidade. Est\u00e1vamos 100% focados, fizemos um bom jogo, mas, infelizmente, n\u00e3o conseguimos o resultado\u201d.<\/p>\n","protected":false},"excerpt":{"rendered":"<p>O Flamengo empatou com o Vasco por 1 a 1, no Maracan\u00e3, no domingo (21 de setembro), pela 24\u00aa rodada do Brasileir\u00e3o. Emerson Royal foi titular e um dos destaques. Ele entrou na vaga de Varela, em equipe com mudan\u00e7as feitas por Filipe Lu\u00eds. O lateral foi eleito Destaque Sofascore no cl\u00e1ssico. Ele completou 40 [&hellip;]<\/p>\n","protected":false},"author":39,"featured_media":274249,"comment_status":"open","ping_status":"closed","sticky":false,"template":"","format":"standard","meta":{"footnotes":""},"categories":[1],"tags":[],"class_list":["post-277011","post","type-post","status-publish","format-standard","has-post-thumbnail","hentry","category-flamengo"],"yoast_head":"<!-- This site is optimized with the Yoast SEO Premium plugin v24.2 (Yoast SEO v26.9) - https:\/\/yoast.com\/product\/yoast-seo-premium-wordpress\/ -->\n<title>A declara\u00e7\u00e3o de Emerson Royal ap\u00f3s o empate entre Flamengo e Vasco<\/title>\n<meta name=\"robots\" content=\"index, follow, max-snippet:-1, max-image-preview:large, max-video-preview:-1\" \/>\n<link rel=\"canonical\" href=\"https:\/\/www.gaveanews.com\/index.php\/2025\/09\/22\/a-declaracao-de-emerson-royal-apos-o-empate-entre-flamengo-e-vasco\/\" \/>\n<meta property=\"og:locale\" content=\"pt_BR\" \/>\n<meta property=\"og:type\" content=\"article\" \/>\n<meta property=\"og:title\" content=\"A declara\u00e7\u00e3o de Emerson Royal ap\u00f3s o empate entre Flamengo e Vasco\" \/>\n<meta property=\"og:description\" content=\"O Flamengo empatou com o Vasco por 1 a 1, no Maracan\u00e3, no domingo (21 de setembro), pela 24\u00aa rodada do Brasileir\u00e3o. Emerson Royal foi titular e um dos destaques. Ele entrou na vaga de Varela, em equipe com mudan\u00e7as feitas por Filipe Lu\u00eds. O lateral foi eleito Destaque Sofascore no cl\u00e1ssico. Ele completou 40 [&hellip;]\" \/>\n<meta property=\"og:url\" content=\"https:\/\/www.gaveanews.com\/index.php\/2025\/09\/22\/a-declaracao-de-emerson-royal-apos-o-empate-entre-flamengo-e-vasco\/\" \/>\n<meta property=\"og:site_name\" content=\"G\u00e1vea News\" \/>\n<meta property=\"article:publisher\" content=\"https:\/\/facebook.com\/gaveaNews\/\" \/>\n<meta property=\"article:published_time\" content=\"2025-09-22T15:15:06+00:00\" \/>\n<meta property=\"og:image\" content=\"https:\/\/www.gaveanews.com\/wp-content\/uploads\/Emerson-Royal-Flamengo.png\" \/>\n\t<meta property=\"og:image:width\" content=\"1200\" \/>\n\t<meta property=\"og:image:height\" content=\"900\" \/>\n\t<meta property=\"og:image:type\" content=\"image\/png\" \/>\n<meta name=\"author\" content=\"Reda\u00e7\u00e3o\" \/>\n<meta name=\"twitter:card\" content=\"summary_large_image\" \/>\n<meta name=\"twitter:label1\" content=\"Escrito por\" \/>\n\t<meta name=\"twitter:data1\" content=\"Reda\u00e7\u00e3o\" \/>\n\t<meta name=\"twitter:label2\" content=\"Est. tempo de leitura\" \/>\n\t<meta name=\"twitter:data2\" content=\"3 minutos\" \/>\n<script type=\"application\/ld+json\" class=\"yoast-schema-graph\">{\"@context\":\"https:\/\/schema.org\",\"@graph\":[{\"@type\":\"NewsArticle\",\"@id\":\"https:\/\/www.gaveanews.com\/index.php\/2025\/09\/22\/a-declaracao-de-emerson-royal-apos-o-empate-entre-flamengo-e-vasco\/#article\",\"isPartOf\":{\"@id\":\"https:\/\/www.gaveanews.com\/index.php\/2025\/09\/22\/a-declaracao-de-emerson-royal-apos-o-empate-entre-flamengo-e-vasco\/\"},\"author\":{\"name\":\"Reda\u00e7\u00e3o\",\"@id\":\"https:\/\/www.gaveanews.com\/#\/schema\/person\/c88645e3d550d0b6574305e67dd5a716\"},\"headline\":\"A declara\u00e7\u00e3o de Emerson Royal ap\u00f3s o empate entre Flamengo e Vasco\",\"datePublished\":\"2025-09-22T15:15:06+00:00\",\"mainEntityOfPage\":{\"@id\":\"https:\/\/www.gaveanews.com\/index.php\/2025\/09\/22\/a-declaracao-de-emerson-royal-apos-o-empate-entre-flamengo-e-vasco\/\"},\"wordCount\":379,\"commentCount\":0,\"image\":{\"@id\":\"https:\/\/www.gaveanews.com\/index.php\/2025\/09\/22\/a-declaracao-de-emerson-royal-apos-o-empate-entre-flamengo-e-vasco\/#primaryimage\"},\"thumbnailUrl\":\"https:\/\/www.gaveanews.com\/wp-content\/uploads\/Emerson-Royal-Flamengo.png\",\"articleSection\":[\"Flamengo\"],\"inLanguage\":\"pt-BR\",\"potentialAction\":[{\"@type\":\"CommentAction\",\"name\":\"Comment\",\"target\":[\"https:\/\/www.gaveanews.com\/index.php\/2025\/09\/22\/a-declaracao-de-emerson-royal-apos-o-empate-entre-flamengo-e-vasco\/#respond\"]}],\"copyrightYear\":\"2025\",\"copyrightHolder\":{\"@id\":\"https:\/\/www.gaveanews.com\/#organization\"}},{\"@type\":\"WebPage\",\"@id\":\"https:\/\/www.gaveanews.com\/index.php\/2025\/09\/22\/a-declaracao-de-emerson-royal-apos-o-empate-entre-flamengo-e-vasco\/\",\"url\":\"https:\/\/www.gaveanews.com\/index.php\/2025\/09\/22\/a-declaracao-de-emerson-royal-apos-o-empate-entre-flamengo-e-vasco\/\",\"name\":\"A declara\u00e7\u00e3o de Emerson Royal ap\u00f3s o empate entre Flamengo e Vasco\",\"isPartOf\":{\"@id\":\"https:\/\/www.gaveanews.com\/#website\"},\"primaryImageOfPage\":{\"@id\":\"https:\/\/www.gaveanews.com\/index.php\/2025\/09\/22\/a-declaracao-de-emerson-royal-apos-o-empate-entre-flamengo-e-vasco\/#primaryimage\"},\"image\":{\"@id\":\"https:\/\/www.gaveanews.com\/index.php\/2025\/09\/22\/a-declaracao-de-emerson-royal-apos-o-empate-entre-flamengo-e-vasco\/#primaryimage\"},\"thumbnailUrl\":\"https:\/\/www.gaveanews.com\/wp-content\/uploads\/Emerson-Royal-Flamengo.png\",\"datePublished\":\"2025-09-22T15:15:06+00:00\",\"author\":{\"@id\":\"https:\/\/www.gaveanews.com\/#\/schema\/person\/c88645e3d550d0b6574305e67dd5a716\"},\"breadcrumb\":{\"@id\":\"https:\/\/www.gaveanews.com\/index.php\/2025\/09\/22\/a-declaracao-de-emerson-royal-apos-o-empate-entre-flamengo-e-vasco\/#breadcrumb\"},\"inLanguage\":\"pt-BR\",\"potentialAction\":[{\"@type\":\"ReadAction\",\"target\":[\"https:\/\/www.gaveanews.com\/index.php\/2025\/09\/22\/a-declaracao-de-emerson-royal-apos-o-empate-entre-flamengo-e-vasco\/\"]}]},{\"@type\":\"ImageObject\",\"inLanguage\":\"pt-BR\",\"@id\":\"https:\/\/www.gaveanews.com\/index.php\/2025\/09\/22\/a-declaracao-de-emerson-royal-apos-o-empate-entre-flamengo-e-vasco\/#primaryimage\",\"url\":\"https:\/\/www.gaveanews.com\/wp-content\/uploads\/Emerson-Royal-Flamengo.png\",\"contentUrl\":\"https:\/\/www.gaveanews.com\/wp-content\/uploads\/Emerson-Royal-Flamengo.png\",\"width\":1200,\"height\":900,\"caption\":\"Emerson Royal Flamengo (Foto: Gilvan de Souza\/Flamengo)\"},{\"@type\":\"BreadcrumbList\",\"@id\":\"https:\/\/www.gaveanews.com\/index.php\/2025\/09\/22\/a-declaracao-de-emerson-royal-apos-o-empate-entre-flamengo-e-vasco\/#breadcrumb\",\"itemListElement\":[{\"@type\":\"ListItem\",\"position\":1,\"name\":\"Home\",\"item\":\"https:\/\/www.gaveanews.com\/\"},{\"@type\":\"ListItem\",\"position\":2,\"name\":\"A declara\u00e7\u00e3o de Emerson Royal ap\u00f3s o empate entre Flamengo e Vasco\"}]},{\"@type\":\"WebSite\",\"@id\":\"https:\/\/www.gaveanews.com\/#website\",\"url\":\"https:\/\/www.gaveanews.com\/\",\"name\":\"G\u00e1vea News\",\"description\":\"Veja todas as not\u00edcias sobre o Flamengo: Contrata\u00e7\u00f5es, categorias de base, resultados das partidas, tabela de classifica\u00e7\u00e3o, pr\u00f3ximos jogos!\",\"potentialAction\":[{\"@type\":\"SearchAction\",\"target\":{\"@type\":\"EntryPoint\",\"urlTemplate\":\"https:\/\/www.gaveanews.com\/?s={search_term_string}\"},\"query-input\":{\"@type\":\"PropertyValueSpecification\",\"valueRequired\":true,\"valueName\":\"search_term_string\"}}],\"inLanguage\":\"pt-BR\"},{\"@type\":\"Person\",\"@id\":\"https:\/\/www.gaveanews.com\/#\/schema\/person\/c88645e3d550d0b6574305e67dd5a716\",\"name\":\"Reda\u00e7\u00e3o\",\"image\":{\"@type\":\"ImageObject\",\"inLanguage\":\"pt-BR\",\"@id\":\"https:\/\/www.gaveanews.com\/#\/schema\/person\/image\/\",\"url\":\"https:\/\/secure.gravatar.com\/avatar\/434098fd823f0dc1b062d14ca22bacaa6e38de28d8c816bbef6fc2f8c44d8ba3?s=96&d=mm&r=g\",\"contentUrl\":\"https:\/\/secure.gravatar.com\/avatar\/434098fd823f0dc1b062d14ca22bacaa6e38de28d8c816bbef6fc2f8c44d8ba3?s=96&d=mm&r=g\",\"caption\":\"Reda\u00e7\u00e3o\"}}]}<\/script>\n<!-- \/ Yoast SEO Premium plugin. -->","yoast_head_json":{"title":"A declara\u00e7\u00e3o de Emerson Royal ap\u00f3s o empate entre Flamengo e Vasco","robots":{"index":"index","follow":"follow","max-snippet":"max-snippet:-1","max-image-preview":"max-image-preview:large","max-video-preview":"max-video-preview:-1"},"canonical":"https:\/\/www.gaveanews.com\/index.php\/2025\/09\/22\/a-declaracao-de-emerson-royal-apos-o-empate-entre-flamengo-e-vasco\/","og_locale":"pt_BR","og_type":"article","og_title":"A declara\u00e7\u00e3o de Emerson Royal ap\u00f3s o empate entre Flamengo e Vasco","og_description":"O Flamengo empatou com o Vasco por 1 a 1, no Maracan\u00e3, no domingo (21 de setembro), pela 24\u00aa rodada do Brasileir\u00e3o. Emerson Royal foi titular e um dos destaques. Ele entrou na vaga de Varela, em equipe com mudan\u00e7as feitas por Filipe Lu\u00eds. O lateral foi eleito Destaque Sofascore no cl\u00e1ssico. Ele completou 40 [&hellip;]","og_url":"https:\/\/www.gaveanews.com\/index.php\/2025\/09\/22\/a-declaracao-de-emerson-royal-apos-o-empate-entre-flamengo-e-vasco\/","og_site_name":"G\u00e1vea News","article_publisher":"https:\/\/facebook.com\/gaveaNews\/","article_published_time":"2025-09-22T15:15:06+00:00","og_image":[{"width":1200,"height":900,"url":"https:\/\/www.gaveanews.com\/wp-content\/uploads\/Emerson-Royal-Flamengo.png","type":"image\/png"}],"author":"Reda\u00e7\u00e3o","twitter_card":"summary_large_image","twitter_misc":{"Escrito por":"Reda\u00e7\u00e3o","Est. tempo de leitura":"3 minutos"},"schema":{"@context":"https:\/\/schema.org","@graph":[{"@type":"NewsArticle","@id":"https:\/\/www.gaveanews.com\/index.php\/2025\/09\/22\/a-declaracao-de-emerson-royal-apos-o-empate-entre-flamengo-e-vasco\/#article","isPartOf":{"@id":"https:\/\/www.gaveanews.com\/index.php\/2025\/09\/22\/a-declaracao-de-emerson-royal-apos-o-empate-entre-flamengo-e-vasco\/"},"author":{"name":"Reda\u00e7\u00e3o","@id":"https:\/\/www.gaveanews.com\/#\/schema\/person\/c88645e3d550d0b6574305e67dd5a716"},"headline":"A declara\u00e7\u00e3o de Emerson Royal ap\u00f3s o empate entre Flamengo e Vasco","datePublished":"2025-09-22T15:15:06+00:00","mainEntityOfPage":{"@id":"https:\/\/www.gaveanews.com\/index.php\/2025\/09\/22\/a-declaracao-de-emerson-royal-apos-o-empate-entre-flamengo-e-vasco\/"},"wordCount":379,"commentCount":0,"image":{"@id":"https:\/\/www.gaveanews.com\/index.php\/2025\/09\/22\/a-declaracao-de-emerson-royal-apos-o-empate-entre-flamengo-e-vasco\/#primaryimage"},"thumbnailUrl":"https:\/\/www.gaveanews.com\/wp-content\/uploads\/Emerson-Royal-Flamengo.png","articleSection":["Flamengo"],"inLanguage":"pt-BR","potentialAction":[{"@type":"CommentAction","name":"Comment","target":["https:\/\/www.gaveanews.com\/index.php\/2025\/09\/22\/a-declaracao-de-emerson-royal-apos-o-empate-entre-flamengo-e-vasco\/#respond"]}],"copyrightYear":"2025","copyrightHolder":{"@id":"https:\/\/www.gaveanews.com\/#organization"}},{"@type":"WebPage","@id":"https:\/\/www.gaveanews.com\/index.php\/2025\/09\/22\/a-declaracao-de-emerson-royal-apos-o-empate-entre-flamengo-e-vasco\/","url":"https:\/\/www.gaveanews.com\/index.php\/2025\/09\/22\/a-declaracao-de-emerson-royal-apos-o-empate-entre-flamengo-e-vasco\/","name":"A declara\u00e7\u00e3o de Emerson Royal ap\u00f3s o empate entre Flamengo e Vasco","isPartOf":{"@id":"https:\/\/www.gaveanews.com\/#website"},"primaryImageOfPage":{"@id":"https:\/\/www.gaveanews.com\/index.php\/2025\/09\/22\/a-declaracao-de-emerson-royal-apos-o-empate-entre-flamengo-e-vasco\/#primaryimage"},"image":{"@id":"https:\/\/www.gaveanews.com\/index.php\/2025\/09\/22\/a-declaracao-de-emerson-royal-apos-o-empate-entre-flamengo-e-vasco\/#primaryimage"},"thumbnailUrl":"https:\/\/www.gaveanews.com\/wp-content\/uploads\/Emerson-Royal-Flamengo.png","datePublished":"2025-09-22T15:15:06+00:00","author":{"@id":"https:\/\/www.gaveanews.com\/#\/schema\/person\/c88645e3d550d0b6574305e67dd5a716"},"breadcrumb":{"@id":"https:\/\/www.gaveanews.com\/index.php\/2025\/09\/22\/a-declaracao-de-emerson-royal-apos-o-empate-entre-flamengo-e-vasco\/#breadcrumb"},"inLanguage":"pt-BR","potentialAction":[{"@type":"ReadAction","target":["https:\/\/www.gaveanews.com\/index.php\/2025\/09\/22\/a-declaracao-de-emerson-royal-apos-o-empate-entre-flamengo-e-vasco\/"]}]},{"@type":"ImageObject","inLanguage":"pt-BR","@id":"https:\/\/www.gaveanews.com\/index.php\/2025\/09\/22\/a-declaracao-de-emerson-royal-apos-o-empate-entre-flamengo-e-vasco\/#primaryimage","url":"https:\/\/www.gaveanews.com\/wp-content\/uploads\/Emerson-Royal-Flamengo.png","contentUrl":"https:\/\/www.gaveanews.com\/wp-content\/uploads\/Emerson-Royal-Flamengo.png","width":1200,"height":900,"caption":"Emerson Royal Flamengo (Foto: Gilvan de Souza\/Flamengo)"},{"@type":"BreadcrumbList","@id":"https:\/\/www.gaveanews.com\/index.php\/2025\/09\/22\/a-declaracao-de-emerson-royal-apos-o-empate-entre-flamengo-e-vasco\/#breadcrumb","itemListElement":[{"@type":"ListItem","position":1,"name":"Home","item":"https:\/\/www.gaveanews.com\/"},{"@type":"ListItem","position":2,"name":"A declara\u00e7\u00e3o de Emerson Royal ap\u00f3s o empate entre Flamengo e Vasco"}]},{"@type":"WebSite","@id":"https:\/\/www.gaveanews.com\/#website","url":"https:\/\/www.gaveanews.com\/","name":"G\u00e1vea News","description":"Veja todas as not\u00edcias sobre o Flamengo: Contrata\u00e7\u00f5es, categorias de base, resultados das partidas, tabela de classifica\u00e7\u00e3o, pr\u00f3ximos jogos!","potentialAction":[{"@type":"SearchAction","target":{"@type":"EntryPoint","urlTemplate":"https:\/\/www.gaveanews.com\/?s={search_term_string}"},"query-input":{"@type":"PropertyValueSpecification","valueRequired":true,"valueName":"search_term_string"}}],"inLanguage":"pt-BR"},{"@type":"Person","@id":"https:\/\/www.gaveanews.com\/#\/schema\/person\/c88645e3d550d0b6574305e67dd5a716","name":"Reda\u00e7\u00e3o","image":{"@type":"ImageObject","inLanguage":"pt-BR","@id":"https:\/\/www.gaveanews.com\/#\/schema\/person\/image\/","url":"https:\/\/secure.gravatar.com\/avatar\/434098fd823f0dc1b062d14ca22bacaa6e38de28d8c816bbef6fc2f8c44d8ba3?s=96&d=mm&r=g","contentUrl":"https:\/\/secure.gravatar.com\/avatar\/434098fd823f0dc1b062d14ca22bacaa6e38de28d8c816bbef6fc2f8c44d8ba3?s=96&d=mm&r=g","caption":"Reda\u00e7\u00e3o"}}]}},"_links":{"self":[{"href":"https:\/\/www.gaveanews.com\/index.php\/wp-json\/wp\/v2\/posts\/277011","targetHints":{"allow":["GET"]}}],"collection":[{"href":"https:\/\/www.gaveanews.com\/index.php\/wp-json\/wp\/v2\/posts"}],"about":[{"href":"https:\/\/www.gaveanews.com\/index.php\/wp-json\/wp\/v2\/types\/post"}],"author":[{"embeddable":true,"href":"https:\/\/www.gaveanews.com\/index.php\/wp-json\/wp\/v2\/users\/39"}],"replies":[{"embeddable":true,"href":"https:\/\/www.gaveanews.com\/index.php\/wp-json\/wp\/v2\/comments?post=277011"}],"version-history":[{"count":1,"href":"https:\/\/www.gaveanews.com\/index.php\/wp-json\/wp\/v2\/posts\/277011\/revisions"}],"predecessor-version":[{"id":277017,"href":"https:\/\/www.gaveanews.com\/index.php\/wp-json\/wp\/v2\/posts\/277011\/revisions\/277017"}],"wp:featuredmedia":[{"embeddable":true,"href":"https:\/\/www.gaveanews.com\/index.php\/wp-json\/wp\/v2\/media\/274249"}],"wp:attachment":[{"href":"https:\/\/www.gaveanews.com\/index.php\/wp-json\/wp\/v2\/media?parent=277011"}],"wp:term":[{"taxonomy":"category","embeddable":true,"href":"https:\/\/www.gaveanews.com\/index.php\/wp-json\/wp\/v2\/categories?post=277011"},{"taxonomy":"post_tag","embeddable":true,"href":"https:\/\/www.gaveanews.com\/index.php\/wp-json\/wp\/v2\/tags?post=277011"}],"curies":[{"name":"wp","href":"https:\/\/api.w.org\/{rel}","templated":true}]}}