{"id":277018,"date":"2025-09-22T13:32:21","date_gmt":"2025-09-22T16:32:21","guid":{"rendered":"https:\/\/www.gaveanews.com\/?p=277018"},"modified":"2025-09-22T13:32:26","modified_gmt":"2025-09-22T16:32:26","slug":"jornalista-acredita-que-filipe-luis-do-flamengo-mentiu-durante-coletiva","status":"publish","type":"post","link":"https:\/\/www.gaveanews.com\/index.php\/2025\/09\/22\/jornalista-acredita-que-filipe-luis-do-flamengo-mentiu-durante-coletiva\/","title":{"rendered":"Jornalista acredita que Filipe Lu\u00eds, do Flamengo, mentiu durante coletiva"},"content":{"rendered":"\n<p>O <a href=\"https:\/\/www.gaveanews.com\/index.php\/category\/brasileirao\/flamengo\/\" target=\"_blank\" rel=\"noopener noreferrer\">Flamengo<\/a> empatou em 1 a 1 com o <a href=\"https:\/\/www.gaveanews.com\/index.php\/category\/brasileirao\/vasco\/\" target=\"_blank\" rel=\"noopener noreferrer\">Vasco<\/a> no cl\u00e1ssico de domingo (21 de setembro), em jogo marcado por mudan\u00e7as na escala\u00e7\u00e3o. Ap\u00f3s a partida, Filipe Lu\u00eds afirmou que quest\u00f5es f\u00edsicas influenciaram as escolhas. Entretanto, a explica\u00e7\u00e3o provocou contesta\u00e7\u00e3o p\u00fablica.<\/p>\n\n\n\n<p>Do time considerado titular, apenas Rossi, L\u00e9o Ortiz, Sa\u00fal e Plata come\u00e7aram o cl\u00e1ssico. Carrascal fez seu primeiro jogo como titular na fun\u00e7\u00e3o de Arrascaeta e marcou o gol rubro-negro, seu primeiro pelo clube. Ao longo do segundo tempo, outros titulares entraram.<\/p>\n\n\n\n<p>Entretanto, no programa CopaZona, da Caz\u00e9TV, Gabriel Sim\u00f5es questionou a justificativa do treinador. Em resposta a Igor Rodrigues, o jornalista disse n\u00e3o acreditar na necessidade de poupar tantos atletas.<\/p>\n\n\n\n<p>&#8220;Eu acho (que o Filipe Lu\u00eds mentiu). Algu\u00e9m aqui nesse est\u00fadio acredita que se o jogo da quinta-feira (18) fosse pelo Campeonato Brasileiro contra S\u00e3o Paulo, no domingo (21) contra o Vasco e na outra quinta-feira (25) contra o Corinthians, algu\u00e9m aqui acha que neste domingo o Flamengo teria poupado sete jogadores? N\u00e3o teria poupado. Ent\u00e3o isso n\u00e3o \u00e9 verdade&#8221;<\/p>\n\n\n\n<p>Por sua vez, em coletiva, Filipe Lu\u00eds explicou que a decis\u00e3o ocorreu por recupera\u00e7\u00e3o insuficiente de parte do elenco e pelas condi\u00e7\u00f5es do jogo. Segundo ele, a estrat\u00e9gia foi planejada para sustentar a intensidade no decorrer da partida.<\/p>\n\n\n\n<p>&#8220;Muitos deles n\u00e3o se recuperaram. E o jogo hoje, 17h, com o calor, obviamente que n\u00e3o estavam recuperados. Portanto, optamos por colocar esses jogadores, alguns deles no segundo tempo, para tentar melhorar e dar mais for\u00e7a ainda para a equipe com as trocas. Tivemos nosso momento de press\u00e3o, mas infelizmente n\u00e3o conseguimos fazer o gol&#8221;<\/p>\n\n\n\n<p>Enquanto isso, o cl\u00e1ssico aconteceu entre os confrontos com o Estudiantes pela Libertadores. A partida de ida terminou em 2 a 1 para o Flamengo. O duelo decisivo na Argentina est\u00e1 previsto para quinta-feira (25 de setembro).<\/p>\n","protected":false},"excerpt":{"rendered":"<p>O Flamengo empatou em 1 a 1 com o Vasco no cl\u00e1ssico de domingo (21 de setembro), em jogo marcado por mudan\u00e7as na escala\u00e7\u00e3o. Ap\u00f3s a partida, Filipe Lu\u00eds afirmou que quest\u00f5es f\u00edsicas influenciaram as escolhas. Entretanto, a explica\u00e7\u00e3o provocou contesta\u00e7\u00e3o p\u00fablica. Do time considerado titular, apenas Rossi, L\u00e9o Ortiz, Sa\u00fal e Plata come\u00e7aram o [&hellip;]<\/p>\n","protected":false},"author":39,"featured_media":171957,"comment_status":"open","ping_status":"closed","sticky":false,"template":"","format":"standard","meta":{"footnotes":""},"categories":[1],"tags":[],"class_list":["post-277018","post","type-post","status-publish","format-standard","has-post-thumbnail","hentry","category-flamengo"],"yoast_head":"<!-- This site is optimized with the Yoast SEO Premium plugin v24.2 (Yoast SEO v26.9) - https:\/\/yoast.com\/product\/yoast-seo-premium-wordpress\/ -->\n<title>Jornalista acredita que Filipe Lu\u00eds, do Flamengo, mentiu durante coletiva<\/title>\n<meta name=\"robots\" content=\"index, follow, max-snippet:-1, max-image-preview:large, max-video-preview:-1\" \/>\n<link rel=\"canonical\" href=\"https:\/\/www.gaveanews.com\/index.php\/2025\/09\/22\/jornalista-acredita-que-filipe-luis-do-flamengo-mentiu-durante-coletiva\/\" \/>\n<meta property=\"og:locale\" content=\"pt_BR\" \/>\n<meta property=\"og:type\" content=\"article\" \/>\n<meta property=\"og:title\" content=\"Jornalista acredita que Filipe Lu\u00eds, do Flamengo, mentiu durante coletiva\" \/>\n<meta property=\"og:description\" content=\"O Flamengo empatou em 1 a 1 com o Vasco no cl\u00e1ssico de domingo (21 de setembro), em jogo marcado por mudan\u00e7as na escala\u00e7\u00e3o. Ap\u00f3s a partida, Filipe Lu\u00eds afirmou que quest\u00f5es f\u00edsicas influenciaram as escolhas. Entretanto, a explica\u00e7\u00e3o provocou contesta\u00e7\u00e3o p\u00fablica. Do time considerado titular, apenas Rossi, L\u00e9o Ortiz, Sa\u00fal e Plata come\u00e7aram o [&hellip;]\" \/>\n<meta property=\"og:url\" content=\"https:\/\/www.gaveanews.com\/index.php\/2025\/09\/22\/jornalista-acredita-que-filipe-luis-do-flamengo-mentiu-durante-coletiva\/\" \/>\n<meta property=\"og:site_name\" content=\"G\u00e1vea News\" \/>\n<meta property=\"article:publisher\" content=\"https:\/\/facebook.com\/gaveaNews\/\" \/>\n<meta property=\"article:published_time\" content=\"2025-09-22T16:32:21+00:00\" \/>\n<meta property=\"article:modified_time\" content=\"2025-09-22T16:32:26+00:00\" \/>\n<meta property=\"og:image\" content=\"http:\/\/www.gaveanews.com\/wp-content\/uploads\/Filipe-Luis-durante-jogo-entre-o-Flamengo-x-Bahia.webp\" \/>\n\t<meta property=\"og:image:width\" content=\"342\" \/>\n\t<meta property=\"og:image:height\" content=\"338\" \/>\n\t<meta property=\"og:image:type\" content=\"image\/jpeg\" \/>\n<meta name=\"author\" content=\"Reda\u00e7\u00e3o\" \/>\n<meta name=\"twitter:card\" content=\"summary_large_image\" \/>\n<meta name=\"twitter:label1\" content=\"Escrito por\" \/>\n\t<meta name=\"twitter:data1\" content=\"Reda\u00e7\u00e3o\" \/>\n\t<meta name=\"twitter:label2\" content=\"Est. tempo de leitura\" \/>\n\t<meta name=\"twitter:data2\" content=\"2 minutos\" \/>\n<script type=\"application\/ld+json\" class=\"yoast-schema-graph\">{\"@context\":\"https:\/\/schema.org\",\"@graph\":[{\"@type\":\"NewsArticle\",\"@id\":\"https:\/\/www.gaveanews.com\/index.php\/2025\/09\/22\/jornalista-acredita-que-filipe-luis-do-flamengo-mentiu-durante-coletiva\/#article\",\"isPartOf\":{\"@id\":\"https:\/\/www.gaveanews.com\/index.php\/2025\/09\/22\/jornalista-acredita-que-filipe-luis-do-flamengo-mentiu-durante-coletiva\/\"},\"author\":{\"name\":\"Reda\u00e7\u00e3o\",\"@id\":\"https:\/\/www.gaveanews.com\/#\/schema\/person\/c88645e3d550d0b6574305e67dd5a716\"},\"headline\":\"Jornalista acredita que Filipe Lu\u00eds, do Flamengo, mentiu durante coletiva\",\"datePublished\":\"2025-09-22T16:32:21+00:00\",\"dateModified\":\"2025-09-22T16:32:26+00:00\",\"mainEntityOfPage\":{\"@id\":\"https:\/\/www.gaveanews.com\/index.php\/2025\/09\/22\/jornalista-acredita-que-filipe-luis-do-flamengo-mentiu-durante-coletiva\/\"},\"wordCount\":341,\"commentCount\":0,\"image\":{\"@id\":\"https:\/\/www.gaveanews.com\/index.php\/2025\/09\/22\/jornalista-acredita-que-filipe-luis-do-flamengo-mentiu-durante-coletiva\/#primaryimage\"},\"thumbnailUrl\":\"https:\/\/www.gaveanews.com\/wp-content\/uploads\/Filipe-Luis-durante-jogo-entre-o-Flamengo-x-Bahia.webp\",\"articleSection\":[\"Flamengo\"],\"inLanguage\":\"pt-BR\",\"potentialAction\":[{\"@type\":\"CommentAction\",\"name\":\"Comment\",\"target\":[\"https:\/\/www.gaveanews.com\/index.php\/2025\/09\/22\/jornalista-acredita-que-filipe-luis-do-flamengo-mentiu-durante-coletiva\/#respond\"]}],\"copyrightYear\":\"2025\",\"copyrightHolder\":{\"@id\":\"https:\/\/www.gaveanews.com\/#organization\"}},{\"@type\":\"WebPage\",\"@id\":\"https:\/\/www.gaveanews.com\/index.php\/2025\/09\/22\/jornalista-acredita-que-filipe-luis-do-flamengo-mentiu-durante-coletiva\/\",\"url\":\"https:\/\/www.gaveanews.com\/index.php\/2025\/09\/22\/jornalista-acredita-que-filipe-luis-do-flamengo-mentiu-durante-coletiva\/\",\"name\":\"Jornalista acredita que Filipe Lu\u00eds, do Flamengo, mentiu durante coletiva\",\"isPartOf\":{\"@id\":\"https:\/\/www.gaveanews.com\/#website\"},\"primaryImageOfPage\":{\"@id\":\"https:\/\/www.gaveanews.com\/index.php\/2025\/09\/22\/jornalista-acredita-que-filipe-luis-do-flamengo-mentiu-durante-coletiva\/#primaryimage\"},\"image\":{\"@id\":\"https:\/\/www.gaveanews.com\/index.php\/2025\/09\/22\/jornalista-acredita-que-filipe-luis-do-flamengo-mentiu-durante-coletiva\/#primaryimage\"},\"thumbnailUrl\":\"https:\/\/www.gaveanews.com\/wp-content\/uploads\/Filipe-Luis-durante-jogo-entre-o-Flamengo-x-Bahia.webp\",\"datePublished\":\"2025-09-22T16:32:21+00:00\",\"dateModified\":\"2025-09-22T16:32:26+00:00\",\"author\":{\"@id\":\"https:\/\/www.gaveanews.com\/#\/schema\/person\/c88645e3d550d0b6574305e67dd5a716\"},\"breadcrumb\":{\"@id\":\"https:\/\/www.gaveanews.com\/index.php\/2025\/09\/22\/jornalista-acredita-que-filipe-luis-do-flamengo-mentiu-durante-coletiva\/#breadcrumb\"},\"inLanguage\":\"pt-BR\",\"potentialAction\":[{\"@type\":\"ReadAction\",\"target\":[\"https:\/\/www.gaveanews.com\/index.php\/2025\/09\/22\/jornalista-acredita-que-filipe-luis-do-flamengo-mentiu-durante-coletiva\/\"]}]},{\"@type\":\"ImageObject\",\"inLanguage\":\"pt-BR\",\"@id\":\"https:\/\/www.gaveanews.com\/index.php\/2025\/09\/22\/jornalista-acredita-que-filipe-luis-do-flamengo-mentiu-durante-coletiva\/#primaryimage\",\"url\":\"https:\/\/www.gaveanews.com\/wp-content\/uploads\/Filipe-Luis-durante-jogo-entre-o-Flamengo-x-Bahia.webp\",\"contentUrl\":\"https:\/\/www.gaveanews.com\/wp-content\/uploads\/Filipe-Luis-durante-jogo-entre-o-Flamengo-x-Bahia.webp\",\"width\":342,\"height\":338,\"caption\":\"Filipe Lu\u00eds durante jogo entre o Flamengo x Bahia (Foto: Gilvan de Souza\/CRF)\"},{\"@type\":\"BreadcrumbList\",\"@id\":\"https:\/\/www.gaveanews.com\/index.php\/2025\/09\/22\/jornalista-acredita-que-filipe-luis-do-flamengo-mentiu-durante-coletiva\/#breadcrumb\",\"itemListElement\":[{\"@type\":\"ListItem\",\"position\":1,\"name\":\"Home\",\"item\":\"https:\/\/www.gaveanews.com\/\"},{\"@type\":\"ListItem\",\"position\":2,\"name\":\"Jornalista acredita que Filipe Lu\u00eds, do Flamengo, mentiu durante coletiva\"}]},{\"@type\":\"WebSite\",\"@id\":\"https:\/\/www.gaveanews.com\/#website\",\"url\":\"https:\/\/www.gaveanews.com\/\",\"name\":\"G\u00e1vea News\",\"description\":\"Veja todas as not\u00edcias sobre o Flamengo: Contrata\u00e7\u00f5es, categorias de base, resultados das partidas, tabela de classifica\u00e7\u00e3o, pr\u00f3ximos jogos!\",\"potentialAction\":[{\"@type\":\"SearchAction\",\"target\":{\"@type\":\"EntryPoint\",\"urlTemplate\":\"https:\/\/www.gaveanews.com\/?s={search_term_string}\"},\"query-input\":{\"@type\":\"PropertyValueSpecification\",\"valueRequired\":true,\"valueName\":\"search_term_string\"}}],\"inLanguage\":\"pt-BR\"},{\"@type\":\"Person\",\"@id\":\"https:\/\/www.gaveanews.com\/#\/schema\/person\/c88645e3d550d0b6574305e67dd5a716\",\"name\":\"Reda\u00e7\u00e3o\",\"image\":{\"@type\":\"ImageObject\",\"inLanguage\":\"pt-BR\",\"@id\":\"https:\/\/www.gaveanews.com\/#\/schema\/person\/image\/\",\"url\":\"https:\/\/secure.gravatar.com\/avatar\/434098fd823f0dc1b062d14ca22bacaa6e38de28d8c816bbef6fc2f8c44d8ba3?s=96&d=mm&r=g\",\"contentUrl\":\"https:\/\/secure.gravatar.com\/avatar\/434098fd823f0dc1b062d14ca22bacaa6e38de28d8c816bbef6fc2f8c44d8ba3?s=96&d=mm&r=g\",\"caption\":\"Reda\u00e7\u00e3o\"}}]}<\/script>\n<!-- \/ Yoast SEO Premium plugin. -->","yoast_head_json":{"title":"Jornalista acredita que Filipe Lu\u00eds, do Flamengo, mentiu durante coletiva","robots":{"index":"index","follow":"follow","max-snippet":"max-snippet:-1","max-image-preview":"max-image-preview:large","max-video-preview":"max-video-preview:-1"},"canonical":"https:\/\/www.gaveanews.com\/index.php\/2025\/09\/22\/jornalista-acredita-que-filipe-luis-do-flamengo-mentiu-durante-coletiva\/","og_locale":"pt_BR","og_type":"article","og_title":"Jornalista acredita que Filipe Lu\u00eds, do Flamengo, mentiu durante coletiva","og_description":"O Flamengo empatou em 1 a 1 com o Vasco no cl\u00e1ssico de domingo (21 de setembro), em jogo marcado por mudan\u00e7as na escala\u00e7\u00e3o. Ap\u00f3s a partida, Filipe Lu\u00eds afirmou que quest\u00f5es f\u00edsicas influenciaram as escolhas. Entretanto, a explica\u00e7\u00e3o provocou contesta\u00e7\u00e3o p\u00fablica. Do time considerado titular, apenas Rossi, L\u00e9o Ortiz, Sa\u00fal e Plata come\u00e7aram o [&hellip;]","og_url":"https:\/\/www.gaveanews.com\/index.php\/2025\/09\/22\/jornalista-acredita-que-filipe-luis-do-flamengo-mentiu-durante-coletiva\/","og_site_name":"G\u00e1vea News","article_publisher":"https:\/\/facebook.com\/gaveaNews\/","article_published_time":"2025-09-22T16:32:21+00:00","article_modified_time":"2025-09-22T16:32:26+00:00","og_image":[{"width":342,"height":338,"url":"http:\/\/www.gaveanews.com\/wp-content\/uploads\/Filipe-Luis-durante-jogo-entre-o-Flamengo-x-Bahia.webp","type":"image\/jpeg"}],"author":"Reda\u00e7\u00e3o","twitter_card":"summary_large_image","twitter_misc":{"Escrito por":"Reda\u00e7\u00e3o","Est. tempo de leitura":"2 minutos"},"schema":{"@context":"https:\/\/schema.org","@graph":[{"@type":"NewsArticle","@id":"https:\/\/www.gaveanews.com\/index.php\/2025\/09\/22\/jornalista-acredita-que-filipe-luis-do-flamengo-mentiu-durante-coletiva\/#article","isPartOf":{"@id":"https:\/\/www.gaveanews.com\/index.php\/2025\/09\/22\/jornalista-acredita-que-filipe-luis-do-flamengo-mentiu-durante-coletiva\/"},"author":{"name":"Reda\u00e7\u00e3o","@id":"https:\/\/www.gaveanews.com\/#\/schema\/person\/c88645e3d550d0b6574305e67dd5a716"},"headline":"Jornalista acredita que Filipe Lu\u00eds, do Flamengo, mentiu durante coletiva","datePublished":"2025-09-22T16:32:21+00:00","dateModified":"2025-09-22T16:32:26+00:00","mainEntityOfPage":{"@id":"https:\/\/www.gaveanews.com\/index.php\/2025\/09\/22\/jornalista-acredita-que-filipe-luis-do-flamengo-mentiu-durante-coletiva\/"},"wordCount":341,"commentCount":0,"image":{"@id":"https:\/\/www.gaveanews.com\/index.php\/2025\/09\/22\/jornalista-acredita-que-filipe-luis-do-flamengo-mentiu-durante-coletiva\/#primaryimage"},"thumbnailUrl":"https:\/\/www.gaveanews.com\/wp-content\/uploads\/Filipe-Luis-durante-jogo-entre-o-Flamengo-x-Bahia.webp","articleSection":["Flamengo"],"inLanguage":"pt-BR","potentialAction":[{"@type":"CommentAction","name":"Comment","target":["https:\/\/www.gaveanews.com\/index.php\/2025\/09\/22\/jornalista-acredita-que-filipe-luis-do-flamengo-mentiu-durante-coletiva\/#respond"]}],"copyrightYear":"2025","copyrightHolder":{"@id":"https:\/\/www.gaveanews.com\/#organization"}},{"@type":"WebPage","@id":"https:\/\/www.gaveanews.com\/index.php\/2025\/09\/22\/jornalista-acredita-que-filipe-luis-do-flamengo-mentiu-durante-coletiva\/","url":"https:\/\/www.gaveanews.com\/index.php\/2025\/09\/22\/jornalista-acredita-que-filipe-luis-do-flamengo-mentiu-durante-coletiva\/","name":"Jornalista acredita que Filipe Lu\u00eds, do Flamengo, mentiu durante coletiva","isPartOf":{"@id":"https:\/\/www.gaveanews.com\/#website"},"primaryImageOfPage":{"@id":"https:\/\/www.gaveanews.com\/index.php\/2025\/09\/22\/jornalista-acredita-que-filipe-luis-do-flamengo-mentiu-durante-coletiva\/#primaryimage"},"image":{"@id":"https:\/\/www.gaveanews.com\/index.php\/2025\/09\/22\/jornalista-acredita-que-filipe-luis-do-flamengo-mentiu-durante-coletiva\/#primaryimage"},"thumbnailUrl":"https:\/\/www.gaveanews.com\/wp-content\/uploads\/Filipe-Luis-durante-jogo-entre-o-Flamengo-x-Bahia.webp","datePublished":"2025-09-22T16:32:21+00:00","dateModified":"2025-09-22T16:32:26+00:00","author":{"@id":"https:\/\/www.gaveanews.com\/#\/schema\/person\/c88645e3d550d0b6574305e67dd5a716"},"breadcrumb":{"@id":"https:\/\/www.gaveanews.com\/index.php\/2025\/09\/22\/jornalista-acredita-que-filipe-luis-do-flamengo-mentiu-durante-coletiva\/#breadcrumb"},"inLanguage":"pt-BR","potentialAction":[{"@type":"ReadAction","target":["https:\/\/www.gaveanews.com\/index.php\/2025\/09\/22\/jornalista-acredita-que-filipe-luis-do-flamengo-mentiu-durante-coletiva\/"]}]},{"@type":"ImageObject","inLanguage":"pt-BR","@id":"https:\/\/www.gaveanews.com\/index.php\/2025\/09\/22\/jornalista-acredita-que-filipe-luis-do-flamengo-mentiu-durante-coletiva\/#primaryimage","url":"https:\/\/www.gaveanews.com\/wp-content\/uploads\/Filipe-Luis-durante-jogo-entre-o-Flamengo-x-Bahia.webp","contentUrl":"https:\/\/www.gaveanews.com\/wp-content\/uploads\/Filipe-Luis-durante-jogo-entre-o-Flamengo-x-Bahia.webp","width":342,"height":338,"caption":"Filipe Lu\u00eds durante jogo entre o Flamengo x Bahia (Foto: Gilvan de Souza\/CRF)"},{"@type":"BreadcrumbList","@id":"https:\/\/www.gaveanews.com\/index.php\/2025\/09\/22\/jornalista-acredita-que-filipe-luis-do-flamengo-mentiu-durante-coletiva\/#breadcrumb","itemListElement":[{"@type":"ListItem","position":1,"name":"Home","item":"https:\/\/www.gaveanews.com\/"},{"@type":"ListItem","position":2,"name":"Jornalista acredita que Filipe Lu\u00eds, do Flamengo, mentiu durante coletiva"}]},{"@type":"WebSite","@id":"https:\/\/www.gaveanews.com\/#website","url":"https:\/\/www.gaveanews.com\/","name":"G\u00e1vea News","description":"Veja todas as not\u00edcias sobre o Flamengo: Contrata\u00e7\u00f5es, categorias de base, resultados das partidas, tabela de classifica\u00e7\u00e3o, pr\u00f3ximos jogos!","potentialAction":[{"@type":"SearchAction","target":{"@type":"EntryPoint","urlTemplate":"https:\/\/www.gaveanews.com\/?s={search_term_string}"},"query-input":{"@type":"PropertyValueSpecification","valueRequired":true,"valueName":"search_term_string"}}],"inLanguage":"pt-BR"},{"@type":"Person","@id":"https:\/\/www.gaveanews.com\/#\/schema\/person\/c88645e3d550d0b6574305e67dd5a716","name":"Reda\u00e7\u00e3o","image":{"@type":"ImageObject","inLanguage":"pt-BR","@id":"https:\/\/www.gaveanews.com\/#\/schema\/person\/image\/","url":"https:\/\/secure.gravatar.com\/avatar\/434098fd823f0dc1b062d14ca22bacaa6e38de28d8c816bbef6fc2f8c44d8ba3?s=96&d=mm&r=g","contentUrl":"https:\/\/secure.gravatar.com\/avatar\/434098fd823f0dc1b062d14ca22bacaa6e38de28d8c816bbef6fc2f8c44d8ba3?s=96&d=mm&r=g","caption":"Reda\u00e7\u00e3o"}}]}},"_links":{"self":[{"href":"https:\/\/www.gaveanews.com\/index.php\/wp-json\/wp\/v2\/posts\/277018","targetHints":{"allow":["GET"]}}],"collection":[{"href":"https:\/\/www.gaveanews.com\/index.php\/wp-json\/wp\/v2\/posts"}],"about":[{"href":"https:\/\/www.gaveanews.com\/index.php\/wp-json\/wp\/v2\/types\/post"}],"author":[{"embeddable":true,"href":"https:\/\/www.gaveanews.com\/index.php\/wp-json\/wp\/v2\/users\/39"}],"replies":[{"embeddable":true,"href":"https:\/\/www.gaveanews.com\/index.php\/wp-json\/wp\/v2\/comments?post=277018"}],"version-history":[{"count":1,"href":"https:\/\/www.gaveanews.com\/index.php\/wp-json\/wp\/v2\/posts\/277018\/revisions"}],"predecessor-version":[{"id":277024,"href":"https:\/\/www.gaveanews.com\/index.php\/wp-json\/wp\/v2\/posts\/277018\/revisions\/277024"}],"wp:featuredmedia":[{"embeddable":true,"href":"https:\/\/www.gaveanews.com\/index.php\/wp-json\/wp\/v2\/media\/171957"}],"wp:attachment":[{"href":"https:\/\/www.gaveanews.com\/index.php\/wp-json\/wp\/v2\/media?parent=277018"}],"wp:term":[{"taxonomy":"category","embeddable":true,"href":"https:\/\/www.gaveanews.com\/index.php\/wp-json\/wp\/v2\/categories?post=277018"},{"taxonomy":"post_tag","embeddable":true,"href":"https:\/\/www.gaveanews.com\/index.php\/wp-json\/wp\/v2\/tags?post=277018"}],"curies":[{"name":"wp","href":"https:\/\/api.w.org\/{rel}","templated":true}]}}