{"id":277021,"date":"2025-09-22T15:30:00","date_gmt":"2025-09-22T18:30:00","guid":{"rendered":"https:\/\/www.gaveanews.com\/?p=277021"},"modified":"2025-09-22T13:44:38","modified_gmt":"2025-09-22T16:44:38","slug":"flamengo-trabalha-para-ter-reforco-de-peso-contra-o-estudiantes","status":"publish","type":"post","link":"https:\/\/www.gaveanews.com\/index.php\/2025\/09\/22\/flamengo-trabalha-para-ter-reforco-de-peso-contra-o-estudiantes\/","title":{"rendered":"Flamengo trabalha para ter refor\u00e7o de peso contra o Estudiantes"},"content":{"rendered":"\n<p>Ap\u00f3s o 1 a 1 com o <a href=\"https:\/\/www.gaveanews.com\/index.php\/category\/brasileirao\/vasco\/\" target=\"_blank\" rel=\"noopener noreferrer\">Vasco<\/a> ontem, domingo (21 de setembro), o <a href=\"https:\/\/www.gaveanews.com\/index.php\/category\/brasileirao\/flamengo\/\" target=\"_blank\" rel=\"noopener noreferrer\">Flamengo<\/a> virou a chave para a Libertadores. O clube aguarda a libera\u00e7\u00e3o de Jorginho para o jogo de volta das quartas contra o Estudiantes, na quinta-feira (25 de setembro).<\/p>\n\n\n\n<p>O volante n\u00e3o atua desde a goleada por 8 a 0 sobre o Vit\u00f3ria, em 25 de agosto. Havia expectativa de presen\u00e7a no cl\u00e1ssico, entretanto o Departamento M\u00e9dico n\u00e3o liberou. O Flamengo corre contra o tempo pelo retorno. Ainda n\u00e3o h\u00e1 nenhuma informa\u00e7\u00e3o oficialmente confirmada.<\/p>\n\n\n\n<p>No entanto, Filipe Lu\u00eds ressaltou a import\u00e2ncia do camisa 21 e disse que o grupo trabalha para t\u00ea-lo nesta quinta-feira, caso esteja apto.<\/p>\n\n\n\n<p>&#8220;Estamos trabalhando para ele se recuperar para esta quinta-feira (contra o Estudiantes). Vamos ver se conseguimos ter a volta dele. \u00c9 um jogador muito importante pra gente. Se estiver em campo vai ajudar muito&#8221;.<\/p>\n\n\n\n<figure class=\"wp-block-image size-large\"><img loading=\"lazy\" decoding=\"async\" width=\"1024\" height=\"768\" src=\"http:\/\/www.gaveanews.com\/wp-content\/uploads\/Jorginho-em-acao-pelo-Flamengo-1024x768.png\" alt=\"\" class=\"wp-image-272380\" srcset=\"https:\/\/www.gaveanews.com\/wp-content\/uploads\/Jorginho-em-acao-pelo-Flamengo-1024x768.png 1024w, https:\/\/www.gaveanews.com\/wp-content\/uploads\/Jorginho-em-acao-pelo-Flamengo-300x225.png 300w, https:\/\/www.gaveanews.com\/wp-content\/uploads\/Jorginho-em-acao-pelo-Flamengo-768x576.png 768w, https:\/\/www.gaveanews.com\/wp-content\/uploads\/Jorginho-em-acao-pelo-Flamengo-560x420.png 560w, https:\/\/www.gaveanews.com\/wp-content\/uploads\/Jorginho-em-acao-pelo-Flamengo-1120x840.png 1120w, https:\/\/www.gaveanews.com\/wp-content\/uploads\/Jorginho-em-acao-pelo-Flamengo-80x60.png 80w, https:\/\/www.gaveanews.com\/wp-content\/uploads\/Jorginho-em-acao-pelo-Flamengo-160x120.png 160w, https:\/\/www.gaveanews.com\/wp-content\/uploads\/Jorginho-em-acao-pelo-Flamengo-100x75.png 100w, https:\/\/www.gaveanews.com\/wp-content\/uploads\/Jorginho-em-acao-pelo-Flamengo-200x150.png 200w, https:\/\/www.gaveanews.com\/wp-content\/uploads\/Jorginho-em-acao-pelo-Flamengo-180x135.png 180w, https:\/\/www.gaveanews.com\/wp-content\/uploads\/Jorginho-em-acao-pelo-Flamengo-360x270.png 360w, https:\/\/www.gaveanews.com\/wp-content\/uploads\/Jorginho-em-acao-pelo-Flamengo-238x178.png 238w, https:\/\/www.gaveanews.com\/wp-content\/uploads\/Jorginho-em-acao-pelo-Flamengo-476x356.png 476w, https:\/\/www.gaveanews.com\/wp-content\/uploads\/Jorginho-em-acao-pelo-Flamengo-640x480.png 640w, https:\/\/www.gaveanews.com\/wp-content\/uploads\/Jorginho-em-acao-pelo-Flamengo-681x511.png 681w, https:\/\/www.gaveanews.com\/wp-content\/uploads\/Jorginho-em-acao-pelo-Flamengo.png 1200w\" sizes=\"auto, (max-width: 1024px) 100vw, 1024px\" \/><figcaption class=\"wp-element-caption\">Jorginho em a\u00e7\u00e3o pelo Flamengo (Foto: Gilvan de Souza\/Flamengo)<\/figcaption><\/figure>\n\n\n\n<p>&#8220;O De La Cruz hoje n\u00e3o estava nas melhores condi\u00e7\u00f5es para jogar muitos minutos. Convoquei ele esperando para ver como seria a recupera\u00e7\u00e3o. Ent\u00e3o optei por n\u00e3o usar. O que espero \u00e9 que nos pr\u00f3ximo jogo estejam todos os jogadores \u00e0 disposi\u00e7\u00e3o tendo quatro dias para recuperar. Tenho certeza que todos v\u00e3o estar \u00e0 disposi\u00e7\u00e3o e se o Jorginho voltar, melhor ainda&#8221;, acrescentou Filipe Lu\u00eds.<\/p>\n\n\n\n<p>Segundo o clube, Jorginho se recupera de um edema muscular na coxa esquerda. A comiss\u00e3o t\u00e9cnica monitora a evolu\u00e7\u00e3o a cada jogo. Al\u00e9m disso, ele esteve no Maracan\u00e3 ontem e lamentou o empate ao deixar o est\u00e1dio.<\/p>\n\n\n\n<p>Al\u00e9m disso, o empate deixou o Flamengo dois pontos \u00e0 frente do <a href=\"https:\/\/www.gaveanews.com\/index.php\/category\/brasileirao\/palmeiras\/\" target=\"_blank\" rel=\"noopener noreferrer\">Palmeiras<\/a>, que tem um jogo a menos.<\/p>\n\n\n\n<p>Por sua vez, o confronto de volta ocorre no Est\u00e1dio Jorge Luis Hirschi, na Argentina, na quinta-feira (25 de setembro), \u00e0s 21h30 (hor\u00e1rio de Bras\u00edlia). O duelo vale vaga nas semifinais, e o Flamengo venceu a ida por 2 a 1, no Maracan\u00e3.<\/p>\n","protected":false},"excerpt":{"rendered":"<p>Ap\u00f3s o 1 a 1 com o Vasco ontem, domingo (21 de setembro), o Flamengo virou a chave para a Libertadores. O clube aguarda a libera\u00e7\u00e3o de Jorginho para o jogo de volta das quartas contra o Estudiantes, na quinta-feira (25 de setembro). O volante n\u00e3o atua desde a goleada por 8 a 0 sobre [&hellip;]<\/p>\n","protected":false},"author":39,"featured_media":121425,"comment_status":"open","ping_status":"closed","sticky":false,"template":"","format":"standard","meta":{"footnotes":""},"categories":[1],"tags":[],"class_list":["post-277021","post","type-post","status-publish","format-standard","has-post-thumbnail","hentry","category-flamengo"],"yoast_head":"<!-- This site is optimized with the Yoast SEO Premium plugin v24.2 (Yoast SEO v26.9) - https:\/\/yoast.com\/product\/yoast-seo-premium-wordpress\/ -->\n<title>Flamengo trabalha para ter refor\u00e7o de peso contra o Estudiantes<\/title>\n<meta name=\"robots\" content=\"index, follow, max-snippet:-1, max-image-preview:large, max-video-preview:-1\" \/>\n<link rel=\"canonical\" href=\"https:\/\/www.gaveanews.com\/index.php\/2025\/09\/22\/flamengo-trabalha-para-ter-reforco-de-peso-contra-o-estudiantes\/\" \/>\n<meta property=\"og:locale\" content=\"pt_BR\" \/>\n<meta property=\"og:type\" content=\"article\" \/>\n<meta property=\"og:title\" content=\"Flamengo trabalha para ter refor\u00e7o de peso contra o Estudiantes\" \/>\n<meta property=\"og:description\" content=\"Ap\u00f3s o 1 a 1 com o Vasco ontem, domingo (21 de setembro), o Flamengo virou a chave para a Libertadores. O clube aguarda a libera\u00e7\u00e3o de Jorginho para o jogo de volta das quartas contra o Estudiantes, na quinta-feira (25 de setembro). O volante n\u00e3o atua desde a goleada por 8 a 0 sobre [&hellip;]\" \/>\n<meta property=\"og:url\" content=\"https:\/\/www.gaveanews.com\/index.php\/2025\/09\/22\/flamengo-trabalha-para-ter-reforco-de-peso-contra-o-estudiantes\/\" \/>\n<meta property=\"og:site_name\" content=\"G\u00e1vea News\" \/>\n<meta property=\"article:publisher\" content=\"https:\/\/facebook.com\/gaveaNews\/\" \/>\n<meta property=\"article:published_time\" content=\"2025-09-22T18:30:00+00:00\" \/>\n<meta property=\"og:image\" content=\"https:\/\/www.gaveanews.com\/wp-content\/uploads\/escudoFLA.webp\" \/>\n\t<meta property=\"og:image:width\" content=\"900\" \/>\n\t<meta property=\"og:image:height\" content=\"530\" \/>\n\t<meta property=\"og:image:type\" content=\"image\/webp\" \/>\n<meta name=\"author\" content=\"Reda\u00e7\u00e3o\" \/>\n<meta name=\"twitter:card\" content=\"summary_large_image\" \/>\n<meta name=\"twitter:label1\" content=\"Escrito por\" \/>\n\t<meta name=\"twitter:data1\" content=\"Reda\u00e7\u00e3o\" \/>\n\t<meta name=\"twitter:label2\" content=\"Est. tempo de leitura\" \/>\n\t<meta name=\"twitter:data2\" content=\"3 minutos\" \/>\n<script type=\"application\/ld+json\" class=\"yoast-schema-graph\">{\"@context\":\"https:\/\/schema.org\",\"@graph\":[{\"@type\":\"NewsArticle\",\"@id\":\"https:\/\/www.gaveanews.com\/index.php\/2025\/09\/22\/flamengo-trabalha-para-ter-reforco-de-peso-contra-o-estudiantes\/#article\",\"isPartOf\":{\"@id\":\"https:\/\/www.gaveanews.com\/index.php\/2025\/09\/22\/flamengo-trabalha-para-ter-reforco-de-peso-contra-o-estudiantes\/\"},\"author\":{\"name\":\"Reda\u00e7\u00e3o\",\"@id\":\"https:\/\/www.gaveanews.com\/#\/schema\/person\/c88645e3d550d0b6574305e67dd5a716\"},\"headline\":\"Flamengo trabalha para ter refor\u00e7o de peso contra o Estudiantes\",\"datePublished\":\"2025-09-22T18:30:00+00:00\",\"mainEntityOfPage\":{\"@id\":\"https:\/\/www.gaveanews.com\/index.php\/2025\/09\/22\/flamengo-trabalha-para-ter-reforco-de-peso-contra-o-estudiantes\/\"},\"wordCount\":347,\"commentCount\":0,\"image\":{\"@id\":\"https:\/\/www.gaveanews.com\/index.php\/2025\/09\/22\/flamengo-trabalha-para-ter-reforco-de-peso-contra-o-estudiantes\/#primaryimage\"},\"thumbnailUrl\":\"https:\/\/www.gaveanews.com\/wp-content\/uploads\/escudoFLA.webp\",\"articleSection\":[\"Flamengo\"],\"inLanguage\":\"pt-BR\",\"potentialAction\":[{\"@type\":\"CommentAction\",\"name\":\"Comment\",\"target\":[\"https:\/\/www.gaveanews.com\/index.php\/2025\/09\/22\/flamengo-trabalha-para-ter-reforco-de-peso-contra-o-estudiantes\/#respond\"]}],\"copyrightYear\":\"2025\",\"copyrightHolder\":{\"@id\":\"https:\/\/www.gaveanews.com\/#organization\"}},{\"@type\":\"WebPage\",\"@id\":\"https:\/\/www.gaveanews.com\/index.php\/2025\/09\/22\/flamengo-trabalha-para-ter-reforco-de-peso-contra-o-estudiantes\/\",\"url\":\"https:\/\/www.gaveanews.com\/index.php\/2025\/09\/22\/flamengo-trabalha-para-ter-reforco-de-peso-contra-o-estudiantes\/\",\"name\":\"Flamengo trabalha para ter refor\u00e7o de peso contra o Estudiantes\",\"isPartOf\":{\"@id\":\"https:\/\/www.gaveanews.com\/#website\"},\"primaryImageOfPage\":{\"@id\":\"https:\/\/www.gaveanews.com\/index.php\/2025\/09\/22\/flamengo-trabalha-para-ter-reforco-de-peso-contra-o-estudiantes\/#primaryimage\"},\"image\":{\"@id\":\"https:\/\/www.gaveanews.com\/index.php\/2025\/09\/22\/flamengo-trabalha-para-ter-reforco-de-peso-contra-o-estudiantes\/#primaryimage\"},\"thumbnailUrl\":\"https:\/\/www.gaveanews.com\/wp-content\/uploads\/escudoFLA.webp\",\"datePublished\":\"2025-09-22T18:30:00+00:00\",\"author\":{\"@id\":\"https:\/\/www.gaveanews.com\/#\/schema\/person\/c88645e3d550d0b6574305e67dd5a716\"},\"breadcrumb\":{\"@id\":\"https:\/\/www.gaveanews.com\/index.php\/2025\/09\/22\/flamengo-trabalha-para-ter-reforco-de-peso-contra-o-estudiantes\/#breadcrumb\"},\"inLanguage\":\"pt-BR\",\"potentialAction\":[{\"@type\":\"ReadAction\",\"target\":[\"https:\/\/www.gaveanews.com\/index.php\/2025\/09\/22\/flamengo-trabalha-para-ter-reforco-de-peso-contra-o-estudiantes\/\"]}]},{\"@type\":\"ImageObject\",\"inLanguage\":\"pt-BR\",\"@id\":\"https:\/\/www.gaveanews.com\/index.php\/2025\/09\/22\/flamengo-trabalha-para-ter-reforco-de-peso-contra-o-estudiantes\/#primaryimage\",\"url\":\"https:\/\/www.gaveanews.com\/wp-content\/uploads\/escudoFLA.webp\",\"contentUrl\":\"https:\/\/www.gaveanews.com\/wp-content\/uploads\/escudoFLA.webp\",\"width\":900,\"height\":530,\"caption\":\"Escudo do Flamengo (Foto: Reprodu\u00e7\u00e3o)\"},{\"@type\":\"BreadcrumbList\",\"@id\":\"https:\/\/www.gaveanews.com\/index.php\/2025\/09\/22\/flamengo-trabalha-para-ter-reforco-de-peso-contra-o-estudiantes\/#breadcrumb\",\"itemListElement\":[{\"@type\":\"ListItem\",\"position\":1,\"name\":\"Home\",\"item\":\"https:\/\/www.gaveanews.com\/\"},{\"@type\":\"ListItem\",\"position\":2,\"name\":\"Flamengo trabalha para ter refor\u00e7o de peso contra o Estudiantes\"}]},{\"@type\":\"WebSite\",\"@id\":\"https:\/\/www.gaveanews.com\/#website\",\"url\":\"https:\/\/www.gaveanews.com\/\",\"name\":\"G\u00e1vea News\",\"description\":\"Veja todas as not\u00edcias sobre o Flamengo: Contrata\u00e7\u00f5es, categorias de base, resultados das partidas, tabela de classifica\u00e7\u00e3o, pr\u00f3ximos jogos!\",\"potentialAction\":[{\"@type\":\"SearchAction\",\"target\":{\"@type\":\"EntryPoint\",\"urlTemplate\":\"https:\/\/www.gaveanews.com\/?s={search_term_string}\"},\"query-input\":{\"@type\":\"PropertyValueSpecification\",\"valueRequired\":true,\"valueName\":\"search_term_string\"}}],\"inLanguage\":\"pt-BR\"},{\"@type\":\"Person\",\"@id\":\"https:\/\/www.gaveanews.com\/#\/schema\/person\/c88645e3d550d0b6574305e67dd5a716\",\"name\":\"Reda\u00e7\u00e3o\",\"image\":{\"@type\":\"ImageObject\",\"inLanguage\":\"pt-BR\",\"@id\":\"https:\/\/www.gaveanews.com\/#\/schema\/person\/image\/\",\"url\":\"https:\/\/secure.gravatar.com\/avatar\/434098fd823f0dc1b062d14ca22bacaa6e38de28d8c816bbef6fc2f8c44d8ba3?s=96&d=mm&r=g\",\"contentUrl\":\"https:\/\/secure.gravatar.com\/avatar\/434098fd823f0dc1b062d14ca22bacaa6e38de28d8c816bbef6fc2f8c44d8ba3?s=96&d=mm&r=g\",\"caption\":\"Reda\u00e7\u00e3o\"}}]}<\/script>\n<!-- \/ Yoast SEO Premium plugin. -->","yoast_head_json":{"title":"Flamengo trabalha para ter refor\u00e7o de peso contra o Estudiantes","robots":{"index":"index","follow":"follow","max-snippet":"max-snippet:-1","max-image-preview":"max-image-preview:large","max-video-preview":"max-video-preview:-1"},"canonical":"https:\/\/www.gaveanews.com\/index.php\/2025\/09\/22\/flamengo-trabalha-para-ter-reforco-de-peso-contra-o-estudiantes\/","og_locale":"pt_BR","og_type":"article","og_title":"Flamengo trabalha para ter refor\u00e7o de peso contra o Estudiantes","og_description":"Ap\u00f3s o 1 a 1 com o Vasco ontem, domingo (21 de setembro), o Flamengo virou a chave para a Libertadores. O clube aguarda a libera\u00e7\u00e3o de Jorginho para o jogo de volta das quartas contra o Estudiantes, na quinta-feira (25 de setembro). O volante n\u00e3o atua desde a goleada por 8 a 0 sobre [&hellip;]","og_url":"https:\/\/www.gaveanews.com\/index.php\/2025\/09\/22\/flamengo-trabalha-para-ter-reforco-de-peso-contra-o-estudiantes\/","og_site_name":"G\u00e1vea News","article_publisher":"https:\/\/facebook.com\/gaveaNews\/","article_published_time":"2025-09-22T18:30:00+00:00","og_image":[{"width":900,"height":530,"url":"https:\/\/www.gaveanews.com\/wp-content\/uploads\/escudoFLA.webp","type":"image\/webp"}],"author":"Reda\u00e7\u00e3o","twitter_card":"summary_large_image","twitter_misc":{"Escrito por":"Reda\u00e7\u00e3o","Est. tempo de leitura":"3 minutos"},"schema":{"@context":"https:\/\/schema.org","@graph":[{"@type":"NewsArticle","@id":"https:\/\/www.gaveanews.com\/index.php\/2025\/09\/22\/flamengo-trabalha-para-ter-reforco-de-peso-contra-o-estudiantes\/#article","isPartOf":{"@id":"https:\/\/www.gaveanews.com\/index.php\/2025\/09\/22\/flamengo-trabalha-para-ter-reforco-de-peso-contra-o-estudiantes\/"},"author":{"name":"Reda\u00e7\u00e3o","@id":"https:\/\/www.gaveanews.com\/#\/schema\/person\/c88645e3d550d0b6574305e67dd5a716"},"headline":"Flamengo trabalha para ter refor\u00e7o de peso contra o Estudiantes","datePublished":"2025-09-22T18:30:00+00:00","mainEntityOfPage":{"@id":"https:\/\/www.gaveanews.com\/index.php\/2025\/09\/22\/flamengo-trabalha-para-ter-reforco-de-peso-contra-o-estudiantes\/"},"wordCount":347,"commentCount":0,"image":{"@id":"https:\/\/www.gaveanews.com\/index.php\/2025\/09\/22\/flamengo-trabalha-para-ter-reforco-de-peso-contra-o-estudiantes\/#primaryimage"},"thumbnailUrl":"https:\/\/www.gaveanews.com\/wp-content\/uploads\/escudoFLA.webp","articleSection":["Flamengo"],"inLanguage":"pt-BR","potentialAction":[{"@type":"CommentAction","name":"Comment","target":["https:\/\/www.gaveanews.com\/index.php\/2025\/09\/22\/flamengo-trabalha-para-ter-reforco-de-peso-contra-o-estudiantes\/#respond"]}],"copyrightYear":"2025","copyrightHolder":{"@id":"https:\/\/www.gaveanews.com\/#organization"}},{"@type":"WebPage","@id":"https:\/\/www.gaveanews.com\/index.php\/2025\/09\/22\/flamengo-trabalha-para-ter-reforco-de-peso-contra-o-estudiantes\/","url":"https:\/\/www.gaveanews.com\/index.php\/2025\/09\/22\/flamengo-trabalha-para-ter-reforco-de-peso-contra-o-estudiantes\/","name":"Flamengo trabalha para ter refor\u00e7o de peso contra o Estudiantes","isPartOf":{"@id":"https:\/\/www.gaveanews.com\/#website"},"primaryImageOfPage":{"@id":"https:\/\/www.gaveanews.com\/index.php\/2025\/09\/22\/flamengo-trabalha-para-ter-reforco-de-peso-contra-o-estudiantes\/#primaryimage"},"image":{"@id":"https:\/\/www.gaveanews.com\/index.php\/2025\/09\/22\/flamengo-trabalha-para-ter-reforco-de-peso-contra-o-estudiantes\/#primaryimage"},"thumbnailUrl":"https:\/\/www.gaveanews.com\/wp-content\/uploads\/escudoFLA.webp","datePublished":"2025-09-22T18:30:00+00:00","author":{"@id":"https:\/\/www.gaveanews.com\/#\/schema\/person\/c88645e3d550d0b6574305e67dd5a716"},"breadcrumb":{"@id":"https:\/\/www.gaveanews.com\/index.php\/2025\/09\/22\/flamengo-trabalha-para-ter-reforco-de-peso-contra-o-estudiantes\/#breadcrumb"},"inLanguage":"pt-BR","potentialAction":[{"@type":"ReadAction","target":["https:\/\/www.gaveanews.com\/index.php\/2025\/09\/22\/flamengo-trabalha-para-ter-reforco-de-peso-contra-o-estudiantes\/"]}]},{"@type":"ImageObject","inLanguage":"pt-BR","@id":"https:\/\/www.gaveanews.com\/index.php\/2025\/09\/22\/flamengo-trabalha-para-ter-reforco-de-peso-contra-o-estudiantes\/#primaryimage","url":"https:\/\/www.gaveanews.com\/wp-content\/uploads\/escudoFLA.webp","contentUrl":"https:\/\/www.gaveanews.com\/wp-content\/uploads\/escudoFLA.webp","width":900,"height":530,"caption":"Escudo do Flamengo (Foto: Reprodu\u00e7\u00e3o)"},{"@type":"BreadcrumbList","@id":"https:\/\/www.gaveanews.com\/index.php\/2025\/09\/22\/flamengo-trabalha-para-ter-reforco-de-peso-contra-o-estudiantes\/#breadcrumb","itemListElement":[{"@type":"ListItem","position":1,"name":"Home","item":"https:\/\/www.gaveanews.com\/"},{"@type":"ListItem","position":2,"name":"Flamengo trabalha para ter refor\u00e7o de peso contra o Estudiantes"}]},{"@type":"WebSite","@id":"https:\/\/www.gaveanews.com\/#website","url":"https:\/\/www.gaveanews.com\/","name":"G\u00e1vea News","description":"Veja todas as not\u00edcias sobre o Flamengo: Contrata\u00e7\u00f5es, categorias de base, resultados das partidas, tabela de classifica\u00e7\u00e3o, pr\u00f3ximos jogos!","potentialAction":[{"@type":"SearchAction","target":{"@type":"EntryPoint","urlTemplate":"https:\/\/www.gaveanews.com\/?s={search_term_string}"},"query-input":{"@type":"PropertyValueSpecification","valueRequired":true,"valueName":"search_term_string"}}],"inLanguage":"pt-BR"},{"@type":"Person","@id":"https:\/\/www.gaveanews.com\/#\/schema\/person\/c88645e3d550d0b6574305e67dd5a716","name":"Reda\u00e7\u00e3o","image":{"@type":"ImageObject","inLanguage":"pt-BR","@id":"https:\/\/www.gaveanews.com\/#\/schema\/person\/image\/","url":"https:\/\/secure.gravatar.com\/avatar\/434098fd823f0dc1b062d14ca22bacaa6e38de28d8c816bbef6fc2f8c44d8ba3?s=96&d=mm&r=g","contentUrl":"https:\/\/secure.gravatar.com\/avatar\/434098fd823f0dc1b062d14ca22bacaa6e38de28d8c816bbef6fc2f8c44d8ba3?s=96&d=mm&r=g","caption":"Reda\u00e7\u00e3o"}}]}},"_links":{"self":[{"href":"https:\/\/www.gaveanews.com\/index.php\/wp-json\/wp\/v2\/posts\/277021","targetHints":{"allow":["GET"]}}],"collection":[{"href":"https:\/\/www.gaveanews.com\/index.php\/wp-json\/wp\/v2\/posts"}],"about":[{"href":"https:\/\/www.gaveanews.com\/index.php\/wp-json\/wp\/v2\/types\/post"}],"author":[{"embeddable":true,"href":"https:\/\/www.gaveanews.com\/index.php\/wp-json\/wp\/v2\/users\/39"}],"replies":[{"embeddable":true,"href":"https:\/\/www.gaveanews.com\/index.php\/wp-json\/wp\/v2\/comments?post=277021"}],"version-history":[{"count":2,"href":"https:\/\/www.gaveanews.com\/index.php\/wp-json\/wp\/v2\/posts\/277021\/revisions"}],"predecessor-version":[{"id":277034,"href":"https:\/\/www.gaveanews.com\/index.php\/wp-json\/wp\/v2\/posts\/277021\/revisions\/277034"}],"wp:featuredmedia":[{"embeddable":true,"href":"https:\/\/www.gaveanews.com\/index.php\/wp-json\/wp\/v2\/media\/121425"}],"wp:attachment":[{"href":"https:\/\/www.gaveanews.com\/index.php\/wp-json\/wp\/v2\/media?parent=277021"}],"wp:term":[{"taxonomy":"category","embeddable":true,"href":"https:\/\/www.gaveanews.com\/index.php\/wp-json\/wp\/v2\/categories?post=277021"},{"taxonomy":"post_tag","embeddable":true,"href":"https:\/\/www.gaveanews.com\/index.php\/wp-json\/wp\/v2\/tags?post=277021"}],"curies":[{"name":"wp","href":"https:\/\/api.w.org\/{rel}","templated":true}]}}