{"id":277022,"date":"2025-09-22T15:00:00","date_gmt":"2025-09-22T18:00:00","guid":{"rendered":"https:\/\/www.gaveanews.com\/?p=277022"},"modified":"2025-09-22T13:38:35","modified_gmt":"2025-09-22T16:38:35","slug":"pc-oliveira-analisa-possivel-lance-de-expulsao-em-flamengo-x-vasco","status":"publish","type":"post","link":"https:\/\/www.gaveanews.com\/index.php\/2025\/09\/22\/pc-oliveira-analisa-possivel-lance-de-expulsao-em-flamengo-x-vasco\/","title":{"rendered":"PC Oliveira analisa poss\u00edvel lance de expuls\u00e3o em Flamengo x Vasco"},"content":{"rendered":"\n<p>O cl\u00e1ssico entre <a href=\"https:\/\/www.gaveanews.com\/index.php\/category\/brasileirao\/flamengo\/\" target=\"_blank\" rel=\"noopener noreferrer\">Flamengo<\/a> e <a href=\"https:\/\/www.gaveanews.com\/index.php\/category\/brasileirao\/vasco\/\" target=\"_blank\" rel=\"noopener noreferrer\">Vasco<\/a>, o Cl\u00e1ssico dos Milh\u00f5es, pela 24\u00aa rodada do Brasileir\u00e3o, terminou em 1 a 1 no Maracan\u00e3, no domingo (21). Carrascal marcou aos 11 minutos, e Rayan empatou aos 29. O primeiro tempo foi animado, e o gol rubro-negro saiu ap\u00f3s rebote dentro da \u00e1rea. Na comemora\u00e7\u00e3o, Rayan provocou os flamenguistas.<\/p>\n\n\n\n<p>Aos 48 minutos do primeiro tempo, Lucas Oliveira dividiu com Gonzalo Plata e acertou a sola da chuteira na altura do joelho. J\u00e1 o \u00e1rbitro Rafael Rodrigo Klein exibiu o amarelo ao zagueiro, o que gerou reclama\u00e7\u00f5es por expuls\u00e3o e intensa discuss\u00e3o entre torcedores.<\/p>\n\n\n\n<p>Ao analisar as imagens, PC Oliveira, ex-\u00e1rbitro e comentarista da Globo, concordou com a decis\u00e3o de n\u00e3o aplicar o vermelho. Segundo ele, o lance justificou o amarelo.<\/p>\n\n\n\n<p>&#8220;O Lucas Oliveira toca na bola primeiro, e, na minha vis\u00e3o, n\u00e3o foi uma entrada direta com a sola da chuteira, que a gente fala que \u00e9 com for\u00e7a excessiva e com risco de lesionar o advers\u00e1rio.Ele joga de uma maneira perigosa, levanta muito o p\u00e9, atinge a bola, mas n\u00e3o teve um movimento adicional. N\u00e3o \u00e9 que chutou a bola e depois deixou o p\u00e9 para pegar o Plata&#8221;, disse.<\/p>\n\n\n\n<p>Depois da an\u00e1lise, ele reiterou a concord\u00e2ncia com o \u00e1rbitro Rafael Rodrigo Klein e ressaltou o crit\u00e9rio adotado na dividida. A avalia\u00e7\u00e3o manteve o clima de debate.<\/p>\n\n\n\n<p>&#8220;\u00c9 bem no limite, porque foi com a sola da chuteira. Mas eu vejo mais como uma jogada perigosa, que toca na bola e tem contato no advers\u00e1rio. Acho que o amarelo foi bem aplicado&#8221;, completou.<\/p>\n\n\n\n<p>Entretanto, torcedores do Flamengo reagiram nas redes sociais e contestaram a decis\u00e3o de campo e a checagem do VAR. Veja alguns coment\u00e1rios:  <\/p>\n\n\n\n<p>&#8220;Foi uma nele e um p\u00e9 alto em cima do Royal e essa arbitragem frouxa n\u00e3o pune ningu\u00e9m&#8221;.<\/p>\n\n\n\n<p>&#8220;Nojento como esse time \u00e9 fraco de bastidores, como tem jogador frouxo com arbitragem&#8230; O cara d\u00e1 uma solada com a trava da chuteira no joelho do Plata, o var nem chama e ningu\u00e9m reclama, uma apatia impressionante&#8221;.<\/p>\n","protected":false},"excerpt":{"rendered":"<p>O cl\u00e1ssico entre Flamengo e Vasco, o Cl\u00e1ssico dos Milh\u00f5es, pela 24\u00aa rodada do Brasileir\u00e3o, terminou em 1 a 1 no Maracan\u00e3, no domingo (21). Carrascal marcou aos 11 minutos, e Rayan empatou aos 29. O primeiro tempo foi animado, e o gol rubro-negro saiu ap\u00f3s rebote dentro da \u00e1rea. Na comemora\u00e7\u00e3o, Rayan provocou os [&hellip;]<\/p>\n","protected":false},"author":39,"featured_media":267103,"comment_status":"open","ping_status":"closed","sticky":false,"template":"","format":"standard","meta":{"footnotes":""},"categories":[1],"tags":[],"class_list":["post-277022","post","type-post","status-publish","format-standard","has-post-thumbnail","hentry","category-flamengo"],"yoast_head":"<!-- This site is optimized with the Yoast SEO Premium plugin v24.2 (Yoast SEO v26.9) - https:\/\/yoast.com\/product\/yoast-seo-premium-wordpress\/ -->\n<title>PC Oliveira analisa poss\u00edvel lance de expuls\u00e3o em Flamengo x Vasco<\/title>\n<meta name=\"robots\" content=\"index, follow, max-snippet:-1, max-image-preview:large, max-video-preview:-1\" \/>\n<link rel=\"canonical\" href=\"https:\/\/www.gaveanews.com\/index.php\/2025\/09\/22\/pc-oliveira-analisa-possivel-lance-de-expulsao-em-flamengo-x-vasco\/\" \/>\n<meta property=\"og:locale\" content=\"pt_BR\" \/>\n<meta property=\"og:type\" content=\"article\" \/>\n<meta property=\"og:title\" content=\"PC Oliveira analisa poss\u00edvel lance de expuls\u00e3o em Flamengo x Vasco\" \/>\n<meta property=\"og:description\" content=\"O cl\u00e1ssico entre Flamengo e Vasco, o Cl\u00e1ssico dos Milh\u00f5es, pela 24\u00aa rodada do Brasileir\u00e3o, terminou em 1 a 1 no Maracan\u00e3, no domingo (21). Carrascal marcou aos 11 minutos, e Rayan empatou aos 29. O primeiro tempo foi animado, e o gol rubro-negro saiu ap\u00f3s rebote dentro da \u00e1rea. Na comemora\u00e7\u00e3o, Rayan provocou os [&hellip;]\" \/>\n<meta property=\"og:url\" content=\"https:\/\/www.gaveanews.com\/index.php\/2025\/09\/22\/pc-oliveira-analisa-possivel-lance-de-expulsao-em-flamengo-x-vasco\/\" \/>\n<meta property=\"og:site_name\" content=\"G\u00e1vea News\" \/>\n<meta property=\"article:publisher\" content=\"https:\/\/facebook.com\/gaveaNews\/\" \/>\n<meta property=\"article:published_time\" content=\"2025-09-22T18:00:00+00:00\" \/>\n<meta property=\"og:image\" content=\"https:\/\/www.gaveanews.com\/wp-content\/uploads\/PC-de-Oliveira-.webp\" \/>\n\t<meta property=\"og:image:width\" content=\"1200\" \/>\n\t<meta property=\"og:image:height\" content=\"900\" \/>\n\t<meta property=\"og:image:type\" content=\"image\/webp\" \/>\n<meta name=\"author\" content=\"Reda\u00e7\u00e3o\" \/>\n<meta name=\"twitter:card\" content=\"summary_large_image\" \/>\n<meta name=\"twitter:label1\" content=\"Escrito por\" \/>\n\t<meta name=\"twitter:data1\" content=\"Reda\u00e7\u00e3o\" \/>\n\t<meta name=\"twitter:label2\" content=\"Est. tempo de leitura\" \/>\n\t<meta name=\"twitter:data2\" content=\"3 minutos\" \/>\n<script type=\"application\/ld+json\" class=\"yoast-schema-graph\">{\"@context\":\"https:\/\/schema.org\",\"@graph\":[{\"@type\":\"NewsArticle\",\"@id\":\"https:\/\/www.gaveanews.com\/index.php\/2025\/09\/22\/pc-oliveira-analisa-possivel-lance-de-expulsao-em-flamengo-x-vasco\/#article\",\"isPartOf\":{\"@id\":\"https:\/\/www.gaveanews.com\/index.php\/2025\/09\/22\/pc-oliveira-analisa-possivel-lance-de-expulsao-em-flamengo-x-vasco\/\"},\"author\":{\"name\":\"Reda\u00e7\u00e3o\",\"@id\":\"https:\/\/www.gaveanews.com\/#\/schema\/person\/c88645e3d550d0b6574305e67dd5a716\"},\"headline\":\"PC Oliveira analisa poss\u00edvel lance de expuls\u00e3o em Flamengo x Vasco\",\"datePublished\":\"2025-09-22T18:00:00+00:00\",\"mainEntityOfPage\":{\"@id\":\"https:\/\/www.gaveanews.com\/index.php\/2025\/09\/22\/pc-oliveira-analisa-possivel-lance-de-expulsao-em-flamengo-x-vasco\/\"},\"wordCount\":370,\"commentCount\":0,\"image\":{\"@id\":\"https:\/\/www.gaveanews.com\/index.php\/2025\/09\/22\/pc-oliveira-analisa-possivel-lance-de-expulsao-em-flamengo-x-vasco\/#primaryimage\"},\"thumbnailUrl\":\"https:\/\/www.gaveanews.com\/wp-content\/uploads\/PC-de-Oliveira-.webp\",\"articleSection\":[\"Flamengo\"],\"inLanguage\":\"pt-BR\",\"potentialAction\":[{\"@type\":\"CommentAction\",\"name\":\"Comment\",\"target\":[\"https:\/\/www.gaveanews.com\/index.php\/2025\/09\/22\/pc-oliveira-analisa-possivel-lance-de-expulsao-em-flamengo-x-vasco\/#respond\"]}],\"copyrightYear\":\"2025\",\"copyrightHolder\":{\"@id\":\"https:\/\/www.gaveanews.com\/#organization\"}},{\"@type\":\"WebPage\",\"@id\":\"https:\/\/www.gaveanews.com\/index.php\/2025\/09\/22\/pc-oliveira-analisa-possivel-lance-de-expulsao-em-flamengo-x-vasco\/\",\"url\":\"https:\/\/www.gaveanews.com\/index.php\/2025\/09\/22\/pc-oliveira-analisa-possivel-lance-de-expulsao-em-flamengo-x-vasco\/\",\"name\":\"PC Oliveira analisa poss\u00edvel lance de expuls\u00e3o em Flamengo x Vasco\",\"isPartOf\":{\"@id\":\"https:\/\/www.gaveanews.com\/#website\"},\"primaryImageOfPage\":{\"@id\":\"https:\/\/www.gaveanews.com\/index.php\/2025\/09\/22\/pc-oliveira-analisa-possivel-lance-de-expulsao-em-flamengo-x-vasco\/#primaryimage\"},\"image\":{\"@id\":\"https:\/\/www.gaveanews.com\/index.php\/2025\/09\/22\/pc-oliveira-analisa-possivel-lance-de-expulsao-em-flamengo-x-vasco\/#primaryimage\"},\"thumbnailUrl\":\"https:\/\/www.gaveanews.com\/wp-content\/uploads\/PC-de-Oliveira-.webp\",\"datePublished\":\"2025-09-22T18:00:00+00:00\",\"author\":{\"@id\":\"https:\/\/www.gaveanews.com\/#\/schema\/person\/c88645e3d550d0b6574305e67dd5a716\"},\"breadcrumb\":{\"@id\":\"https:\/\/www.gaveanews.com\/index.php\/2025\/09\/22\/pc-oliveira-analisa-possivel-lance-de-expulsao-em-flamengo-x-vasco\/#breadcrumb\"},\"inLanguage\":\"pt-BR\",\"potentialAction\":[{\"@type\":\"ReadAction\",\"target\":[\"https:\/\/www.gaveanews.com\/index.php\/2025\/09\/22\/pc-oliveira-analisa-possivel-lance-de-expulsao-em-flamengo-x-vasco\/\"]}]},{\"@type\":\"ImageObject\",\"inLanguage\":\"pt-BR\",\"@id\":\"https:\/\/www.gaveanews.com\/index.php\/2025\/09\/22\/pc-oliveira-analisa-possivel-lance-de-expulsao-em-flamengo-x-vasco\/#primaryimage\",\"url\":\"https:\/\/www.gaveanews.com\/wp-content\/uploads\/PC-de-Oliveira-.webp\",\"contentUrl\":\"https:\/\/www.gaveanews.com\/wp-content\/uploads\/PC-de-Oliveira-.webp\",\"width\":1200,\"height\":900,\"caption\":\"PC de Oliveira (Foto: Reprodu\u00e7\u00e3o\/Sportv)\"},{\"@type\":\"BreadcrumbList\",\"@id\":\"https:\/\/www.gaveanews.com\/index.php\/2025\/09\/22\/pc-oliveira-analisa-possivel-lance-de-expulsao-em-flamengo-x-vasco\/#breadcrumb\",\"itemListElement\":[{\"@type\":\"ListItem\",\"position\":1,\"name\":\"Home\",\"item\":\"https:\/\/www.gaveanews.com\/\"},{\"@type\":\"ListItem\",\"position\":2,\"name\":\"PC Oliveira analisa poss\u00edvel lance de expuls\u00e3o em Flamengo x Vasco\"}]},{\"@type\":\"WebSite\",\"@id\":\"https:\/\/www.gaveanews.com\/#website\",\"url\":\"https:\/\/www.gaveanews.com\/\",\"name\":\"G\u00e1vea News\",\"description\":\"Veja todas as not\u00edcias sobre o Flamengo: Contrata\u00e7\u00f5es, categorias de base, resultados das partidas, tabela de classifica\u00e7\u00e3o, pr\u00f3ximos jogos!\",\"potentialAction\":[{\"@type\":\"SearchAction\",\"target\":{\"@type\":\"EntryPoint\",\"urlTemplate\":\"https:\/\/www.gaveanews.com\/?s={search_term_string}\"},\"query-input\":{\"@type\":\"PropertyValueSpecification\",\"valueRequired\":true,\"valueName\":\"search_term_string\"}}],\"inLanguage\":\"pt-BR\"},{\"@type\":\"Person\",\"@id\":\"https:\/\/www.gaveanews.com\/#\/schema\/person\/c88645e3d550d0b6574305e67dd5a716\",\"name\":\"Reda\u00e7\u00e3o\",\"image\":{\"@type\":\"ImageObject\",\"inLanguage\":\"pt-BR\",\"@id\":\"https:\/\/www.gaveanews.com\/#\/schema\/person\/image\/\",\"url\":\"https:\/\/secure.gravatar.com\/avatar\/434098fd823f0dc1b062d14ca22bacaa6e38de28d8c816bbef6fc2f8c44d8ba3?s=96&d=mm&r=g\",\"contentUrl\":\"https:\/\/secure.gravatar.com\/avatar\/434098fd823f0dc1b062d14ca22bacaa6e38de28d8c816bbef6fc2f8c44d8ba3?s=96&d=mm&r=g\",\"caption\":\"Reda\u00e7\u00e3o\"}}]}<\/script>\n<!-- \/ Yoast SEO Premium plugin. -->","yoast_head_json":{"title":"PC Oliveira analisa poss\u00edvel lance de expuls\u00e3o em Flamengo x Vasco","robots":{"index":"index","follow":"follow","max-snippet":"max-snippet:-1","max-image-preview":"max-image-preview:large","max-video-preview":"max-video-preview:-1"},"canonical":"https:\/\/www.gaveanews.com\/index.php\/2025\/09\/22\/pc-oliveira-analisa-possivel-lance-de-expulsao-em-flamengo-x-vasco\/","og_locale":"pt_BR","og_type":"article","og_title":"PC Oliveira analisa poss\u00edvel lance de expuls\u00e3o em Flamengo x Vasco","og_description":"O cl\u00e1ssico entre Flamengo e Vasco, o Cl\u00e1ssico dos Milh\u00f5es, pela 24\u00aa rodada do Brasileir\u00e3o, terminou em 1 a 1 no Maracan\u00e3, no domingo (21). Carrascal marcou aos 11 minutos, e Rayan empatou aos 29. O primeiro tempo foi animado, e o gol rubro-negro saiu ap\u00f3s rebote dentro da \u00e1rea. Na comemora\u00e7\u00e3o, Rayan provocou os [&hellip;]","og_url":"https:\/\/www.gaveanews.com\/index.php\/2025\/09\/22\/pc-oliveira-analisa-possivel-lance-de-expulsao-em-flamengo-x-vasco\/","og_site_name":"G\u00e1vea News","article_publisher":"https:\/\/facebook.com\/gaveaNews\/","article_published_time":"2025-09-22T18:00:00+00:00","og_image":[{"width":1200,"height":900,"url":"https:\/\/www.gaveanews.com\/wp-content\/uploads\/PC-de-Oliveira-.webp","type":"image\/webp"}],"author":"Reda\u00e7\u00e3o","twitter_card":"summary_large_image","twitter_misc":{"Escrito por":"Reda\u00e7\u00e3o","Est. tempo de leitura":"3 minutos"},"schema":{"@context":"https:\/\/schema.org","@graph":[{"@type":"NewsArticle","@id":"https:\/\/www.gaveanews.com\/index.php\/2025\/09\/22\/pc-oliveira-analisa-possivel-lance-de-expulsao-em-flamengo-x-vasco\/#article","isPartOf":{"@id":"https:\/\/www.gaveanews.com\/index.php\/2025\/09\/22\/pc-oliveira-analisa-possivel-lance-de-expulsao-em-flamengo-x-vasco\/"},"author":{"name":"Reda\u00e7\u00e3o","@id":"https:\/\/www.gaveanews.com\/#\/schema\/person\/c88645e3d550d0b6574305e67dd5a716"},"headline":"PC Oliveira analisa poss\u00edvel lance de expuls\u00e3o em Flamengo x Vasco","datePublished":"2025-09-22T18:00:00+00:00","mainEntityOfPage":{"@id":"https:\/\/www.gaveanews.com\/index.php\/2025\/09\/22\/pc-oliveira-analisa-possivel-lance-de-expulsao-em-flamengo-x-vasco\/"},"wordCount":370,"commentCount":0,"image":{"@id":"https:\/\/www.gaveanews.com\/index.php\/2025\/09\/22\/pc-oliveira-analisa-possivel-lance-de-expulsao-em-flamengo-x-vasco\/#primaryimage"},"thumbnailUrl":"https:\/\/www.gaveanews.com\/wp-content\/uploads\/PC-de-Oliveira-.webp","articleSection":["Flamengo"],"inLanguage":"pt-BR","potentialAction":[{"@type":"CommentAction","name":"Comment","target":["https:\/\/www.gaveanews.com\/index.php\/2025\/09\/22\/pc-oliveira-analisa-possivel-lance-de-expulsao-em-flamengo-x-vasco\/#respond"]}],"copyrightYear":"2025","copyrightHolder":{"@id":"https:\/\/www.gaveanews.com\/#organization"}},{"@type":"WebPage","@id":"https:\/\/www.gaveanews.com\/index.php\/2025\/09\/22\/pc-oliveira-analisa-possivel-lance-de-expulsao-em-flamengo-x-vasco\/","url":"https:\/\/www.gaveanews.com\/index.php\/2025\/09\/22\/pc-oliveira-analisa-possivel-lance-de-expulsao-em-flamengo-x-vasco\/","name":"PC Oliveira analisa poss\u00edvel lance de expuls\u00e3o em Flamengo x Vasco","isPartOf":{"@id":"https:\/\/www.gaveanews.com\/#website"},"primaryImageOfPage":{"@id":"https:\/\/www.gaveanews.com\/index.php\/2025\/09\/22\/pc-oliveira-analisa-possivel-lance-de-expulsao-em-flamengo-x-vasco\/#primaryimage"},"image":{"@id":"https:\/\/www.gaveanews.com\/index.php\/2025\/09\/22\/pc-oliveira-analisa-possivel-lance-de-expulsao-em-flamengo-x-vasco\/#primaryimage"},"thumbnailUrl":"https:\/\/www.gaveanews.com\/wp-content\/uploads\/PC-de-Oliveira-.webp","datePublished":"2025-09-22T18:00:00+00:00","author":{"@id":"https:\/\/www.gaveanews.com\/#\/schema\/person\/c88645e3d550d0b6574305e67dd5a716"},"breadcrumb":{"@id":"https:\/\/www.gaveanews.com\/index.php\/2025\/09\/22\/pc-oliveira-analisa-possivel-lance-de-expulsao-em-flamengo-x-vasco\/#breadcrumb"},"inLanguage":"pt-BR","potentialAction":[{"@type":"ReadAction","target":["https:\/\/www.gaveanews.com\/index.php\/2025\/09\/22\/pc-oliveira-analisa-possivel-lance-de-expulsao-em-flamengo-x-vasco\/"]}]},{"@type":"ImageObject","inLanguage":"pt-BR","@id":"https:\/\/www.gaveanews.com\/index.php\/2025\/09\/22\/pc-oliveira-analisa-possivel-lance-de-expulsao-em-flamengo-x-vasco\/#primaryimage","url":"https:\/\/www.gaveanews.com\/wp-content\/uploads\/PC-de-Oliveira-.webp","contentUrl":"https:\/\/www.gaveanews.com\/wp-content\/uploads\/PC-de-Oliveira-.webp","width":1200,"height":900,"caption":"PC de Oliveira (Foto: Reprodu\u00e7\u00e3o\/Sportv)"},{"@type":"BreadcrumbList","@id":"https:\/\/www.gaveanews.com\/index.php\/2025\/09\/22\/pc-oliveira-analisa-possivel-lance-de-expulsao-em-flamengo-x-vasco\/#breadcrumb","itemListElement":[{"@type":"ListItem","position":1,"name":"Home","item":"https:\/\/www.gaveanews.com\/"},{"@type":"ListItem","position":2,"name":"PC Oliveira analisa poss\u00edvel lance de expuls\u00e3o em Flamengo x Vasco"}]},{"@type":"WebSite","@id":"https:\/\/www.gaveanews.com\/#website","url":"https:\/\/www.gaveanews.com\/","name":"G\u00e1vea News","description":"Veja todas as not\u00edcias sobre o Flamengo: Contrata\u00e7\u00f5es, categorias de base, resultados das partidas, tabela de classifica\u00e7\u00e3o, pr\u00f3ximos jogos!","potentialAction":[{"@type":"SearchAction","target":{"@type":"EntryPoint","urlTemplate":"https:\/\/www.gaveanews.com\/?s={search_term_string}"},"query-input":{"@type":"PropertyValueSpecification","valueRequired":true,"valueName":"search_term_string"}}],"inLanguage":"pt-BR"},{"@type":"Person","@id":"https:\/\/www.gaveanews.com\/#\/schema\/person\/c88645e3d550d0b6574305e67dd5a716","name":"Reda\u00e7\u00e3o","image":{"@type":"ImageObject","inLanguage":"pt-BR","@id":"https:\/\/www.gaveanews.com\/#\/schema\/person\/image\/","url":"https:\/\/secure.gravatar.com\/avatar\/434098fd823f0dc1b062d14ca22bacaa6e38de28d8c816bbef6fc2f8c44d8ba3?s=96&d=mm&r=g","contentUrl":"https:\/\/secure.gravatar.com\/avatar\/434098fd823f0dc1b062d14ca22bacaa6e38de28d8c816bbef6fc2f8c44d8ba3?s=96&d=mm&r=g","caption":"Reda\u00e7\u00e3o"}}]}},"_links":{"self":[{"href":"https:\/\/www.gaveanews.com\/index.php\/wp-json\/wp\/v2\/posts\/277022","targetHints":{"allow":["GET"]}}],"collection":[{"href":"https:\/\/www.gaveanews.com\/index.php\/wp-json\/wp\/v2\/posts"}],"about":[{"href":"https:\/\/www.gaveanews.com\/index.php\/wp-json\/wp\/v2\/types\/post"}],"author":[{"embeddable":true,"href":"https:\/\/www.gaveanews.com\/index.php\/wp-json\/wp\/v2\/users\/39"}],"replies":[{"embeddable":true,"href":"https:\/\/www.gaveanews.com\/index.php\/wp-json\/wp\/v2\/comments?post=277022"}],"version-history":[{"count":1,"href":"https:\/\/www.gaveanews.com\/index.php\/wp-json\/wp\/v2\/posts\/277022\/revisions"}],"predecessor-version":[{"id":277028,"href":"https:\/\/www.gaveanews.com\/index.php\/wp-json\/wp\/v2\/posts\/277022\/revisions\/277028"}],"wp:featuredmedia":[{"embeddable":true,"href":"https:\/\/www.gaveanews.com\/index.php\/wp-json\/wp\/v2\/media\/267103"}],"wp:attachment":[{"href":"https:\/\/www.gaveanews.com\/index.php\/wp-json\/wp\/v2\/media?parent=277022"}],"wp:term":[{"taxonomy":"category","embeddable":true,"href":"https:\/\/www.gaveanews.com\/index.php\/wp-json\/wp\/v2\/categories?post=277022"},{"taxonomy":"post_tag","embeddable":true,"href":"https:\/\/www.gaveanews.com\/index.php\/wp-json\/wp\/v2\/tags?post=277022"}],"curies":[{"name":"wp","href":"https:\/\/api.w.org\/{rel}","templated":true}]}}