{"id":277098,"date":"2025-09-23T13:25:48","date_gmt":"2025-09-23T16:25:48","guid":{"rendered":"https:\/\/www.gaveanews.com\/?p=277098"},"modified":"2025-09-23T13:25:53","modified_gmt":"2025-09-23T16:25:53","slug":"flamengo-atinge-novo-patamar-e-e-reconhecido-como-patrimonio-do-rio-de-janeiro","status":"publish","type":"post","link":"https:\/\/www.gaveanews.com\/index.php\/2025\/09\/23\/flamengo-atinge-novo-patamar-e-e-reconhecido-como-patrimonio-do-rio-de-janeiro\/","title":{"rendered":"Flamengo atinge novo patamar e \u00e9 reconhecido como patrim\u00f4nio do Rio de Janeiro"},"content":{"rendered":"\n<p>O <a href=\"https:\/\/www.gaveanews.com\/index.php\/category\/brasileirao\/flamengo\/\" target=\"_blank\" rel=\"noopener noreferrer\">Flamengo<\/a> recebeu nesta segunda-feira (22 de setembro), na G\u00e1vea, o diploma que oficializa o clube como Patrim\u00f4nio do Estado do Rio de Janeiro. O t\u00edtulo reconhece valores hist\u00f3ricos, culturais e imateriais. O reconhecimento j\u00e1 valia desde julho, conforme a Lei 10.888\/2025.<\/p>\n\n\n\n<p>A Alerj aprovou o projeto em 24 de junho. Em 17 de julho, o governador Cl\u00e1udio Castro sancionou a lei e a publica\u00e7\u00e3o saiu no Di\u00e1rio Oficial. Al\u00e9m disso, a autora da proposta \u00e9 a deputada estadual Ver\u00f4nica Lima (PT). Tamb\u00e9m assinam o projeto Carlos Minc, Braz\u00e3o, Tia Ju, Val Ceasa, Flavio Serafini, Renata Souza, TH Joias e Zeidan. Rodrigo Amorim, Alexandre Knoploch, Rodrigo Bacellar, Elika Takimoto, Guilherme Delaroli, Dr. Deodalto, Yuri Moura, Luiz Paulo e Chico Machado tamb\u00e9m constam.<\/p>\n\n\n\n<p>J\u00e1 no evento realizado na sede do clube, o presidente Luiz Eduardo Baptista, o Bap, celebrou a honraria em declara\u00e7\u00e3o ao site oficial do Flamengo.<\/p>\n\n\n\n<p>&#8220;Esse reconhecimento, que \u00e9 imaterial, mexe, com toda a certeza, com o cora\u00e7\u00e3o e o orgulho do torcedor rubro-negro. Agrade\u00e7o em nome de toda a Na\u00e7\u00e3o&#8221;, disse.<\/p>\n\n\n\n<p>Por sua vez, a deputada Ver\u00f4nica Lima, autora da lei, entregou o certificado ao dirigente e comentou o significado do reconhecimento.<\/p>\n\n\n\n<p>&#8220;O Flamengo j\u00e1 era patrim\u00f4nio afetivo de milh\u00f5es de torcedores. Torn\u00e1-lo patrim\u00f4nio hist\u00f3rico, cultural e imaterial do Rio de Janeiro faz justi\u00e7a \u00e0 sua trajet\u00f3ria e ao seu papel fundamental na hist\u00f3ria do nosso Estado e pa\u00eds&#8221;.<\/p>\n\n\n\n<p>Al\u00e9m disso, em nota institucional, o clube celebrou o reconhecimento e ressaltou sua dimens\u00e3o cultural.<\/p>\n\n\n\n<p><em>&#8220;Mais do que uma homenagem, esse reconhecimento celebra o papel que o Flamengo desempenha h\u00e1 quase 130 anos na vida de milh\u00f5es de pessoas. O Flamengo \u00e9 emo\u00e7\u00e3o, cultura, mem\u00f3ria afetiva. Est\u00e1 nos versos da m\u00fasica popular brasileira, nas cr\u00f4nicas esportivas, nos carnavais, nos domingos de sol e nos gritos da arquibancada&#8221;.<\/em><\/p>\n","protected":false},"excerpt":{"rendered":"<p>O Flamengo recebeu nesta segunda-feira (22 de setembro), na G\u00e1vea, o diploma que oficializa o clube como Patrim\u00f4nio do Estado do Rio de Janeiro. O t\u00edtulo reconhece valores hist\u00f3ricos, culturais e imateriais. O reconhecimento j\u00e1 valia desde julho, conforme a Lei 10.888\/2025. A Alerj aprovou o projeto em 24 de junho. Em 17 de julho, [&hellip;]<\/p>\n","protected":false},"author":39,"featured_media":122174,"comment_status":"open","ping_status":"closed","sticky":false,"template":"","format":"standard","meta":{"footnotes":""},"categories":[1],"tags":[],"class_list":["post-277098","post","type-post","status-publish","format-standard","has-post-thumbnail","hentry","category-flamengo"],"yoast_head":"<!-- This site is optimized with the Yoast SEO Premium plugin v24.2 (Yoast SEO v26.9) - https:\/\/yoast.com\/product\/yoast-seo-premium-wordpress\/ -->\n<title>Flamengo atinge novo patamar e \u00e9 reconhecido como patrim\u00f4nio do Rio de Janeiro<\/title>\n<meta name=\"robots\" content=\"index, follow, max-snippet:-1, max-image-preview:large, max-video-preview:-1\" \/>\n<link rel=\"canonical\" href=\"https:\/\/www.gaveanews.com\/index.php\/2025\/09\/23\/flamengo-atinge-novo-patamar-e-e-reconhecido-como-patrimonio-do-rio-de-janeiro\/\" \/>\n<meta property=\"og:locale\" content=\"pt_BR\" \/>\n<meta property=\"og:type\" content=\"article\" \/>\n<meta property=\"og:title\" content=\"Flamengo atinge novo patamar e \u00e9 reconhecido como patrim\u00f4nio do Rio de Janeiro\" \/>\n<meta property=\"og:description\" content=\"O Flamengo recebeu nesta segunda-feira (22 de setembro), na G\u00e1vea, o diploma que oficializa o clube como Patrim\u00f4nio do Estado do Rio de Janeiro. O t\u00edtulo reconhece valores hist\u00f3ricos, culturais e imateriais. O reconhecimento j\u00e1 valia desde julho, conforme a Lei 10.888\/2025. A Alerj aprovou o projeto em 24 de junho. Em 17 de julho, [&hellip;]\" \/>\n<meta property=\"og:url\" content=\"https:\/\/www.gaveanews.com\/index.php\/2025\/09\/23\/flamengo-atinge-novo-patamar-e-e-reconhecido-como-patrimonio-do-rio-de-janeiro\/\" \/>\n<meta property=\"og:site_name\" content=\"G\u00e1vea News\" \/>\n<meta property=\"article:publisher\" content=\"https:\/\/facebook.com\/gaveaNews\/\" \/>\n<meta property=\"article:published_time\" content=\"2025-09-23T16:25:48+00:00\" \/>\n<meta property=\"article:modified_time\" content=\"2025-09-23T16:25:53+00:00\" \/>\n<meta property=\"og:image\" content=\"http:\/\/www.gaveanews.com\/wp-content\/uploads\/ninhodourubu.webp\" \/>\n\t<meta property=\"og:image:width\" content=\"1218\" \/>\n\t<meta property=\"og:image:height\" content=\"812\" \/>\n\t<meta property=\"og:image:type\" content=\"image\/webp\" \/>\n<meta name=\"author\" content=\"Reda\u00e7\u00e3o\" \/>\n<meta name=\"twitter:card\" content=\"summary_large_image\" \/>\n<meta name=\"twitter:label1\" content=\"Escrito por\" \/>\n\t<meta name=\"twitter:data1\" content=\"Reda\u00e7\u00e3o\" \/>\n\t<meta name=\"twitter:label2\" content=\"Est. tempo de leitura\" \/>\n\t<meta name=\"twitter:data2\" content=\"2 minutos\" \/>\n<script type=\"application\/ld+json\" class=\"yoast-schema-graph\">{\"@context\":\"https:\/\/schema.org\",\"@graph\":[{\"@type\":\"NewsArticle\",\"@id\":\"https:\/\/www.gaveanews.com\/index.php\/2025\/09\/23\/flamengo-atinge-novo-patamar-e-e-reconhecido-como-patrimonio-do-rio-de-janeiro\/#article\",\"isPartOf\":{\"@id\":\"https:\/\/www.gaveanews.com\/index.php\/2025\/09\/23\/flamengo-atinge-novo-patamar-e-e-reconhecido-como-patrimonio-do-rio-de-janeiro\/\"},\"author\":{\"name\":\"Reda\u00e7\u00e3o\",\"@id\":\"https:\/\/www.gaveanews.com\/#\/schema\/person\/c88645e3d550d0b6574305e67dd5a716\"},\"headline\":\"Flamengo atinge novo patamar e \u00e9 reconhecido como patrim\u00f4nio do Rio de Janeiro\",\"datePublished\":\"2025-09-23T16:25:48+00:00\",\"dateModified\":\"2025-09-23T16:25:53+00:00\",\"mainEntityOfPage\":{\"@id\":\"https:\/\/www.gaveanews.com\/index.php\/2025\/09\/23\/flamengo-atinge-novo-patamar-e-e-reconhecido-como-patrimonio-do-rio-de-janeiro\/\"},\"wordCount\":336,\"commentCount\":0,\"image\":{\"@id\":\"https:\/\/www.gaveanews.com\/index.php\/2025\/09\/23\/flamengo-atinge-novo-patamar-e-e-reconhecido-como-patrimonio-do-rio-de-janeiro\/#primaryimage\"},\"thumbnailUrl\":\"https:\/\/www.gaveanews.com\/wp-content\/uploads\/ninhodourubu.webp\",\"articleSection\":[\"Flamengo\"],\"inLanguage\":\"pt-BR\",\"potentialAction\":[{\"@type\":\"CommentAction\",\"name\":\"Comment\",\"target\":[\"https:\/\/www.gaveanews.com\/index.php\/2025\/09\/23\/flamengo-atinge-novo-patamar-e-e-reconhecido-como-patrimonio-do-rio-de-janeiro\/#respond\"]}],\"copyrightYear\":\"2025\",\"copyrightHolder\":{\"@id\":\"https:\/\/www.gaveanews.com\/#organization\"}},{\"@type\":\"WebPage\",\"@id\":\"https:\/\/www.gaveanews.com\/index.php\/2025\/09\/23\/flamengo-atinge-novo-patamar-e-e-reconhecido-como-patrimonio-do-rio-de-janeiro\/\",\"url\":\"https:\/\/www.gaveanews.com\/index.php\/2025\/09\/23\/flamengo-atinge-novo-patamar-e-e-reconhecido-como-patrimonio-do-rio-de-janeiro\/\",\"name\":\"Flamengo atinge novo patamar e \u00e9 reconhecido como patrim\u00f4nio do Rio de Janeiro\",\"isPartOf\":{\"@id\":\"https:\/\/www.gaveanews.com\/#website\"},\"primaryImageOfPage\":{\"@id\":\"https:\/\/www.gaveanews.com\/index.php\/2025\/09\/23\/flamengo-atinge-novo-patamar-e-e-reconhecido-como-patrimonio-do-rio-de-janeiro\/#primaryimage\"},\"image\":{\"@id\":\"https:\/\/www.gaveanews.com\/index.php\/2025\/09\/23\/flamengo-atinge-novo-patamar-e-e-reconhecido-como-patrimonio-do-rio-de-janeiro\/#primaryimage\"},\"thumbnailUrl\":\"https:\/\/www.gaveanews.com\/wp-content\/uploads\/ninhodourubu.webp\",\"datePublished\":\"2025-09-23T16:25:48+00:00\",\"dateModified\":\"2025-09-23T16:25:53+00:00\",\"author\":{\"@id\":\"https:\/\/www.gaveanews.com\/#\/schema\/person\/c88645e3d550d0b6574305e67dd5a716\"},\"breadcrumb\":{\"@id\":\"https:\/\/www.gaveanews.com\/index.php\/2025\/09\/23\/flamengo-atinge-novo-patamar-e-e-reconhecido-como-patrimonio-do-rio-de-janeiro\/#breadcrumb\"},\"inLanguage\":\"pt-BR\",\"potentialAction\":[{\"@type\":\"ReadAction\",\"target\":[\"https:\/\/www.gaveanews.com\/index.php\/2025\/09\/23\/flamengo-atinge-novo-patamar-e-e-reconhecido-como-patrimonio-do-rio-de-janeiro\/\"]}]},{\"@type\":\"ImageObject\",\"inLanguage\":\"pt-BR\",\"@id\":\"https:\/\/www.gaveanews.com\/index.php\/2025\/09\/23\/flamengo-atinge-novo-patamar-e-e-reconhecido-como-patrimonio-do-rio-de-janeiro\/#primaryimage\",\"url\":\"https:\/\/www.gaveanews.com\/wp-content\/uploads\/ninhodourubu.webp\",\"contentUrl\":\"https:\/\/www.gaveanews.com\/wp-content\/uploads\/ninhodourubu.webp\",\"width\":1218,\"height\":812,\"caption\":\"Centro de treinamento do Flamengo (Foto: Reprodu\u00e7\u00e3o)\"},{\"@type\":\"BreadcrumbList\",\"@id\":\"https:\/\/www.gaveanews.com\/index.php\/2025\/09\/23\/flamengo-atinge-novo-patamar-e-e-reconhecido-como-patrimonio-do-rio-de-janeiro\/#breadcrumb\",\"itemListElement\":[{\"@type\":\"ListItem\",\"position\":1,\"name\":\"Home\",\"item\":\"https:\/\/www.gaveanews.com\/\"},{\"@type\":\"ListItem\",\"position\":2,\"name\":\"Flamengo atinge novo patamar e \u00e9 reconhecido como patrim\u00f4nio do Rio de Janeiro\"}]},{\"@type\":\"WebSite\",\"@id\":\"https:\/\/www.gaveanews.com\/#website\",\"url\":\"https:\/\/www.gaveanews.com\/\",\"name\":\"G\u00e1vea News\",\"description\":\"Veja todas as not\u00edcias sobre o Flamengo: Contrata\u00e7\u00f5es, categorias de base, resultados das partidas, tabela de classifica\u00e7\u00e3o, pr\u00f3ximos jogos!\",\"potentialAction\":[{\"@type\":\"SearchAction\",\"target\":{\"@type\":\"EntryPoint\",\"urlTemplate\":\"https:\/\/www.gaveanews.com\/?s={search_term_string}\"},\"query-input\":{\"@type\":\"PropertyValueSpecification\",\"valueRequired\":true,\"valueName\":\"search_term_string\"}}],\"inLanguage\":\"pt-BR\"},{\"@type\":\"Person\",\"@id\":\"https:\/\/www.gaveanews.com\/#\/schema\/person\/c88645e3d550d0b6574305e67dd5a716\",\"name\":\"Reda\u00e7\u00e3o\",\"image\":{\"@type\":\"ImageObject\",\"inLanguage\":\"pt-BR\",\"@id\":\"https:\/\/www.gaveanews.com\/#\/schema\/person\/image\/\",\"url\":\"https:\/\/secure.gravatar.com\/avatar\/434098fd823f0dc1b062d14ca22bacaa6e38de28d8c816bbef6fc2f8c44d8ba3?s=96&d=mm&r=g\",\"contentUrl\":\"https:\/\/secure.gravatar.com\/avatar\/434098fd823f0dc1b062d14ca22bacaa6e38de28d8c816bbef6fc2f8c44d8ba3?s=96&d=mm&r=g\",\"caption\":\"Reda\u00e7\u00e3o\"}}]}<\/script>\n<!-- \/ Yoast SEO Premium plugin. -->","yoast_head_json":{"title":"Flamengo atinge novo patamar e \u00e9 reconhecido como patrim\u00f4nio do Rio de Janeiro","robots":{"index":"index","follow":"follow","max-snippet":"max-snippet:-1","max-image-preview":"max-image-preview:large","max-video-preview":"max-video-preview:-1"},"canonical":"https:\/\/www.gaveanews.com\/index.php\/2025\/09\/23\/flamengo-atinge-novo-patamar-e-e-reconhecido-como-patrimonio-do-rio-de-janeiro\/","og_locale":"pt_BR","og_type":"article","og_title":"Flamengo atinge novo patamar e \u00e9 reconhecido como patrim\u00f4nio do Rio de Janeiro","og_description":"O Flamengo recebeu nesta segunda-feira (22 de setembro), na G\u00e1vea, o diploma que oficializa o clube como Patrim\u00f4nio do Estado do Rio de Janeiro. O t\u00edtulo reconhece valores hist\u00f3ricos, culturais e imateriais. O reconhecimento j\u00e1 valia desde julho, conforme a Lei 10.888\/2025. A Alerj aprovou o projeto em 24 de junho. Em 17 de julho, [&hellip;]","og_url":"https:\/\/www.gaveanews.com\/index.php\/2025\/09\/23\/flamengo-atinge-novo-patamar-e-e-reconhecido-como-patrimonio-do-rio-de-janeiro\/","og_site_name":"G\u00e1vea News","article_publisher":"https:\/\/facebook.com\/gaveaNews\/","article_published_time":"2025-09-23T16:25:48+00:00","article_modified_time":"2025-09-23T16:25:53+00:00","og_image":[{"width":1218,"height":812,"url":"http:\/\/www.gaveanews.com\/wp-content\/uploads\/ninhodourubu.webp","type":"image\/webp"}],"author":"Reda\u00e7\u00e3o","twitter_card":"summary_large_image","twitter_misc":{"Escrito por":"Reda\u00e7\u00e3o","Est. tempo de leitura":"2 minutos"},"schema":{"@context":"https:\/\/schema.org","@graph":[{"@type":"NewsArticle","@id":"https:\/\/www.gaveanews.com\/index.php\/2025\/09\/23\/flamengo-atinge-novo-patamar-e-e-reconhecido-como-patrimonio-do-rio-de-janeiro\/#article","isPartOf":{"@id":"https:\/\/www.gaveanews.com\/index.php\/2025\/09\/23\/flamengo-atinge-novo-patamar-e-e-reconhecido-como-patrimonio-do-rio-de-janeiro\/"},"author":{"name":"Reda\u00e7\u00e3o","@id":"https:\/\/www.gaveanews.com\/#\/schema\/person\/c88645e3d550d0b6574305e67dd5a716"},"headline":"Flamengo atinge novo patamar e \u00e9 reconhecido como patrim\u00f4nio do Rio de Janeiro","datePublished":"2025-09-23T16:25:48+00:00","dateModified":"2025-09-23T16:25:53+00:00","mainEntityOfPage":{"@id":"https:\/\/www.gaveanews.com\/index.php\/2025\/09\/23\/flamengo-atinge-novo-patamar-e-e-reconhecido-como-patrimonio-do-rio-de-janeiro\/"},"wordCount":336,"commentCount":0,"image":{"@id":"https:\/\/www.gaveanews.com\/index.php\/2025\/09\/23\/flamengo-atinge-novo-patamar-e-e-reconhecido-como-patrimonio-do-rio-de-janeiro\/#primaryimage"},"thumbnailUrl":"https:\/\/www.gaveanews.com\/wp-content\/uploads\/ninhodourubu.webp","articleSection":["Flamengo"],"inLanguage":"pt-BR","potentialAction":[{"@type":"CommentAction","name":"Comment","target":["https:\/\/www.gaveanews.com\/index.php\/2025\/09\/23\/flamengo-atinge-novo-patamar-e-e-reconhecido-como-patrimonio-do-rio-de-janeiro\/#respond"]}],"copyrightYear":"2025","copyrightHolder":{"@id":"https:\/\/www.gaveanews.com\/#organization"}},{"@type":"WebPage","@id":"https:\/\/www.gaveanews.com\/index.php\/2025\/09\/23\/flamengo-atinge-novo-patamar-e-e-reconhecido-como-patrimonio-do-rio-de-janeiro\/","url":"https:\/\/www.gaveanews.com\/index.php\/2025\/09\/23\/flamengo-atinge-novo-patamar-e-e-reconhecido-como-patrimonio-do-rio-de-janeiro\/","name":"Flamengo atinge novo patamar e \u00e9 reconhecido como patrim\u00f4nio do Rio de Janeiro","isPartOf":{"@id":"https:\/\/www.gaveanews.com\/#website"},"primaryImageOfPage":{"@id":"https:\/\/www.gaveanews.com\/index.php\/2025\/09\/23\/flamengo-atinge-novo-patamar-e-e-reconhecido-como-patrimonio-do-rio-de-janeiro\/#primaryimage"},"image":{"@id":"https:\/\/www.gaveanews.com\/index.php\/2025\/09\/23\/flamengo-atinge-novo-patamar-e-e-reconhecido-como-patrimonio-do-rio-de-janeiro\/#primaryimage"},"thumbnailUrl":"https:\/\/www.gaveanews.com\/wp-content\/uploads\/ninhodourubu.webp","datePublished":"2025-09-23T16:25:48+00:00","dateModified":"2025-09-23T16:25:53+00:00","author":{"@id":"https:\/\/www.gaveanews.com\/#\/schema\/person\/c88645e3d550d0b6574305e67dd5a716"},"breadcrumb":{"@id":"https:\/\/www.gaveanews.com\/index.php\/2025\/09\/23\/flamengo-atinge-novo-patamar-e-e-reconhecido-como-patrimonio-do-rio-de-janeiro\/#breadcrumb"},"inLanguage":"pt-BR","potentialAction":[{"@type":"ReadAction","target":["https:\/\/www.gaveanews.com\/index.php\/2025\/09\/23\/flamengo-atinge-novo-patamar-e-e-reconhecido-como-patrimonio-do-rio-de-janeiro\/"]}]},{"@type":"ImageObject","inLanguage":"pt-BR","@id":"https:\/\/www.gaveanews.com\/index.php\/2025\/09\/23\/flamengo-atinge-novo-patamar-e-e-reconhecido-como-patrimonio-do-rio-de-janeiro\/#primaryimage","url":"https:\/\/www.gaveanews.com\/wp-content\/uploads\/ninhodourubu.webp","contentUrl":"https:\/\/www.gaveanews.com\/wp-content\/uploads\/ninhodourubu.webp","width":1218,"height":812,"caption":"Centro de treinamento do Flamengo (Foto: Reprodu\u00e7\u00e3o)"},{"@type":"BreadcrumbList","@id":"https:\/\/www.gaveanews.com\/index.php\/2025\/09\/23\/flamengo-atinge-novo-patamar-e-e-reconhecido-como-patrimonio-do-rio-de-janeiro\/#breadcrumb","itemListElement":[{"@type":"ListItem","position":1,"name":"Home","item":"https:\/\/www.gaveanews.com\/"},{"@type":"ListItem","position":2,"name":"Flamengo atinge novo patamar e \u00e9 reconhecido como patrim\u00f4nio do Rio de Janeiro"}]},{"@type":"WebSite","@id":"https:\/\/www.gaveanews.com\/#website","url":"https:\/\/www.gaveanews.com\/","name":"G\u00e1vea News","description":"Veja todas as not\u00edcias sobre o Flamengo: Contrata\u00e7\u00f5es, categorias de base, resultados das partidas, tabela de classifica\u00e7\u00e3o, pr\u00f3ximos jogos!","potentialAction":[{"@type":"SearchAction","target":{"@type":"EntryPoint","urlTemplate":"https:\/\/www.gaveanews.com\/?s={search_term_string}"},"query-input":{"@type":"PropertyValueSpecification","valueRequired":true,"valueName":"search_term_string"}}],"inLanguage":"pt-BR"},{"@type":"Person","@id":"https:\/\/www.gaveanews.com\/#\/schema\/person\/c88645e3d550d0b6574305e67dd5a716","name":"Reda\u00e7\u00e3o","image":{"@type":"ImageObject","inLanguage":"pt-BR","@id":"https:\/\/www.gaveanews.com\/#\/schema\/person\/image\/","url":"https:\/\/secure.gravatar.com\/avatar\/434098fd823f0dc1b062d14ca22bacaa6e38de28d8c816bbef6fc2f8c44d8ba3?s=96&d=mm&r=g","contentUrl":"https:\/\/secure.gravatar.com\/avatar\/434098fd823f0dc1b062d14ca22bacaa6e38de28d8c816bbef6fc2f8c44d8ba3?s=96&d=mm&r=g","caption":"Reda\u00e7\u00e3o"}}]}},"_links":{"self":[{"href":"https:\/\/www.gaveanews.com\/index.php\/wp-json\/wp\/v2\/posts\/277098","targetHints":{"allow":["GET"]}}],"collection":[{"href":"https:\/\/www.gaveanews.com\/index.php\/wp-json\/wp\/v2\/posts"}],"about":[{"href":"https:\/\/www.gaveanews.com\/index.php\/wp-json\/wp\/v2\/types\/post"}],"author":[{"embeddable":true,"href":"https:\/\/www.gaveanews.com\/index.php\/wp-json\/wp\/v2\/users\/39"}],"replies":[{"embeddable":true,"href":"https:\/\/www.gaveanews.com\/index.php\/wp-json\/wp\/v2\/comments?post=277098"}],"version-history":[{"count":1,"href":"https:\/\/www.gaveanews.com\/index.php\/wp-json\/wp\/v2\/posts\/277098\/revisions"}],"predecessor-version":[{"id":277108,"href":"https:\/\/www.gaveanews.com\/index.php\/wp-json\/wp\/v2\/posts\/277098\/revisions\/277108"}],"wp:featuredmedia":[{"embeddable":true,"href":"https:\/\/www.gaveanews.com\/index.php\/wp-json\/wp\/v2\/media\/122174"}],"wp:attachment":[{"href":"https:\/\/www.gaveanews.com\/index.php\/wp-json\/wp\/v2\/media?parent=277098"}],"wp:term":[{"taxonomy":"category","embeddable":true,"href":"https:\/\/www.gaveanews.com\/index.php\/wp-json\/wp\/v2\/categories?post=277098"},{"taxonomy":"post_tag","embeddable":true,"href":"https:\/\/www.gaveanews.com\/index.php\/wp-json\/wp\/v2\/tags?post=277098"}],"curies":[{"name":"wp","href":"https:\/\/api.w.org\/{rel}","templated":true}]}}