{"id":277099,"date":"2025-09-23T13:43:56","date_gmt":"2025-09-23T16:43:56","guid":{"rendered":"https:\/\/www.gaveanews.com\/?p=277099"},"modified":"2025-09-23T13:44:00","modified_gmt":"2025-09-23T16:44:00","slug":"torcedores-se-revoltam-com-decisao-da-conmebol-envolvendo-plata-do-flamengo","status":"publish","type":"post","link":"https:\/\/www.gaveanews.com\/index.php\/2025\/09\/23\/torcedores-se-revoltam-com-decisao-da-conmebol-envolvendo-plata-do-flamengo\/","title":{"rendered":"Torcedores se revoltam com decis\u00e3o da Conmebol envolvendo Plata, do Flamengo"},"content":{"rendered":"\n<p>A Conmebol anulou a expuls\u00e3o de Gonzalo Plata, do <a href=\"https:\/\/www.gaveanews.com\/index.php\/category\/brasileirao\/flamengo\/\" target=\"_blank\" rel=\"noopener noreferrer\">Flamengo<\/a>, e liberou o atacante para a volta das quartas de final contra o Estudiantes. O jogo ser\u00e1 na quinta-feira (25 de setembro), \u00e0s 21h30 (hor\u00e1rio de Bras\u00edlia), no est\u00e1dio Jorge Luis Hirschi, em La Plata. O Flamengo venceu a ida por 2 a 1, no Maracan\u00e3.<\/p>\n\n\n\n<p>A oficializa\u00e7\u00e3o ocorreu nesta segunda-feira (22 de setembro), em comunicado da entidade. Segundo a Conmebol, a Comiss\u00e3o de \u00c1rbitros apontou erro manifesto no segundo amarelo. Em nota, a confedera\u00e7\u00e3o justificou a decis\u00e3o.<\/p>\n\n\n\n<p>&#8220;Com o objetivo de salvaguardar os princ\u00edpios de justi\u00e7a esportiva e equidade, a CONMEBOL decidiu anular as consequ\u00eancias jur\u00eddicas da mesma, pelo que o jogador Plata est\u00e1 habilitado a jogar a pr\u00f3xima partida&#8221;.<\/p>\n\n\n\n<p>Entretanto, o t\u00e9cnico do Estudiantes, Eduardo Dom\u00ednguez, criticou a postura do Flamengo fora de campo. Ele poupou titulares no 1 a 0 sobre o Defensa y Justicia e projetou a decis\u00e3o.<\/p>\n\n\n\n<p>&#8220;Com todo o poder que eles t\u00eam, estamos a um gol. Eles s\u00e3o um time poderoso e t\u00eam as ferramentas para falar e pressionar. Deixem que falem. Eu me concentro em trabalhar e demonstrar com a nossa gente. Inventaram v\u00e1rias hist\u00f3rias de que o bandeirinha recomendou que eu tirasse o G\u00f3mez. Muitas vezes dizem um mont\u00e3o de coisas, e quando voc\u00ea joga contra um grande time como o Flamengo, deixe essas coisas para eles&#8221;.<\/p>\n\n\n\n<p>J\u00e1 no jogo de ida, o lateral Vi\u00f1a acusou o quarto \u00e1rbitro de sugerir a substitui\u00e7\u00e3o de um defensor do Estudiantes. O uruguaio relatou o epis\u00f3dio na sa\u00edda do Maracan\u00e3.<\/p>\n\n\n\n<p>Al\u00e9m disso, torcedores do Estudiantes protestaram contra a retirada da suspens\u00e3o. Em publica\u00e7\u00f5es nas redes sociais, eles criticaram a revis\u00e3o do lance envolvendo Plata.<\/p>\n","protected":false},"excerpt":{"rendered":"<p>A Conmebol anulou a expuls\u00e3o de Gonzalo Plata, do Flamengo, e liberou o atacante para a volta das quartas de final contra o Estudiantes. O jogo ser\u00e1 na quinta-feira (25 de setembro), \u00e0s 21h30 (hor\u00e1rio de Bras\u00edlia), no est\u00e1dio Jorge Luis Hirschi, em La Plata. O Flamengo venceu a ida por 2 a 1, no [&hellip;]<\/p>\n","protected":false},"author":39,"featured_media":273110,"comment_status":"open","ping_status":"closed","sticky":false,"template":"","format":"standard","meta":{"footnotes":""},"categories":[1],"tags":[],"class_list":["post-277099","post","type-post","status-publish","format-standard","has-post-thumbnail","hentry","category-flamengo"],"yoast_head":"<!-- This site is optimized with the Yoast SEO Premium plugin v24.2 (Yoast SEO v26.9) - https:\/\/yoast.com\/product\/yoast-seo-premium-wordpress\/ -->\n<title>Torcedores se revoltam com decis\u00e3o da Conmebol envolvendo Plata, do Flamengo<\/title>\n<meta name=\"robots\" content=\"index, follow, max-snippet:-1, max-image-preview:large, max-video-preview:-1\" \/>\n<link rel=\"canonical\" href=\"https:\/\/www.gaveanews.com\/index.php\/2025\/09\/23\/torcedores-se-revoltam-com-decisao-da-conmebol-envolvendo-plata-do-flamengo\/\" \/>\n<meta property=\"og:locale\" content=\"pt_BR\" \/>\n<meta property=\"og:type\" content=\"article\" \/>\n<meta property=\"og:title\" content=\"Torcedores se revoltam com decis\u00e3o da Conmebol envolvendo Plata, do Flamengo\" \/>\n<meta property=\"og:description\" content=\"A Conmebol anulou a expuls\u00e3o de Gonzalo Plata, do Flamengo, e liberou o atacante para a volta das quartas de final contra o Estudiantes. O jogo ser\u00e1 na quinta-feira (25 de setembro), \u00e0s 21h30 (hor\u00e1rio de Bras\u00edlia), no est\u00e1dio Jorge Luis Hirschi, em La Plata. O Flamengo venceu a ida por 2 a 1, no [&hellip;]\" \/>\n<meta property=\"og:url\" content=\"https:\/\/www.gaveanews.com\/index.php\/2025\/09\/23\/torcedores-se-revoltam-com-decisao-da-conmebol-envolvendo-plata-do-flamengo\/\" \/>\n<meta property=\"og:site_name\" content=\"G\u00e1vea News\" \/>\n<meta property=\"article:publisher\" content=\"https:\/\/facebook.com\/gaveaNews\/\" \/>\n<meta property=\"article:published_time\" content=\"2025-09-23T16:43:56+00:00\" \/>\n<meta property=\"article:modified_time\" content=\"2025-09-23T16:44:00+00:00\" \/>\n<meta property=\"og:image\" content=\"http:\/\/www.gaveanews.com\/wp-content\/uploads\/Gonzalo-Plata-x-Hulk-Flamengo-x-Atletico-MG.png\" \/>\n\t<meta property=\"og:image:width\" content=\"1200\" \/>\n\t<meta property=\"og:image:height\" content=\"900\" \/>\n\t<meta property=\"og:image:type\" content=\"image\/png\" \/>\n<meta name=\"author\" content=\"Reda\u00e7\u00e3o\" \/>\n<meta name=\"twitter:card\" content=\"summary_large_image\" \/>\n<meta name=\"twitter:label1\" content=\"Escrito por\" \/>\n\t<meta name=\"twitter:data1\" content=\"Reda\u00e7\u00e3o\" \/>\n\t<meta name=\"twitter:label2\" content=\"Est. tempo de leitura\" \/>\n\t<meta name=\"twitter:data2\" content=\"2 minutos\" \/>\n<script type=\"application\/ld+json\" class=\"yoast-schema-graph\">{\"@context\":\"https:\/\/schema.org\",\"@graph\":[{\"@type\":\"NewsArticle\",\"@id\":\"https:\/\/www.gaveanews.com\/index.php\/2025\/09\/23\/torcedores-se-revoltam-com-decisao-da-conmebol-envolvendo-plata-do-flamengo\/#article\",\"isPartOf\":{\"@id\":\"https:\/\/www.gaveanews.com\/index.php\/2025\/09\/23\/torcedores-se-revoltam-com-decisao-da-conmebol-envolvendo-plata-do-flamengo\/\"},\"author\":{\"name\":\"Reda\u00e7\u00e3o\",\"@id\":\"https:\/\/www.gaveanews.com\/#\/schema\/person\/c88645e3d550d0b6574305e67dd5a716\"},\"headline\":\"Torcedores se revoltam com decis\u00e3o da Conmebol envolvendo Plata, do Flamengo\",\"datePublished\":\"2025-09-23T16:43:56+00:00\",\"dateModified\":\"2025-09-23T16:44:00+00:00\",\"mainEntityOfPage\":{\"@id\":\"https:\/\/www.gaveanews.com\/index.php\/2025\/09\/23\/torcedores-se-revoltam-com-decisao-da-conmebol-envolvendo-plata-do-flamengo\/\"},\"wordCount\":317,\"commentCount\":0,\"image\":{\"@id\":\"https:\/\/www.gaveanews.com\/index.php\/2025\/09\/23\/torcedores-se-revoltam-com-decisao-da-conmebol-envolvendo-plata-do-flamengo\/#primaryimage\"},\"thumbnailUrl\":\"https:\/\/www.gaveanews.com\/wp-content\/uploads\/Gonzalo-Plata-x-Hulk-Flamengo-x-Atletico-MG.png\",\"articleSection\":[\"Flamengo\"],\"inLanguage\":\"pt-BR\",\"potentialAction\":[{\"@type\":\"CommentAction\",\"name\":\"Comment\",\"target\":[\"https:\/\/www.gaveanews.com\/index.php\/2025\/09\/23\/torcedores-se-revoltam-com-decisao-da-conmebol-envolvendo-plata-do-flamengo\/#respond\"]}],\"copyrightYear\":\"2025\",\"copyrightHolder\":{\"@id\":\"https:\/\/www.gaveanews.com\/#organization\"}},{\"@type\":\"WebPage\",\"@id\":\"https:\/\/www.gaveanews.com\/index.php\/2025\/09\/23\/torcedores-se-revoltam-com-decisao-da-conmebol-envolvendo-plata-do-flamengo\/\",\"url\":\"https:\/\/www.gaveanews.com\/index.php\/2025\/09\/23\/torcedores-se-revoltam-com-decisao-da-conmebol-envolvendo-plata-do-flamengo\/\",\"name\":\"Torcedores se revoltam com decis\u00e3o da Conmebol envolvendo Plata, do Flamengo\",\"isPartOf\":{\"@id\":\"https:\/\/www.gaveanews.com\/#website\"},\"primaryImageOfPage\":{\"@id\":\"https:\/\/www.gaveanews.com\/index.php\/2025\/09\/23\/torcedores-se-revoltam-com-decisao-da-conmebol-envolvendo-plata-do-flamengo\/#primaryimage\"},\"image\":{\"@id\":\"https:\/\/www.gaveanews.com\/index.php\/2025\/09\/23\/torcedores-se-revoltam-com-decisao-da-conmebol-envolvendo-plata-do-flamengo\/#primaryimage\"},\"thumbnailUrl\":\"https:\/\/www.gaveanews.com\/wp-content\/uploads\/Gonzalo-Plata-x-Hulk-Flamengo-x-Atletico-MG.png\",\"datePublished\":\"2025-09-23T16:43:56+00:00\",\"dateModified\":\"2025-09-23T16:44:00+00:00\",\"author\":{\"@id\":\"https:\/\/www.gaveanews.com\/#\/schema\/person\/c88645e3d550d0b6574305e67dd5a716\"},\"breadcrumb\":{\"@id\":\"https:\/\/www.gaveanews.com\/index.php\/2025\/09\/23\/torcedores-se-revoltam-com-decisao-da-conmebol-envolvendo-plata-do-flamengo\/#breadcrumb\"},\"inLanguage\":\"pt-BR\",\"potentialAction\":[{\"@type\":\"ReadAction\",\"target\":[\"https:\/\/www.gaveanews.com\/index.php\/2025\/09\/23\/torcedores-se-revoltam-com-decisao-da-conmebol-envolvendo-plata-do-flamengo\/\"]}]},{\"@type\":\"ImageObject\",\"inLanguage\":\"pt-BR\",\"@id\":\"https:\/\/www.gaveanews.com\/index.php\/2025\/09\/23\/torcedores-se-revoltam-com-decisao-da-conmebol-envolvendo-plata-do-flamengo\/#primaryimage\",\"url\":\"https:\/\/www.gaveanews.com\/wp-content\/uploads\/Gonzalo-Plata-x-Hulk-Flamengo-x-Atletico-MG.png\",\"contentUrl\":\"https:\/\/www.gaveanews.com\/wp-content\/uploads\/Gonzalo-Plata-x-Hulk-Flamengo-x-Atletico-MG.png\",\"width\":1200,\"height\":900,\"caption\":\"Gonzalo Plata x Hulk - Flamengo x Atletico-MG (Foto: Adriano Fontes\/Flamengo)\"},{\"@type\":\"BreadcrumbList\",\"@id\":\"https:\/\/www.gaveanews.com\/index.php\/2025\/09\/23\/torcedores-se-revoltam-com-decisao-da-conmebol-envolvendo-plata-do-flamengo\/#breadcrumb\",\"itemListElement\":[{\"@type\":\"ListItem\",\"position\":1,\"name\":\"Home\",\"item\":\"https:\/\/www.gaveanews.com\/\"},{\"@type\":\"ListItem\",\"position\":2,\"name\":\"Torcedores se revoltam com decis\u00e3o da Conmebol envolvendo Plata, do Flamengo\"}]},{\"@type\":\"WebSite\",\"@id\":\"https:\/\/www.gaveanews.com\/#website\",\"url\":\"https:\/\/www.gaveanews.com\/\",\"name\":\"G\u00e1vea News\",\"description\":\"Veja todas as not\u00edcias sobre o Flamengo: Contrata\u00e7\u00f5es, categorias de base, resultados das partidas, tabela de classifica\u00e7\u00e3o, pr\u00f3ximos jogos!\",\"potentialAction\":[{\"@type\":\"SearchAction\",\"target\":{\"@type\":\"EntryPoint\",\"urlTemplate\":\"https:\/\/www.gaveanews.com\/?s={search_term_string}\"},\"query-input\":{\"@type\":\"PropertyValueSpecification\",\"valueRequired\":true,\"valueName\":\"search_term_string\"}}],\"inLanguage\":\"pt-BR\"},{\"@type\":\"Person\",\"@id\":\"https:\/\/www.gaveanews.com\/#\/schema\/person\/c88645e3d550d0b6574305e67dd5a716\",\"name\":\"Reda\u00e7\u00e3o\",\"image\":{\"@type\":\"ImageObject\",\"inLanguage\":\"pt-BR\",\"@id\":\"https:\/\/www.gaveanews.com\/#\/schema\/person\/image\/\",\"url\":\"https:\/\/secure.gravatar.com\/avatar\/434098fd823f0dc1b062d14ca22bacaa6e38de28d8c816bbef6fc2f8c44d8ba3?s=96&d=mm&r=g\",\"contentUrl\":\"https:\/\/secure.gravatar.com\/avatar\/434098fd823f0dc1b062d14ca22bacaa6e38de28d8c816bbef6fc2f8c44d8ba3?s=96&d=mm&r=g\",\"caption\":\"Reda\u00e7\u00e3o\"}}]}<\/script>\n<!-- \/ Yoast SEO Premium plugin. -->","yoast_head_json":{"title":"Torcedores se revoltam com decis\u00e3o da Conmebol envolvendo Plata, do Flamengo","robots":{"index":"index","follow":"follow","max-snippet":"max-snippet:-1","max-image-preview":"max-image-preview:large","max-video-preview":"max-video-preview:-1"},"canonical":"https:\/\/www.gaveanews.com\/index.php\/2025\/09\/23\/torcedores-se-revoltam-com-decisao-da-conmebol-envolvendo-plata-do-flamengo\/","og_locale":"pt_BR","og_type":"article","og_title":"Torcedores se revoltam com decis\u00e3o da Conmebol envolvendo Plata, do Flamengo","og_description":"A Conmebol anulou a expuls\u00e3o de Gonzalo Plata, do Flamengo, e liberou o atacante para a volta das quartas de final contra o Estudiantes. O jogo ser\u00e1 na quinta-feira (25 de setembro), \u00e0s 21h30 (hor\u00e1rio de Bras\u00edlia), no est\u00e1dio Jorge Luis Hirschi, em La Plata. O Flamengo venceu a ida por 2 a 1, no [&hellip;]","og_url":"https:\/\/www.gaveanews.com\/index.php\/2025\/09\/23\/torcedores-se-revoltam-com-decisao-da-conmebol-envolvendo-plata-do-flamengo\/","og_site_name":"G\u00e1vea News","article_publisher":"https:\/\/facebook.com\/gaveaNews\/","article_published_time":"2025-09-23T16:43:56+00:00","article_modified_time":"2025-09-23T16:44:00+00:00","og_image":[{"width":1200,"height":900,"url":"http:\/\/www.gaveanews.com\/wp-content\/uploads\/Gonzalo-Plata-x-Hulk-Flamengo-x-Atletico-MG.png","type":"image\/png"}],"author":"Reda\u00e7\u00e3o","twitter_card":"summary_large_image","twitter_misc":{"Escrito por":"Reda\u00e7\u00e3o","Est. tempo de leitura":"2 minutos"},"schema":{"@context":"https:\/\/schema.org","@graph":[{"@type":"NewsArticle","@id":"https:\/\/www.gaveanews.com\/index.php\/2025\/09\/23\/torcedores-se-revoltam-com-decisao-da-conmebol-envolvendo-plata-do-flamengo\/#article","isPartOf":{"@id":"https:\/\/www.gaveanews.com\/index.php\/2025\/09\/23\/torcedores-se-revoltam-com-decisao-da-conmebol-envolvendo-plata-do-flamengo\/"},"author":{"name":"Reda\u00e7\u00e3o","@id":"https:\/\/www.gaveanews.com\/#\/schema\/person\/c88645e3d550d0b6574305e67dd5a716"},"headline":"Torcedores se revoltam com decis\u00e3o da Conmebol envolvendo Plata, do Flamengo","datePublished":"2025-09-23T16:43:56+00:00","dateModified":"2025-09-23T16:44:00+00:00","mainEntityOfPage":{"@id":"https:\/\/www.gaveanews.com\/index.php\/2025\/09\/23\/torcedores-se-revoltam-com-decisao-da-conmebol-envolvendo-plata-do-flamengo\/"},"wordCount":317,"commentCount":0,"image":{"@id":"https:\/\/www.gaveanews.com\/index.php\/2025\/09\/23\/torcedores-se-revoltam-com-decisao-da-conmebol-envolvendo-plata-do-flamengo\/#primaryimage"},"thumbnailUrl":"https:\/\/www.gaveanews.com\/wp-content\/uploads\/Gonzalo-Plata-x-Hulk-Flamengo-x-Atletico-MG.png","articleSection":["Flamengo"],"inLanguage":"pt-BR","potentialAction":[{"@type":"CommentAction","name":"Comment","target":["https:\/\/www.gaveanews.com\/index.php\/2025\/09\/23\/torcedores-se-revoltam-com-decisao-da-conmebol-envolvendo-plata-do-flamengo\/#respond"]}],"copyrightYear":"2025","copyrightHolder":{"@id":"https:\/\/www.gaveanews.com\/#organization"}},{"@type":"WebPage","@id":"https:\/\/www.gaveanews.com\/index.php\/2025\/09\/23\/torcedores-se-revoltam-com-decisao-da-conmebol-envolvendo-plata-do-flamengo\/","url":"https:\/\/www.gaveanews.com\/index.php\/2025\/09\/23\/torcedores-se-revoltam-com-decisao-da-conmebol-envolvendo-plata-do-flamengo\/","name":"Torcedores se revoltam com decis\u00e3o da Conmebol envolvendo Plata, do Flamengo","isPartOf":{"@id":"https:\/\/www.gaveanews.com\/#website"},"primaryImageOfPage":{"@id":"https:\/\/www.gaveanews.com\/index.php\/2025\/09\/23\/torcedores-se-revoltam-com-decisao-da-conmebol-envolvendo-plata-do-flamengo\/#primaryimage"},"image":{"@id":"https:\/\/www.gaveanews.com\/index.php\/2025\/09\/23\/torcedores-se-revoltam-com-decisao-da-conmebol-envolvendo-plata-do-flamengo\/#primaryimage"},"thumbnailUrl":"https:\/\/www.gaveanews.com\/wp-content\/uploads\/Gonzalo-Plata-x-Hulk-Flamengo-x-Atletico-MG.png","datePublished":"2025-09-23T16:43:56+00:00","dateModified":"2025-09-23T16:44:00+00:00","author":{"@id":"https:\/\/www.gaveanews.com\/#\/schema\/person\/c88645e3d550d0b6574305e67dd5a716"},"breadcrumb":{"@id":"https:\/\/www.gaveanews.com\/index.php\/2025\/09\/23\/torcedores-se-revoltam-com-decisao-da-conmebol-envolvendo-plata-do-flamengo\/#breadcrumb"},"inLanguage":"pt-BR","potentialAction":[{"@type":"ReadAction","target":["https:\/\/www.gaveanews.com\/index.php\/2025\/09\/23\/torcedores-se-revoltam-com-decisao-da-conmebol-envolvendo-plata-do-flamengo\/"]}]},{"@type":"ImageObject","inLanguage":"pt-BR","@id":"https:\/\/www.gaveanews.com\/index.php\/2025\/09\/23\/torcedores-se-revoltam-com-decisao-da-conmebol-envolvendo-plata-do-flamengo\/#primaryimage","url":"https:\/\/www.gaveanews.com\/wp-content\/uploads\/Gonzalo-Plata-x-Hulk-Flamengo-x-Atletico-MG.png","contentUrl":"https:\/\/www.gaveanews.com\/wp-content\/uploads\/Gonzalo-Plata-x-Hulk-Flamengo-x-Atletico-MG.png","width":1200,"height":900,"caption":"Gonzalo Plata x Hulk - Flamengo x Atletico-MG (Foto: Adriano Fontes\/Flamengo)"},{"@type":"BreadcrumbList","@id":"https:\/\/www.gaveanews.com\/index.php\/2025\/09\/23\/torcedores-se-revoltam-com-decisao-da-conmebol-envolvendo-plata-do-flamengo\/#breadcrumb","itemListElement":[{"@type":"ListItem","position":1,"name":"Home","item":"https:\/\/www.gaveanews.com\/"},{"@type":"ListItem","position":2,"name":"Torcedores se revoltam com decis\u00e3o da Conmebol envolvendo Plata, do Flamengo"}]},{"@type":"WebSite","@id":"https:\/\/www.gaveanews.com\/#website","url":"https:\/\/www.gaveanews.com\/","name":"G\u00e1vea News","description":"Veja todas as not\u00edcias sobre o Flamengo: Contrata\u00e7\u00f5es, categorias de base, resultados das partidas, tabela de classifica\u00e7\u00e3o, pr\u00f3ximos jogos!","potentialAction":[{"@type":"SearchAction","target":{"@type":"EntryPoint","urlTemplate":"https:\/\/www.gaveanews.com\/?s={search_term_string}"},"query-input":{"@type":"PropertyValueSpecification","valueRequired":true,"valueName":"search_term_string"}}],"inLanguage":"pt-BR"},{"@type":"Person","@id":"https:\/\/www.gaveanews.com\/#\/schema\/person\/c88645e3d550d0b6574305e67dd5a716","name":"Reda\u00e7\u00e3o","image":{"@type":"ImageObject","inLanguage":"pt-BR","@id":"https:\/\/www.gaveanews.com\/#\/schema\/person\/image\/","url":"https:\/\/secure.gravatar.com\/avatar\/434098fd823f0dc1b062d14ca22bacaa6e38de28d8c816bbef6fc2f8c44d8ba3?s=96&d=mm&r=g","contentUrl":"https:\/\/secure.gravatar.com\/avatar\/434098fd823f0dc1b062d14ca22bacaa6e38de28d8c816bbef6fc2f8c44d8ba3?s=96&d=mm&r=g","caption":"Reda\u00e7\u00e3o"}}]}},"_links":{"self":[{"href":"https:\/\/www.gaveanews.com\/index.php\/wp-json\/wp\/v2\/posts\/277099","targetHints":{"allow":["GET"]}}],"collection":[{"href":"https:\/\/www.gaveanews.com\/index.php\/wp-json\/wp\/v2\/posts"}],"about":[{"href":"https:\/\/www.gaveanews.com\/index.php\/wp-json\/wp\/v2\/types\/post"}],"author":[{"embeddable":true,"href":"https:\/\/www.gaveanews.com\/index.php\/wp-json\/wp\/v2\/users\/39"}],"replies":[{"embeddable":true,"href":"https:\/\/www.gaveanews.com\/index.php\/wp-json\/wp\/v2\/comments?post=277099"}],"version-history":[{"count":1,"href":"https:\/\/www.gaveanews.com\/index.php\/wp-json\/wp\/v2\/posts\/277099\/revisions"}],"predecessor-version":[{"id":277112,"href":"https:\/\/www.gaveanews.com\/index.php\/wp-json\/wp\/v2\/posts\/277099\/revisions\/277112"}],"wp:featuredmedia":[{"embeddable":true,"href":"https:\/\/www.gaveanews.com\/index.php\/wp-json\/wp\/v2\/media\/273110"}],"wp:attachment":[{"href":"https:\/\/www.gaveanews.com\/index.php\/wp-json\/wp\/v2\/media?parent=277099"}],"wp:term":[{"taxonomy":"category","embeddable":true,"href":"https:\/\/www.gaveanews.com\/index.php\/wp-json\/wp\/v2\/categories?post=277099"},{"taxonomy":"post_tag","embeddable":true,"href":"https:\/\/www.gaveanews.com\/index.php\/wp-json\/wp\/v2\/tags?post=277099"}],"curies":[{"name":"wp","href":"https:\/\/api.w.org\/{rel}","templated":true}]}}