{"id":277199,"date":"2025-09-24T16:00:00","date_gmt":"2025-09-24T19:00:00","guid":{"rendered":"https:\/\/www.gaveanews.com\/?p=277199"},"modified":"2025-09-24T13:22:18","modified_gmt":"2025-09-24T16:22:18","slug":"atacante-da-adeus-caminhao-de-dinheiro-e-declaracao-de-pulgar-as-ultimas-noticias-do-flamengo","status":"publish","type":"post","link":"https:\/\/www.gaveanews.com\/index.php\/2025\/09\/24\/atacante-da-adeus-caminhao-de-dinheiro-e-declaracao-de-pulgar-as-ultimas-noticias-do-flamengo\/","title":{"rendered":"Atacante d\u00e1 adeus, caminh\u00e3o de dinheiro e declara\u00e7\u00e3o de Pulgar: as \u00faltimas not\u00edcias do Flamengo"},"content":{"rendered":"\n<p>Dia de novidades no universo rubro\u2011negro: o <a href=\"https:\/\/www.gaveanews.com\/index.php\/category\/brasileirao\/flamengo\/\" target=\"_blank\" rel=\"noopener noreferrer\">Flamengo<\/a> rescindiu o contrato do atacante Felipe Teresa, a Conmebol anunciou os novos valores de premia\u00e7\u00e3o da Libertadores 2025 em meio \u00e0 semana decisiva do torneio, e Erick Pulgar detalhou como ganhou voz no elenco enquanto avan\u00e7a na recupera\u00e7\u00e3o de uma fratura no p\u00e9.<\/p>\n\n\n\n<p>A seguir, os principais pontos de cada tema.<\/p>\n\n\n\n<h2 class=\"wp-block-heading\" id=\"h-saida-de-felipe-teresa-e-a-reformulacao-na-base\">Sa\u00edda de Felipe Teresa e a reformula\u00e7\u00e3o na base<\/h2>\n\n\n\n<p>O Flamengo rompeu, na segunda-feira (22), o contrato do atacante Felipe Teresa, que tinha vig\u00eancia at\u00e9 2026. A decis\u00e3o partiu do clube e foi motivada por insatisfa\u00e7\u00e3o com a postura do atleta em treinos e jogos, segundo o ge.<\/p>\n\n\n\n<p>O ex-jogador do sub-20 publicou despedida nas redes com imagens da inf\u00e2ncia e de t\u00edtulos nas categorias de base, agradecendo ao clube e \u00e0 torcida. A movimenta\u00e7\u00e3o ocorre em meio \u00e0 reformula\u00e7\u00e3o do departamento de base, hoje liderado por Bruno Pivetti.<\/p>\n\n\n\n<p>\u201cHoje encerro um ciclo no Clube de Regatas do Flamengo , o time do meu cora\u00e7\u00e3o e que sempre ter\u00e1 um lugar especial na minha vida. Apesar das circunst\u00e2ncias, saio com gratid\u00e3o por ter tido a oportunidade de vestir essa camisa t\u00e3o pesada e cheia de hist\u00f3ria\u201d, dizia um trecho.&nbsp;<\/p>\n\n\n\n<p>\u201c[&#8230;] Agrade\u00e7o a todos os profissionais do clube, aos meus companheiros de equipe e, principalmente, \u00e0 Na\u00e7\u00e3o Rubro-Negra, que com seu apoio e paix\u00e3o tornam o Flamengo \u00fanico no mundo. Sigo meu caminho no futebol com respeito, gratid\u00e3o e o cora\u00e7\u00e3o em paz, certo de que dei o meu melhor em cada momento que estive aqui\u201d, completou.&nbsp;<\/p>\n\n\n\n<h2 class=\"wp-block-heading\" id=\"h-liberadores-2025-premiacao-reforcada-e-semana-de-definicao\">Liberadores 2025: premia\u00e7\u00e3o refor\u00e7ada e semana de defini\u00e7\u00e3o<\/h2>\n\n\n\n<p>A Conmebol atualizou a premia\u00e7\u00e3o da Libertadores 2025 e estipulou 2,3 milh\u00f5es de d\u00f3lares (cerca de R$ 13 milh\u00f5es) para cada semifinalista. O campe\u00e3o ficar\u00e1 com 24 milh\u00f5es de d\u00f3lares (R$ 136 milh\u00f5es) \u2014 o maior valor da hist\u00f3ria do torneio \u2014, enquanto o vice arrecadar\u00e1 7 milh\u00f5es de d\u00f3lares.<\/p>\n\n\n\n<p>A tabela prev\u00ea 3 milh\u00f5es de d\u00f3lares pela participa\u00e7\u00e3o na fase de grupos, mais 330 mil por vit\u00f3ria. Nas oitavas, o pr\u00eamio foi de 1,25 milh\u00e3o de d\u00f3lares; nas quartas, 1,7 milh\u00e3o de d\u00f3lares. O incremento nas semifinais eleva o teto de ganhos e refor\u00e7a o peso esportivo e financeiro da competi\u00e7\u00e3o.<\/p>\n\n\n\n<p>Para o Flamengo, a cifra de 2,3 milh\u00f5es de d\u00f3lares entra em jogo caso o time avance \u00e0 semifinal, somando-se ao que j\u00e1 acumulou nas fases anteriores. Do outro lado do tabuleiro, o Racing j\u00e1 est\u00e1 classificado ap\u00f3s eliminar o V\u00e9lez e aguarda justamente o vencedor de Flamengo x Estudiantes.<\/p>\n\n\n\n<p>Em campo, o Rubro\u2011Negro encerrou na quarta (24) a prepara\u00e7\u00e3o na Argentina e decide a vaga contra o Estudiantes nesta quinta (25), \u00e0s 21h30 (de Bras\u00edlia), em La Plata. <\/p>\n\n\n\n<p>Com a vit\u00f3ria por 2 a 1 no Maracan\u00e3, joga pelo empate; derrota por um gol leva aos p\u00eanaltis. No restante da chave, <a href=\"https:\/\/www.gaveanews.com\/index.php\/category\/brasileirao\/palmeiras\/\" target=\"_blank\" rel=\"noopener noreferrer\">Palmeiras<\/a> e River Plate se enfrentam no Allianz Parque ap\u00f3s 2 a 1 para o Verd\u00e3o na ida, e S\u00e3o Paulo recebe a LDU precisando reverter o 2 a 0 sofrido fora.<\/p>\n\n\n\n<h2 class=\"wp-block-heading\" id=\"h-erick-pulgar-lideranca-construida-e-recuperacao-em-curso\">Erick Pulgar: lideran\u00e7a constru\u00edda e recupera\u00e7\u00e3o em curso<\/h2>\n\n\n\n<p>No clube desde 2022, Erick Pulgar relatou como ganhou espa\u00e7o e voz no elenco, amparado pela experi\u00eancia de companheiros como David Luiz e Filipe Luis. O volante diz ter evolu\u00eddo em confian\u00e7a e leitura t\u00e1tica a partir do di\u00e1logo dentro do vesti\u00e1rio. <\/p>\n\n\n\n<p>Fora de a\u00e7\u00e3o ap\u00f3s fratura no p\u00e9 direito, sofrida na elimina\u00e7\u00e3o para o Bayern de Munique no Mundial de Clubes, em junho, ele entrou na fase final dos trabalhos em campo. Agora, o atleta seguir\u00e1 no Rio para  acompanhar o plano da fisioterapia no Ninho do Urubu. <\/p>\n\n\n\n<p>\u201cAqui pude evoluir mais. Ter mais confian\u00e7a e respeito. Tem jogadores que, quando voc\u00ea diz algo, d\u00e1 uma ordem, levam a mal. E isso n\u00e3o \u00e9 bom para o time. Quando cheguei havia muitos jogadores de qualidade que permitiam isso. Quando chego no Flamengo est\u00e1 David Luiz, Filipe Luis, muitos jogadores que jogaram na Europa\u201d, disse em entrevista. <\/p>\n\n\n\n<p>E completou: \u201cEnt\u00e3o, sabem de estilo de jogo mais t\u00e1tico. Conversando com eles, te abre mais a mente. Eu pude crescer mais nisso. Ter mais confian\u00e7a dos companheiros. De poder falar. No campo eu sou outra pessoa\u201d.<\/p>\n","protected":false},"excerpt":{"rendered":"<p>Dia de novidades no universo rubro\u2011negro: o Flamengo rescindiu o contrato do atacante Felipe Teresa, a Conmebol anunciou os novos valores de premia\u00e7\u00e3o da Libertadores 2025 em meio \u00e0 semana decisiva do torneio, e Erick Pulgar detalhou como ganhou voz no elenco enquanto avan\u00e7a na recupera\u00e7\u00e3o de uma fratura no p\u00e9. A seguir, os principais [&hellip;]<\/p>\n","protected":false},"author":39,"featured_media":127354,"comment_status":"open","ping_status":"closed","sticky":false,"template":"","format":"standard","meta":{"footnotes":""},"categories":[1],"tags":[],"class_list":["post-277199","post","type-post","status-publish","format-standard","has-post-thumbnail","hentry","category-flamengo"],"yoast_head":"<!-- This site is optimized with the Yoast SEO Premium plugin v24.2 (Yoast SEO v26.9) - https:\/\/yoast.com\/product\/yoast-seo-premium-wordpress\/ -->\n<title>Atacante d\u00e1 adeus, caminh\u00e3o de dinheiro e declara\u00e7\u00e3o de Pulgar: as \u00faltimas not\u00edcias do Flamengo<\/title>\n<meta name=\"robots\" content=\"index, follow, max-snippet:-1, max-image-preview:large, max-video-preview:-1\" \/>\n<link rel=\"canonical\" href=\"https:\/\/www.gaveanews.com\/index.php\/2025\/09\/24\/atacante-da-adeus-caminhao-de-dinheiro-e-declaracao-de-pulgar-as-ultimas-noticias-do-flamengo\/\" \/>\n<meta property=\"og:locale\" content=\"pt_BR\" \/>\n<meta property=\"og:type\" content=\"article\" \/>\n<meta property=\"og:title\" content=\"Atacante d\u00e1 adeus, caminh\u00e3o de dinheiro e declara\u00e7\u00e3o de Pulgar: as \u00faltimas not\u00edcias do Flamengo\" \/>\n<meta property=\"og:description\" content=\"Dia de novidades no universo rubro\u2011negro: o Flamengo rescindiu o contrato do atacante Felipe Teresa, a Conmebol anunciou os novos valores de premia\u00e7\u00e3o da Libertadores 2025 em meio \u00e0 semana decisiva do torneio, e Erick Pulgar detalhou como ganhou voz no elenco enquanto avan\u00e7a na recupera\u00e7\u00e3o de uma fratura no p\u00e9. A seguir, os principais [&hellip;]\" \/>\n<meta property=\"og:url\" content=\"https:\/\/www.gaveanews.com\/index.php\/2025\/09\/24\/atacante-da-adeus-caminhao-de-dinheiro-e-declaracao-de-pulgar-as-ultimas-noticias-do-flamengo\/\" \/>\n<meta property=\"og:site_name\" content=\"G\u00e1vea News\" \/>\n<meta property=\"article:publisher\" content=\"https:\/\/facebook.com\/gaveaNews\/\" \/>\n<meta property=\"article:published_time\" content=\"2025-09-24T19:00:00+00:00\" \/>\n<meta property=\"og:image\" content=\"https:\/\/www.gaveanews.com\/wp-content\/uploads\/camisa-flamengo.webp\" \/>\n\t<meta property=\"og:image:width\" content=\"483\" \/>\n\t<meta property=\"og:image:height\" content=\"322\" \/>\n\t<meta property=\"og:image:type\" content=\"image\/webp\" \/>\n<meta name=\"author\" content=\"Reda\u00e7\u00e3o\" \/>\n<meta name=\"twitter:card\" content=\"summary_large_image\" \/>\n<meta name=\"twitter:label1\" content=\"Escrito por\" \/>\n\t<meta name=\"twitter:data1\" content=\"Reda\u00e7\u00e3o\" \/>\n\t<meta name=\"twitter:label2\" content=\"Est. tempo de leitura\" \/>\n\t<meta name=\"twitter:data2\" content=\"4 minutos\" \/>\n<script type=\"application\/ld+json\" class=\"yoast-schema-graph\">{\"@context\":\"https:\/\/schema.org\",\"@graph\":[{\"@type\":\"NewsArticle\",\"@id\":\"https:\/\/www.gaveanews.com\/index.php\/2025\/09\/24\/atacante-da-adeus-caminhao-de-dinheiro-e-declaracao-de-pulgar-as-ultimas-noticias-do-flamengo\/#article\",\"isPartOf\":{\"@id\":\"https:\/\/www.gaveanews.com\/index.php\/2025\/09\/24\/atacante-da-adeus-caminhao-de-dinheiro-e-declaracao-de-pulgar-as-ultimas-noticias-do-flamengo\/\"},\"author\":{\"name\":\"Reda\u00e7\u00e3o\",\"@id\":\"https:\/\/www.gaveanews.com\/#\/schema\/person\/c88645e3d550d0b6574305e67dd5a716\"},\"headline\":\"Atacante d\u00e1 adeus, caminh\u00e3o de dinheiro e declara\u00e7\u00e3o de Pulgar: as \u00faltimas not\u00edcias do Flamengo\",\"datePublished\":\"2025-09-24T19:00:00+00:00\",\"mainEntityOfPage\":{\"@id\":\"https:\/\/www.gaveanews.com\/index.php\/2025\/09\/24\/atacante-da-adeus-caminhao-de-dinheiro-e-declaracao-de-pulgar-as-ultimas-noticias-do-flamengo\/\"},\"wordCount\":755,\"commentCount\":0,\"image\":{\"@id\":\"https:\/\/www.gaveanews.com\/index.php\/2025\/09\/24\/atacante-da-adeus-caminhao-de-dinheiro-e-declaracao-de-pulgar-as-ultimas-noticias-do-flamengo\/#primaryimage\"},\"thumbnailUrl\":\"https:\/\/www.gaveanews.com\/wp-content\/uploads\/camisa-flamengo.webp\",\"articleSection\":[\"Flamengo\"],\"inLanguage\":\"pt-BR\",\"potentialAction\":[{\"@type\":\"CommentAction\",\"name\":\"Comment\",\"target\":[\"https:\/\/www.gaveanews.com\/index.php\/2025\/09\/24\/atacante-da-adeus-caminhao-de-dinheiro-e-declaracao-de-pulgar-as-ultimas-noticias-do-flamengo\/#respond\"]}],\"copyrightYear\":\"2025\",\"copyrightHolder\":{\"@id\":\"https:\/\/www.gaveanews.com\/#organization\"}},{\"@type\":\"WebPage\",\"@id\":\"https:\/\/www.gaveanews.com\/index.php\/2025\/09\/24\/atacante-da-adeus-caminhao-de-dinheiro-e-declaracao-de-pulgar-as-ultimas-noticias-do-flamengo\/\",\"url\":\"https:\/\/www.gaveanews.com\/index.php\/2025\/09\/24\/atacante-da-adeus-caminhao-de-dinheiro-e-declaracao-de-pulgar-as-ultimas-noticias-do-flamengo\/\",\"name\":\"Atacante d\u00e1 adeus, caminh\u00e3o de dinheiro e declara\u00e7\u00e3o de Pulgar: as \u00faltimas not\u00edcias do Flamengo\",\"isPartOf\":{\"@id\":\"https:\/\/www.gaveanews.com\/#website\"},\"primaryImageOfPage\":{\"@id\":\"https:\/\/www.gaveanews.com\/index.php\/2025\/09\/24\/atacante-da-adeus-caminhao-de-dinheiro-e-declaracao-de-pulgar-as-ultimas-noticias-do-flamengo\/#primaryimage\"},\"image\":{\"@id\":\"https:\/\/www.gaveanews.com\/index.php\/2025\/09\/24\/atacante-da-adeus-caminhao-de-dinheiro-e-declaracao-de-pulgar-as-ultimas-noticias-do-flamengo\/#primaryimage\"},\"thumbnailUrl\":\"https:\/\/www.gaveanews.com\/wp-content\/uploads\/camisa-flamengo.webp\",\"datePublished\":\"2025-09-24T19:00:00+00:00\",\"author\":{\"@id\":\"https:\/\/www.gaveanews.com\/#\/schema\/person\/c88645e3d550d0b6574305e67dd5a716\"},\"breadcrumb\":{\"@id\":\"https:\/\/www.gaveanews.com\/index.php\/2025\/09\/24\/atacante-da-adeus-caminhao-de-dinheiro-e-declaracao-de-pulgar-as-ultimas-noticias-do-flamengo\/#breadcrumb\"},\"inLanguage\":\"pt-BR\",\"potentialAction\":[{\"@type\":\"ReadAction\",\"target\":[\"https:\/\/www.gaveanews.com\/index.php\/2025\/09\/24\/atacante-da-adeus-caminhao-de-dinheiro-e-declaracao-de-pulgar-as-ultimas-noticias-do-flamengo\/\"]}]},{\"@type\":\"ImageObject\",\"inLanguage\":\"pt-BR\",\"@id\":\"https:\/\/www.gaveanews.com\/index.php\/2025\/09\/24\/atacante-da-adeus-caminhao-de-dinheiro-e-declaracao-de-pulgar-as-ultimas-noticias-do-flamengo\/#primaryimage\",\"url\":\"https:\/\/www.gaveanews.com\/wp-content\/uploads\/camisa-flamengo.webp\",\"contentUrl\":\"https:\/\/www.gaveanews.com\/wp-content\/uploads\/camisa-flamengo.webp\",\"width\":483,\"height\":322,\"caption\":\"Escudo do Flamengo (Foto: Reprodu\u00e7\u00e3o)\"},{\"@type\":\"BreadcrumbList\",\"@id\":\"https:\/\/www.gaveanews.com\/index.php\/2025\/09\/24\/atacante-da-adeus-caminhao-de-dinheiro-e-declaracao-de-pulgar-as-ultimas-noticias-do-flamengo\/#breadcrumb\",\"itemListElement\":[{\"@type\":\"ListItem\",\"position\":1,\"name\":\"Home\",\"item\":\"https:\/\/www.gaveanews.com\/\"},{\"@type\":\"ListItem\",\"position\":2,\"name\":\"Atacante d\u00e1 adeus, caminh\u00e3o de dinheiro e declara\u00e7\u00e3o de Pulgar: as \u00faltimas not\u00edcias do Flamengo\"}]},{\"@type\":\"WebSite\",\"@id\":\"https:\/\/www.gaveanews.com\/#website\",\"url\":\"https:\/\/www.gaveanews.com\/\",\"name\":\"G\u00e1vea News\",\"description\":\"Veja todas as not\u00edcias sobre o Flamengo: Contrata\u00e7\u00f5es, categorias de base, resultados das partidas, tabela de classifica\u00e7\u00e3o, pr\u00f3ximos jogos!\",\"potentialAction\":[{\"@type\":\"SearchAction\",\"target\":{\"@type\":\"EntryPoint\",\"urlTemplate\":\"https:\/\/www.gaveanews.com\/?s={search_term_string}\"},\"query-input\":{\"@type\":\"PropertyValueSpecification\",\"valueRequired\":true,\"valueName\":\"search_term_string\"}}],\"inLanguage\":\"pt-BR\"},{\"@type\":\"Person\",\"@id\":\"https:\/\/www.gaveanews.com\/#\/schema\/person\/c88645e3d550d0b6574305e67dd5a716\",\"name\":\"Reda\u00e7\u00e3o\",\"image\":{\"@type\":\"ImageObject\",\"inLanguage\":\"pt-BR\",\"@id\":\"https:\/\/www.gaveanews.com\/#\/schema\/person\/image\/\",\"url\":\"https:\/\/secure.gravatar.com\/avatar\/434098fd823f0dc1b062d14ca22bacaa6e38de28d8c816bbef6fc2f8c44d8ba3?s=96&d=mm&r=g\",\"contentUrl\":\"https:\/\/secure.gravatar.com\/avatar\/434098fd823f0dc1b062d14ca22bacaa6e38de28d8c816bbef6fc2f8c44d8ba3?s=96&d=mm&r=g\",\"caption\":\"Reda\u00e7\u00e3o\"}}]}<\/script>\n<!-- \/ Yoast SEO Premium plugin. -->","yoast_head_json":{"title":"Atacante d\u00e1 adeus, caminh\u00e3o de dinheiro e declara\u00e7\u00e3o de Pulgar: as \u00faltimas not\u00edcias do Flamengo","robots":{"index":"index","follow":"follow","max-snippet":"max-snippet:-1","max-image-preview":"max-image-preview:large","max-video-preview":"max-video-preview:-1"},"canonical":"https:\/\/www.gaveanews.com\/index.php\/2025\/09\/24\/atacante-da-adeus-caminhao-de-dinheiro-e-declaracao-de-pulgar-as-ultimas-noticias-do-flamengo\/","og_locale":"pt_BR","og_type":"article","og_title":"Atacante d\u00e1 adeus, caminh\u00e3o de dinheiro e declara\u00e7\u00e3o de Pulgar: as \u00faltimas not\u00edcias do Flamengo","og_description":"Dia de novidades no universo rubro\u2011negro: o Flamengo rescindiu o contrato do atacante Felipe Teresa, a Conmebol anunciou os novos valores de premia\u00e7\u00e3o da Libertadores 2025 em meio \u00e0 semana decisiva do torneio, e Erick Pulgar detalhou como ganhou voz no elenco enquanto avan\u00e7a na recupera\u00e7\u00e3o de uma fratura no p\u00e9. A seguir, os principais [&hellip;]","og_url":"https:\/\/www.gaveanews.com\/index.php\/2025\/09\/24\/atacante-da-adeus-caminhao-de-dinheiro-e-declaracao-de-pulgar-as-ultimas-noticias-do-flamengo\/","og_site_name":"G\u00e1vea News","article_publisher":"https:\/\/facebook.com\/gaveaNews\/","article_published_time":"2025-09-24T19:00:00+00:00","og_image":[{"width":483,"height":322,"url":"https:\/\/www.gaveanews.com\/wp-content\/uploads\/camisa-flamengo.webp","type":"image\/webp"}],"author":"Reda\u00e7\u00e3o","twitter_card":"summary_large_image","twitter_misc":{"Escrito por":"Reda\u00e7\u00e3o","Est. tempo de leitura":"4 minutos"},"schema":{"@context":"https:\/\/schema.org","@graph":[{"@type":"NewsArticle","@id":"https:\/\/www.gaveanews.com\/index.php\/2025\/09\/24\/atacante-da-adeus-caminhao-de-dinheiro-e-declaracao-de-pulgar-as-ultimas-noticias-do-flamengo\/#article","isPartOf":{"@id":"https:\/\/www.gaveanews.com\/index.php\/2025\/09\/24\/atacante-da-adeus-caminhao-de-dinheiro-e-declaracao-de-pulgar-as-ultimas-noticias-do-flamengo\/"},"author":{"name":"Reda\u00e7\u00e3o","@id":"https:\/\/www.gaveanews.com\/#\/schema\/person\/c88645e3d550d0b6574305e67dd5a716"},"headline":"Atacante d\u00e1 adeus, caminh\u00e3o de dinheiro e declara\u00e7\u00e3o de Pulgar: as \u00faltimas not\u00edcias do Flamengo","datePublished":"2025-09-24T19:00:00+00:00","mainEntityOfPage":{"@id":"https:\/\/www.gaveanews.com\/index.php\/2025\/09\/24\/atacante-da-adeus-caminhao-de-dinheiro-e-declaracao-de-pulgar-as-ultimas-noticias-do-flamengo\/"},"wordCount":755,"commentCount":0,"image":{"@id":"https:\/\/www.gaveanews.com\/index.php\/2025\/09\/24\/atacante-da-adeus-caminhao-de-dinheiro-e-declaracao-de-pulgar-as-ultimas-noticias-do-flamengo\/#primaryimage"},"thumbnailUrl":"https:\/\/www.gaveanews.com\/wp-content\/uploads\/camisa-flamengo.webp","articleSection":["Flamengo"],"inLanguage":"pt-BR","potentialAction":[{"@type":"CommentAction","name":"Comment","target":["https:\/\/www.gaveanews.com\/index.php\/2025\/09\/24\/atacante-da-adeus-caminhao-de-dinheiro-e-declaracao-de-pulgar-as-ultimas-noticias-do-flamengo\/#respond"]}],"copyrightYear":"2025","copyrightHolder":{"@id":"https:\/\/www.gaveanews.com\/#organization"}},{"@type":"WebPage","@id":"https:\/\/www.gaveanews.com\/index.php\/2025\/09\/24\/atacante-da-adeus-caminhao-de-dinheiro-e-declaracao-de-pulgar-as-ultimas-noticias-do-flamengo\/","url":"https:\/\/www.gaveanews.com\/index.php\/2025\/09\/24\/atacante-da-adeus-caminhao-de-dinheiro-e-declaracao-de-pulgar-as-ultimas-noticias-do-flamengo\/","name":"Atacante d\u00e1 adeus, caminh\u00e3o de dinheiro e declara\u00e7\u00e3o de Pulgar: as \u00faltimas not\u00edcias do Flamengo","isPartOf":{"@id":"https:\/\/www.gaveanews.com\/#website"},"primaryImageOfPage":{"@id":"https:\/\/www.gaveanews.com\/index.php\/2025\/09\/24\/atacante-da-adeus-caminhao-de-dinheiro-e-declaracao-de-pulgar-as-ultimas-noticias-do-flamengo\/#primaryimage"},"image":{"@id":"https:\/\/www.gaveanews.com\/index.php\/2025\/09\/24\/atacante-da-adeus-caminhao-de-dinheiro-e-declaracao-de-pulgar-as-ultimas-noticias-do-flamengo\/#primaryimage"},"thumbnailUrl":"https:\/\/www.gaveanews.com\/wp-content\/uploads\/camisa-flamengo.webp","datePublished":"2025-09-24T19:00:00+00:00","author":{"@id":"https:\/\/www.gaveanews.com\/#\/schema\/person\/c88645e3d550d0b6574305e67dd5a716"},"breadcrumb":{"@id":"https:\/\/www.gaveanews.com\/index.php\/2025\/09\/24\/atacante-da-adeus-caminhao-de-dinheiro-e-declaracao-de-pulgar-as-ultimas-noticias-do-flamengo\/#breadcrumb"},"inLanguage":"pt-BR","potentialAction":[{"@type":"ReadAction","target":["https:\/\/www.gaveanews.com\/index.php\/2025\/09\/24\/atacante-da-adeus-caminhao-de-dinheiro-e-declaracao-de-pulgar-as-ultimas-noticias-do-flamengo\/"]}]},{"@type":"ImageObject","inLanguage":"pt-BR","@id":"https:\/\/www.gaveanews.com\/index.php\/2025\/09\/24\/atacante-da-adeus-caminhao-de-dinheiro-e-declaracao-de-pulgar-as-ultimas-noticias-do-flamengo\/#primaryimage","url":"https:\/\/www.gaveanews.com\/wp-content\/uploads\/camisa-flamengo.webp","contentUrl":"https:\/\/www.gaveanews.com\/wp-content\/uploads\/camisa-flamengo.webp","width":483,"height":322,"caption":"Escudo do Flamengo (Foto: Reprodu\u00e7\u00e3o)"},{"@type":"BreadcrumbList","@id":"https:\/\/www.gaveanews.com\/index.php\/2025\/09\/24\/atacante-da-adeus-caminhao-de-dinheiro-e-declaracao-de-pulgar-as-ultimas-noticias-do-flamengo\/#breadcrumb","itemListElement":[{"@type":"ListItem","position":1,"name":"Home","item":"https:\/\/www.gaveanews.com\/"},{"@type":"ListItem","position":2,"name":"Atacante d\u00e1 adeus, caminh\u00e3o de dinheiro e declara\u00e7\u00e3o de Pulgar: as \u00faltimas not\u00edcias do Flamengo"}]},{"@type":"WebSite","@id":"https:\/\/www.gaveanews.com\/#website","url":"https:\/\/www.gaveanews.com\/","name":"G\u00e1vea News","description":"Veja todas as not\u00edcias sobre o Flamengo: Contrata\u00e7\u00f5es, categorias de base, resultados das partidas, tabela de classifica\u00e7\u00e3o, pr\u00f3ximos jogos!","potentialAction":[{"@type":"SearchAction","target":{"@type":"EntryPoint","urlTemplate":"https:\/\/www.gaveanews.com\/?s={search_term_string}"},"query-input":{"@type":"PropertyValueSpecification","valueRequired":true,"valueName":"search_term_string"}}],"inLanguage":"pt-BR"},{"@type":"Person","@id":"https:\/\/www.gaveanews.com\/#\/schema\/person\/c88645e3d550d0b6574305e67dd5a716","name":"Reda\u00e7\u00e3o","image":{"@type":"ImageObject","inLanguage":"pt-BR","@id":"https:\/\/www.gaveanews.com\/#\/schema\/person\/image\/","url":"https:\/\/secure.gravatar.com\/avatar\/434098fd823f0dc1b062d14ca22bacaa6e38de28d8c816bbef6fc2f8c44d8ba3?s=96&d=mm&r=g","contentUrl":"https:\/\/secure.gravatar.com\/avatar\/434098fd823f0dc1b062d14ca22bacaa6e38de28d8c816bbef6fc2f8c44d8ba3?s=96&d=mm&r=g","caption":"Reda\u00e7\u00e3o"}}]}},"_links":{"self":[{"href":"https:\/\/www.gaveanews.com\/index.php\/wp-json\/wp\/v2\/posts\/277199","targetHints":{"allow":["GET"]}}],"collection":[{"href":"https:\/\/www.gaveanews.com\/index.php\/wp-json\/wp\/v2\/posts"}],"about":[{"href":"https:\/\/www.gaveanews.com\/index.php\/wp-json\/wp\/v2\/types\/post"}],"author":[{"embeddable":true,"href":"https:\/\/www.gaveanews.com\/index.php\/wp-json\/wp\/v2\/users\/39"}],"replies":[{"embeddable":true,"href":"https:\/\/www.gaveanews.com\/index.php\/wp-json\/wp\/v2\/comments?post=277199"}],"version-history":[{"count":1,"href":"https:\/\/www.gaveanews.com\/index.php\/wp-json\/wp\/v2\/posts\/277199\/revisions"}],"predecessor-version":[{"id":277210,"href":"https:\/\/www.gaveanews.com\/index.php\/wp-json\/wp\/v2\/posts\/277199\/revisions\/277210"}],"wp:featuredmedia":[{"embeddable":true,"href":"https:\/\/www.gaveanews.com\/index.php\/wp-json\/wp\/v2\/media\/127354"}],"wp:attachment":[{"href":"https:\/\/www.gaveanews.com\/index.php\/wp-json\/wp\/v2\/media?parent=277199"}],"wp:term":[{"taxonomy":"category","embeddable":true,"href":"https:\/\/www.gaveanews.com\/index.php\/wp-json\/wp\/v2\/categories?post=277199"},{"taxonomy":"post_tag","embeddable":true,"href":"https:\/\/www.gaveanews.com\/index.php\/wp-json\/wp\/v2\/tags?post=277199"}],"curies":[{"name":"wp","href":"https:\/\/api.w.org\/{rel}","templated":true}]}}