{"id":277218,"date":"2025-09-24T14:05:00","date_gmt":"2025-09-24T17:05:00","guid":{"rendered":"https:\/\/www.gaveanews.com\/?p=277218"},"modified":"2025-09-24T14:07:41","modified_gmt":"2025-09-24T17:07:41","slug":"carrascal-adota-arrascaeta-como-referencia-no-flamengo","status":"publish","type":"post","link":"https:\/\/www.gaveanews.com\/index.php\/2025\/09\/24\/carrascal-adota-arrascaeta-como-referencia-no-flamengo\/","title":{"rendered":"Carrascal adota Arrascaeta como refer\u00eancia no Flamengo"},"content":{"rendered":"\n<p>O <a href=\"https:\/\/www.gaveanews.com\/index.php\/category\/brasileirao\/flamengo\/\" target=\"_blank\" rel=\"noopener noreferrer\">Flamengo<\/a> tem se preparado intensivamente para o duelo decisivo contra o Estudiantes, nesta quinta-feira (25), em La Plata, na Argentina, que vale vaga na semifinal da Libertadores. Apesar do foco nos confrontos em sequ\u00eancia, as atividades t\u00eam servido para evolu\u00e7\u00e3o de Carrascal.&nbsp;<\/p>\n\n\n\n<p>Alternativa no elenco de Filipe Lu\u00eds, o colombiano chegou ao clube para atuar na fun\u00e7\u00e3o de Arrascaeta, ap\u00f3s uma transa\u00e7\u00e3o de cerca de R$ 77 milh\u00f5es. E \u00e9 o que tem feito. O atleta revelou que tem feito uma esp\u00e9cie de &#8220;intensiv\u00e3o&#8221; sobre as caracter\u00edsticas do uruguaio e o acompanhado nos treinos.&nbsp;<\/p>\n\n\n\n<p>Segundo o UOL Esporte, o jogador observa as movimenta\u00e7\u00f5es e o posicionamento de Arrascaeta, al\u00e9m de seguir orienta\u00e7\u00f5es de Filipe Lu\u00eds.<\/p>\n\n\n\n<p>&#8220;O Filipe (Lu\u00eds) sempre me falou para saber me encontrar dentro dos jogos. Eu tamb\u00e9m, da minha parte, vi muito o Arrascaeta como ele se move. Acho que de pouco a pouco, estou entendendo muito mais. Espero adaptar-me, porque \u00e9 uma equipe muito grande, ent\u00e3o temos que estar \u00e0 altura&#8221;, disse o atleta.<\/p>\n\n\n\n<h2 class=\"wp-block-heading\" id=\"h-evolucao-no-flamengo\">Evolu\u00e7\u00e3o no Flamengo<\/h2>\n\n\n\n<p>O bom desempenho recente impulsionou a confian\u00e7a interna na adapta\u00e7\u00e3o. No \u00faltimo domingo (21), Carrascal foi titular contra o <a href=\"https:\/\/www.gaveanews.com\/index.php\/category\/brasileirao\/vasco\/\" target=\"_blank\" rel=\"noopener noreferrer\">Vasco<\/a>, no Brasileir\u00e3o, e atuou justamente na vaga de Arrascaeta. O saldo? Marcou seu primeiro gol pelo Flamengo na participa\u00e7\u00e3o in\u00e9dita como titular do t\u00e9cnico Filipe Lu\u00eds.<\/p>\n\n\n\n<p>A atua\u00e7\u00e3o lhe rendeu, inclusive, elogios do treinador: &#8220;Tem muita qualidade, fez um grande jogo. Entendeu bem os espa\u00e7os, a import\u00e2ncia, o que \u00e9 determinante para um jogador dessa posi\u00e7\u00e3o. Fez o gol, mas n\u00e3o s\u00f3 isso. Deu sequ\u00eancia nas jogadas, levou perigo, criou mais chances e \u00e9 uma op\u00e7\u00e3o important\u00edssima para a gente&#8221;, avaliou.&nbsp;<\/p>\n\n\n\n<figure class=\"wp-block-image size-large\"><img loading=\"lazy\" decoding=\"async\" width=\"1024\" height=\"768\" src=\"https:\/\/www.gaveanews.com\/wp-content\/uploads\/Jorge-Carrascal-marca-primeiro-gol-pelo-Flamengo-1024x768.jpg\" alt=\"\" class=\"wp-image-277223\" srcset=\"https:\/\/www.gaveanews.com\/wp-content\/uploads\/Jorge-Carrascal-marca-primeiro-gol-pelo-Flamengo-1024x768.jpg 1024w, https:\/\/www.gaveanews.com\/wp-content\/uploads\/Jorge-Carrascal-marca-primeiro-gol-pelo-Flamengo-300x225.jpg 300w, https:\/\/www.gaveanews.com\/wp-content\/uploads\/Jorge-Carrascal-marca-primeiro-gol-pelo-Flamengo-768x576.jpg 768w, https:\/\/www.gaveanews.com\/wp-content\/uploads\/Jorge-Carrascal-marca-primeiro-gol-pelo-Flamengo-560x420.jpg 560w, https:\/\/www.gaveanews.com\/wp-content\/uploads\/Jorge-Carrascal-marca-primeiro-gol-pelo-Flamengo-1120x840.jpg 1120w, https:\/\/www.gaveanews.com\/wp-content\/uploads\/Jorge-Carrascal-marca-primeiro-gol-pelo-Flamengo-80x60.jpg 80w, https:\/\/www.gaveanews.com\/wp-content\/uploads\/Jorge-Carrascal-marca-primeiro-gol-pelo-Flamengo-160x120.jpg 160w, https:\/\/www.gaveanews.com\/wp-content\/uploads\/Jorge-Carrascal-marca-primeiro-gol-pelo-Flamengo-100x75.jpg 100w, https:\/\/www.gaveanews.com\/wp-content\/uploads\/Jorge-Carrascal-marca-primeiro-gol-pelo-Flamengo-200x150.jpg 200w, https:\/\/www.gaveanews.com\/wp-content\/uploads\/Jorge-Carrascal-marca-primeiro-gol-pelo-Flamengo-180x135.jpg 180w, https:\/\/www.gaveanews.com\/wp-content\/uploads\/Jorge-Carrascal-marca-primeiro-gol-pelo-Flamengo-360x270.jpg 360w, https:\/\/www.gaveanews.com\/wp-content\/uploads\/Jorge-Carrascal-marca-primeiro-gol-pelo-Flamengo-238x178.jpg 238w, https:\/\/www.gaveanews.com\/wp-content\/uploads\/Jorge-Carrascal-marca-primeiro-gol-pelo-Flamengo-476x356.jpg 476w, https:\/\/www.gaveanews.com\/wp-content\/uploads\/Jorge-Carrascal-marca-primeiro-gol-pelo-Flamengo-640x480.jpg 640w, https:\/\/www.gaveanews.com\/wp-content\/uploads\/Jorge-Carrascal-marca-primeiro-gol-pelo-Flamengo-681x511.jpg 681w, https:\/\/www.gaveanews.com\/wp-content\/uploads\/Jorge-Carrascal-marca-primeiro-gol-pelo-Flamengo.jpg 1280w\" sizes=\"auto, (max-width: 1024px) 100vw, 1024px\" \/><figcaption class=\"wp-element-caption\">Carrascal marca primeiro gol com o Manto (Foto: Gilvan de Souza\/CRF)<\/figcaption><\/figure>\n\n\n\n<p>O meia soma 145 minutos em campo desde que chegou, distribu\u00eddos entre uma partida da Libertadores e quatro do Brasileir\u00e3o. Na rodada anterior, deu assist\u00eancia contra o Juventude.&nbsp;<\/p>\n\n\n\n<p>&#8220;Venho treinando, me preparando para estar na melhor vers\u00e3o. Creio que este \u00e9 o caminho a seguir, continuar contribuindo com o grupo e continuar jogando nas oportunidades que o Filipe me der. Acredito que \u00e9 seguir assim, a equipe vai se desenvolvendo muito bem&#8221;, completou o colombiano.<\/p>\n\n\n\n<h2 class=\"wp-block-heading\" id=\"h-proximo-compromisso\">Pr\u00f3ximo compromisso<\/h2>\n\n\n\n<p>Com Carrascal \u00e0 disposi\u00e7\u00e3o, o Rubro-Negro sonha com a classifica\u00e7\u00e3o \u00e0s semifinais da Libertadores. Para isso, precisa apenas empatar o confronto em La Plata, haja visto que venceu a ida por 2 a 1 no Maracan\u00e3.&nbsp;<\/p>\n","protected":false},"excerpt":{"rendered":"<p>O Flamengo tem se preparado intensivamente para o duelo decisivo contra o Estudiantes, nesta quinta-feira (25), em La Plata, na Argentina, que vale vaga na semifinal da Libertadores. Apesar do foco nos confrontos em sequ\u00eancia, as atividades t\u00eam servido para evolu\u00e7\u00e3o de Carrascal.&nbsp; Alternativa no elenco de Filipe Lu\u00eds, o colombiano chegou ao clube para [&hellip;]<\/p>\n","protected":false},"author":39,"featured_media":277220,"comment_status":"open","ping_status":"closed","sticky":false,"template":"","format":"standard","meta":{"footnotes":""},"categories":[1],"tags":[],"class_list":["post-277218","post","type-post","status-publish","format-standard","has-post-thumbnail","hentry","category-flamengo"],"yoast_head":"<!-- This site is optimized with the Yoast SEO Premium plugin v24.2 (Yoast SEO v26.9) - https:\/\/yoast.com\/product\/yoast-seo-premium-wordpress\/ -->\n<title>Carrascal adota Arrascaeta como refer\u00eancia no Flamengo<\/title>\n<meta name=\"robots\" content=\"index, follow, max-snippet:-1, max-image-preview:large, max-video-preview:-1\" \/>\n<link rel=\"canonical\" href=\"https:\/\/www.gaveanews.com\/index.php\/2025\/09\/24\/carrascal-adota-arrascaeta-como-referencia-no-flamengo\/\" \/>\n<meta property=\"og:locale\" content=\"pt_BR\" \/>\n<meta property=\"og:type\" content=\"article\" \/>\n<meta property=\"og:title\" content=\"Carrascal adota Arrascaeta como refer\u00eancia no Flamengo\" \/>\n<meta property=\"og:description\" content=\"O Flamengo tem se preparado intensivamente para o duelo decisivo contra o Estudiantes, nesta quinta-feira (25), em La Plata, na Argentina, que vale vaga na semifinal da Libertadores. Apesar do foco nos confrontos em sequ\u00eancia, as atividades t\u00eam servido para evolu\u00e7\u00e3o de Carrascal.&nbsp; Alternativa no elenco de Filipe Lu\u00eds, o colombiano chegou ao clube para [&hellip;]\" \/>\n<meta property=\"og:url\" content=\"https:\/\/www.gaveanews.com\/index.php\/2025\/09\/24\/carrascal-adota-arrascaeta-como-referencia-no-flamengo\/\" \/>\n<meta property=\"og:site_name\" content=\"G\u00e1vea News\" \/>\n<meta property=\"article:publisher\" content=\"https:\/\/facebook.com\/gaveaNews\/\" \/>\n<meta property=\"article:published_time\" content=\"2025-09-24T17:05:00+00:00\" \/>\n<meta property=\"article:modified_time\" content=\"2025-09-24T17:07:41+00:00\" \/>\n<meta property=\"og:image\" content=\"http:\/\/www.gaveanews.com\/wp-content\/uploads\/Jorge-Carrascal.jpg\" \/>\n\t<meta property=\"og:image:width\" content=\"1280\" \/>\n\t<meta property=\"og:image:height\" content=\"960\" \/>\n\t<meta property=\"og:image:type\" content=\"image\/jpeg\" \/>\n<meta name=\"author\" content=\"Reda\u00e7\u00e3o\" \/>\n<meta name=\"twitter:card\" content=\"summary_large_image\" \/>\n<meta name=\"twitter:label1\" content=\"Escrito por\" \/>\n\t<meta name=\"twitter:data1\" content=\"Reda\u00e7\u00e3o\" \/>\n\t<meta name=\"twitter:label2\" content=\"Est. tempo de leitura\" \/>\n\t<meta name=\"twitter:data2\" content=\"3 minutos\" \/>\n<script type=\"application\/ld+json\" class=\"yoast-schema-graph\">{\"@context\":\"https:\/\/schema.org\",\"@graph\":[{\"@type\":\"NewsArticle\",\"@id\":\"https:\/\/www.gaveanews.com\/index.php\/2025\/09\/24\/carrascal-adota-arrascaeta-como-referencia-no-flamengo\/#article\",\"isPartOf\":{\"@id\":\"https:\/\/www.gaveanews.com\/index.php\/2025\/09\/24\/carrascal-adota-arrascaeta-como-referencia-no-flamengo\/\"},\"author\":{\"name\":\"Reda\u00e7\u00e3o\",\"@id\":\"https:\/\/www.gaveanews.com\/#\/schema\/person\/c88645e3d550d0b6574305e67dd5a716\"},\"headline\":\"Carrascal adota Arrascaeta como refer\u00eancia no Flamengo\",\"datePublished\":\"2025-09-24T17:05:00+00:00\",\"dateModified\":\"2025-09-24T17:07:41+00:00\",\"mainEntityOfPage\":{\"@id\":\"https:\/\/www.gaveanews.com\/index.php\/2025\/09\/24\/carrascal-adota-arrascaeta-como-referencia-no-flamengo\/\"},\"wordCount\":438,\"commentCount\":0,\"image\":{\"@id\":\"https:\/\/www.gaveanews.com\/index.php\/2025\/09\/24\/carrascal-adota-arrascaeta-como-referencia-no-flamengo\/#primaryimage\"},\"thumbnailUrl\":\"https:\/\/www.gaveanews.com\/wp-content\/uploads\/Jorge-Carrascal.jpg\",\"articleSection\":[\"Flamengo\"],\"inLanguage\":\"pt-BR\",\"potentialAction\":[{\"@type\":\"CommentAction\",\"name\":\"Comment\",\"target\":[\"https:\/\/www.gaveanews.com\/index.php\/2025\/09\/24\/carrascal-adota-arrascaeta-como-referencia-no-flamengo\/#respond\"]}],\"copyrightYear\":\"2025\",\"copyrightHolder\":{\"@id\":\"https:\/\/www.gaveanews.com\/#organization\"}},{\"@type\":\"WebPage\",\"@id\":\"https:\/\/www.gaveanews.com\/index.php\/2025\/09\/24\/carrascal-adota-arrascaeta-como-referencia-no-flamengo\/\",\"url\":\"https:\/\/www.gaveanews.com\/index.php\/2025\/09\/24\/carrascal-adota-arrascaeta-como-referencia-no-flamengo\/\",\"name\":\"Carrascal adota Arrascaeta como refer\u00eancia no Flamengo\",\"isPartOf\":{\"@id\":\"https:\/\/www.gaveanews.com\/#website\"},\"primaryImageOfPage\":{\"@id\":\"https:\/\/www.gaveanews.com\/index.php\/2025\/09\/24\/carrascal-adota-arrascaeta-como-referencia-no-flamengo\/#primaryimage\"},\"image\":{\"@id\":\"https:\/\/www.gaveanews.com\/index.php\/2025\/09\/24\/carrascal-adota-arrascaeta-como-referencia-no-flamengo\/#primaryimage\"},\"thumbnailUrl\":\"https:\/\/www.gaveanews.com\/wp-content\/uploads\/Jorge-Carrascal.jpg\",\"datePublished\":\"2025-09-24T17:05:00+00:00\",\"dateModified\":\"2025-09-24T17:07:41+00:00\",\"author\":{\"@id\":\"https:\/\/www.gaveanews.com\/#\/schema\/person\/c88645e3d550d0b6574305e67dd5a716\"},\"breadcrumb\":{\"@id\":\"https:\/\/www.gaveanews.com\/index.php\/2025\/09\/24\/carrascal-adota-arrascaeta-como-referencia-no-flamengo\/#breadcrumb\"},\"inLanguage\":\"pt-BR\",\"potentialAction\":[{\"@type\":\"ReadAction\",\"target\":[\"https:\/\/www.gaveanews.com\/index.php\/2025\/09\/24\/carrascal-adota-arrascaeta-como-referencia-no-flamengo\/\"]}]},{\"@type\":\"ImageObject\",\"inLanguage\":\"pt-BR\",\"@id\":\"https:\/\/www.gaveanews.com\/index.php\/2025\/09\/24\/carrascal-adota-arrascaeta-como-referencia-no-flamengo\/#primaryimage\",\"url\":\"https:\/\/www.gaveanews.com\/wp-content\/uploads\/Jorge-Carrascal.jpg\",\"contentUrl\":\"https:\/\/www.gaveanews.com\/wp-content\/uploads\/Jorge-Carrascal.jpg\",\"width\":1280,\"height\":960,\"caption\":\"Jorge Carrascal em viagem com a delega\u00e7\u00e3o (Foto: Gilvan de Souza\/Flamengo)\"},{\"@type\":\"BreadcrumbList\",\"@id\":\"https:\/\/www.gaveanews.com\/index.php\/2025\/09\/24\/carrascal-adota-arrascaeta-como-referencia-no-flamengo\/#breadcrumb\",\"itemListElement\":[{\"@type\":\"ListItem\",\"position\":1,\"name\":\"Home\",\"item\":\"https:\/\/www.gaveanews.com\/\"},{\"@type\":\"ListItem\",\"position\":2,\"name\":\"Carrascal adota Arrascaeta como refer\u00eancia no Flamengo\"}]},{\"@type\":\"WebSite\",\"@id\":\"https:\/\/www.gaveanews.com\/#website\",\"url\":\"https:\/\/www.gaveanews.com\/\",\"name\":\"G\u00e1vea News\",\"description\":\"Veja todas as not\u00edcias sobre o Flamengo: Contrata\u00e7\u00f5es, categorias de base, resultados das partidas, tabela de classifica\u00e7\u00e3o, pr\u00f3ximos jogos!\",\"potentialAction\":[{\"@type\":\"SearchAction\",\"target\":{\"@type\":\"EntryPoint\",\"urlTemplate\":\"https:\/\/www.gaveanews.com\/?s={search_term_string}\"},\"query-input\":{\"@type\":\"PropertyValueSpecification\",\"valueRequired\":true,\"valueName\":\"search_term_string\"}}],\"inLanguage\":\"pt-BR\"},{\"@type\":\"Person\",\"@id\":\"https:\/\/www.gaveanews.com\/#\/schema\/person\/c88645e3d550d0b6574305e67dd5a716\",\"name\":\"Reda\u00e7\u00e3o\",\"image\":{\"@type\":\"ImageObject\",\"inLanguage\":\"pt-BR\",\"@id\":\"https:\/\/www.gaveanews.com\/#\/schema\/person\/image\/\",\"url\":\"https:\/\/secure.gravatar.com\/avatar\/434098fd823f0dc1b062d14ca22bacaa6e38de28d8c816bbef6fc2f8c44d8ba3?s=96&d=mm&r=g\",\"contentUrl\":\"https:\/\/secure.gravatar.com\/avatar\/434098fd823f0dc1b062d14ca22bacaa6e38de28d8c816bbef6fc2f8c44d8ba3?s=96&d=mm&r=g\",\"caption\":\"Reda\u00e7\u00e3o\"}}]}<\/script>\n<!-- \/ Yoast SEO Premium plugin. -->","yoast_head_json":{"title":"Carrascal adota Arrascaeta como refer\u00eancia no Flamengo","robots":{"index":"index","follow":"follow","max-snippet":"max-snippet:-1","max-image-preview":"max-image-preview:large","max-video-preview":"max-video-preview:-1"},"canonical":"https:\/\/www.gaveanews.com\/index.php\/2025\/09\/24\/carrascal-adota-arrascaeta-como-referencia-no-flamengo\/","og_locale":"pt_BR","og_type":"article","og_title":"Carrascal adota Arrascaeta como refer\u00eancia no Flamengo","og_description":"O Flamengo tem se preparado intensivamente para o duelo decisivo contra o Estudiantes, nesta quinta-feira (25), em La Plata, na Argentina, que vale vaga na semifinal da Libertadores. Apesar do foco nos confrontos em sequ\u00eancia, as atividades t\u00eam servido para evolu\u00e7\u00e3o de Carrascal.&nbsp; Alternativa no elenco de Filipe Lu\u00eds, o colombiano chegou ao clube para [&hellip;]","og_url":"https:\/\/www.gaveanews.com\/index.php\/2025\/09\/24\/carrascal-adota-arrascaeta-como-referencia-no-flamengo\/","og_site_name":"G\u00e1vea News","article_publisher":"https:\/\/facebook.com\/gaveaNews\/","article_published_time":"2025-09-24T17:05:00+00:00","article_modified_time":"2025-09-24T17:07:41+00:00","og_image":[{"width":1280,"height":960,"url":"http:\/\/www.gaveanews.com\/wp-content\/uploads\/Jorge-Carrascal.jpg","type":"image\/jpeg"}],"author":"Reda\u00e7\u00e3o","twitter_card":"summary_large_image","twitter_misc":{"Escrito por":"Reda\u00e7\u00e3o","Est. tempo de leitura":"3 minutos"},"schema":{"@context":"https:\/\/schema.org","@graph":[{"@type":"NewsArticle","@id":"https:\/\/www.gaveanews.com\/index.php\/2025\/09\/24\/carrascal-adota-arrascaeta-como-referencia-no-flamengo\/#article","isPartOf":{"@id":"https:\/\/www.gaveanews.com\/index.php\/2025\/09\/24\/carrascal-adota-arrascaeta-como-referencia-no-flamengo\/"},"author":{"name":"Reda\u00e7\u00e3o","@id":"https:\/\/www.gaveanews.com\/#\/schema\/person\/c88645e3d550d0b6574305e67dd5a716"},"headline":"Carrascal adota Arrascaeta como refer\u00eancia no Flamengo","datePublished":"2025-09-24T17:05:00+00:00","dateModified":"2025-09-24T17:07:41+00:00","mainEntityOfPage":{"@id":"https:\/\/www.gaveanews.com\/index.php\/2025\/09\/24\/carrascal-adota-arrascaeta-como-referencia-no-flamengo\/"},"wordCount":438,"commentCount":0,"image":{"@id":"https:\/\/www.gaveanews.com\/index.php\/2025\/09\/24\/carrascal-adota-arrascaeta-como-referencia-no-flamengo\/#primaryimage"},"thumbnailUrl":"https:\/\/www.gaveanews.com\/wp-content\/uploads\/Jorge-Carrascal.jpg","articleSection":["Flamengo"],"inLanguage":"pt-BR","potentialAction":[{"@type":"CommentAction","name":"Comment","target":["https:\/\/www.gaveanews.com\/index.php\/2025\/09\/24\/carrascal-adota-arrascaeta-como-referencia-no-flamengo\/#respond"]}],"copyrightYear":"2025","copyrightHolder":{"@id":"https:\/\/www.gaveanews.com\/#organization"}},{"@type":"WebPage","@id":"https:\/\/www.gaveanews.com\/index.php\/2025\/09\/24\/carrascal-adota-arrascaeta-como-referencia-no-flamengo\/","url":"https:\/\/www.gaveanews.com\/index.php\/2025\/09\/24\/carrascal-adota-arrascaeta-como-referencia-no-flamengo\/","name":"Carrascal adota Arrascaeta como refer\u00eancia no Flamengo","isPartOf":{"@id":"https:\/\/www.gaveanews.com\/#website"},"primaryImageOfPage":{"@id":"https:\/\/www.gaveanews.com\/index.php\/2025\/09\/24\/carrascal-adota-arrascaeta-como-referencia-no-flamengo\/#primaryimage"},"image":{"@id":"https:\/\/www.gaveanews.com\/index.php\/2025\/09\/24\/carrascal-adota-arrascaeta-como-referencia-no-flamengo\/#primaryimage"},"thumbnailUrl":"https:\/\/www.gaveanews.com\/wp-content\/uploads\/Jorge-Carrascal.jpg","datePublished":"2025-09-24T17:05:00+00:00","dateModified":"2025-09-24T17:07:41+00:00","author":{"@id":"https:\/\/www.gaveanews.com\/#\/schema\/person\/c88645e3d550d0b6574305e67dd5a716"},"breadcrumb":{"@id":"https:\/\/www.gaveanews.com\/index.php\/2025\/09\/24\/carrascal-adota-arrascaeta-como-referencia-no-flamengo\/#breadcrumb"},"inLanguage":"pt-BR","potentialAction":[{"@type":"ReadAction","target":["https:\/\/www.gaveanews.com\/index.php\/2025\/09\/24\/carrascal-adota-arrascaeta-como-referencia-no-flamengo\/"]}]},{"@type":"ImageObject","inLanguage":"pt-BR","@id":"https:\/\/www.gaveanews.com\/index.php\/2025\/09\/24\/carrascal-adota-arrascaeta-como-referencia-no-flamengo\/#primaryimage","url":"https:\/\/www.gaveanews.com\/wp-content\/uploads\/Jorge-Carrascal.jpg","contentUrl":"https:\/\/www.gaveanews.com\/wp-content\/uploads\/Jorge-Carrascal.jpg","width":1280,"height":960,"caption":"Jorge Carrascal em viagem com a delega\u00e7\u00e3o (Foto: Gilvan de Souza\/Flamengo)"},{"@type":"BreadcrumbList","@id":"https:\/\/www.gaveanews.com\/index.php\/2025\/09\/24\/carrascal-adota-arrascaeta-como-referencia-no-flamengo\/#breadcrumb","itemListElement":[{"@type":"ListItem","position":1,"name":"Home","item":"https:\/\/www.gaveanews.com\/"},{"@type":"ListItem","position":2,"name":"Carrascal adota Arrascaeta como refer\u00eancia no Flamengo"}]},{"@type":"WebSite","@id":"https:\/\/www.gaveanews.com\/#website","url":"https:\/\/www.gaveanews.com\/","name":"G\u00e1vea News","description":"Veja todas as not\u00edcias sobre o Flamengo: Contrata\u00e7\u00f5es, categorias de base, resultados das partidas, tabela de classifica\u00e7\u00e3o, pr\u00f3ximos jogos!","potentialAction":[{"@type":"SearchAction","target":{"@type":"EntryPoint","urlTemplate":"https:\/\/www.gaveanews.com\/?s={search_term_string}"},"query-input":{"@type":"PropertyValueSpecification","valueRequired":true,"valueName":"search_term_string"}}],"inLanguage":"pt-BR"},{"@type":"Person","@id":"https:\/\/www.gaveanews.com\/#\/schema\/person\/c88645e3d550d0b6574305e67dd5a716","name":"Reda\u00e7\u00e3o","image":{"@type":"ImageObject","inLanguage":"pt-BR","@id":"https:\/\/www.gaveanews.com\/#\/schema\/person\/image\/","url":"https:\/\/secure.gravatar.com\/avatar\/434098fd823f0dc1b062d14ca22bacaa6e38de28d8c816bbef6fc2f8c44d8ba3?s=96&d=mm&r=g","contentUrl":"https:\/\/secure.gravatar.com\/avatar\/434098fd823f0dc1b062d14ca22bacaa6e38de28d8c816bbef6fc2f8c44d8ba3?s=96&d=mm&r=g","caption":"Reda\u00e7\u00e3o"}}]}},"_links":{"self":[{"href":"https:\/\/www.gaveanews.com\/index.php\/wp-json\/wp\/v2\/posts\/277218","targetHints":{"allow":["GET"]}}],"collection":[{"href":"https:\/\/www.gaveanews.com\/index.php\/wp-json\/wp\/v2\/posts"}],"about":[{"href":"https:\/\/www.gaveanews.com\/index.php\/wp-json\/wp\/v2\/types\/post"}],"author":[{"embeddable":true,"href":"https:\/\/www.gaveanews.com\/index.php\/wp-json\/wp\/v2\/users\/39"}],"replies":[{"embeddable":true,"href":"https:\/\/www.gaveanews.com\/index.php\/wp-json\/wp\/v2\/comments?post=277218"}],"version-history":[{"count":2,"href":"https:\/\/www.gaveanews.com\/index.php\/wp-json\/wp\/v2\/posts\/277218\/revisions"}],"predecessor-version":[{"id":277224,"href":"https:\/\/www.gaveanews.com\/index.php\/wp-json\/wp\/v2\/posts\/277218\/revisions\/277224"}],"wp:featuredmedia":[{"embeddable":true,"href":"https:\/\/www.gaveanews.com\/index.php\/wp-json\/wp\/v2\/media\/277220"}],"wp:attachment":[{"href":"https:\/\/www.gaveanews.com\/index.php\/wp-json\/wp\/v2\/media?parent=277218"}],"wp:term":[{"taxonomy":"category","embeddable":true,"href":"https:\/\/www.gaveanews.com\/index.php\/wp-json\/wp\/v2\/categories?post=277218"},{"taxonomy":"post_tag","embeddable":true,"href":"https:\/\/www.gaveanews.com\/index.php\/wp-json\/wp\/v2\/tags?post=277218"}],"curies":[{"name":"wp","href":"https:\/\/api.w.org\/{rel}","templated":true}]}}