{"id":277265,"date":"2025-09-25T10:01:01","date_gmt":"2025-09-25T13:01:01","guid":{"rendered":"https:\/\/www.gaveanews.com\/?p=277265"},"modified":"2025-09-25T10:05:41","modified_gmt":"2025-09-25T13:05:41","slug":"libertadores-veja-motivos-para-acreditar-na-classificacao-do-flamengo-contra-o-estudiantes","status":"publish","type":"post","link":"https:\/\/www.gaveanews.com\/index.php\/2025\/09\/25\/libertadores-veja-motivos-para-acreditar-na-classificacao-do-flamengo-contra-o-estudiantes\/","title":{"rendered":"Libertadores: veja motivos para acreditar na classifica\u00e7\u00e3o do Flamengo contra o Estudiantes"},"content":{"rendered":"\n<p>O Flamengo decide vaga na semifinal da Libertadores contra o Estudiantes nesta quinta-feira (25 de setembro), em La Plata, Argentina, \u00e0s 21 horas e 30 minutos (hor\u00e1rio de Bras\u00edlia). O Rubro-Negro venceu a partida de ida no Maracan\u00e3 por 2 a 1.<\/p>\n\n\n\n<p>Assim, a equipe avan\u00e7a com vit\u00f3ria ou empate. Derrota por um gol leva a disputa para os p\u00eanaltis, e por dois ou mais elimina o time. O vencedor enfrentar\u00e1 o Racing, que eliminou o V\u00e9lez Sarsfield na ter\u00e7a-feira (23 de setembro).<\/p>\n\n\n\n<p>Al\u00e9m disso, o clube sustenta invencibilidade recente atuando na Argentina pela Libertadores. Nos \u00faltimos oito jogos como visitante contra equipes argentinas, foram tr\u00eas vit\u00f3rias e cinco empates. As \u00faltimas derrotas no pa\u00eds ocorreram em 2017.<\/p>\n\n\n\n<p>Por outro lado, expulso no jogo de ida, Gonzalo Plata est\u00e1 liberado para atuar. A Conmebol revogou a suspens\u00e3o ap\u00f3s considerar errada a decis\u00e3o do \u00e1rbitro Andr\u00e9s Rojas.<\/p>\n\n\n\n<p>J\u00e1 Filipe Lu\u00eds conta com os retornos de Alex Sandro e Jorginho para o confronto. As baixas confirmadas s\u00e3o Erick Pulgar, em recupera\u00e7\u00e3o de cirurgia, e Michael, com dores no tornozelo esquerdo.<\/p>\n\n\n\n<p>Ofensivamente, o ataque rubro-negro \u00e9 um trunfo em 2025. O time soma 106 gols na temporada e sofreu 32. O Flamengo marcou em 86% dos 57 jogos, ficando em branco em oito partidas. O Bahia tem 102 gols no ano.<\/p>\n\n\n\n<p>Historicamente, o Flamengo contra argentinos na Libertadores tem desempenho favor\u00e1vel. Em 25 jogos, s\u00e3o 13 vit\u00f3rias e tr\u00eas derrotas. Em mata-matas, o Rubro-Negro venceu seis de nove confrontos. No est\u00e1dio Jorge Luis Hirschi, h\u00e1 um empate por 1 a 1 em 1992.<\/p>\n\n\n\n<p>Por fim, a partida ser\u00e1 disputada no est\u00e1dio Jorge Luis Hirschi, em La Plata. A arbitragem \u00e9 chilena, com Piero Maza no apito, auxiliado por Claudio Urrutia e Jos\u00e9 Retamal. O VAR ser\u00e1 de Jos\u00e9 Cabero. Transmiss\u00e3o no Disney+ e ESPN.<\/p>\n","protected":false},"excerpt":{"rendered":"<p>O Flamengo decide vaga na semifinal da Libertadores contra o Estudiantes nesta quinta-feira (25 de setembro), em La Plata, Argentina, \u00e0s 21 horas e 30 minutos (hor\u00e1rio de Bras\u00edlia). O Rubro-Negro venceu a partida de ida no Maracan\u00e3 por 2 a 1. Assim, a equipe avan\u00e7a com vit\u00f3ria ou empate. Derrota por um gol leva [&hellip;]<\/p>\n","protected":false},"author":39,"featured_media":276364,"comment_status":"open","ping_status":"closed","sticky":false,"template":"","format":"standard","meta":{"footnotes":""},"categories":[1],"tags":[],"class_list":["post-277265","post","type-post","status-publish","format-standard","has-post-thumbnail","hentry","category-flamengo"],"yoast_head":"<!-- This site is optimized with the Yoast SEO Premium plugin v24.2 (Yoast SEO v26.9) - https:\/\/yoast.com\/product\/yoast-seo-premium-wordpress\/ -->\n<title>Libertadores: veja motivos para acreditar na classifica\u00e7\u00e3o do Flamengo contra o Estudiantes<\/title>\n<meta name=\"robots\" content=\"index, follow, max-snippet:-1, max-image-preview:large, max-video-preview:-1\" \/>\n<link rel=\"canonical\" href=\"https:\/\/www.gaveanews.com\/index.php\/2025\/09\/25\/libertadores-veja-motivos-para-acreditar-na-classificacao-do-flamengo-contra-o-estudiantes\/\" \/>\n<meta property=\"og:locale\" content=\"pt_BR\" \/>\n<meta property=\"og:type\" content=\"article\" \/>\n<meta property=\"og:title\" content=\"Libertadores: veja motivos para acreditar na classifica\u00e7\u00e3o do Flamengo contra o Estudiantes\" \/>\n<meta property=\"og:description\" content=\"O Flamengo decide vaga na semifinal da Libertadores contra o Estudiantes nesta quinta-feira (25 de setembro), em La Plata, Argentina, \u00e0s 21 horas e 30 minutos (hor\u00e1rio de Bras\u00edlia). O Rubro-Negro venceu a partida de ida no Maracan\u00e3 por 2 a 1. Assim, a equipe avan\u00e7a com vit\u00f3ria ou empate. Derrota por um gol leva [&hellip;]\" \/>\n<meta property=\"og:url\" content=\"https:\/\/www.gaveanews.com\/index.php\/2025\/09\/25\/libertadores-veja-motivos-para-acreditar-na-classificacao-do-flamengo-contra-o-estudiantes\/\" \/>\n<meta property=\"og:site_name\" content=\"G\u00e1vea News\" \/>\n<meta property=\"article:publisher\" content=\"https:\/\/facebook.com\/gaveaNews\/\" \/>\n<meta property=\"article:published_time\" content=\"2025-09-25T13:01:01+00:00\" \/>\n<meta property=\"article:modified_time\" content=\"2025-09-25T13:05:41+00:00\" \/>\n<meta property=\"og:image\" content=\"http:\/\/www.gaveanews.com\/wp-content\/uploads\/Samuel-Lino-Leo-Pereira-Pedro-Leo-Ortiz-Flamengo.jpg\" \/>\n\t<meta property=\"og:image:width\" content=\"1280\" \/>\n\t<meta property=\"og:image:height\" content=\"960\" \/>\n\t<meta property=\"og:image:type\" content=\"image\/jpeg\" \/>\n<meta name=\"author\" content=\"Reda\u00e7\u00e3o\" \/>\n<meta name=\"twitter:card\" content=\"summary_large_image\" \/>\n<meta name=\"twitter:label1\" content=\"Escrito por\" \/>\n\t<meta name=\"twitter:data1\" content=\"Reda\u00e7\u00e3o\" \/>\n\t<meta name=\"twitter:label2\" content=\"Est. tempo de leitura\" \/>\n\t<meta name=\"twitter:data2\" content=\"2 minutos\" \/>\n<script type=\"application\/ld+json\" class=\"yoast-schema-graph\">{\"@context\":\"https:\/\/schema.org\",\"@graph\":[{\"@type\":\"NewsArticle\",\"@id\":\"https:\/\/www.gaveanews.com\/index.php\/2025\/09\/25\/libertadores-veja-motivos-para-acreditar-na-classificacao-do-flamengo-contra-o-estudiantes\/#article\",\"isPartOf\":{\"@id\":\"https:\/\/www.gaveanews.com\/index.php\/2025\/09\/25\/libertadores-veja-motivos-para-acreditar-na-classificacao-do-flamengo-contra-o-estudiantes\/\"},\"author\":{\"name\":\"Reda\u00e7\u00e3o\",\"@id\":\"https:\/\/www.gaveanews.com\/#\/schema\/person\/c88645e3d550d0b6574305e67dd5a716\"},\"headline\":\"Libertadores: veja motivos para acreditar na classifica\u00e7\u00e3o do Flamengo contra o Estudiantes\",\"datePublished\":\"2025-09-25T13:01:01+00:00\",\"dateModified\":\"2025-09-25T13:05:41+00:00\",\"mainEntityOfPage\":{\"@id\":\"https:\/\/www.gaveanews.com\/index.php\/2025\/09\/25\/libertadores-veja-motivos-para-acreditar-na-classificacao-do-flamengo-contra-o-estudiantes\/\"},\"wordCount\":319,\"commentCount\":0,\"image\":{\"@id\":\"https:\/\/www.gaveanews.com\/index.php\/2025\/09\/25\/libertadores-veja-motivos-para-acreditar-na-classificacao-do-flamengo-contra-o-estudiantes\/#primaryimage\"},\"thumbnailUrl\":\"https:\/\/www.gaveanews.com\/wp-content\/uploads\/Samuel-Lino-Leo-Pereira-Pedro-Leo-Ortiz-Flamengo.jpg\",\"articleSection\":[\"Flamengo\"],\"inLanguage\":\"pt-BR\",\"potentialAction\":[{\"@type\":\"CommentAction\",\"name\":\"Comment\",\"target\":[\"https:\/\/www.gaveanews.com\/index.php\/2025\/09\/25\/libertadores-veja-motivos-para-acreditar-na-classificacao-do-flamengo-contra-o-estudiantes\/#respond\"]}],\"copyrightYear\":\"2025\",\"copyrightHolder\":{\"@id\":\"https:\/\/www.gaveanews.com\/#organization\"}},{\"@type\":\"WebPage\",\"@id\":\"https:\/\/www.gaveanews.com\/index.php\/2025\/09\/25\/libertadores-veja-motivos-para-acreditar-na-classificacao-do-flamengo-contra-o-estudiantes\/\",\"url\":\"https:\/\/www.gaveanews.com\/index.php\/2025\/09\/25\/libertadores-veja-motivos-para-acreditar-na-classificacao-do-flamengo-contra-o-estudiantes\/\",\"name\":\"Libertadores: veja motivos para acreditar na classifica\u00e7\u00e3o do Flamengo contra o Estudiantes\",\"isPartOf\":{\"@id\":\"https:\/\/www.gaveanews.com\/#website\"},\"primaryImageOfPage\":{\"@id\":\"https:\/\/www.gaveanews.com\/index.php\/2025\/09\/25\/libertadores-veja-motivos-para-acreditar-na-classificacao-do-flamengo-contra-o-estudiantes\/#primaryimage\"},\"image\":{\"@id\":\"https:\/\/www.gaveanews.com\/index.php\/2025\/09\/25\/libertadores-veja-motivos-para-acreditar-na-classificacao-do-flamengo-contra-o-estudiantes\/#primaryimage\"},\"thumbnailUrl\":\"https:\/\/www.gaveanews.com\/wp-content\/uploads\/Samuel-Lino-Leo-Pereira-Pedro-Leo-Ortiz-Flamengo.jpg\",\"datePublished\":\"2025-09-25T13:01:01+00:00\",\"dateModified\":\"2025-09-25T13:05:41+00:00\",\"author\":{\"@id\":\"https:\/\/www.gaveanews.com\/#\/schema\/person\/c88645e3d550d0b6574305e67dd5a716\"},\"breadcrumb\":{\"@id\":\"https:\/\/www.gaveanews.com\/index.php\/2025\/09\/25\/libertadores-veja-motivos-para-acreditar-na-classificacao-do-flamengo-contra-o-estudiantes\/#breadcrumb\"},\"inLanguage\":\"pt-BR\",\"potentialAction\":[{\"@type\":\"ReadAction\",\"target\":[\"https:\/\/www.gaveanews.com\/index.php\/2025\/09\/25\/libertadores-veja-motivos-para-acreditar-na-classificacao-do-flamengo-contra-o-estudiantes\/\"]}]},{\"@type\":\"ImageObject\",\"inLanguage\":\"pt-BR\",\"@id\":\"https:\/\/www.gaveanews.com\/index.php\/2025\/09\/25\/libertadores-veja-motivos-para-acreditar-na-classificacao-do-flamengo-contra-o-estudiantes\/#primaryimage\",\"url\":\"https:\/\/www.gaveanews.com\/wp-content\/uploads\/Samuel-Lino-Leo-Pereira-Pedro-Leo-Ortiz-Flamengo.jpg\",\"contentUrl\":\"https:\/\/www.gaveanews.com\/wp-content\/uploads\/Samuel-Lino-Leo-Pereira-Pedro-Leo-Ortiz-Flamengo.jpg\",\"width\":1280,\"height\":960,\"caption\":\"Flamengo no Maracan\u00e3 (Foto: Adriano Fontes\/CRF)\"},{\"@type\":\"BreadcrumbList\",\"@id\":\"https:\/\/www.gaveanews.com\/index.php\/2025\/09\/25\/libertadores-veja-motivos-para-acreditar-na-classificacao-do-flamengo-contra-o-estudiantes\/#breadcrumb\",\"itemListElement\":[{\"@type\":\"ListItem\",\"position\":1,\"name\":\"Home\",\"item\":\"https:\/\/www.gaveanews.com\/\"},{\"@type\":\"ListItem\",\"position\":2,\"name\":\"Libertadores: veja motivos para acreditar na classifica\u00e7\u00e3o do Flamengo contra o Estudiantes\"}]},{\"@type\":\"WebSite\",\"@id\":\"https:\/\/www.gaveanews.com\/#website\",\"url\":\"https:\/\/www.gaveanews.com\/\",\"name\":\"G\u00e1vea News\",\"description\":\"Veja todas as not\u00edcias sobre o Flamengo: Contrata\u00e7\u00f5es, categorias de base, resultados das partidas, tabela de classifica\u00e7\u00e3o, pr\u00f3ximos jogos!\",\"potentialAction\":[{\"@type\":\"SearchAction\",\"target\":{\"@type\":\"EntryPoint\",\"urlTemplate\":\"https:\/\/www.gaveanews.com\/?s={search_term_string}\"},\"query-input\":{\"@type\":\"PropertyValueSpecification\",\"valueRequired\":true,\"valueName\":\"search_term_string\"}}],\"inLanguage\":\"pt-BR\"},{\"@type\":\"Person\",\"@id\":\"https:\/\/www.gaveanews.com\/#\/schema\/person\/c88645e3d550d0b6574305e67dd5a716\",\"name\":\"Reda\u00e7\u00e3o\",\"image\":{\"@type\":\"ImageObject\",\"inLanguage\":\"pt-BR\",\"@id\":\"https:\/\/www.gaveanews.com\/#\/schema\/person\/image\/\",\"url\":\"https:\/\/secure.gravatar.com\/avatar\/434098fd823f0dc1b062d14ca22bacaa6e38de28d8c816bbef6fc2f8c44d8ba3?s=96&d=mm&r=g\",\"contentUrl\":\"https:\/\/secure.gravatar.com\/avatar\/434098fd823f0dc1b062d14ca22bacaa6e38de28d8c816bbef6fc2f8c44d8ba3?s=96&d=mm&r=g\",\"caption\":\"Reda\u00e7\u00e3o\"}}]}<\/script>\n<!-- \/ Yoast SEO Premium plugin. -->","yoast_head_json":{"title":"Libertadores: veja motivos para acreditar na classifica\u00e7\u00e3o do Flamengo contra o Estudiantes","robots":{"index":"index","follow":"follow","max-snippet":"max-snippet:-1","max-image-preview":"max-image-preview:large","max-video-preview":"max-video-preview:-1"},"canonical":"https:\/\/www.gaveanews.com\/index.php\/2025\/09\/25\/libertadores-veja-motivos-para-acreditar-na-classificacao-do-flamengo-contra-o-estudiantes\/","og_locale":"pt_BR","og_type":"article","og_title":"Libertadores: veja motivos para acreditar na classifica\u00e7\u00e3o do Flamengo contra o Estudiantes","og_description":"O Flamengo decide vaga na semifinal da Libertadores contra o Estudiantes nesta quinta-feira (25 de setembro), em La Plata, Argentina, \u00e0s 21 horas e 30 minutos (hor\u00e1rio de Bras\u00edlia). O Rubro-Negro venceu a partida de ida no Maracan\u00e3 por 2 a 1. Assim, a equipe avan\u00e7a com vit\u00f3ria ou empate. Derrota por um gol leva [&hellip;]","og_url":"https:\/\/www.gaveanews.com\/index.php\/2025\/09\/25\/libertadores-veja-motivos-para-acreditar-na-classificacao-do-flamengo-contra-o-estudiantes\/","og_site_name":"G\u00e1vea News","article_publisher":"https:\/\/facebook.com\/gaveaNews\/","article_published_time":"2025-09-25T13:01:01+00:00","article_modified_time":"2025-09-25T13:05:41+00:00","og_image":[{"width":1280,"height":960,"url":"http:\/\/www.gaveanews.com\/wp-content\/uploads\/Samuel-Lino-Leo-Pereira-Pedro-Leo-Ortiz-Flamengo.jpg","type":"image\/jpeg"}],"author":"Reda\u00e7\u00e3o","twitter_card":"summary_large_image","twitter_misc":{"Escrito por":"Reda\u00e7\u00e3o","Est. tempo de leitura":"2 minutos"},"schema":{"@context":"https:\/\/schema.org","@graph":[{"@type":"NewsArticle","@id":"https:\/\/www.gaveanews.com\/index.php\/2025\/09\/25\/libertadores-veja-motivos-para-acreditar-na-classificacao-do-flamengo-contra-o-estudiantes\/#article","isPartOf":{"@id":"https:\/\/www.gaveanews.com\/index.php\/2025\/09\/25\/libertadores-veja-motivos-para-acreditar-na-classificacao-do-flamengo-contra-o-estudiantes\/"},"author":{"name":"Reda\u00e7\u00e3o","@id":"https:\/\/www.gaveanews.com\/#\/schema\/person\/c88645e3d550d0b6574305e67dd5a716"},"headline":"Libertadores: veja motivos para acreditar na classifica\u00e7\u00e3o do Flamengo contra o Estudiantes","datePublished":"2025-09-25T13:01:01+00:00","dateModified":"2025-09-25T13:05:41+00:00","mainEntityOfPage":{"@id":"https:\/\/www.gaveanews.com\/index.php\/2025\/09\/25\/libertadores-veja-motivos-para-acreditar-na-classificacao-do-flamengo-contra-o-estudiantes\/"},"wordCount":319,"commentCount":0,"image":{"@id":"https:\/\/www.gaveanews.com\/index.php\/2025\/09\/25\/libertadores-veja-motivos-para-acreditar-na-classificacao-do-flamengo-contra-o-estudiantes\/#primaryimage"},"thumbnailUrl":"https:\/\/www.gaveanews.com\/wp-content\/uploads\/Samuel-Lino-Leo-Pereira-Pedro-Leo-Ortiz-Flamengo.jpg","articleSection":["Flamengo"],"inLanguage":"pt-BR","potentialAction":[{"@type":"CommentAction","name":"Comment","target":["https:\/\/www.gaveanews.com\/index.php\/2025\/09\/25\/libertadores-veja-motivos-para-acreditar-na-classificacao-do-flamengo-contra-o-estudiantes\/#respond"]}],"copyrightYear":"2025","copyrightHolder":{"@id":"https:\/\/www.gaveanews.com\/#organization"}},{"@type":"WebPage","@id":"https:\/\/www.gaveanews.com\/index.php\/2025\/09\/25\/libertadores-veja-motivos-para-acreditar-na-classificacao-do-flamengo-contra-o-estudiantes\/","url":"https:\/\/www.gaveanews.com\/index.php\/2025\/09\/25\/libertadores-veja-motivos-para-acreditar-na-classificacao-do-flamengo-contra-o-estudiantes\/","name":"Libertadores: veja motivos para acreditar na classifica\u00e7\u00e3o do Flamengo contra o Estudiantes","isPartOf":{"@id":"https:\/\/www.gaveanews.com\/#website"},"primaryImageOfPage":{"@id":"https:\/\/www.gaveanews.com\/index.php\/2025\/09\/25\/libertadores-veja-motivos-para-acreditar-na-classificacao-do-flamengo-contra-o-estudiantes\/#primaryimage"},"image":{"@id":"https:\/\/www.gaveanews.com\/index.php\/2025\/09\/25\/libertadores-veja-motivos-para-acreditar-na-classificacao-do-flamengo-contra-o-estudiantes\/#primaryimage"},"thumbnailUrl":"https:\/\/www.gaveanews.com\/wp-content\/uploads\/Samuel-Lino-Leo-Pereira-Pedro-Leo-Ortiz-Flamengo.jpg","datePublished":"2025-09-25T13:01:01+00:00","dateModified":"2025-09-25T13:05:41+00:00","author":{"@id":"https:\/\/www.gaveanews.com\/#\/schema\/person\/c88645e3d550d0b6574305e67dd5a716"},"breadcrumb":{"@id":"https:\/\/www.gaveanews.com\/index.php\/2025\/09\/25\/libertadores-veja-motivos-para-acreditar-na-classificacao-do-flamengo-contra-o-estudiantes\/#breadcrumb"},"inLanguage":"pt-BR","potentialAction":[{"@type":"ReadAction","target":["https:\/\/www.gaveanews.com\/index.php\/2025\/09\/25\/libertadores-veja-motivos-para-acreditar-na-classificacao-do-flamengo-contra-o-estudiantes\/"]}]},{"@type":"ImageObject","inLanguage":"pt-BR","@id":"https:\/\/www.gaveanews.com\/index.php\/2025\/09\/25\/libertadores-veja-motivos-para-acreditar-na-classificacao-do-flamengo-contra-o-estudiantes\/#primaryimage","url":"https:\/\/www.gaveanews.com\/wp-content\/uploads\/Samuel-Lino-Leo-Pereira-Pedro-Leo-Ortiz-Flamengo.jpg","contentUrl":"https:\/\/www.gaveanews.com\/wp-content\/uploads\/Samuel-Lino-Leo-Pereira-Pedro-Leo-Ortiz-Flamengo.jpg","width":1280,"height":960,"caption":"Flamengo no Maracan\u00e3 (Foto: Adriano Fontes\/CRF)"},{"@type":"BreadcrumbList","@id":"https:\/\/www.gaveanews.com\/index.php\/2025\/09\/25\/libertadores-veja-motivos-para-acreditar-na-classificacao-do-flamengo-contra-o-estudiantes\/#breadcrumb","itemListElement":[{"@type":"ListItem","position":1,"name":"Home","item":"https:\/\/www.gaveanews.com\/"},{"@type":"ListItem","position":2,"name":"Libertadores: veja motivos para acreditar na classifica\u00e7\u00e3o do Flamengo contra o Estudiantes"}]},{"@type":"WebSite","@id":"https:\/\/www.gaveanews.com\/#website","url":"https:\/\/www.gaveanews.com\/","name":"G\u00e1vea News","description":"Veja todas as not\u00edcias sobre o Flamengo: Contrata\u00e7\u00f5es, categorias de base, resultados das partidas, tabela de classifica\u00e7\u00e3o, pr\u00f3ximos jogos!","potentialAction":[{"@type":"SearchAction","target":{"@type":"EntryPoint","urlTemplate":"https:\/\/www.gaveanews.com\/?s={search_term_string}"},"query-input":{"@type":"PropertyValueSpecification","valueRequired":true,"valueName":"search_term_string"}}],"inLanguage":"pt-BR"},{"@type":"Person","@id":"https:\/\/www.gaveanews.com\/#\/schema\/person\/c88645e3d550d0b6574305e67dd5a716","name":"Reda\u00e7\u00e3o","image":{"@type":"ImageObject","inLanguage":"pt-BR","@id":"https:\/\/www.gaveanews.com\/#\/schema\/person\/image\/","url":"https:\/\/secure.gravatar.com\/avatar\/434098fd823f0dc1b062d14ca22bacaa6e38de28d8c816bbef6fc2f8c44d8ba3?s=96&d=mm&r=g","contentUrl":"https:\/\/secure.gravatar.com\/avatar\/434098fd823f0dc1b062d14ca22bacaa6e38de28d8c816bbef6fc2f8c44d8ba3?s=96&d=mm&r=g","caption":"Reda\u00e7\u00e3o"}}]}},"_links":{"self":[{"href":"https:\/\/www.gaveanews.com\/index.php\/wp-json\/wp\/v2\/posts\/277265","targetHints":{"allow":["GET"]}}],"collection":[{"href":"https:\/\/www.gaveanews.com\/index.php\/wp-json\/wp\/v2\/posts"}],"about":[{"href":"https:\/\/www.gaveanews.com\/index.php\/wp-json\/wp\/v2\/types\/post"}],"author":[{"embeddable":true,"href":"https:\/\/www.gaveanews.com\/index.php\/wp-json\/wp\/v2\/users\/39"}],"replies":[{"embeddable":true,"href":"https:\/\/www.gaveanews.com\/index.php\/wp-json\/wp\/v2\/comments?post=277265"}],"version-history":[{"count":2,"href":"https:\/\/www.gaveanews.com\/index.php\/wp-json\/wp\/v2\/posts\/277265\/revisions"}],"predecessor-version":[{"id":277274,"href":"https:\/\/www.gaveanews.com\/index.php\/wp-json\/wp\/v2\/posts\/277265\/revisions\/277274"}],"wp:featuredmedia":[{"embeddable":true,"href":"https:\/\/www.gaveanews.com\/index.php\/wp-json\/wp\/v2\/media\/276364"}],"wp:attachment":[{"href":"https:\/\/www.gaveanews.com\/index.php\/wp-json\/wp\/v2\/media?parent=277265"}],"wp:term":[{"taxonomy":"category","embeddable":true,"href":"https:\/\/www.gaveanews.com\/index.php\/wp-json\/wp\/v2\/categories?post=277265"},{"taxonomy":"post_tag","embeddable":true,"href":"https:\/\/www.gaveanews.com\/index.php\/wp-json\/wp\/v2\/tags?post=277265"}],"curies":[{"name":"wp","href":"https:\/\/api.w.org\/{rel}","templated":true}]}}