{"id":277267,"date":"2025-09-25T10:44:06","date_gmt":"2025-09-25T13:44:06","guid":{"rendered":"https:\/\/www.gaveanews.com\/?p=277267"},"modified":"2025-09-25T10:46:01","modified_gmt":"2025-09-25T13:46:01","slug":"a-declaracao-de-paulo-nunes-sobre-flamengo-x-estudiantes","status":"publish","type":"post","link":"https:\/\/www.gaveanews.com\/index.php\/2025\/09\/25\/a-declaracao-de-paulo-nunes-sobre-flamengo-x-estudiantes\/","title":{"rendered":"A declara\u00e7\u00e3o de Paulo Nunes sobre Flamengo x Estudiantes"},"content":{"rendered":"\n<p>Nesta quinta-feira, 25 de setembro, Flamengo e S\u00e3o Paulo entram em campo pela Copa Libertadores 2025. Embora disputem partidas diferentes, ambos buscam garantir uma vaga nas semifinais do torneio. S\u00e3o Paulo x LDU ocorre no MorumBIS, \u00e0s 19 horas (hor\u00e1rio de Bras\u00edlia). Estudiantes x Flamengo ser\u00e1 \u00e0s 21h30 (hor\u00e1rio de Bras\u00edlia), em La Plata (ARG).<\/p>\n\n\n\n<p>O Flamengo venceu a ida por 2 a 1 e joga com a vantagem do empate. O Estudiantes precisa de dois gols de diferen\u00e7a no tempo normal; vit\u00f3ria simples leva a p\u00eanaltis. O S\u00e3o Paulo tenta reverter o 2 a 0 sofrido em Quito.<\/p>\n\n\n\n<p>Quem avan\u00e7ar de Estudiantes x Flamengo enfrentar\u00e1 o Racing na semifinal. A partida ter\u00e1 transmiss\u00e3o de ESPN e Disney+.<\/p>\n\n\n\n<p>A Conmebol anulou a suspens\u00e3o de Plata e liberou o atacante para o jogo de hoje. O Flamengo vem de empate por 1 a 1 com o <a href=\"https:\/\/www.gaveanews.com\/index.php\/category\/brasileirao\/vasco\/\" target=\"_blank\" rel=\"noopener noreferrer\">Vasco<\/a>, pelo Brasileir\u00e3o. Jorginho est\u00e1 recuperado de edema na coxa e voltou a ficar \u00e0 disposi\u00e7\u00e3o. <\/p>\n\n\n\n<p>Prov\u00e1vel Flamengo: Rossi; Varela, L\u00e9o Pereira, L\u00e9o Ortiz, Alex Sandro; Jorginho (De La Cruz), Sa\u00fal, Arrascaeta; Plata, Pedro, Samuel Lino.<\/p>\n\n\n\n<p>J\u00e1 no S\u00e3o Paulo, para se classificar, o time de Hern\u00e1n Crespo ter\u00e1 que vencer a LDU por tr\u00eas gols de diferen\u00e7a. Prov\u00e1vel S\u00e3o Paulo: Rafael; Ferraresi, Arboleda, Alan Franco; Ma\u00edlton (C\u00e9dric), Marcos Ant\u00f4nio, Pablo Maia, Rodriguinho, Enzo D\u00edaz; Ferreira (Rigoni), Luciano.<\/p>\n\n\n\n<p>Racing e <a href=\"https:\/\/www.gaveanews.com\/index.php\/category\/brasileirao\/palmeiras\/\" target=\"_blank\" rel=\"noopener noreferrer\">Palmeiras<\/a> j\u00e1 avan\u00e7aram \u00e0s semifinais. Paulo Nunes falou no programa Segue o Jogo, da TV Globo, ontem, quarta-feira (24 de setembro), e analisou os confrontos de hoje.<\/p>\n\n\n\n<p>\u201cOs dois passam. S\u00f3 que o S\u00e3o Paulo vai ter mais problema, tem que reverter dois gols. O Flamengo tamb\u00e9m vai ter dificuldades l\u00e1, mas tem um time melhor. Palmeiras e S\u00e3o Paulo em uma semifinal, Flamengo e Racing na outra\u201d.<\/p>\n","protected":false},"excerpt":{"rendered":"<p>Nesta quinta-feira, 25 de setembro, Flamengo e S\u00e3o Paulo entram em campo pela Copa Libertadores 2025. Embora disputem partidas diferentes, ambos buscam garantir uma vaga nas semifinais do torneio. S\u00e3o Paulo x LDU ocorre no MorumBIS, \u00e0s 19 horas (hor\u00e1rio de Bras\u00edlia). Estudiantes x Flamengo ser\u00e1 \u00e0s 21h30 (hor\u00e1rio de Bras\u00edlia), em La Plata (ARG). [&hellip;]<\/p>\n","protected":false},"author":39,"featured_media":215468,"comment_status":"open","ping_status":"closed","sticky":false,"template":"","format":"standard","meta":{"footnotes":""},"categories":[1],"tags":[],"class_list":["post-277267","post","type-post","status-publish","format-standard","has-post-thumbnail","hentry","category-flamengo"],"yoast_head":"<!-- This site is optimized with the Yoast SEO Premium plugin v24.2 (Yoast SEO v26.9) - https:\/\/yoast.com\/product\/yoast-seo-premium-wordpress\/ -->\n<title>A declara\u00e7\u00e3o de Paulo Nunes sobre Flamengo x Estudiantes<\/title>\n<meta name=\"robots\" content=\"index, follow, max-snippet:-1, max-image-preview:large, max-video-preview:-1\" \/>\n<link rel=\"canonical\" href=\"https:\/\/www.gaveanews.com\/index.php\/2025\/09\/25\/a-declaracao-de-paulo-nunes-sobre-flamengo-x-estudiantes\/\" \/>\n<meta property=\"og:locale\" content=\"pt_BR\" \/>\n<meta property=\"og:type\" content=\"article\" \/>\n<meta property=\"og:title\" content=\"A declara\u00e7\u00e3o de Paulo Nunes sobre Flamengo x Estudiantes\" \/>\n<meta property=\"og:description\" content=\"Nesta quinta-feira, 25 de setembro, Flamengo e S\u00e3o Paulo entram em campo pela Copa Libertadores 2025. Embora disputem partidas diferentes, ambos buscam garantir uma vaga nas semifinais do torneio. S\u00e3o Paulo x LDU ocorre no MorumBIS, \u00e0s 19 horas (hor\u00e1rio de Bras\u00edlia). Estudiantes x Flamengo ser\u00e1 \u00e0s 21h30 (hor\u00e1rio de Bras\u00edlia), em La Plata (ARG). [&hellip;]\" \/>\n<meta property=\"og:url\" content=\"https:\/\/www.gaveanews.com\/index.php\/2025\/09\/25\/a-declaracao-de-paulo-nunes-sobre-flamengo-x-estudiantes\/\" \/>\n<meta property=\"og:site_name\" content=\"G\u00e1vea News\" \/>\n<meta property=\"article:publisher\" content=\"https:\/\/facebook.com\/gaveaNews\/\" \/>\n<meta property=\"article:published_time\" content=\"2025-09-25T13:44:06+00:00\" \/>\n<meta property=\"article:modified_time\" content=\"2025-09-25T13:46:01+00:00\" \/>\n<meta property=\"og:image\" content=\"http:\/\/www.gaveanews.com\/wp-content\/uploads\/paulo-nunes-rede-globo-1536x864-1.webp\" \/>\n\t<meta property=\"og:image:width\" content=\"1536\" \/>\n\t<meta property=\"og:image:height\" content=\"864\" \/>\n\t<meta property=\"og:image:type\" content=\"image\/jpeg\" \/>\n<meta name=\"author\" content=\"Reda\u00e7\u00e3o\" \/>\n<meta name=\"twitter:card\" content=\"summary_large_image\" \/>\n<meta name=\"twitter:label1\" content=\"Escrito por\" \/>\n\t<meta name=\"twitter:data1\" content=\"Reda\u00e7\u00e3o\" \/>\n\t<meta name=\"twitter:label2\" content=\"Est. tempo de leitura\" \/>\n\t<meta name=\"twitter:data2\" content=\"2 minutos\" \/>\n<script type=\"application\/ld+json\" class=\"yoast-schema-graph\">{\"@context\":\"https:\/\/schema.org\",\"@graph\":[{\"@type\":\"NewsArticle\",\"@id\":\"https:\/\/www.gaveanews.com\/index.php\/2025\/09\/25\/a-declaracao-de-paulo-nunes-sobre-flamengo-x-estudiantes\/#article\",\"isPartOf\":{\"@id\":\"https:\/\/www.gaveanews.com\/index.php\/2025\/09\/25\/a-declaracao-de-paulo-nunes-sobre-flamengo-x-estudiantes\/\"},\"author\":{\"name\":\"Reda\u00e7\u00e3o\",\"@id\":\"https:\/\/www.gaveanews.com\/#\/schema\/person\/c88645e3d550d0b6574305e67dd5a716\"},\"headline\":\"A declara\u00e7\u00e3o de Paulo Nunes sobre Flamengo x Estudiantes\",\"datePublished\":\"2025-09-25T13:44:06+00:00\",\"dateModified\":\"2025-09-25T13:46:01+00:00\",\"mainEntityOfPage\":{\"@id\":\"https:\/\/www.gaveanews.com\/index.php\/2025\/09\/25\/a-declaracao-de-paulo-nunes-sobre-flamengo-x-estudiantes\/\"},\"wordCount\":325,\"commentCount\":0,\"image\":{\"@id\":\"https:\/\/www.gaveanews.com\/index.php\/2025\/09\/25\/a-declaracao-de-paulo-nunes-sobre-flamengo-x-estudiantes\/#primaryimage\"},\"thumbnailUrl\":\"https:\/\/www.gaveanews.com\/wp-content\/uploads\/paulo-nunes-rede-globo-1536x864-1.webp\",\"articleSection\":[\"Flamengo\"],\"inLanguage\":\"pt-BR\",\"potentialAction\":[{\"@type\":\"CommentAction\",\"name\":\"Comment\",\"target\":[\"https:\/\/www.gaveanews.com\/index.php\/2025\/09\/25\/a-declaracao-de-paulo-nunes-sobre-flamengo-x-estudiantes\/#respond\"]}],\"copyrightYear\":\"2025\",\"copyrightHolder\":{\"@id\":\"https:\/\/www.gaveanews.com\/#organization\"}},{\"@type\":\"WebPage\",\"@id\":\"https:\/\/www.gaveanews.com\/index.php\/2025\/09\/25\/a-declaracao-de-paulo-nunes-sobre-flamengo-x-estudiantes\/\",\"url\":\"https:\/\/www.gaveanews.com\/index.php\/2025\/09\/25\/a-declaracao-de-paulo-nunes-sobre-flamengo-x-estudiantes\/\",\"name\":\"A declara\u00e7\u00e3o de Paulo Nunes sobre Flamengo x Estudiantes\",\"isPartOf\":{\"@id\":\"https:\/\/www.gaveanews.com\/#website\"},\"primaryImageOfPage\":{\"@id\":\"https:\/\/www.gaveanews.com\/index.php\/2025\/09\/25\/a-declaracao-de-paulo-nunes-sobre-flamengo-x-estudiantes\/#primaryimage\"},\"image\":{\"@id\":\"https:\/\/www.gaveanews.com\/index.php\/2025\/09\/25\/a-declaracao-de-paulo-nunes-sobre-flamengo-x-estudiantes\/#primaryimage\"},\"thumbnailUrl\":\"https:\/\/www.gaveanews.com\/wp-content\/uploads\/paulo-nunes-rede-globo-1536x864-1.webp\",\"datePublished\":\"2025-09-25T13:44:06+00:00\",\"dateModified\":\"2025-09-25T13:46:01+00:00\",\"author\":{\"@id\":\"https:\/\/www.gaveanews.com\/#\/schema\/person\/c88645e3d550d0b6574305e67dd5a716\"},\"breadcrumb\":{\"@id\":\"https:\/\/www.gaveanews.com\/index.php\/2025\/09\/25\/a-declaracao-de-paulo-nunes-sobre-flamengo-x-estudiantes\/#breadcrumb\"},\"inLanguage\":\"pt-BR\",\"potentialAction\":[{\"@type\":\"ReadAction\",\"target\":[\"https:\/\/www.gaveanews.com\/index.php\/2025\/09\/25\/a-declaracao-de-paulo-nunes-sobre-flamengo-x-estudiantes\/\"]}]},{\"@type\":\"ImageObject\",\"inLanguage\":\"pt-BR\",\"@id\":\"https:\/\/www.gaveanews.com\/index.php\/2025\/09\/25\/a-declaracao-de-paulo-nunes-sobre-flamengo-x-estudiantes\/#primaryimage\",\"url\":\"https:\/\/www.gaveanews.com\/wp-content\/uploads\/paulo-nunes-rede-globo-1536x864-1.webp\",\"contentUrl\":\"https:\/\/www.gaveanews.com\/wp-content\/uploads\/paulo-nunes-rede-globo-1536x864-1.webp\",\"width\":1536,\"height\":864,\"caption\":\"Paulo Nunes - Foto: Reprodu\u00e7\u00e3o\"},{\"@type\":\"BreadcrumbList\",\"@id\":\"https:\/\/www.gaveanews.com\/index.php\/2025\/09\/25\/a-declaracao-de-paulo-nunes-sobre-flamengo-x-estudiantes\/#breadcrumb\",\"itemListElement\":[{\"@type\":\"ListItem\",\"position\":1,\"name\":\"Home\",\"item\":\"https:\/\/www.gaveanews.com\/\"},{\"@type\":\"ListItem\",\"position\":2,\"name\":\"A declara\u00e7\u00e3o de Paulo Nunes sobre Flamengo x Estudiantes\"}]},{\"@type\":\"WebSite\",\"@id\":\"https:\/\/www.gaveanews.com\/#website\",\"url\":\"https:\/\/www.gaveanews.com\/\",\"name\":\"G\u00e1vea News\",\"description\":\"Veja todas as not\u00edcias sobre o Flamengo: Contrata\u00e7\u00f5es, categorias de base, resultados das partidas, tabela de classifica\u00e7\u00e3o, pr\u00f3ximos jogos!\",\"potentialAction\":[{\"@type\":\"SearchAction\",\"target\":{\"@type\":\"EntryPoint\",\"urlTemplate\":\"https:\/\/www.gaveanews.com\/?s={search_term_string}\"},\"query-input\":{\"@type\":\"PropertyValueSpecification\",\"valueRequired\":true,\"valueName\":\"search_term_string\"}}],\"inLanguage\":\"pt-BR\"},{\"@type\":\"Person\",\"@id\":\"https:\/\/www.gaveanews.com\/#\/schema\/person\/c88645e3d550d0b6574305e67dd5a716\",\"name\":\"Reda\u00e7\u00e3o\",\"image\":{\"@type\":\"ImageObject\",\"inLanguage\":\"pt-BR\",\"@id\":\"https:\/\/www.gaveanews.com\/#\/schema\/person\/image\/\",\"url\":\"https:\/\/secure.gravatar.com\/avatar\/434098fd823f0dc1b062d14ca22bacaa6e38de28d8c816bbef6fc2f8c44d8ba3?s=96&d=mm&r=g\",\"contentUrl\":\"https:\/\/secure.gravatar.com\/avatar\/434098fd823f0dc1b062d14ca22bacaa6e38de28d8c816bbef6fc2f8c44d8ba3?s=96&d=mm&r=g\",\"caption\":\"Reda\u00e7\u00e3o\"}}]}<\/script>\n<!-- \/ Yoast SEO Premium plugin. -->","yoast_head_json":{"title":"A declara\u00e7\u00e3o de Paulo Nunes sobre Flamengo x Estudiantes","robots":{"index":"index","follow":"follow","max-snippet":"max-snippet:-1","max-image-preview":"max-image-preview:large","max-video-preview":"max-video-preview:-1"},"canonical":"https:\/\/www.gaveanews.com\/index.php\/2025\/09\/25\/a-declaracao-de-paulo-nunes-sobre-flamengo-x-estudiantes\/","og_locale":"pt_BR","og_type":"article","og_title":"A declara\u00e7\u00e3o de Paulo Nunes sobre Flamengo x Estudiantes","og_description":"Nesta quinta-feira, 25 de setembro, Flamengo e S\u00e3o Paulo entram em campo pela Copa Libertadores 2025. Embora disputem partidas diferentes, ambos buscam garantir uma vaga nas semifinais do torneio. S\u00e3o Paulo x LDU ocorre no MorumBIS, \u00e0s 19 horas (hor\u00e1rio de Bras\u00edlia). Estudiantes x Flamengo ser\u00e1 \u00e0s 21h30 (hor\u00e1rio de Bras\u00edlia), em La Plata (ARG). [&hellip;]","og_url":"https:\/\/www.gaveanews.com\/index.php\/2025\/09\/25\/a-declaracao-de-paulo-nunes-sobre-flamengo-x-estudiantes\/","og_site_name":"G\u00e1vea News","article_publisher":"https:\/\/facebook.com\/gaveaNews\/","article_published_time":"2025-09-25T13:44:06+00:00","article_modified_time":"2025-09-25T13:46:01+00:00","og_image":[{"width":1536,"height":864,"url":"http:\/\/www.gaveanews.com\/wp-content\/uploads\/paulo-nunes-rede-globo-1536x864-1.webp","type":"image\/jpeg"}],"author":"Reda\u00e7\u00e3o","twitter_card":"summary_large_image","twitter_misc":{"Escrito por":"Reda\u00e7\u00e3o","Est. tempo de leitura":"2 minutos"},"schema":{"@context":"https:\/\/schema.org","@graph":[{"@type":"NewsArticle","@id":"https:\/\/www.gaveanews.com\/index.php\/2025\/09\/25\/a-declaracao-de-paulo-nunes-sobre-flamengo-x-estudiantes\/#article","isPartOf":{"@id":"https:\/\/www.gaveanews.com\/index.php\/2025\/09\/25\/a-declaracao-de-paulo-nunes-sobre-flamengo-x-estudiantes\/"},"author":{"name":"Reda\u00e7\u00e3o","@id":"https:\/\/www.gaveanews.com\/#\/schema\/person\/c88645e3d550d0b6574305e67dd5a716"},"headline":"A declara\u00e7\u00e3o de Paulo Nunes sobre Flamengo x Estudiantes","datePublished":"2025-09-25T13:44:06+00:00","dateModified":"2025-09-25T13:46:01+00:00","mainEntityOfPage":{"@id":"https:\/\/www.gaveanews.com\/index.php\/2025\/09\/25\/a-declaracao-de-paulo-nunes-sobre-flamengo-x-estudiantes\/"},"wordCount":325,"commentCount":0,"image":{"@id":"https:\/\/www.gaveanews.com\/index.php\/2025\/09\/25\/a-declaracao-de-paulo-nunes-sobre-flamengo-x-estudiantes\/#primaryimage"},"thumbnailUrl":"https:\/\/www.gaveanews.com\/wp-content\/uploads\/paulo-nunes-rede-globo-1536x864-1.webp","articleSection":["Flamengo"],"inLanguage":"pt-BR","potentialAction":[{"@type":"CommentAction","name":"Comment","target":["https:\/\/www.gaveanews.com\/index.php\/2025\/09\/25\/a-declaracao-de-paulo-nunes-sobre-flamengo-x-estudiantes\/#respond"]}],"copyrightYear":"2025","copyrightHolder":{"@id":"https:\/\/www.gaveanews.com\/#organization"}},{"@type":"WebPage","@id":"https:\/\/www.gaveanews.com\/index.php\/2025\/09\/25\/a-declaracao-de-paulo-nunes-sobre-flamengo-x-estudiantes\/","url":"https:\/\/www.gaveanews.com\/index.php\/2025\/09\/25\/a-declaracao-de-paulo-nunes-sobre-flamengo-x-estudiantes\/","name":"A declara\u00e7\u00e3o de Paulo Nunes sobre Flamengo x Estudiantes","isPartOf":{"@id":"https:\/\/www.gaveanews.com\/#website"},"primaryImageOfPage":{"@id":"https:\/\/www.gaveanews.com\/index.php\/2025\/09\/25\/a-declaracao-de-paulo-nunes-sobre-flamengo-x-estudiantes\/#primaryimage"},"image":{"@id":"https:\/\/www.gaveanews.com\/index.php\/2025\/09\/25\/a-declaracao-de-paulo-nunes-sobre-flamengo-x-estudiantes\/#primaryimage"},"thumbnailUrl":"https:\/\/www.gaveanews.com\/wp-content\/uploads\/paulo-nunes-rede-globo-1536x864-1.webp","datePublished":"2025-09-25T13:44:06+00:00","dateModified":"2025-09-25T13:46:01+00:00","author":{"@id":"https:\/\/www.gaveanews.com\/#\/schema\/person\/c88645e3d550d0b6574305e67dd5a716"},"breadcrumb":{"@id":"https:\/\/www.gaveanews.com\/index.php\/2025\/09\/25\/a-declaracao-de-paulo-nunes-sobre-flamengo-x-estudiantes\/#breadcrumb"},"inLanguage":"pt-BR","potentialAction":[{"@type":"ReadAction","target":["https:\/\/www.gaveanews.com\/index.php\/2025\/09\/25\/a-declaracao-de-paulo-nunes-sobre-flamengo-x-estudiantes\/"]}]},{"@type":"ImageObject","inLanguage":"pt-BR","@id":"https:\/\/www.gaveanews.com\/index.php\/2025\/09\/25\/a-declaracao-de-paulo-nunes-sobre-flamengo-x-estudiantes\/#primaryimage","url":"https:\/\/www.gaveanews.com\/wp-content\/uploads\/paulo-nunes-rede-globo-1536x864-1.webp","contentUrl":"https:\/\/www.gaveanews.com\/wp-content\/uploads\/paulo-nunes-rede-globo-1536x864-1.webp","width":1536,"height":864,"caption":"Paulo Nunes - Foto: Reprodu\u00e7\u00e3o"},{"@type":"BreadcrumbList","@id":"https:\/\/www.gaveanews.com\/index.php\/2025\/09\/25\/a-declaracao-de-paulo-nunes-sobre-flamengo-x-estudiantes\/#breadcrumb","itemListElement":[{"@type":"ListItem","position":1,"name":"Home","item":"https:\/\/www.gaveanews.com\/"},{"@type":"ListItem","position":2,"name":"A declara\u00e7\u00e3o de Paulo Nunes sobre Flamengo x Estudiantes"}]},{"@type":"WebSite","@id":"https:\/\/www.gaveanews.com\/#website","url":"https:\/\/www.gaveanews.com\/","name":"G\u00e1vea News","description":"Veja todas as not\u00edcias sobre o Flamengo: Contrata\u00e7\u00f5es, categorias de base, resultados das partidas, tabela de classifica\u00e7\u00e3o, pr\u00f3ximos jogos!","potentialAction":[{"@type":"SearchAction","target":{"@type":"EntryPoint","urlTemplate":"https:\/\/www.gaveanews.com\/?s={search_term_string}"},"query-input":{"@type":"PropertyValueSpecification","valueRequired":true,"valueName":"search_term_string"}}],"inLanguage":"pt-BR"},{"@type":"Person","@id":"https:\/\/www.gaveanews.com\/#\/schema\/person\/c88645e3d550d0b6574305e67dd5a716","name":"Reda\u00e7\u00e3o","image":{"@type":"ImageObject","inLanguage":"pt-BR","@id":"https:\/\/www.gaveanews.com\/#\/schema\/person\/image\/","url":"https:\/\/secure.gravatar.com\/avatar\/434098fd823f0dc1b062d14ca22bacaa6e38de28d8c816bbef6fc2f8c44d8ba3?s=96&d=mm&r=g","contentUrl":"https:\/\/secure.gravatar.com\/avatar\/434098fd823f0dc1b062d14ca22bacaa6e38de28d8c816bbef6fc2f8c44d8ba3?s=96&d=mm&r=g","caption":"Reda\u00e7\u00e3o"}}]}},"_links":{"self":[{"href":"https:\/\/www.gaveanews.com\/index.php\/wp-json\/wp\/v2\/posts\/277267","targetHints":{"allow":["GET"]}}],"collection":[{"href":"https:\/\/www.gaveanews.com\/index.php\/wp-json\/wp\/v2\/posts"}],"about":[{"href":"https:\/\/www.gaveanews.com\/index.php\/wp-json\/wp\/v2\/types\/post"}],"author":[{"embeddable":true,"href":"https:\/\/www.gaveanews.com\/index.php\/wp-json\/wp\/v2\/users\/39"}],"replies":[{"embeddable":true,"href":"https:\/\/www.gaveanews.com\/index.php\/wp-json\/wp\/v2\/comments?post=277267"}],"version-history":[{"count":2,"href":"https:\/\/www.gaveanews.com\/index.php\/wp-json\/wp\/v2\/posts\/277267\/revisions"}],"predecessor-version":[{"id":277277,"href":"https:\/\/www.gaveanews.com\/index.php\/wp-json\/wp\/v2\/posts\/277267\/revisions\/277277"}],"wp:featuredmedia":[{"embeddable":true,"href":"https:\/\/www.gaveanews.com\/index.php\/wp-json\/wp\/v2\/media\/215468"}],"wp:attachment":[{"href":"https:\/\/www.gaveanews.com\/index.php\/wp-json\/wp\/v2\/media?parent=277267"}],"wp:term":[{"taxonomy":"category","embeddable":true,"href":"https:\/\/www.gaveanews.com\/index.php\/wp-json\/wp\/v2\/categories?post=277267"},{"taxonomy":"post_tag","embeddable":true,"href":"https:\/\/www.gaveanews.com\/index.php\/wp-json\/wp\/v2\/tags?post=277267"}],"curies":[{"name":"wp","href":"https:\/\/api.w.org\/{rel}","templated":true}]}}