{"id":277271,"date":"2025-09-25T11:17:46","date_gmt":"2025-09-25T14:17:46","guid":{"rendered":"https:\/\/www.gaveanews.com\/?p=277271"},"modified":"2025-09-25T11:17:50","modified_gmt":"2025-09-25T14:17:50","slug":"a-declaracao-de-vampeta-direcionada-a-jorginho-e-samuel-lino-do-flamengo","status":"publish","type":"post","link":"https:\/\/www.gaveanews.com\/index.php\/2025\/09\/25\/a-declaracao-de-vampeta-direcionada-a-jorginho-e-samuel-lino-do-flamengo\/","title":{"rendered":"A declara\u00e7\u00e3o de Vampeta direcionada a Jorginho e Samuel Lino, do Flamengo"},"content":{"rendered":"\n<p>O <a href=\"https:\/\/www.gaveanews.com\/index.php\/category\/brasileirao\/flamengo\/\" target=\"_blank\" rel=\"noopener noreferrer\">Flamengo<\/a> enfrenta o Estudiantes nesta quinta-feira (25 de setembro), em La Plata. A bola rola \u00e0s 21 horas e 30 minutos (hor\u00e1rio de Bras\u00edlia), no Est\u00e1dio Jorge Luis Hirschi. O jogo vale a vaga nas semifinais da Libertadores. O Flamengo venceu a ida por 2 a 1 e avan\u00e7a com um empate.<\/p>\n\n\n\n<p>O time conta com o retorno de Jorginho e Alex Sandro. O volante voltou a ser relacionado e pode virar op\u00e7\u00e3o para Filipe Lu\u00eds. Pulgar e Michael est\u00e3o fora. No hist\u00f3rico do confronto, s\u00e3o quatro vit\u00f3rias, quatro empates e uma derrota do Flamengo. Pedro e Varela marcaram na partida do Maracan\u00e3. A arbitragem ser\u00e1 do chileno Piero Maza.<\/p>\n\n\n\n<p>Vampeta analisou o cen\u00e1rio e chamou aten\u00e7\u00e3o para a experi\u00eancia recente de Jorginho e Samuel Lino na Europa diante do ambiente argentino.<\/p>\n\n\n\n<p>&#8220;Acho que, dentro da carreira deles, mesmo Jorginho e Lino sendo brasileiros, eles nunca viveram uma situa\u00e7\u00e3o como a que v\u00e3o enfrentar amanh\u00e3. V\u00e3o pegar a torcida em chamas, os argentinos vibrando. \u00c9 diferente de tudo, o torcedor argentino \u00e9 diferente dos demais&#8221;.<\/p>\n\n\n\n<p>Ele destacou que press\u00e3o e clima hostil podem pesar, mas lembrou que ambos foram contratados para momentos decisivos pelo Flamengo.<\/p>\n\n\n\n<p>&#8220;N\u00e3o estou dizendo que n\u00e3o v\u00e3o sentir o jogo, mas acredito que, dentro da carreira deles, ser\u00e1 dif\u00edcil, pois nunca viveram um ambiente t\u00e3o hostil. S\u00e3o coisas novas na vida desses atletas, que foram contratados justamente para isso: para estar nesse momento decisivo. Eles vieram para isso&#8221;.<\/p>\n\n\n\n<p>O ex-jogador refor\u00e7ou que a atmosfera no est\u00e1dio deve ser intensa, mesmo ap\u00f3s a superioridade rubro-negra na partida do Maracan\u00e3.<\/p>\n\n\n\n<p>&#8220;Vai ser press\u00e3o o tempo todo, mesmo que eles n\u00e3o tenham a qualidade que o Flamengo tem&#8221;.<\/p>\n","protected":false},"excerpt":{"rendered":"<p>O Flamengo enfrenta o Estudiantes nesta quinta-feira (25 de setembro), em La Plata. A bola rola \u00e0s 21 horas e 30 minutos (hor\u00e1rio de Bras\u00edlia), no Est\u00e1dio Jorge Luis Hirschi. O jogo vale a vaga nas semifinais da Libertadores. O Flamengo venceu a ida por 2 a 1 e avan\u00e7a com um empate. O time [&hellip;]<\/p>\n","protected":false},"author":39,"featured_media":273324,"comment_status":"open","ping_status":"closed","sticky":false,"template":"","format":"standard","meta":{"footnotes":""},"categories":[1],"tags":[],"class_list":["post-277271","post","type-post","status-publish","format-standard","has-post-thumbnail","hentry","category-flamengo"],"yoast_head":"<!-- This site is optimized with the Yoast SEO Premium plugin v24.2 (Yoast SEO v26.9) - https:\/\/yoast.com\/product\/yoast-seo-premium-wordpress\/ -->\n<title>A declara\u00e7\u00e3o de Vampeta direcionada a Jorginho e Samuel Lino, do Flamengo<\/title>\n<meta name=\"robots\" content=\"index, follow, max-snippet:-1, max-image-preview:large, max-video-preview:-1\" \/>\n<link rel=\"canonical\" href=\"https:\/\/www.gaveanews.com\/index.php\/2025\/09\/25\/a-declaracao-de-vampeta-direcionada-a-jorginho-e-samuel-lino-do-flamengo\/\" \/>\n<meta property=\"og:locale\" content=\"pt_BR\" \/>\n<meta property=\"og:type\" content=\"article\" \/>\n<meta property=\"og:title\" content=\"A declara\u00e7\u00e3o de Vampeta direcionada a Jorginho e Samuel Lino, do Flamengo\" \/>\n<meta property=\"og:description\" content=\"O Flamengo enfrenta o Estudiantes nesta quinta-feira (25 de setembro), em La Plata. A bola rola \u00e0s 21 horas e 30 minutos (hor\u00e1rio de Bras\u00edlia), no Est\u00e1dio Jorge Luis Hirschi. O jogo vale a vaga nas semifinais da Libertadores. O Flamengo venceu a ida por 2 a 1 e avan\u00e7a com um empate. O time [&hellip;]\" \/>\n<meta property=\"og:url\" content=\"https:\/\/www.gaveanews.com\/index.php\/2025\/09\/25\/a-declaracao-de-vampeta-direcionada-a-jorginho-e-samuel-lino-do-flamengo\/\" \/>\n<meta property=\"og:site_name\" content=\"G\u00e1vea News\" \/>\n<meta property=\"article:publisher\" content=\"https:\/\/facebook.com\/gaveaNews\/\" \/>\n<meta property=\"article:published_time\" content=\"2025-09-25T14:17:46+00:00\" \/>\n<meta property=\"article:modified_time\" content=\"2025-09-25T14:17:50+00:00\" \/>\n<meta property=\"og:image\" content=\"http:\/\/www.gaveanews.com\/wp-content\/uploads\/Samuel-Lino-pelo-Flamengo.png\" \/>\n\t<meta property=\"og:image:width\" content=\"1200\" \/>\n\t<meta property=\"og:image:height\" content=\"900\" \/>\n\t<meta property=\"og:image:type\" content=\"image\/png\" \/>\n<meta name=\"author\" content=\"Reda\u00e7\u00e3o\" \/>\n<meta name=\"twitter:card\" content=\"summary_large_image\" \/>\n<meta name=\"twitter:label1\" content=\"Escrito por\" \/>\n\t<meta name=\"twitter:data1\" content=\"Reda\u00e7\u00e3o\" \/>\n\t<meta name=\"twitter:label2\" content=\"Est. tempo de leitura\" \/>\n\t<meta name=\"twitter:data2\" content=\"2 minutos\" \/>\n<script type=\"application\/ld+json\" class=\"yoast-schema-graph\">{\"@context\":\"https:\/\/schema.org\",\"@graph\":[{\"@type\":\"NewsArticle\",\"@id\":\"https:\/\/www.gaveanews.com\/index.php\/2025\/09\/25\/a-declaracao-de-vampeta-direcionada-a-jorginho-e-samuel-lino-do-flamengo\/#article\",\"isPartOf\":{\"@id\":\"https:\/\/www.gaveanews.com\/index.php\/2025\/09\/25\/a-declaracao-de-vampeta-direcionada-a-jorginho-e-samuel-lino-do-flamengo\/\"},\"author\":{\"name\":\"Reda\u00e7\u00e3o\",\"@id\":\"https:\/\/www.gaveanews.com\/#\/schema\/person\/c88645e3d550d0b6574305e67dd5a716\"},\"headline\":\"A declara\u00e7\u00e3o de Vampeta direcionada a Jorginho e Samuel Lino, do Flamengo\",\"datePublished\":\"2025-09-25T14:17:46+00:00\",\"dateModified\":\"2025-09-25T14:17:50+00:00\",\"mainEntityOfPage\":{\"@id\":\"https:\/\/www.gaveanews.com\/index.php\/2025\/09\/25\/a-declaracao-de-vampeta-direcionada-a-jorginho-e-samuel-lino-do-flamengo\/\"},\"wordCount\":314,\"commentCount\":0,\"image\":{\"@id\":\"https:\/\/www.gaveanews.com\/index.php\/2025\/09\/25\/a-declaracao-de-vampeta-direcionada-a-jorginho-e-samuel-lino-do-flamengo\/#primaryimage\"},\"thumbnailUrl\":\"https:\/\/www.gaveanews.com\/wp-content\/uploads\/Samuel-Lino-pelo-Flamengo.png\",\"articleSection\":[\"Flamengo\"],\"inLanguage\":\"pt-BR\",\"potentialAction\":[{\"@type\":\"CommentAction\",\"name\":\"Comment\",\"target\":[\"https:\/\/www.gaveanews.com\/index.php\/2025\/09\/25\/a-declaracao-de-vampeta-direcionada-a-jorginho-e-samuel-lino-do-flamengo\/#respond\"]}],\"copyrightYear\":\"2025\",\"copyrightHolder\":{\"@id\":\"https:\/\/www.gaveanews.com\/#organization\"}},{\"@type\":\"WebPage\",\"@id\":\"https:\/\/www.gaveanews.com\/index.php\/2025\/09\/25\/a-declaracao-de-vampeta-direcionada-a-jorginho-e-samuel-lino-do-flamengo\/\",\"url\":\"https:\/\/www.gaveanews.com\/index.php\/2025\/09\/25\/a-declaracao-de-vampeta-direcionada-a-jorginho-e-samuel-lino-do-flamengo\/\",\"name\":\"A declara\u00e7\u00e3o de Vampeta direcionada a Jorginho e Samuel Lino, do Flamengo\",\"isPartOf\":{\"@id\":\"https:\/\/www.gaveanews.com\/#website\"},\"primaryImageOfPage\":{\"@id\":\"https:\/\/www.gaveanews.com\/index.php\/2025\/09\/25\/a-declaracao-de-vampeta-direcionada-a-jorginho-e-samuel-lino-do-flamengo\/#primaryimage\"},\"image\":{\"@id\":\"https:\/\/www.gaveanews.com\/index.php\/2025\/09\/25\/a-declaracao-de-vampeta-direcionada-a-jorginho-e-samuel-lino-do-flamengo\/#primaryimage\"},\"thumbnailUrl\":\"https:\/\/www.gaveanews.com\/wp-content\/uploads\/Samuel-Lino-pelo-Flamengo.png\",\"datePublished\":\"2025-09-25T14:17:46+00:00\",\"dateModified\":\"2025-09-25T14:17:50+00:00\",\"author\":{\"@id\":\"https:\/\/www.gaveanews.com\/#\/schema\/person\/c88645e3d550d0b6574305e67dd5a716\"},\"breadcrumb\":{\"@id\":\"https:\/\/www.gaveanews.com\/index.php\/2025\/09\/25\/a-declaracao-de-vampeta-direcionada-a-jorginho-e-samuel-lino-do-flamengo\/#breadcrumb\"},\"inLanguage\":\"pt-BR\",\"potentialAction\":[{\"@type\":\"ReadAction\",\"target\":[\"https:\/\/www.gaveanews.com\/index.php\/2025\/09\/25\/a-declaracao-de-vampeta-direcionada-a-jorginho-e-samuel-lino-do-flamengo\/\"]}]},{\"@type\":\"ImageObject\",\"inLanguage\":\"pt-BR\",\"@id\":\"https:\/\/www.gaveanews.com\/index.php\/2025\/09\/25\/a-declaracao-de-vampeta-direcionada-a-jorginho-e-samuel-lino-do-flamengo\/#primaryimage\",\"url\":\"https:\/\/www.gaveanews.com\/wp-content\/uploads\/Samuel-Lino-pelo-Flamengo.png\",\"contentUrl\":\"https:\/\/www.gaveanews.com\/wp-content\/uploads\/Samuel-Lino-pelo-Flamengo.png\",\"width\":1200,\"height\":900,\"caption\":\"Samuel Lino pelo Flamengo (Foto: Gilvan de Souza\/Flamengo)\"},{\"@type\":\"BreadcrumbList\",\"@id\":\"https:\/\/www.gaveanews.com\/index.php\/2025\/09\/25\/a-declaracao-de-vampeta-direcionada-a-jorginho-e-samuel-lino-do-flamengo\/#breadcrumb\",\"itemListElement\":[{\"@type\":\"ListItem\",\"position\":1,\"name\":\"Home\",\"item\":\"https:\/\/www.gaveanews.com\/\"},{\"@type\":\"ListItem\",\"position\":2,\"name\":\"A declara\u00e7\u00e3o de Vampeta direcionada a Jorginho e Samuel Lino, do Flamengo\"}]},{\"@type\":\"WebSite\",\"@id\":\"https:\/\/www.gaveanews.com\/#website\",\"url\":\"https:\/\/www.gaveanews.com\/\",\"name\":\"G\u00e1vea News\",\"description\":\"Veja todas as not\u00edcias sobre o Flamengo: Contrata\u00e7\u00f5es, categorias de base, resultados das partidas, tabela de classifica\u00e7\u00e3o, pr\u00f3ximos jogos!\",\"potentialAction\":[{\"@type\":\"SearchAction\",\"target\":{\"@type\":\"EntryPoint\",\"urlTemplate\":\"https:\/\/www.gaveanews.com\/?s={search_term_string}\"},\"query-input\":{\"@type\":\"PropertyValueSpecification\",\"valueRequired\":true,\"valueName\":\"search_term_string\"}}],\"inLanguage\":\"pt-BR\"},{\"@type\":\"Person\",\"@id\":\"https:\/\/www.gaveanews.com\/#\/schema\/person\/c88645e3d550d0b6574305e67dd5a716\",\"name\":\"Reda\u00e7\u00e3o\",\"image\":{\"@type\":\"ImageObject\",\"inLanguage\":\"pt-BR\",\"@id\":\"https:\/\/www.gaveanews.com\/#\/schema\/person\/image\/\",\"url\":\"https:\/\/secure.gravatar.com\/avatar\/434098fd823f0dc1b062d14ca22bacaa6e38de28d8c816bbef6fc2f8c44d8ba3?s=96&d=mm&r=g\",\"contentUrl\":\"https:\/\/secure.gravatar.com\/avatar\/434098fd823f0dc1b062d14ca22bacaa6e38de28d8c816bbef6fc2f8c44d8ba3?s=96&d=mm&r=g\",\"caption\":\"Reda\u00e7\u00e3o\"}}]}<\/script>\n<!-- \/ Yoast SEO Premium plugin. -->","yoast_head_json":{"title":"A declara\u00e7\u00e3o de Vampeta direcionada a Jorginho e Samuel Lino, do Flamengo","robots":{"index":"index","follow":"follow","max-snippet":"max-snippet:-1","max-image-preview":"max-image-preview:large","max-video-preview":"max-video-preview:-1"},"canonical":"https:\/\/www.gaveanews.com\/index.php\/2025\/09\/25\/a-declaracao-de-vampeta-direcionada-a-jorginho-e-samuel-lino-do-flamengo\/","og_locale":"pt_BR","og_type":"article","og_title":"A declara\u00e7\u00e3o de Vampeta direcionada a Jorginho e Samuel Lino, do Flamengo","og_description":"O Flamengo enfrenta o Estudiantes nesta quinta-feira (25 de setembro), em La Plata. A bola rola \u00e0s 21 horas e 30 minutos (hor\u00e1rio de Bras\u00edlia), no Est\u00e1dio Jorge Luis Hirschi. O jogo vale a vaga nas semifinais da Libertadores. O Flamengo venceu a ida por 2 a 1 e avan\u00e7a com um empate. O time [&hellip;]","og_url":"https:\/\/www.gaveanews.com\/index.php\/2025\/09\/25\/a-declaracao-de-vampeta-direcionada-a-jorginho-e-samuel-lino-do-flamengo\/","og_site_name":"G\u00e1vea News","article_publisher":"https:\/\/facebook.com\/gaveaNews\/","article_published_time":"2025-09-25T14:17:46+00:00","article_modified_time":"2025-09-25T14:17:50+00:00","og_image":[{"width":1200,"height":900,"url":"http:\/\/www.gaveanews.com\/wp-content\/uploads\/Samuel-Lino-pelo-Flamengo.png","type":"image\/png"}],"author":"Reda\u00e7\u00e3o","twitter_card":"summary_large_image","twitter_misc":{"Escrito por":"Reda\u00e7\u00e3o","Est. tempo de leitura":"2 minutos"},"schema":{"@context":"https:\/\/schema.org","@graph":[{"@type":"NewsArticle","@id":"https:\/\/www.gaveanews.com\/index.php\/2025\/09\/25\/a-declaracao-de-vampeta-direcionada-a-jorginho-e-samuel-lino-do-flamengo\/#article","isPartOf":{"@id":"https:\/\/www.gaveanews.com\/index.php\/2025\/09\/25\/a-declaracao-de-vampeta-direcionada-a-jorginho-e-samuel-lino-do-flamengo\/"},"author":{"name":"Reda\u00e7\u00e3o","@id":"https:\/\/www.gaveanews.com\/#\/schema\/person\/c88645e3d550d0b6574305e67dd5a716"},"headline":"A declara\u00e7\u00e3o de Vampeta direcionada a Jorginho e Samuel Lino, do Flamengo","datePublished":"2025-09-25T14:17:46+00:00","dateModified":"2025-09-25T14:17:50+00:00","mainEntityOfPage":{"@id":"https:\/\/www.gaveanews.com\/index.php\/2025\/09\/25\/a-declaracao-de-vampeta-direcionada-a-jorginho-e-samuel-lino-do-flamengo\/"},"wordCount":314,"commentCount":0,"image":{"@id":"https:\/\/www.gaveanews.com\/index.php\/2025\/09\/25\/a-declaracao-de-vampeta-direcionada-a-jorginho-e-samuel-lino-do-flamengo\/#primaryimage"},"thumbnailUrl":"https:\/\/www.gaveanews.com\/wp-content\/uploads\/Samuel-Lino-pelo-Flamengo.png","articleSection":["Flamengo"],"inLanguage":"pt-BR","potentialAction":[{"@type":"CommentAction","name":"Comment","target":["https:\/\/www.gaveanews.com\/index.php\/2025\/09\/25\/a-declaracao-de-vampeta-direcionada-a-jorginho-e-samuel-lino-do-flamengo\/#respond"]}],"copyrightYear":"2025","copyrightHolder":{"@id":"https:\/\/www.gaveanews.com\/#organization"}},{"@type":"WebPage","@id":"https:\/\/www.gaveanews.com\/index.php\/2025\/09\/25\/a-declaracao-de-vampeta-direcionada-a-jorginho-e-samuel-lino-do-flamengo\/","url":"https:\/\/www.gaveanews.com\/index.php\/2025\/09\/25\/a-declaracao-de-vampeta-direcionada-a-jorginho-e-samuel-lino-do-flamengo\/","name":"A declara\u00e7\u00e3o de Vampeta direcionada a Jorginho e Samuel Lino, do Flamengo","isPartOf":{"@id":"https:\/\/www.gaveanews.com\/#website"},"primaryImageOfPage":{"@id":"https:\/\/www.gaveanews.com\/index.php\/2025\/09\/25\/a-declaracao-de-vampeta-direcionada-a-jorginho-e-samuel-lino-do-flamengo\/#primaryimage"},"image":{"@id":"https:\/\/www.gaveanews.com\/index.php\/2025\/09\/25\/a-declaracao-de-vampeta-direcionada-a-jorginho-e-samuel-lino-do-flamengo\/#primaryimage"},"thumbnailUrl":"https:\/\/www.gaveanews.com\/wp-content\/uploads\/Samuel-Lino-pelo-Flamengo.png","datePublished":"2025-09-25T14:17:46+00:00","dateModified":"2025-09-25T14:17:50+00:00","author":{"@id":"https:\/\/www.gaveanews.com\/#\/schema\/person\/c88645e3d550d0b6574305e67dd5a716"},"breadcrumb":{"@id":"https:\/\/www.gaveanews.com\/index.php\/2025\/09\/25\/a-declaracao-de-vampeta-direcionada-a-jorginho-e-samuel-lino-do-flamengo\/#breadcrumb"},"inLanguage":"pt-BR","potentialAction":[{"@type":"ReadAction","target":["https:\/\/www.gaveanews.com\/index.php\/2025\/09\/25\/a-declaracao-de-vampeta-direcionada-a-jorginho-e-samuel-lino-do-flamengo\/"]}]},{"@type":"ImageObject","inLanguage":"pt-BR","@id":"https:\/\/www.gaveanews.com\/index.php\/2025\/09\/25\/a-declaracao-de-vampeta-direcionada-a-jorginho-e-samuel-lino-do-flamengo\/#primaryimage","url":"https:\/\/www.gaveanews.com\/wp-content\/uploads\/Samuel-Lino-pelo-Flamengo.png","contentUrl":"https:\/\/www.gaveanews.com\/wp-content\/uploads\/Samuel-Lino-pelo-Flamengo.png","width":1200,"height":900,"caption":"Samuel Lino pelo Flamengo (Foto: Gilvan de Souza\/Flamengo)"},{"@type":"BreadcrumbList","@id":"https:\/\/www.gaveanews.com\/index.php\/2025\/09\/25\/a-declaracao-de-vampeta-direcionada-a-jorginho-e-samuel-lino-do-flamengo\/#breadcrumb","itemListElement":[{"@type":"ListItem","position":1,"name":"Home","item":"https:\/\/www.gaveanews.com\/"},{"@type":"ListItem","position":2,"name":"A declara\u00e7\u00e3o de Vampeta direcionada a Jorginho e Samuel Lino, do Flamengo"}]},{"@type":"WebSite","@id":"https:\/\/www.gaveanews.com\/#website","url":"https:\/\/www.gaveanews.com\/","name":"G\u00e1vea News","description":"Veja todas as not\u00edcias sobre o Flamengo: Contrata\u00e7\u00f5es, categorias de base, resultados das partidas, tabela de classifica\u00e7\u00e3o, pr\u00f3ximos jogos!","potentialAction":[{"@type":"SearchAction","target":{"@type":"EntryPoint","urlTemplate":"https:\/\/www.gaveanews.com\/?s={search_term_string}"},"query-input":{"@type":"PropertyValueSpecification","valueRequired":true,"valueName":"search_term_string"}}],"inLanguage":"pt-BR"},{"@type":"Person","@id":"https:\/\/www.gaveanews.com\/#\/schema\/person\/c88645e3d550d0b6574305e67dd5a716","name":"Reda\u00e7\u00e3o","image":{"@type":"ImageObject","inLanguage":"pt-BR","@id":"https:\/\/www.gaveanews.com\/#\/schema\/person\/image\/","url":"https:\/\/secure.gravatar.com\/avatar\/434098fd823f0dc1b062d14ca22bacaa6e38de28d8c816bbef6fc2f8c44d8ba3?s=96&d=mm&r=g","contentUrl":"https:\/\/secure.gravatar.com\/avatar\/434098fd823f0dc1b062d14ca22bacaa6e38de28d8c816bbef6fc2f8c44d8ba3?s=96&d=mm&r=g","caption":"Reda\u00e7\u00e3o"}}]}},"_links":{"self":[{"href":"https:\/\/www.gaveanews.com\/index.php\/wp-json\/wp\/v2\/posts\/277271","targetHints":{"allow":["GET"]}}],"collection":[{"href":"https:\/\/www.gaveanews.com\/index.php\/wp-json\/wp\/v2\/posts"}],"about":[{"href":"https:\/\/www.gaveanews.com\/index.php\/wp-json\/wp\/v2\/types\/post"}],"author":[{"embeddable":true,"href":"https:\/\/www.gaveanews.com\/index.php\/wp-json\/wp\/v2\/users\/39"}],"replies":[{"embeddable":true,"href":"https:\/\/www.gaveanews.com\/index.php\/wp-json\/wp\/v2\/comments?post=277271"}],"version-history":[{"count":1,"href":"https:\/\/www.gaveanews.com\/index.php\/wp-json\/wp\/v2\/posts\/277271\/revisions"}],"predecessor-version":[{"id":277279,"href":"https:\/\/www.gaveanews.com\/index.php\/wp-json\/wp\/v2\/posts\/277271\/revisions\/277279"}],"wp:featuredmedia":[{"embeddable":true,"href":"https:\/\/www.gaveanews.com\/index.php\/wp-json\/wp\/v2\/media\/273324"}],"wp:attachment":[{"href":"https:\/\/www.gaveanews.com\/index.php\/wp-json\/wp\/v2\/media?parent=277271"}],"wp:term":[{"taxonomy":"category","embeddable":true,"href":"https:\/\/www.gaveanews.com\/index.php\/wp-json\/wp\/v2\/categories?post=277271"},{"taxonomy":"post_tag","embeddable":true,"href":"https:\/\/www.gaveanews.com\/index.php\/wp-json\/wp\/v2\/tags?post=277271"}],"curies":[{"name":"wp","href":"https:\/\/api.w.org\/{rel}","templated":true}]}}