{"id":277321,"date":"2025-09-25T20:58:08","date_gmt":"2025-09-25T23:58:08","guid":{"rendered":"https:\/\/www.gaveanews.com\/?p=277321"},"modified":"2025-09-25T20:58:14","modified_gmt":"2025-09-25T23:58:14","slug":"video-onibus-do-flamengo-e-apedrejado","status":"publish","type":"post","link":"https:\/\/www.gaveanews.com\/index.php\/2025\/09\/25\/video-onibus-do-flamengo-e-apedrejado\/","title":{"rendered":"V\u00eddeo: \u00f4nibus do Flamengo \u00e9 apedrejado"},"content":{"rendered":"\n<p>O \u00f4nibus que levava parte da delega\u00e7\u00e3o do <a href=\"https:\/\/www.gaveanews.com\/index.php\/category\/brasileirao\/flamengo\/\" target=\"_blank\" rel=\"noopener noreferrer\">Flamengo<\/a> foi apedrejado na chegada ao est\u00e1dio UNO Jorge Lu\u00eds Hirschi, em La Plata, na Argentina. O ataque ocorreu antes do jogo contra o Estudiantes, pelas quartas de final da Libertadores, nesta quinta-feira (25 de setembro).<\/p>\n\n\n\n<p>Segundo o clube, n\u00e3o houve feridos, e os danos se limitaram \u00e0 janela do ve\u00edculo. O time informou que o ve\u00edculo atingido \u00e9 o segundo \u00f4nibus, tradicionalmente usado por parte da comiss\u00e3o t\u00e9cnica. Em nota, o Flamengo detalhou o ocorrido.<\/p>\n\n\n\n<p>\u201cEstas imagens s\u00e3o do segundo \u00f4nibus da delega\u00e7\u00e3o do Flamengo, que tradicionalmente transporta parte da comiss\u00e3o t\u00e9cnica. Na chegada ao est\u00e1dio UNO Jorge Lu\u00eds Hirschi, o ve\u00edculo foi atacado com pedradas. N\u00e3o h\u00e1 feridos e os danos se limitaram \u00e0 janela do \u00f4nibus\u201d.<\/p>\n\n\n\n<p>O clube divulgou imagens do \u00f4nibus ap\u00f3s o ataque e relatou o caso na chegada ao est\u00e1dio. As cenas mostram janelas danificadas.<\/p>\n\n\n\n<figure class=\"wp-block-embed is-type-video is-provider-tiktok wp-block-embed-tiktok\"><div class=\"wp-block-embed__wrapper\">\n<blockquote class=\"tiktok-embed\" cite=\"https:\/\/www.tiktok.com\/@tntsportsbr\/video\/7554173844047662347\" data-video-id=\"7554173844047662347\" data-embed-from=\"oembed\" style=\"max-width:605px; min-width:325px;\"> <section> <a target=\"_blank\" title=\"@tntsportsbr\" href=\"https:\/\/www.tiktok.com\/@tntsportsbr?refer=embed\">@tntsportsbr<\/a> <p>CENAS LAMENT\u00c1VEIS NA CHEGADA DO FLAMENGO!! O \u00f4nibus da delega\u00e7\u00e3o rubro-negra foi apedrejado por torcedores do Estudiantes!! Os ataques danificaram apenas as janelas do ve\u00edculo e n\u00e3o deixaram feridos! <a title=\"libertadores2025\" target=\"_blank\" href=\"https:\/\/www.tiktok.com\/tag\/libertadores2025?refer=embed\">#Libertadores2025<\/a> <a title=\"futebolbrasileiro\" target=\"_blank\" href=\"https:\/\/www.tiktok.com\/tag\/futebolbrasileiro?refer=embed\">#FutebolBrasileiro<\/a> <a title=\"libertadores2025\" target=\"_blank\" href=\"https:\/\/www.tiktok.com\/tag\/libertadores2025?refer=embed\">#Libertadores2025<\/a> <a title=\"sportsontiktok\" target=\"_blank\" href=\"https:\/\/www.tiktok.com\/tag\/sportsontiktok?refer=embed\">#sportsontiktok<\/a> <a title=\"foryou\" target=\"_blank\" href=\"https:\/\/www.tiktok.com\/tag\/foryou?refer=embed\">#foryou<\/a> <a title=\"fyp\" target=\"_blank\" href=\"https:\/\/www.tiktok.com\/tag\/fyp?refer=embed\">#fyp<\/a> <a title=\"flamengo\" target=\"_blank\" href=\"https:\/\/www.tiktok.com\/tag\/flamengo?refer=embed\">#flamengo<\/a> <a title=\"briga\" target=\"_blank\" href=\"https:\/\/www.tiktok.com\/tag\/briga?refer=embed\">#briga<\/a><\/p> <a target=\"_blank\" title=\"\u266c som original - TNT Sports Brasil - TNT Sports Brasil\" href=\"https:\/\/www.tiktok.com\/music\/som-original-TNT-Sports-Brasil-7554173833306376972?refer=embed\">\u266c som original &#8211; TNT Sports Brasil &#8211; TNT Sports Brasil<\/a> <\/section> <\/blockquote> <script async src=\"https:\/\/www.tiktok.com\/embed.js\"><\/script>\n<\/div><\/figure>\n\n\n\n<p>Ainda sobre os bastidores antes do embate, durante a madrugada desta quinta-feira (25 de setembro), houve foguet\u00f3rio na porta do hotel do Flamengo em La Plata. O diretor de futebol Jos\u00e9 Boto registrou o epis\u00f3dio e publicou o v\u00eddeo nas redes sociais.<\/p>\n\n\n\n<h2 class=\"wp-block-heading\" id=\"h-sobre-o-jogo\">Sobre o jogo<\/h2>\n\n\n\n<p>A partida de volta ocorre \u00e0s 21h30 (hor\u00e1rio de Bras\u00edlia), no est\u00e1dio do Estudiantes. Na ida, no Maracan\u00e3, o Flamengo venceu por 2 a 1, com bastante pol\u00eamica de arbitragem. O Rubro-Negro entra em vantagem e depende apenas de um empate para ir \u00e0 semifinal.<\/p>\n\n\n\n<p>Os mais de 32 mil ingressos se esgotaram em poucas horas ap\u00f3s o in\u00edcio das vendas. Quem se classificar enfrenta o Racing, que eliminou o V\u00e9lez.<\/p>\n","protected":false},"excerpt":{"rendered":"<p>O \u00f4nibus que levava parte da delega\u00e7\u00e3o do Flamengo foi apedrejado na chegada ao est\u00e1dio UNO Jorge Lu\u00eds Hirschi, em La Plata, na Argentina. O ataque ocorreu antes do jogo contra o Estudiantes, pelas quartas de final da Libertadores, nesta quinta-feira (25 de setembro). Segundo o clube, n\u00e3o houve feridos, e os danos se limitaram [&hellip;]<\/p>\n","protected":false},"author":39,"featured_media":277323,"comment_status":"open","ping_status":"closed","sticky":false,"template":"","format":"standard","meta":{"footnotes":""},"categories":[1],"tags":[],"class_list":["post-277321","post","type-post","status-publish","format-standard","has-post-thumbnail","hentry","category-flamengo"],"yoast_head":"<!-- This site is optimized with the Yoast SEO Premium plugin v24.2 (Yoast SEO v26.9) - https:\/\/yoast.com\/product\/yoast-seo-premium-wordpress\/ -->\n<title>V\u00eddeo: \u00f4nibus do Flamengo \u00e9 apedrejado<\/title>\n<meta name=\"robots\" content=\"index, follow, max-snippet:-1, max-image-preview:large, max-video-preview:-1\" \/>\n<link rel=\"canonical\" href=\"https:\/\/www.gaveanews.com\/index.php\/2025\/09\/25\/video-onibus-do-flamengo-e-apedrejado\/\" \/>\n<meta property=\"og:locale\" content=\"pt_BR\" \/>\n<meta property=\"og:type\" content=\"article\" \/>\n<meta property=\"og:title\" content=\"V\u00eddeo: \u00f4nibus do Flamengo \u00e9 apedrejado\" \/>\n<meta property=\"og:description\" content=\"O \u00f4nibus que levava parte da delega\u00e7\u00e3o do Flamengo foi apedrejado na chegada ao est\u00e1dio UNO Jorge Lu\u00eds Hirschi, em La Plata, na Argentina. O ataque ocorreu antes do jogo contra o Estudiantes, pelas quartas de final da Libertadores, nesta quinta-feira (25 de setembro). Segundo o clube, n\u00e3o houve feridos, e os danos se limitaram [&hellip;]\" \/>\n<meta property=\"og:url\" content=\"https:\/\/www.gaveanews.com\/index.php\/2025\/09\/25\/video-onibus-do-flamengo-e-apedrejado\/\" \/>\n<meta property=\"og:site_name\" content=\"G\u00e1vea News\" \/>\n<meta property=\"article:publisher\" content=\"https:\/\/facebook.com\/gaveaNews\/\" \/>\n<meta property=\"article:published_time\" content=\"2025-09-25T23:58:08+00:00\" \/>\n<meta property=\"article:modified_time\" content=\"2025-09-25T23:58:14+00:00\" \/>\n<meta property=\"og:image\" content=\"http:\/\/www.gaveanews.com\/wp-content\/uploads\/onibus-do-Flamengo-apedrejado-1024x768.png\" \/>\n\t<meta property=\"og:image:width\" content=\"1024\" \/>\n\t<meta property=\"og:image:height\" content=\"768\" \/>\n\t<meta property=\"og:image:type\" content=\"image\/png\" \/>\n<meta name=\"author\" content=\"Reda\u00e7\u00e3o\" \/>\n<meta name=\"twitter:card\" content=\"summary_large_image\" \/>\n<meta name=\"twitter:label1\" content=\"Escrito por\" \/>\n\t<meta name=\"twitter:data1\" content=\"Reda\u00e7\u00e3o\" \/>\n\t<meta name=\"twitter:label2\" content=\"Est. tempo de leitura\" \/>\n\t<meta name=\"twitter:data2\" content=\"2 minutos\" \/>\n<script type=\"application\/ld+json\" class=\"yoast-schema-graph\">{\"@context\":\"https:\/\/schema.org\",\"@graph\":[{\"@type\":\"NewsArticle\",\"@id\":\"https:\/\/www.gaveanews.com\/index.php\/2025\/09\/25\/video-onibus-do-flamengo-e-apedrejado\/#article\",\"isPartOf\":{\"@id\":\"https:\/\/www.gaveanews.com\/index.php\/2025\/09\/25\/video-onibus-do-flamengo-e-apedrejado\/\"},\"author\":{\"name\":\"Reda\u00e7\u00e3o\",\"@id\":\"https:\/\/www.gaveanews.com\/#\/schema\/person\/c88645e3d550d0b6574305e67dd5a716\"},\"headline\":\"V\u00eddeo: \u00f4nibus do Flamengo \u00e9 apedrejado\",\"datePublished\":\"2025-09-25T23:58:08+00:00\",\"dateModified\":\"2025-09-25T23:58:14+00:00\",\"mainEntityOfPage\":{\"@id\":\"https:\/\/www.gaveanews.com\/index.php\/2025\/09\/25\/video-onibus-do-flamengo-e-apedrejado\/\"},\"wordCount\":302,\"commentCount\":0,\"image\":{\"@id\":\"https:\/\/www.gaveanews.com\/index.php\/2025\/09\/25\/video-onibus-do-flamengo-e-apedrejado\/#primaryimage\"},\"thumbnailUrl\":\"https:\/\/www.gaveanews.com\/wp-content\/uploads\/onibus-do-Flamengo-apedrejado.png\",\"articleSection\":[\"Flamengo\"],\"inLanguage\":\"pt-BR\",\"potentialAction\":[{\"@type\":\"CommentAction\",\"name\":\"Comment\",\"target\":[\"https:\/\/www.gaveanews.com\/index.php\/2025\/09\/25\/video-onibus-do-flamengo-e-apedrejado\/#respond\"]}],\"copyrightYear\":\"2025\",\"copyrightHolder\":{\"@id\":\"https:\/\/www.gaveanews.com\/#organization\"}},{\"@type\":\"WebPage\",\"@id\":\"https:\/\/www.gaveanews.com\/index.php\/2025\/09\/25\/video-onibus-do-flamengo-e-apedrejado\/\",\"url\":\"https:\/\/www.gaveanews.com\/index.php\/2025\/09\/25\/video-onibus-do-flamengo-e-apedrejado\/\",\"name\":\"V\u00eddeo: \u00f4nibus do Flamengo \u00e9 apedrejado\",\"isPartOf\":{\"@id\":\"https:\/\/www.gaveanews.com\/#website\"},\"primaryImageOfPage\":{\"@id\":\"https:\/\/www.gaveanews.com\/index.php\/2025\/09\/25\/video-onibus-do-flamengo-e-apedrejado\/#primaryimage\"},\"image\":{\"@id\":\"https:\/\/www.gaveanews.com\/index.php\/2025\/09\/25\/video-onibus-do-flamengo-e-apedrejado\/#primaryimage\"},\"thumbnailUrl\":\"https:\/\/www.gaveanews.com\/wp-content\/uploads\/onibus-do-Flamengo-apedrejado.png\",\"datePublished\":\"2025-09-25T23:58:08+00:00\",\"dateModified\":\"2025-09-25T23:58:14+00:00\",\"author\":{\"@id\":\"https:\/\/www.gaveanews.com\/#\/schema\/person\/c88645e3d550d0b6574305e67dd5a716\"},\"breadcrumb\":{\"@id\":\"https:\/\/www.gaveanews.com\/index.php\/2025\/09\/25\/video-onibus-do-flamengo-e-apedrejado\/#breadcrumb\"},\"inLanguage\":\"pt-BR\",\"potentialAction\":[{\"@type\":\"ReadAction\",\"target\":[\"https:\/\/www.gaveanews.com\/index.php\/2025\/09\/25\/video-onibus-do-flamengo-e-apedrejado\/\"]}]},{\"@type\":\"ImageObject\",\"inLanguage\":\"pt-BR\",\"@id\":\"https:\/\/www.gaveanews.com\/index.php\/2025\/09\/25\/video-onibus-do-flamengo-e-apedrejado\/#primaryimage\",\"url\":\"https:\/\/www.gaveanews.com\/wp-content\/uploads\/onibus-do-Flamengo-apedrejado.png\",\"contentUrl\":\"https:\/\/www.gaveanews.com\/wp-content\/uploads\/onibus-do-Flamengo-apedrejado.png\",\"width\":1200,\"height\":900,\"caption\":\"\u00f5nibus do Flamengo apedrejado (Foto: Divulga\u00e7\u00e3o\/Flamengo)\"},{\"@type\":\"BreadcrumbList\",\"@id\":\"https:\/\/www.gaveanews.com\/index.php\/2025\/09\/25\/video-onibus-do-flamengo-e-apedrejado\/#breadcrumb\",\"itemListElement\":[{\"@type\":\"ListItem\",\"position\":1,\"name\":\"Home\",\"item\":\"https:\/\/www.gaveanews.com\/\"},{\"@type\":\"ListItem\",\"position\":2,\"name\":\"V\u00eddeo: \u00f4nibus do Flamengo \u00e9 apedrejado\"}]},{\"@type\":\"WebSite\",\"@id\":\"https:\/\/www.gaveanews.com\/#website\",\"url\":\"https:\/\/www.gaveanews.com\/\",\"name\":\"G\u00e1vea News\",\"description\":\"Veja todas as not\u00edcias sobre o Flamengo: Contrata\u00e7\u00f5es, categorias de base, resultados das partidas, tabela de classifica\u00e7\u00e3o, pr\u00f3ximos jogos!\",\"potentialAction\":[{\"@type\":\"SearchAction\",\"target\":{\"@type\":\"EntryPoint\",\"urlTemplate\":\"https:\/\/www.gaveanews.com\/?s={search_term_string}\"},\"query-input\":{\"@type\":\"PropertyValueSpecification\",\"valueRequired\":true,\"valueName\":\"search_term_string\"}}],\"inLanguage\":\"pt-BR\"},{\"@type\":\"Person\",\"@id\":\"https:\/\/www.gaveanews.com\/#\/schema\/person\/c88645e3d550d0b6574305e67dd5a716\",\"name\":\"Reda\u00e7\u00e3o\",\"image\":{\"@type\":\"ImageObject\",\"inLanguage\":\"pt-BR\",\"@id\":\"https:\/\/www.gaveanews.com\/#\/schema\/person\/image\/\",\"url\":\"https:\/\/secure.gravatar.com\/avatar\/434098fd823f0dc1b062d14ca22bacaa6e38de28d8c816bbef6fc2f8c44d8ba3?s=96&d=mm&r=g\",\"contentUrl\":\"https:\/\/secure.gravatar.com\/avatar\/434098fd823f0dc1b062d14ca22bacaa6e38de28d8c816bbef6fc2f8c44d8ba3?s=96&d=mm&r=g\",\"caption\":\"Reda\u00e7\u00e3o\"}}]}<\/script>\n<!-- \/ Yoast SEO Premium plugin. -->","yoast_head_json":{"title":"V\u00eddeo: \u00f4nibus do Flamengo \u00e9 apedrejado","robots":{"index":"index","follow":"follow","max-snippet":"max-snippet:-1","max-image-preview":"max-image-preview:large","max-video-preview":"max-video-preview:-1"},"canonical":"https:\/\/www.gaveanews.com\/index.php\/2025\/09\/25\/video-onibus-do-flamengo-e-apedrejado\/","og_locale":"pt_BR","og_type":"article","og_title":"V\u00eddeo: \u00f4nibus do Flamengo \u00e9 apedrejado","og_description":"O \u00f4nibus que levava parte da delega\u00e7\u00e3o do Flamengo foi apedrejado na chegada ao est\u00e1dio UNO Jorge Lu\u00eds Hirschi, em La Plata, na Argentina. O ataque ocorreu antes do jogo contra o Estudiantes, pelas quartas de final da Libertadores, nesta quinta-feira (25 de setembro). Segundo o clube, n\u00e3o houve feridos, e os danos se limitaram [&hellip;]","og_url":"https:\/\/www.gaveanews.com\/index.php\/2025\/09\/25\/video-onibus-do-flamengo-e-apedrejado\/","og_site_name":"G\u00e1vea News","article_publisher":"https:\/\/facebook.com\/gaveaNews\/","article_published_time":"2025-09-25T23:58:08+00:00","article_modified_time":"2025-09-25T23:58:14+00:00","og_image":[{"width":1024,"height":768,"url":"http:\/\/www.gaveanews.com\/wp-content\/uploads\/onibus-do-Flamengo-apedrejado-1024x768.png","type":"image\/png"}],"author":"Reda\u00e7\u00e3o","twitter_card":"summary_large_image","twitter_misc":{"Escrito por":"Reda\u00e7\u00e3o","Est. tempo de leitura":"2 minutos"},"schema":{"@context":"https:\/\/schema.org","@graph":[{"@type":"NewsArticle","@id":"https:\/\/www.gaveanews.com\/index.php\/2025\/09\/25\/video-onibus-do-flamengo-e-apedrejado\/#article","isPartOf":{"@id":"https:\/\/www.gaveanews.com\/index.php\/2025\/09\/25\/video-onibus-do-flamengo-e-apedrejado\/"},"author":{"name":"Reda\u00e7\u00e3o","@id":"https:\/\/www.gaveanews.com\/#\/schema\/person\/c88645e3d550d0b6574305e67dd5a716"},"headline":"V\u00eddeo: \u00f4nibus do Flamengo \u00e9 apedrejado","datePublished":"2025-09-25T23:58:08+00:00","dateModified":"2025-09-25T23:58:14+00:00","mainEntityOfPage":{"@id":"https:\/\/www.gaveanews.com\/index.php\/2025\/09\/25\/video-onibus-do-flamengo-e-apedrejado\/"},"wordCount":302,"commentCount":0,"image":{"@id":"https:\/\/www.gaveanews.com\/index.php\/2025\/09\/25\/video-onibus-do-flamengo-e-apedrejado\/#primaryimage"},"thumbnailUrl":"https:\/\/www.gaveanews.com\/wp-content\/uploads\/onibus-do-Flamengo-apedrejado.png","articleSection":["Flamengo"],"inLanguage":"pt-BR","potentialAction":[{"@type":"CommentAction","name":"Comment","target":["https:\/\/www.gaveanews.com\/index.php\/2025\/09\/25\/video-onibus-do-flamengo-e-apedrejado\/#respond"]}],"copyrightYear":"2025","copyrightHolder":{"@id":"https:\/\/www.gaveanews.com\/#organization"}},{"@type":"WebPage","@id":"https:\/\/www.gaveanews.com\/index.php\/2025\/09\/25\/video-onibus-do-flamengo-e-apedrejado\/","url":"https:\/\/www.gaveanews.com\/index.php\/2025\/09\/25\/video-onibus-do-flamengo-e-apedrejado\/","name":"V\u00eddeo: \u00f4nibus do Flamengo \u00e9 apedrejado","isPartOf":{"@id":"https:\/\/www.gaveanews.com\/#website"},"primaryImageOfPage":{"@id":"https:\/\/www.gaveanews.com\/index.php\/2025\/09\/25\/video-onibus-do-flamengo-e-apedrejado\/#primaryimage"},"image":{"@id":"https:\/\/www.gaveanews.com\/index.php\/2025\/09\/25\/video-onibus-do-flamengo-e-apedrejado\/#primaryimage"},"thumbnailUrl":"https:\/\/www.gaveanews.com\/wp-content\/uploads\/onibus-do-Flamengo-apedrejado.png","datePublished":"2025-09-25T23:58:08+00:00","dateModified":"2025-09-25T23:58:14+00:00","author":{"@id":"https:\/\/www.gaveanews.com\/#\/schema\/person\/c88645e3d550d0b6574305e67dd5a716"},"breadcrumb":{"@id":"https:\/\/www.gaveanews.com\/index.php\/2025\/09\/25\/video-onibus-do-flamengo-e-apedrejado\/#breadcrumb"},"inLanguage":"pt-BR","potentialAction":[{"@type":"ReadAction","target":["https:\/\/www.gaveanews.com\/index.php\/2025\/09\/25\/video-onibus-do-flamengo-e-apedrejado\/"]}]},{"@type":"ImageObject","inLanguage":"pt-BR","@id":"https:\/\/www.gaveanews.com\/index.php\/2025\/09\/25\/video-onibus-do-flamengo-e-apedrejado\/#primaryimage","url":"https:\/\/www.gaveanews.com\/wp-content\/uploads\/onibus-do-Flamengo-apedrejado.png","contentUrl":"https:\/\/www.gaveanews.com\/wp-content\/uploads\/onibus-do-Flamengo-apedrejado.png","width":1200,"height":900,"caption":"\u00f5nibus do Flamengo apedrejado (Foto: Divulga\u00e7\u00e3o\/Flamengo)"},{"@type":"BreadcrumbList","@id":"https:\/\/www.gaveanews.com\/index.php\/2025\/09\/25\/video-onibus-do-flamengo-e-apedrejado\/#breadcrumb","itemListElement":[{"@type":"ListItem","position":1,"name":"Home","item":"https:\/\/www.gaveanews.com\/"},{"@type":"ListItem","position":2,"name":"V\u00eddeo: \u00f4nibus do Flamengo \u00e9 apedrejado"}]},{"@type":"WebSite","@id":"https:\/\/www.gaveanews.com\/#website","url":"https:\/\/www.gaveanews.com\/","name":"G\u00e1vea News","description":"Veja todas as not\u00edcias sobre o Flamengo: Contrata\u00e7\u00f5es, categorias de base, resultados das partidas, tabela de classifica\u00e7\u00e3o, pr\u00f3ximos jogos!","potentialAction":[{"@type":"SearchAction","target":{"@type":"EntryPoint","urlTemplate":"https:\/\/www.gaveanews.com\/?s={search_term_string}"},"query-input":{"@type":"PropertyValueSpecification","valueRequired":true,"valueName":"search_term_string"}}],"inLanguage":"pt-BR"},{"@type":"Person","@id":"https:\/\/www.gaveanews.com\/#\/schema\/person\/c88645e3d550d0b6574305e67dd5a716","name":"Reda\u00e7\u00e3o","image":{"@type":"ImageObject","inLanguage":"pt-BR","@id":"https:\/\/www.gaveanews.com\/#\/schema\/person\/image\/","url":"https:\/\/secure.gravatar.com\/avatar\/434098fd823f0dc1b062d14ca22bacaa6e38de28d8c816bbef6fc2f8c44d8ba3?s=96&d=mm&r=g","contentUrl":"https:\/\/secure.gravatar.com\/avatar\/434098fd823f0dc1b062d14ca22bacaa6e38de28d8c816bbef6fc2f8c44d8ba3?s=96&d=mm&r=g","caption":"Reda\u00e7\u00e3o"}}]}},"_links":{"self":[{"href":"https:\/\/www.gaveanews.com\/index.php\/wp-json\/wp\/v2\/posts\/277321","targetHints":{"allow":["GET"]}}],"collection":[{"href":"https:\/\/www.gaveanews.com\/index.php\/wp-json\/wp\/v2\/posts"}],"about":[{"href":"https:\/\/www.gaveanews.com\/index.php\/wp-json\/wp\/v2\/types\/post"}],"author":[{"embeddable":true,"href":"https:\/\/www.gaveanews.com\/index.php\/wp-json\/wp\/v2\/users\/39"}],"replies":[{"embeddable":true,"href":"https:\/\/www.gaveanews.com\/index.php\/wp-json\/wp\/v2\/comments?post=277321"}],"version-history":[{"count":1,"href":"https:\/\/www.gaveanews.com\/index.php\/wp-json\/wp\/v2\/posts\/277321\/revisions"}],"predecessor-version":[{"id":277324,"href":"https:\/\/www.gaveanews.com\/index.php\/wp-json\/wp\/v2\/posts\/277321\/revisions\/277324"}],"wp:featuredmedia":[{"embeddable":true,"href":"https:\/\/www.gaveanews.com\/index.php\/wp-json\/wp\/v2\/media\/277323"}],"wp:attachment":[{"href":"https:\/\/www.gaveanews.com\/index.php\/wp-json\/wp\/v2\/media?parent=277321"}],"wp:term":[{"taxonomy":"category","embeddable":true,"href":"https:\/\/www.gaveanews.com\/index.php\/wp-json\/wp\/v2\/categories?post=277321"},{"taxonomy":"post_tag","embeddable":true,"href":"https:\/\/www.gaveanews.com\/index.php\/wp-json\/wp\/v2\/tags?post=277321"}],"curies":[{"name":"wp","href":"https:\/\/api.w.org\/{rel}","templated":true}]}}