{"id":277325,"date":"2025-09-26T06:15:01","date_gmt":"2025-09-26T09:15:01","guid":{"rendered":"https:\/\/www.gaveanews.com\/?p=277325"},"modified":"2025-09-26T06:15:12","modified_gmt":"2025-09-26T09:15:12","slug":"a-declaracao-de-filipe-luis-envolvendo-o-cruzeiro-e-o-palmeiras","status":"publish","type":"post","link":"https:\/\/www.gaveanews.com\/index.php\/2025\/09\/26\/a-declaracao-de-filipe-luis-envolvendo-o-cruzeiro-e-o-palmeiras\/","title":{"rendered":"A declara\u00e7\u00e3o de Filipe Lu\u00eds envolvendo o Cruzeiro e o Palmeiras"},"content":{"rendered":"\n<p>O <a href=\"https:\/\/www.gaveanews.com\/index.php\/category\/brasileirao\/flamengo\/\" target=\"_blank\" rel=\"noopener noreferrer\">Flamengo<\/a> garantiu vaga nas semifinais da Libertadores ao superar o Estudiantes nos p\u00eanaltis, em Buenos Aires. A partida ocorreu na noite da \u00faltima quinta-feira (25 de setembro). No tempo normal, os argentinos venceram por 1 a 0.<\/p>\n\n\n\n<p>A equipe da casa pressionou desde o in\u00edcio. Gast\u00f3n Benedetti abriu o placar aos 46 minutos do primeiro tempo, ap\u00f3s cruzamento de Nu\u00f1ez. Na etapa final, o VAR anulou um gol de Carrillo e Benedetti por impedimento. Nos p\u00eanaltis, Rossi defendeu as batidas de Ascac\u00edbar e Benedetti, e o Flamengo venceu por 4 a 2. Jorginho, Luiz Ara\u00fajo, Carrascal e L\u00e9o Pereira converteram. O pr\u00f3ximo advers\u00e1rio ser\u00e1 o Racing.<\/p>\n\n\n\n<p>Neste contexto, o t\u00e9cnico Filipe Lu\u00eds avaliou as dificuldades da partida e o rendimento ofensivo da equipe na Argentina.<\/p>\n\n\n\n<p>\u201cA verdade \u00e9 que criamos muitas chances, inclusive no segundo tempo tivemos tr\u00eas chances claras que n\u00e3o se traduziram no \u00faltimo passe, que eu lido como chance clara, e deixou a eliminat\u00f3ria aberta. J\u00e1 falamos do \u00e1rbitro, do que aconteceu, mas tamb\u00e9m estaria aberta com o 2 a 0. Ent\u00e3o o que eu tentei falar para os jogadores foi que, para ganhar a Libertadores, \u00e0s vezes temos que passar por essas prova\u00e7\u00f5es. Foi assim nos outros anos tamb\u00e9m, s\u00e3o jogos muito dif\u00edceis e temos que saber passar por esses momentos para chegar em mais uma semifinal de Libertadores\u201d.<\/p>\n\n\n\n<p>Depois, o treinador tamb\u00e9m tratou da sequ\u00eancia no Brasileir\u00e3o. O Flamengo jogar\u00e1 no Maracan\u00e3 contra Cruzeiro (02\/10) e <a href=\"https:\/\/www.gaveanews.com\/index.php\/category\/brasileirao\/palmeiras\/\" target=\"_blank\" rel=\"noopener noreferrer\">Palmeiras<\/a> (18\/10, 19\/10 ou 20\/10).<\/p>\n\n\n\n<p>&#8220;Eu tenho que pensar no pr\u00f3ximo jogo agora que \u00e9 contra o Corinthians. Trabalhar como a gente vai enfrentar o Corinthians, como vamos nos planejar para vencer, os jogadores dispon\u00edveis que est\u00e3o em um grande momento para vencer. Voc\u00ea falou sobre definir o confronto no primeiro jogo. \u00c9 muito complicado. Eu sempre falo que o jogo s\u00e3o 180 minutos e h\u00e1 times que jogam pior o primeiro jogo, mesmo em casa, e depois conseguem vencer fora. Isso acontece no futebol, aconteceu agora se eu n\u00e3o me engano com o Independente del Valle na Sul-Americana. Isso acontece. Para mim n\u00e3o existe voc\u00ea fechar uma eliminat\u00f3ria, a n\u00e3o ser claro um resultado absurdo, que \u00e9 raro. \u00c9 raro em uma semifinal de Libertadores, contra um time super competitivo, que est\u00e1 enfrentando voc\u00ea com as suas armas. O que temos que fazer \u00e9 ser s\u00f3lidos. Melhorar a transi\u00e7\u00e3o, melhorar a defesa, melhorar com a bola, melhorar em todos os aspectos para que possamos fazer uma partida perfeita do jeito que foi o primeiro tempo contra o Estudiantes, no outro dia, para podermos chegar nessa final t\u00e3o sonhada. E sobre ter Palmeiras e Cruzeiro em casa no Brasileiro, isso \u00e9 mais para a frente. Tamb\u00e9m fomos na casa deles, foi dif\u00edcil, vai ser dif\u00edcil para eles tamb\u00e9m, mas acho que \u00e9 a partida que o jogador gosta de jogar. \u00c9 o tipo de partida que a gente percebe um outro ambiente no dia a dia do vesti\u00e1rio&#8221;.<\/p>\n","protected":false},"excerpt":{"rendered":"<p>O Flamengo garantiu vaga nas semifinais da Libertadores ao superar o Estudiantes nos p\u00eanaltis, em Buenos Aires. A partida ocorreu na noite da \u00faltima quinta-feira (25 de setembro). No tempo normal, os argentinos venceram por 1 a 0. A equipe da casa pressionou desde o in\u00edcio. Gast\u00f3n Benedetti abriu o placar aos 46 minutos do [&hellip;]<\/p>\n","protected":false},"author":39,"featured_media":171095,"comment_status":"open","ping_status":"closed","sticky":false,"template":"","format":"standard","meta":{"footnotes":""},"categories":[1],"tags":[],"class_list":["post-277325","post","type-post","status-publish","format-standard","has-post-thumbnail","hentry","category-flamengo"],"yoast_head":"<!-- This site is optimized with the Yoast SEO Premium plugin v24.2 (Yoast SEO v26.9) - https:\/\/yoast.com\/product\/yoast-seo-premium-wordpress\/ -->\n<title>A declara\u00e7\u00e3o de Filipe Lu\u00eds envolvendo o Cruzeiro e o Palmeiras<\/title>\n<meta name=\"robots\" content=\"index, follow, max-snippet:-1, max-image-preview:large, max-video-preview:-1\" \/>\n<link rel=\"canonical\" href=\"https:\/\/www.gaveanews.com\/index.php\/2025\/09\/26\/a-declaracao-de-filipe-luis-envolvendo-o-cruzeiro-e-o-palmeiras\/\" \/>\n<meta property=\"og:locale\" content=\"pt_BR\" \/>\n<meta property=\"og:type\" content=\"article\" \/>\n<meta property=\"og:title\" content=\"A declara\u00e7\u00e3o de Filipe Lu\u00eds envolvendo o Cruzeiro e o Palmeiras\" \/>\n<meta property=\"og:description\" content=\"O Flamengo garantiu vaga nas semifinais da Libertadores ao superar o Estudiantes nos p\u00eanaltis, em Buenos Aires. A partida ocorreu na noite da \u00faltima quinta-feira (25 de setembro). No tempo normal, os argentinos venceram por 1 a 0. A equipe da casa pressionou desde o in\u00edcio. Gast\u00f3n Benedetti abriu o placar aos 46 minutos do [&hellip;]\" \/>\n<meta property=\"og:url\" content=\"https:\/\/www.gaveanews.com\/index.php\/2025\/09\/26\/a-declaracao-de-filipe-luis-envolvendo-o-cruzeiro-e-o-palmeiras\/\" \/>\n<meta property=\"og:site_name\" content=\"G\u00e1vea News\" \/>\n<meta property=\"article:publisher\" content=\"https:\/\/facebook.com\/gaveaNews\/\" \/>\n<meta property=\"article:published_time\" content=\"2025-09-26T09:15:01+00:00\" \/>\n<meta property=\"article:modified_time\" content=\"2025-09-26T09:15:12+00:00\" \/>\n<meta property=\"og:image\" content=\"http:\/\/www.gaveanews.com\/wp-content\/uploads\/Filipe-Luis-estreia-como-tecnico-do-Flamengo-em-jogo-contra-o-Corinthians-pela-Copa-do-Brasil-no-Maracana.webp\" \/>\n\t<meta property=\"og:image:width\" content=\"753\" \/>\n\t<meta property=\"og:image:height\" content=\"504\" \/>\n\t<meta property=\"og:image:type\" content=\"image\/jpeg\" \/>\n<meta name=\"author\" content=\"Reda\u00e7\u00e3o\" \/>\n<meta name=\"twitter:card\" content=\"summary_large_image\" \/>\n<meta name=\"twitter:label1\" content=\"Escrito por\" \/>\n\t<meta name=\"twitter:data1\" content=\"Reda\u00e7\u00e3o\" \/>\n\t<meta name=\"twitter:label2\" content=\"Est. tempo de leitura\" \/>\n\t<meta name=\"twitter:data2\" content=\"3 minutos\" \/>\n<script type=\"application\/ld+json\" class=\"yoast-schema-graph\">{\"@context\":\"https:\/\/schema.org\",\"@graph\":[{\"@type\":\"NewsArticle\",\"@id\":\"https:\/\/www.gaveanews.com\/index.php\/2025\/09\/26\/a-declaracao-de-filipe-luis-envolvendo-o-cruzeiro-e-o-palmeiras\/#article\",\"isPartOf\":{\"@id\":\"https:\/\/www.gaveanews.com\/index.php\/2025\/09\/26\/a-declaracao-de-filipe-luis-envolvendo-o-cruzeiro-e-o-palmeiras\/\"},\"author\":{\"name\":\"Reda\u00e7\u00e3o\",\"@id\":\"https:\/\/www.gaveanews.com\/#\/schema\/person\/c88645e3d550d0b6574305e67dd5a716\"},\"headline\":\"A declara\u00e7\u00e3o de Filipe Lu\u00eds envolvendo o Cruzeiro e o Palmeiras\",\"datePublished\":\"2025-09-26T09:15:01+00:00\",\"dateModified\":\"2025-09-26T09:15:12+00:00\",\"mainEntityOfPage\":{\"@id\":\"https:\/\/www.gaveanews.com\/index.php\/2025\/09\/26\/a-declaracao-de-filipe-luis-envolvendo-o-cruzeiro-e-o-palmeiras\/\"},\"wordCount\":522,\"commentCount\":0,\"image\":{\"@id\":\"https:\/\/www.gaveanews.com\/index.php\/2025\/09\/26\/a-declaracao-de-filipe-luis-envolvendo-o-cruzeiro-e-o-palmeiras\/#primaryimage\"},\"thumbnailUrl\":\"https:\/\/www.gaveanews.com\/wp-content\/uploads\/Filipe-Luis-estreia-como-tecnico-do-Flamengo-em-jogo-contra-o-Corinthians-pela-Copa-do-Brasil-no-Maracana.webp\",\"articleSection\":[\"Flamengo\"],\"inLanguage\":\"pt-BR\",\"potentialAction\":[{\"@type\":\"CommentAction\",\"name\":\"Comment\",\"target\":[\"https:\/\/www.gaveanews.com\/index.php\/2025\/09\/26\/a-declaracao-de-filipe-luis-envolvendo-o-cruzeiro-e-o-palmeiras\/#respond\"]}],\"copyrightYear\":\"2025\",\"copyrightHolder\":{\"@id\":\"https:\/\/www.gaveanews.com\/#organization\"}},{\"@type\":\"WebPage\",\"@id\":\"https:\/\/www.gaveanews.com\/index.php\/2025\/09\/26\/a-declaracao-de-filipe-luis-envolvendo-o-cruzeiro-e-o-palmeiras\/\",\"url\":\"https:\/\/www.gaveanews.com\/index.php\/2025\/09\/26\/a-declaracao-de-filipe-luis-envolvendo-o-cruzeiro-e-o-palmeiras\/\",\"name\":\"A declara\u00e7\u00e3o de Filipe Lu\u00eds envolvendo o Cruzeiro e o Palmeiras\",\"isPartOf\":{\"@id\":\"https:\/\/www.gaveanews.com\/#website\"},\"primaryImageOfPage\":{\"@id\":\"https:\/\/www.gaveanews.com\/index.php\/2025\/09\/26\/a-declaracao-de-filipe-luis-envolvendo-o-cruzeiro-e-o-palmeiras\/#primaryimage\"},\"image\":{\"@id\":\"https:\/\/www.gaveanews.com\/index.php\/2025\/09\/26\/a-declaracao-de-filipe-luis-envolvendo-o-cruzeiro-e-o-palmeiras\/#primaryimage\"},\"thumbnailUrl\":\"https:\/\/www.gaveanews.com\/wp-content\/uploads\/Filipe-Luis-estreia-como-tecnico-do-Flamengo-em-jogo-contra-o-Corinthians-pela-Copa-do-Brasil-no-Maracana.webp\",\"datePublished\":\"2025-09-26T09:15:01+00:00\",\"dateModified\":\"2025-09-26T09:15:12+00:00\",\"author\":{\"@id\":\"https:\/\/www.gaveanews.com\/#\/schema\/person\/c88645e3d550d0b6574305e67dd5a716\"},\"breadcrumb\":{\"@id\":\"https:\/\/www.gaveanews.com\/index.php\/2025\/09\/26\/a-declaracao-de-filipe-luis-envolvendo-o-cruzeiro-e-o-palmeiras\/#breadcrumb\"},\"inLanguage\":\"pt-BR\",\"potentialAction\":[{\"@type\":\"ReadAction\",\"target\":[\"https:\/\/www.gaveanews.com\/index.php\/2025\/09\/26\/a-declaracao-de-filipe-luis-envolvendo-o-cruzeiro-e-o-palmeiras\/\"]}]},{\"@type\":\"ImageObject\",\"inLanguage\":\"pt-BR\",\"@id\":\"https:\/\/www.gaveanews.com\/index.php\/2025\/09\/26\/a-declaracao-de-filipe-luis-envolvendo-o-cruzeiro-e-o-palmeiras\/#primaryimage\",\"url\":\"https:\/\/www.gaveanews.com\/wp-content\/uploads\/Filipe-Luis-estreia-como-tecnico-do-Flamengo-em-jogo-contra-o-Corinthians-pela-Copa-do-Brasil-no-Maracana.webp\",\"contentUrl\":\"https:\/\/www.gaveanews.com\/wp-content\/uploads\/Filipe-Luis-estreia-como-tecnico-do-Flamengo-em-jogo-contra-o-Corinthians-pela-Copa-do-Brasil-no-Maracana.webp\",\"width\":753,\"height\":504,\"caption\":\"Filipe Lu\u00eds estreia como t\u00e9cnico do Flamengo em jogo contra o Corinthians, pela Copa do Brasil, no Maracan\u00e3 (Foto: Gilvan de Souza\/Flamengo)\"},{\"@type\":\"BreadcrumbList\",\"@id\":\"https:\/\/www.gaveanews.com\/index.php\/2025\/09\/26\/a-declaracao-de-filipe-luis-envolvendo-o-cruzeiro-e-o-palmeiras\/#breadcrumb\",\"itemListElement\":[{\"@type\":\"ListItem\",\"position\":1,\"name\":\"Home\",\"item\":\"https:\/\/www.gaveanews.com\/\"},{\"@type\":\"ListItem\",\"position\":2,\"name\":\"A declara\u00e7\u00e3o de Filipe Lu\u00eds envolvendo o Cruzeiro e o Palmeiras\"}]},{\"@type\":\"WebSite\",\"@id\":\"https:\/\/www.gaveanews.com\/#website\",\"url\":\"https:\/\/www.gaveanews.com\/\",\"name\":\"G\u00e1vea News\",\"description\":\"Veja todas as not\u00edcias sobre o Flamengo: Contrata\u00e7\u00f5es, categorias de base, resultados das partidas, tabela de classifica\u00e7\u00e3o, pr\u00f3ximos jogos!\",\"potentialAction\":[{\"@type\":\"SearchAction\",\"target\":{\"@type\":\"EntryPoint\",\"urlTemplate\":\"https:\/\/www.gaveanews.com\/?s={search_term_string}\"},\"query-input\":{\"@type\":\"PropertyValueSpecification\",\"valueRequired\":true,\"valueName\":\"search_term_string\"}}],\"inLanguage\":\"pt-BR\"},{\"@type\":\"Person\",\"@id\":\"https:\/\/www.gaveanews.com\/#\/schema\/person\/c88645e3d550d0b6574305e67dd5a716\",\"name\":\"Reda\u00e7\u00e3o\",\"image\":{\"@type\":\"ImageObject\",\"inLanguage\":\"pt-BR\",\"@id\":\"https:\/\/www.gaveanews.com\/#\/schema\/person\/image\/\",\"url\":\"https:\/\/secure.gravatar.com\/avatar\/434098fd823f0dc1b062d14ca22bacaa6e38de28d8c816bbef6fc2f8c44d8ba3?s=96&d=mm&r=g\",\"contentUrl\":\"https:\/\/secure.gravatar.com\/avatar\/434098fd823f0dc1b062d14ca22bacaa6e38de28d8c816bbef6fc2f8c44d8ba3?s=96&d=mm&r=g\",\"caption\":\"Reda\u00e7\u00e3o\"}}]}<\/script>\n<!-- \/ Yoast SEO Premium plugin. -->","yoast_head_json":{"title":"A declara\u00e7\u00e3o de Filipe Lu\u00eds envolvendo o Cruzeiro e o Palmeiras","robots":{"index":"index","follow":"follow","max-snippet":"max-snippet:-1","max-image-preview":"max-image-preview:large","max-video-preview":"max-video-preview:-1"},"canonical":"https:\/\/www.gaveanews.com\/index.php\/2025\/09\/26\/a-declaracao-de-filipe-luis-envolvendo-o-cruzeiro-e-o-palmeiras\/","og_locale":"pt_BR","og_type":"article","og_title":"A declara\u00e7\u00e3o de Filipe Lu\u00eds envolvendo o Cruzeiro e o Palmeiras","og_description":"O Flamengo garantiu vaga nas semifinais da Libertadores ao superar o Estudiantes nos p\u00eanaltis, em Buenos Aires. A partida ocorreu na noite da \u00faltima quinta-feira (25 de setembro). No tempo normal, os argentinos venceram por 1 a 0. A equipe da casa pressionou desde o in\u00edcio. Gast\u00f3n Benedetti abriu o placar aos 46 minutos do [&hellip;]","og_url":"https:\/\/www.gaveanews.com\/index.php\/2025\/09\/26\/a-declaracao-de-filipe-luis-envolvendo-o-cruzeiro-e-o-palmeiras\/","og_site_name":"G\u00e1vea News","article_publisher":"https:\/\/facebook.com\/gaveaNews\/","article_published_time":"2025-09-26T09:15:01+00:00","article_modified_time":"2025-09-26T09:15:12+00:00","og_image":[{"width":753,"height":504,"url":"http:\/\/www.gaveanews.com\/wp-content\/uploads\/Filipe-Luis-estreia-como-tecnico-do-Flamengo-em-jogo-contra-o-Corinthians-pela-Copa-do-Brasil-no-Maracana.webp","type":"image\/jpeg"}],"author":"Reda\u00e7\u00e3o","twitter_card":"summary_large_image","twitter_misc":{"Escrito por":"Reda\u00e7\u00e3o","Est. tempo de leitura":"3 minutos"},"schema":{"@context":"https:\/\/schema.org","@graph":[{"@type":"NewsArticle","@id":"https:\/\/www.gaveanews.com\/index.php\/2025\/09\/26\/a-declaracao-de-filipe-luis-envolvendo-o-cruzeiro-e-o-palmeiras\/#article","isPartOf":{"@id":"https:\/\/www.gaveanews.com\/index.php\/2025\/09\/26\/a-declaracao-de-filipe-luis-envolvendo-o-cruzeiro-e-o-palmeiras\/"},"author":{"name":"Reda\u00e7\u00e3o","@id":"https:\/\/www.gaveanews.com\/#\/schema\/person\/c88645e3d550d0b6574305e67dd5a716"},"headline":"A declara\u00e7\u00e3o de Filipe Lu\u00eds envolvendo o Cruzeiro e o Palmeiras","datePublished":"2025-09-26T09:15:01+00:00","dateModified":"2025-09-26T09:15:12+00:00","mainEntityOfPage":{"@id":"https:\/\/www.gaveanews.com\/index.php\/2025\/09\/26\/a-declaracao-de-filipe-luis-envolvendo-o-cruzeiro-e-o-palmeiras\/"},"wordCount":522,"commentCount":0,"image":{"@id":"https:\/\/www.gaveanews.com\/index.php\/2025\/09\/26\/a-declaracao-de-filipe-luis-envolvendo-o-cruzeiro-e-o-palmeiras\/#primaryimage"},"thumbnailUrl":"https:\/\/www.gaveanews.com\/wp-content\/uploads\/Filipe-Luis-estreia-como-tecnico-do-Flamengo-em-jogo-contra-o-Corinthians-pela-Copa-do-Brasil-no-Maracana.webp","articleSection":["Flamengo"],"inLanguage":"pt-BR","potentialAction":[{"@type":"CommentAction","name":"Comment","target":["https:\/\/www.gaveanews.com\/index.php\/2025\/09\/26\/a-declaracao-de-filipe-luis-envolvendo-o-cruzeiro-e-o-palmeiras\/#respond"]}],"copyrightYear":"2025","copyrightHolder":{"@id":"https:\/\/www.gaveanews.com\/#organization"}},{"@type":"WebPage","@id":"https:\/\/www.gaveanews.com\/index.php\/2025\/09\/26\/a-declaracao-de-filipe-luis-envolvendo-o-cruzeiro-e-o-palmeiras\/","url":"https:\/\/www.gaveanews.com\/index.php\/2025\/09\/26\/a-declaracao-de-filipe-luis-envolvendo-o-cruzeiro-e-o-palmeiras\/","name":"A declara\u00e7\u00e3o de Filipe Lu\u00eds envolvendo o Cruzeiro e o Palmeiras","isPartOf":{"@id":"https:\/\/www.gaveanews.com\/#website"},"primaryImageOfPage":{"@id":"https:\/\/www.gaveanews.com\/index.php\/2025\/09\/26\/a-declaracao-de-filipe-luis-envolvendo-o-cruzeiro-e-o-palmeiras\/#primaryimage"},"image":{"@id":"https:\/\/www.gaveanews.com\/index.php\/2025\/09\/26\/a-declaracao-de-filipe-luis-envolvendo-o-cruzeiro-e-o-palmeiras\/#primaryimage"},"thumbnailUrl":"https:\/\/www.gaveanews.com\/wp-content\/uploads\/Filipe-Luis-estreia-como-tecnico-do-Flamengo-em-jogo-contra-o-Corinthians-pela-Copa-do-Brasil-no-Maracana.webp","datePublished":"2025-09-26T09:15:01+00:00","dateModified":"2025-09-26T09:15:12+00:00","author":{"@id":"https:\/\/www.gaveanews.com\/#\/schema\/person\/c88645e3d550d0b6574305e67dd5a716"},"breadcrumb":{"@id":"https:\/\/www.gaveanews.com\/index.php\/2025\/09\/26\/a-declaracao-de-filipe-luis-envolvendo-o-cruzeiro-e-o-palmeiras\/#breadcrumb"},"inLanguage":"pt-BR","potentialAction":[{"@type":"ReadAction","target":["https:\/\/www.gaveanews.com\/index.php\/2025\/09\/26\/a-declaracao-de-filipe-luis-envolvendo-o-cruzeiro-e-o-palmeiras\/"]}]},{"@type":"ImageObject","inLanguage":"pt-BR","@id":"https:\/\/www.gaveanews.com\/index.php\/2025\/09\/26\/a-declaracao-de-filipe-luis-envolvendo-o-cruzeiro-e-o-palmeiras\/#primaryimage","url":"https:\/\/www.gaveanews.com\/wp-content\/uploads\/Filipe-Luis-estreia-como-tecnico-do-Flamengo-em-jogo-contra-o-Corinthians-pela-Copa-do-Brasil-no-Maracana.webp","contentUrl":"https:\/\/www.gaveanews.com\/wp-content\/uploads\/Filipe-Luis-estreia-como-tecnico-do-Flamengo-em-jogo-contra-o-Corinthians-pela-Copa-do-Brasil-no-Maracana.webp","width":753,"height":504,"caption":"Filipe Lu\u00eds estreia como t\u00e9cnico do Flamengo em jogo contra o Corinthians, pela Copa do Brasil, no Maracan\u00e3 (Foto: Gilvan de Souza\/Flamengo)"},{"@type":"BreadcrumbList","@id":"https:\/\/www.gaveanews.com\/index.php\/2025\/09\/26\/a-declaracao-de-filipe-luis-envolvendo-o-cruzeiro-e-o-palmeiras\/#breadcrumb","itemListElement":[{"@type":"ListItem","position":1,"name":"Home","item":"https:\/\/www.gaveanews.com\/"},{"@type":"ListItem","position":2,"name":"A declara\u00e7\u00e3o de Filipe Lu\u00eds envolvendo o Cruzeiro e o Palmeiras"}]},{"@type":"WebSite","@id":"https:\/\/www.gaveanews.com\/#website","url":"https:\/\/www.gaveanews.com\/","name":"G\u00e1vea News","description":"Veja todas as not\u00edcias sobre o Flamengo: Contrata\u00e7\u00f5es, categorias de base, resultados das partidas, tabela de classifica\u00e7\u00e3o, pr\u00f3ximos jogos!","potentialAction":[{"@type":"SearchAction","target":{"@type":"EntryPoint","urlTemplate":"https:\/\/www.gaveanews.com\/?s={search_term_string}"},"query-input":{"@type":"PropertyValueSpecification","valueRequired":true,"valueName":"search_term_string"}}],"inLanguage":"pt-BR"},{"@type":"Person","@id":"https:\/\/www.gaveanews.com\/#\/schema\/person\/c88645e3d550d0b6574305e67dd5a716","name":"Reda\u00e7\u00e3o","image":{"@type":"ImageObject","inLanguage":"pt-BR","@id":"https:\/\/www.gaveanews.com\/#\/schema\/person\/image\/","url":"https:\/\/secure.gravatar.com\/avatar\/434098fd823f0dc1b062d14ca22bacaa6e38de28d8c816bbef6fc2f8c44d8ba3?s=96&d=mm&r=g","contentUrl":"https:\/\/secure.gravatar.com\/avatar\/434098fd823f0dc1b062d14ca22bacaa6e38de28d8c816bbef6fc2f8c44d8ba3?s=96&d=mm&r=g","caption":"Reda\u00e7\u00e3o"}}]}},"_links":{"self":[{"href":"https:\/\/www.gaveanews.com\/index.php\/wp-json\/wp\/v2\/posts\/277325","targetHints":{"allow":["GET"]}}],"collection":[{"href":"https:\/\/www.gaveanews.com\/index.php\/wp-json\/wp\/v2\/posts"}],"about":[{"href":"https:\/\/www.gaveanews.com\/index.php\/wp-json\/wp\/v2\/types\/post"}],"author":[{"embeddable":true,"href":"https:\/\/www.gaveanews.com\/index.php\/wp-json\/wp\/v2\/users\/39"}],"replies":[{"embeddable":true,"href":"https:\/\/www.gaveanews.com\/index.php\/wp-json\/wp\/v2\/comments?post=277325"}],"version-history":[{"count":1,"href":"https:\/\/www.gaveanews.com\/index.php\/wp-json\/wp\/v2\/posts\/277325\/revisions"}],"predecessor-version":[{"id":277327,"href":"https:\/\/www.gaveanews.com\/index.php\/wp-json\/wp\/v2\/posts\/277325\/revisions\/277327"}],"wp:featuredmedia":[{"embeddable":true,"href":"https:\/\/www.gaveanews.com\/index.php\/wp-json\/wp\/v2\/media\/171095"}],"wp:attachment":[{"href":"https:\/\/www.gaveanews.com\/index.php\/wp-json\/wp\/v2\/media?parent=277325"}],"wp:term":[{"taxonomy":"category","embeddable":true,"href":"https:\/\/www.gaveanews.com\/index.php\/wp-json\/wp\/v2\/categories?post=277325"},{"taxonomy":"post_tag","embeddable":true,"href":"https:\/\/www.gaveanews.com\/index.php\/wp-json\/wp\/v2\/tags?post=277325"}],"curies":[{"name":"wp","href":"https:\/\/api.w.org\/{rel}","templated":true}]}}