{"id":278500,"date":"2025-10-14T21:00:00","date_gmt":"2025-10-15T00:00:00","guid":{"rendered":"https:\/\/www.gaveanews.com\/?p=278500"},"modified":"2025-10-14T19:29:59","modified_gmt":"2025-10-14T22:29:59","slug":"boa-noticia-botafogo-tem-mais-um-desfalque-confirmado-para-jogo-contra-o-flamengo","status":"publish","type":"post","link":"https:\/\/www.gaveanews.com\/index.php\/2025\/10\/14\/boa-noticia-botafogo-tem-mais-um-desfalque-confirmado-para-jogo-contra-o-flamengo\/","title":{"rendered":"Boa not\u00edcia! Botafogo tem mais um desfalque confirmado para jogo contra o Flamengo"},"content":{"rendered":"\n<p><a href=\"https:\/\/www.gaveanews.com\/index.php\/category\/brasileirao\/botafogo\/\" target=\"_blank\" rel=\"noopener noreferrer\">Botafogo<\/a> e <a href=\"https:\/\/www.gaveanews.com\/index.php\/category\/brasileirao\/flamengo\/\" target=\"_blank\" rel=\"noopener noreferrer\">Flamengo<\/a> se enfrentam nesta quarta-feira (15), \u00e0s 19h30 (hor\u00e1rio de Bras\u00edlia), no Est\u00e1dio Nilton Santos, pela 28\u00aa rodada do Campeonato Brasileiro. A partida marca o retorno das equipes ap\u00f3s a Data Fifa.<\/p>\n\n\n\n<p>O lateral-direito Vitinho n\u00e3o estar\u00e1 dispon\u00edvel. Ele defendeu a Sele\u00e7\u00e3o Brasileira e s\u00f3 desembarca no Rio de Janeiro na quinta-feira (16), segundo o &#8216;ge&#8217;. J\u00e1 Alex Telles permanece no departamento m\u00e9dico e foi desfalque nas \u00faltimas tr\u00eas partidas por dores no joelho.<\/p>\n\n\n\n<p>Ao todo, o Botafogo tem nove desfalques para o cl\u00e1ssico. Al\u00e9m de Vitinho e Alex Telles, est\u00e3o fora Danilo, \u00c1lvaro Montoro, Bastos, Neto, Kaio Pantale\u00e3o e Barrera. O volante Newton cumpre suspens\u00e3o.<\/p>\n\n\n\n<p>Em contrapartida, o clube poder\u00e1 contar com retornos. Mar\u00e7al, Nathan Fernandes e Cuiabano cumpriram suspens\u00e3o na \u00faltima rodada e est\u00e3o \u00e0 disposi\u00e7\u00e3o. O t\u00e9cnico Davide Ancelotti j\u00e1 trabalha com alternativas para o setor defensivo.<\/p>\n\n\n\n<p>Na tabela, o Flamengo \u00e9 vice-l\u00edder com 55 pontos e tenta reagir ap\u00f3s perder a lideran\u00e7a. O Botafogo ocupa a quinta coloca\u00e7\u00e3o com 43 pontos, com duas vit\u00f3rias nos \u00faltimos sete jogos.<\/p>\n\n\n\n<p>No primeiro turno, houve empate em 0 a 0 no Maracan\u00e3, com mais de 54 mil ingressos vendidos. O duelo teve poucas chances, e Rossi defendeu chute de Marlon Freitas de fora da \u00e1rea. A transmiss\u00e3o ser\u00e1 de Premiere, Record e Caz\u00e9TV.<\/p>\n\n\n\n<p>A procura por ingressos \u00e9 alta. De acordo com o Lance!, cerca de 17 mil bilhetes foram vendidos at\u00e9 agora. O setor Sul, destinado aos torcedores do Flamengo, esgotou, e a carga visitante foi de cerca de 2 mil ingressos. As vendas seguem at\u00e9 o intervalo, \u00e0s 20h15, no dia do jogo.<\/p>\n\n\n\n<p>O Botafogo promoveu a\u00e7\u00f5es para s\u00f3cios-torcedores de todas as categorias, incluindo planos off-Rio. O plano Glorioso e Alvinegro oferece check-in gratuito, dois acompanhantes sem custo e at\u00e9 seis ingressos promocionais. O plano Preto tem check-in livre e at\u00e9 dois ingressos por R$ 30,00. O plano Branco permite um ingresso a R$ 30,00 e dois adicionais promocionais.<\/p>\n\n\n\n<p>Do lado rubro-negro, as vendas come\u00e7aram na segunda-feira (13 de outubro), \u00e0s 10 horas, e, na ter\u00e7a-feira (14 de outubro), encerraram-se em apenas duas horas. O valor do Port\u00e3o Sul (visitante), na Rua Arquias Cordeiro, \u00e9 de R$ 120,00. As gratuidades ser\u00e3o entregues na Bilheteria Oeste nesta ter\u00e7a-feira (14 de outubro), das 9 horas \u00e0s 17 horas.<\/p>\n\n\n\n<p><\/p>\n","protected":false},"excerpt":{"rendered":"<p>Botafogo e Flamengo se enfrentam nesta quarta-feira (15), \u00e0s 19h30 (hor\u00e1rio de Bras\u00edlia), no Est\u00e1dio Nilton Santos, pela 28\u00aa rodada do Campeonato Brasileiro. A partida marca o retorno das equipes ap\u00f3s a Data Fifa. O lateral-direito Vitinho n\u00e3o estar\u00e1 dispon\u00edvel. Ele defendeu a Sele\u00e7\u00e3o Brasileira e s\u00f3 desembarca no Rio de Janeiro na quinta-feira (16), [&hellip;]<\/p>\n","protected":false},"author":39,"featured_media":274466,"comment_status":"open","ping_status":"closed","sticky":false,"template":"","format":"standard","meta":{"footnotes":""},"categories":[1],"tags":[],"class_list":["post-278500","post","type-post","status-publish","format-standard","has-post-thumbnail","hentry","category-flamengo"],"yoast_head":"<!-- This site is optimized with the Yoast SEO Premium plugin v24.2 (Yoast SEO v26.9) - https:\/\/yoast.com\/product\/yoast-seo-premium-wordpress\/ -->\n<title>Boa not\u00edcia! Botafogo tem mais um desfalque confirmado para jogo contra o Flamengo<\/title>\n<meta name=\"robots\" content=\"index, follow, max-snippet:-1, max-image-preview:large, max-video-preview:-1\" \/>\n<link rel=\"canonical\" href=\"https:\/\/www.gaveanews.com\/index.php\/2025\/10\/14\/boa-noticia-botafogo-tem-mais-um-desfalque-confirmado-para-jogo-contra-o-flamengo\/\" \/>\n<meta property=\"og:locale\" content=\"pt_BR\" \/>\n<meta property=\"og:type\" content=\"article\" \/>\n<meta property=\"og:title\" content=\"Boa not\u00edcia! Botafogo tem mais um desfalque confirmado para jogo contra o Flamengo\" \/>\n<meta property=\"og:description\" content=\"Botafogo e Flamengo se enfrentam nesta quarta-feira (15), \u00e0s 19h30 (hor\u00e1rio de Bras\u00edlia), no Est\u00e1dio Nilton Santos, pela 28\u00aa rodada do Campeonato Brasileiro. A partida marca o retorno das equipes ap\u00f3s a Data Fifa. O lateral-direito Vitinho n\u00e3o estar\u00e1 dispon\u00edvel. Ele defendeu a Sele\u00e7\u00e3o Brasileira e s\u00f3 desembarca no Rio de Janeiro na quinta-feira (16), [&hellip;]\" \/>\n<meta property=\"og:url\" content=\"https:\/\/www.gaveanews.com\/index.php\/2025\/10\/14\/boa-noticia-botafogo-tem-mais-um-desfalque-confirmado-para-jogo-contra-o-flamengo\/\" \/>\n<meta property=\"og:site_name\" content=\"G\u00e1vea News\" \/>\n<meta property=\"article:publisher\" content=\"https:\/\/facebook.com\/gaveaNews\/\" \/>\n<meta property=\"article:published_time\" content=\"2025-10-15T00:00:00+00:00\" \/>\n<meta property=\"og:image\" content=\"https:\/\/www.gaveanews.com\/wp-content\/uploads\/Davide-Ancelotti.png\" \/>\n\t<meta property=\"og:image:width\" content=\"1200\" \/>\n\t<meta property=\"og:image:height\" content=\"900\" \/>\n\t<meta property=\"og:image:type\" content=\"image\/png\" \/>\n<meta name=\"author\" content=\"Reda\u00e7\u00e3o\" \/>\n<meta name=\"twitter:card\" content=\"summary_large_image\" \/>\n<meta name=\"twitter:label1\" content=\"Escrito por\" \/>\n\t<meta name=\"twitter:data1\" content=\"Reda\u00e7\u00e3o\" \/>\n\t<meta name=\"twitter:label2\" content=\"Est. tempo de leitura\" \/>\n\t<meta name=\"twitter:data2\" content=\"3 minutos\" \/>\n<script type=\"application\/ld+json\" class=\"yoast-schema-graph\">{\"@context\":\"https:\/\/schema.org\",\"@graph\":[{\"@type\":\"NewsArticle\",\"@id\":\"https:\/\/www.gaveanews.com\/index.php\/2025\/10\/14\/boa-noticia-botafogo-tem-mais-um-desfalque-confirmado-para-jogo-contra-o-flamengo\/#article\",\"isPartOf\":{\"@id\":\"https:\/\/www.gaveanews.com\/index.php\/2025\/10\/14\/boa-noticia-botafogo-tem-mais-um-desfalque-confirmado-para-jogo-contra-o-flamengo\/\"},\"author\":{\"name\":\"Reda\u00e7\u00e3o\",\"@id\":\"https:\/\/www.gaveanews.com\/#\/schema\/person\/c88645e3d550d0b6574305e67dd5a716\"},\"headline\":\"Boa not\u00edcia! Botafogo tem mais um desfalque confirmado para jogo contra o Flamengo\",\"datePublished\":\"2025-10-15T00:00:00+00:00\",\"mainEntityOfPage\":{\"@id\":\"https:\/\/www.gaveanews.com\/index.php\/2025\/10\/14\/boa-noticia-botafogo-tem-mais-um-desfalque-confirmado-para-jogo-contra-o-flamengo\/\"},\"wordCount\":405,\"commentCount\":0,\"image\":{\"@id\":\"https:\/\/www.gaveanews.com\/index.php\/2025\/10\/14\/boa-noticia-botafogo-tem-mais-um-desfalque-confirmado-para-jogo-contra-o-flamengo\/#primaryimage\"},\"thumbnailUrl\":\"https:\/\/www.gaveanews.com\/wp-content\/uploads\/Davide-Ancelotti.png\",\"articleSection\":[\"Flamengo\"],\"inLanguage\":\"pt-BR\",\"potentialAction\":[{\"@type\":\"CommentAction\",\"name\":\"Comment\",\"target\":[\"https:\/\/www.gaveanews.com\/index.php\/2025\/10\/14\/boa-noticia-botafogo-tem-mais-um-desfalque-confirmado-para-jogo-contra-o-flamengo\/#respond\"]}],\"copyrightYear\":\"2025\",\"copyrightHolder\":{\"@id\":\"https:\/\/www.gaveanews.com\/#organization\"}},{\"@type\":\"WebPage\",\"@id\":\"https:\/\/www.gaveanews.com\/index.php\/2025\/10\/14\/boa-noticia-botafogo-tem-mais-um-desfalque-confirmado-para-jogo-contra-o-flamengo\/\",\"url\":\"https:\/\/www.gaveanews.com\/index.php\/2025\/10\/14\/boa-noticia-botafogo-tem-mais-um-desfalque-confirmado-para-jogo-contra-o-flamengo\/\",\"name\":\"Boa not\u00edcia! Botafogo tem mais um desfalque confirmado para jogo contra o Flamengo\",\"isPartOf\":{\"@id\":\"https:\/\/www.gaveanews.com\/#website\"},\"primaryImageOfPage\":{\"@id\":\"https:\/\/www.gaveanews.com\/index.php\/2025\/10\/14\/boa-noticia-botafogo-tem-mais-um-desfalque-confirmado-para-jogo-contra-o-flamengo\/#primaryimage\"},\"image\":{\"@id\":\"https:\/\/www.gaveanews.com\/index.php\/2025\/10\/14\/boa-noticia-botafogo-tem-mais-um-desfalque-confirmado-para-jogo-contra-o-flamengo\/#primaryimage\"},\"thumbnailUrl\":\"https:\/\/www.gaveanews.com\/wp-content\/uploads\/Davide-Ancelotti.png\",\"datePublished\":\"2025-10-15T00:00:00+00:00\",\"author\":{\"@id\":\"https:\/\/www.gaveanews.com\/#\/schema\/person\/c88645e3d550d0b6574305e67dd5a716\"},\"breadcrumb\":{\"@id\":\"https:\/\/www.gaveanews.com\/index.php\/2025\/10\/14\/boa-noticia-botafogo-tem-mais-um-desfalque-confirmado-para-jogo-contra-o-flamengo\/#breadcrumb\"},\"inLanguage\":\"pt-BR\",\"potentialAction\":[{\"@type\":\"ReadAction\",\"target\":[\"https:\/\/www.gaveanews.com\/index.php\/2025\/10\/14\/boa-noticia-botafogo-tem-mais-um-desfalque-confirmado-para-jogo-contra-o-flamengo\/\"]}]},{\"@type\":\"ImageObject\",\"inLanguage\":\"pt-BR\",\"@id\":\"https:\/\/www.gaveanews.com\/index.php\/2025\/10\/14\/boa-noticia-botafogo-tem-mais-um-desfalque-confirmado-para-jogo-contra-o-flamengo\/#primaryimage\",\"url\":\"https:\/\/www.gaveanews.com\/wp-content\/uploads\/Davide-Ancelotti.png\",\"contentUrl\":\"https:\/\/www.gaveanews.com\/wp-content\/uploads\/Davide-Ancelotti.png\",\"width\":1200,\"height\":900,\"caption\":\"Davide Ancelotti em coletiva pelo Botafogo (Foto: Reprodu\u00e7\u00e3o)\"},{\"@type\":\"BreadcrumbList\",\"@id\":\"https:\/\/www.gaveanews.com\/index.php\/2025\/10\/14\/boa-noticia-botafogo-tem-mais-um-desfalque-confirmado-para-jogo-contra-o-flamengo\/#breadcrumb\",\"itemListElement\":[{\"@type\":\"ListItem\",\"position\":1,\"name\":\"Home\",\"item\":\"https:\/\/www.gaveanews.com\/\"},{\"@type\":\"ListItem\",\"position\":2,\"name\":\"Boa not\u00edcia! Botafogo tem mais um desfalque confirmado para jogo contra o Flamengo\"}]},{\"@type\":\"WebSite\",\"@id\":\"https:\/\/www.gaveanews.com\/#website\",\"url\":\"https:\/\/www.gaveanews.com\/\",\"name\":\"G\u00e1vea News\",\"description\":\"Veja todas as not\u00edcias sobre o Flamengo: Contrata\u00e7\u00f5es, categorias de base, resultados das partidas, tabela de classifica\u00e7\u00e3o, pr\u00f3ximos jogos!\",\"potentialAction\":[{\"@type\":\"SearchAction\",\"target\":{\"@type\":\"EntryPoint\",\"urlTemplate\":\"https:\/\/www.gaveanews.com\/?s={search_term_string}\"},\"query-input\":{\"@type\":\"PropertyValueSpecification\",\"valueRequired\":true,\"valueName\":\"search_term_string\"}}],\"inLanguage\":\"pt-BR\"},{\"@type\":\"Person\",\"@id\":\"https:\/\/www.gaveanews.com\/#\/schema\/person\/c88645e3d550d0b6574305e67dd5a716\",\"name\":\"Reda\u00e7\u00e3o\",\"image\":{\"@type\":\"ImageObject\",\"inLanguage\":\"pt-BR\",\"@id\":\"https:\/\/www.gaveanews.com\/#\/schema\/person\/image\/\",\"url\":\"https:\/\/secure.gravatar.com\/avatar\/434098fd823f0dc1b062d14ca22bacaa6e38de28d8c816bbef6fc2f8c44d8ba3?s=96&d=mm&r=g\",\"contentUrl\":\"https:\/\/secure.gravatar.com\/avatar\/434098fd823f0dc1b062d14ca22bacaa6e38de28d8c816bbef6fc2f8c44d8ba3?s=96&d=mm&r=g\",\"caption\":\"Reda\u00e7\u00e3o\"}}]}<\/script>\n<!-- \/ Yoast SEO Premium plugin. -->","yoast_head_json":{"title":"Boa not\u00edcia! Botafogo tem mais um desfalque confirmado para jogo contra o Flamengo","robots":{"index":"index","follow":"follow","max-snippet":"max-snippet:-1","max-image-preview":"max-image-preview:large","max-video-preview":"max-video-preview:-1"},"canonical":"https:\/\/www.gaveanews.com\/index.php\/2025\/10\/14\/boa-noticia-botafogo-tem-mais-um-desfalque-confirmado-para-jogo-contra-o-flamengo\/","og_locale":"pt_BR","og_type":"article","og_title":"Boa not\u00edcia! Botafogo tem mais um desfalque confirmado para jogo contra o Flamengo","og_description":"Botafogo e Flamengo se enfrentam nesta quarta-feira (15), \u00e0s 19h30 (hor\u00e1rio de Bras\u00edlia), no Est\u00e1dio Nilton Santos, pela 28\u00aa rodada do Campeonato Brasileiro. A partida marca o retorno das equipes ap\u00f3s a Data Fifa. O lateral-direito Vitinho n\u00e3o estar\u00e1 dispon\u00edvel. Ele defendeu a Sele\u00e7\u00e3o Brasileira e s\u00f3 desembarca no Rio de Janeiro na quinta-feira (16), [&hellip;]","og_url":"https:\/\/www.gaveanews.com\/index.php\/2025\/10\/14\/boa-noticia-botafogo-tem-mais-um-desfalque-confirmado-para-jogo-contra-o-flamengo\/","og_site_name":"G\u00e1vea News","article_publisher":"https:\/\/facebook.com\/gaveaNews\/","article_published_time":"2025-10-15T00:00:00+00:00","og_image":[{"width":1200,"height":900,"url":"https:\/\/www.gaveanews.com\/wp-content\/uploads\/Davide-Ancelotti.png","type":"image\/png"}],"author":"Reda\u00e7\u00e3o","twitter_card":"summary_large_image","twitter_misc":{"Escrito por":"Reda\u00e7\u00e3o","Est. tempo de leitura":"3 minutos"},"schema":{"@context":"https:\/\/schema.org","@graph":[{"@type":"NewsArticle","@id":"https:\/\/www.gaveanews.com\/index.php\/2025\/10\/14\/boa-noticia-botafogo-tem-mais-um-desfalque-confirmado-para-jogo-contra-o-flamengo\/#article","isPartOf":{"@id":"https:\/\/www.gaveanews.com\/index.php\/2025\/10\/14\/boa-noticia-botafogo-tem-mais-um-desfalque-confirmado-para-jogo-contra-o-flamengo\/"},"author":{"name":"Reda\u00e7\u00e3o","@id":"https:\/\/www.gaveanews.com\/#\/schema\/person\/c88645e3d550d0b6574305e67dd5a716"},"headline":"Boa not\u00edcia! Botafogo tem mais um desfalque confirmado para jogo contra o Flamengo","datePublished":"2025-10-15T00:00:00+00:00","mainEntityOfPage":{"@id":"https:\/\/www.gaveanews.com\/index.php\/2025\/10\/14\/boa-noticia-botafogo-tem-mais-um-desfalque-confirmado-para-jogo-contra-o-flamengo\/"},"wordCount":405,"commentCount":0,"image":{"@id":"https:\/\/www.gaveanews.com\/index.php\/2025\/10\/14\/boa-noticia-botafogo-tem-mais-um-desfalque-confirmado-para-jogo-contra-o-flamengo\/#primaryimage"},"thumbnailUrl":"https:\/\/www.gaveanews.com\/wp-content\/uploads\/Davide-Ancelotti.png","articleSection":["Flamengo"],"inLanguage":"pt-BR","potentialAction":[{"@type":"CommentAction","name":"Comment","target":["https:\/\/www.gaveanews.com\/index.php\/2025\/10\/14\/boa-noticia-botafogo-tem-mais-um-desfalque-confirmado-para-jogo-contra-o-flamengo\/#respond"]}],"copyrightYear":"2025","copyrightHolder":{"@id":"https:\/\/www.gaveanews.com\/#organization"}},{"@type":"WebPage","@id":"https:\/\/www.gaveanews.com\/index.php\/2025\/10\/14\/boa-noticia-botafogo-tem-mais-um-desfalque-confirmado-para-jogo-contra-o-flamengo\/","url":"https:\/\/www.gaveanews.com\/index.php\/2025\/10\/14\/boa-noticia-botafogo-tem-mais-um-desfalque-confirmado-para-jogo-contra-o-flamengo\/","name":"Boa not\u00edcia! Botafogo tem mais um desfalque confirmado para jogo contra o Flamengo","isPartOf":{"@id":"https:\/\/www.gaveanews.com\/#website"},"primaryImageOfPage":{"@id":"https:\/\/www.gaveanews.com\/index.php\/2025\/10\/14\/boa-noticia-botafogo-tem-mais-um-desfalque-confirmado-para-jogo-contra-o-flamengo\/#primaryimage"},"image":{"@id":"https:\/\/www.gaveanews.com\/index.php\/2025\/10\/14\/boa-noticia-botafogo-tem-mais-um-desfalque-confirmado-para-jogo-contra-o-flamengo\/#primaryimage"},"thumbnailUrl":"https:\/\/www.gaveanews.com\/wp-content\/uploads\/Davide-Ancelotti.png","datePublished":"2025-10-15T00:00:00+00:00","author":{"@id":"https:\/\/www.gaveanews.com\/#\/schema\/person\/c88645e3d550d0b6574305e67dd5a716"},"breadcrumb":{"@id":"https:\/\/www.gaveanews.com\/index.php\/2025\/10\/14\/boa-noticia-botafogo-tem-mais-um-desfalque-confirmado-para-jogo-contra-o-flamengo\/#breadcrumb"},"inLanguage":"pt-BR","potentialAction":[{"@type":"ReadAction","target":["https:\/\/www.gaveanews.com\/index.php\/2025\/10\/14\/boa-noticia-botafogo-tem-mais-um-desfalque-confirmado-para-jogo-contra-o-flamengo\/"]}]},{"@type":"ImageObject","inLanguage":"pt-BR","@id":"https:\/\/www.gaveanews.com\/index.php\/2025\/10\/14\/boa-noticia-botafogo-tem-mais-um-desfalque-confirmado-para-jogo-contra-o-flamengo\/#primaryimage","url":"https:\/\/www.gaveanews.com\/wp-content\/uploads\/Davide-Ancelotti.png","contentUrl":"https:\/\/www.gaveanews.com\/wp-content\/uploads\/Davide-Ancelotti.png","width":1200,"height":900,"caption":"Davide Ancelotti em coletiva pelo Botafogo (Foto: Reprodu\u00e7\u00e3o)"},{"@type":"BreadcrumbList","@id":"https:\/\/www.gaveanews.com\/index.php\/2025\/10\/14\/boa-noticia-botafogo-tem-mais-um-desfalque-confirmado-para-jogo-contra-o-flamengo\/#breadcrumb","itemListElement":[{"@type":"ListItem","position":1,"name":"Home","item":"https:\/\/www.gaveanews.com\/"},{"@type":"ListItem","position":2,"name":"Boa not\u00edcia! Botafogo tem mais um desfalque confirmado para jogo contra o Flamengo"}]},{"@type":"WebSite","@id":"https:\/\/www.gaveanews.com\/#website","url":"https:\/\/www.gaveanews.com\/","name":"G\u00e1vea News","description":"Veja todas as not\u00edcias sobre o Flamengo: Contrata\u00e7\u00f5es, categorias de base, resultados das partidas, tabela de classifica\u00e7\u00e3o, pr\u00f3ximos jogos!","potentialAction":[{"@type":"SearchAction","target":{"@type":"EntryPoint","urlTemplate":"https:\/\/www.gaveanews.com\/?s={search_term_string}"},"query-input":{"@type":"PropertyValueSpecification","valueRequired":true,"valueName":"search_term_string"}}],"inLanguage":"pt-BR"},{"@type":"Person","@id":"https:\/\/www.gaveanews.com\/#\/schema\/person\/c88645e3d550d0b6574305e67dd5a716","name":"Reda\u00e7\u00e3o","image":{"@type":"ImageObject","inLanguage":"pt-BR","@id":"https:\/\/www.gaveanews.com\/#\/schema\/person\/image\/","url":"https:\/\/secure.gravatar.com\/avatar\/434098fd823f0dc1b062d14ca22bacaa6e38de28d8c816bbef6fc2f8c44d8ba3?s=96&d=mm&r=g","contentUrl":"https:\/\/secure.gravatar.com\/avatar\/434098fd823f0dc1b062d14ca22bacaa6e38de28d8c816bbef6fc2f8c44d8ba3?s=96&d=mm&r=g","caption":"Reda\u00e7\u00e3o"}}]}},"_links":{"self":[{"href":"https:\/\/www.gaveanews.com\/index.php\/wp-json\/wp\/v2\/posts\/278500","targetHints":{"allow":["GET"]}}],"collection":[{"href":"https:\/\/www.gaveanews.com\/index.php\/wp-json\/wp\/v2\/posts"}],"about":[{"href":"https:\/\/www.gaveanews.com\/index.php\/wp-json\/wp\/v2\/types\/post"}],"author":[{"embeddable":true,"href":"https:\/\/www.gaveanews.com\/index.php\/wp-json\/wp\/v2\/users\/39"}],"replies":[{"embeddable":true,"href":"https:\/\/www.gaveanews.com\/index.php\/wp-json\/wp\/v2\/comments?post=278500"}],"version-history":[{"count":1,"href":"https:\/\/www.gaveanews.com\/index.php\/wp-json\/wp\/v2\/posts\/278500\/revisions"}],"predecessor-version":[{"id":278514,"href":"https:\/\/www.gaveanews.com\/index.php\/wp-json\/wp\/v2\/posts\/278500\/revisions\/278514"}],"wp:featuredmedia":[{"embeddable":true,"href":"https:\/\/www.gaveanews.com\/index.php\/wp-json\/wp\/v2\/media\/274466"}],"wp:attachment":[{"href":"https:\/\/www.gaveanews.com\/index.php\/wp-json\/wp\/v2\/media?parent=278500"}],"wp:term":[{"taxonomy":"category","embeddable":true,"href":"https:\/\/www.gaveanews.com\/index.php\/wp-json\/wp\/v2\/categories?post=278500"},{"taxonomy":"post_tag","embeddable":true,"href":"https:\/\/www.gaveanews.com\/index.php\/wp-json\/wp\/v2\/tags?post=278500"}],"curies":[{"name":"wp","href":"https:\/\/api.w.org\/{rel}","templated":true}]}}