{"id":278501,"date":"2025-10-14T21:30:00","date_gmt":"2025-10-15T00:30:00","guid":{"rendered":"https:\/\/www.gaveanews.com\/?p=278501"},"modified":"2025-10-14T19:44:20","modified_gmt":"2025-10-14T22:44:20","slug":"partida-do-flamengo-no-brasileirao-pode-sofrer-alteracao","status":"publish","type":"post","link":"https:\/\/www.gaveanews.com\/index.php\/2025\/10\/14\/partida-do-flamengo-no-brasileirao-pode-sofrer-alteracao\/","title":{"rendered":"Partida do Flamengo no Brasileir\u00e3o pode sofrer altera\u00e7\u00e3o"},"content":{"rendered":"\n<p>Com a data inicialmente definida para o confronto entre Sport e Flamengo, v\u00e1lido pela 12\u00aa rodada do Campeonato Brasileiro, o clube pernambucano enfrenta agora um obst\u00e1culo que pode alterar os planos da partida. O duelo foi agendado para quinta-feira (13 de novembro), \u00e0s 20h30 (hor\u00e1rio de Bras\u00edlia), na Arena de Pernambuco, em S\u00e3o Louren\u00e7o da Mata, mas um evento imobili\u00e1rio previsto para o mesmo per\u00edodo coloca a realiza\u00e7\u00e3o da partida em risco.<\/p>\n\n\n\n<p>Anteriormente, o Sport firmou um acordo com uma empresa privada para repassar a opera\u00e7\u00e3o do jogo. Pelo contrato, a empresa desembolsou R$ 3 milh\u00f5es para assumir a receita da partida. Como contrapartida, o clube manteve o mando de campo e garantiu a presen\u00e7a de sua torcida no est\u00e1dio. No entanto, o contrato tamb\u00e9m prev\u00ea uma multa de 20% (equivalente a R$ 600 mil) em caso de cancelamento, valor j\u00e1 utilizado pelo clube, o que pressiona ainda mais pela realiza\u00e7\u00e3o do jogo.<\/p>\n\n\n\n<p>A mudan\u00e7a de local, da Ilha do Retiro para a Arena de Pernambuco, foi justificada pelo Sport como uma escolha estrat\u00e9gica baseada em ganho financeiro e capacidade de p\u00fablico. Ali\u00e1s, a renda esperada \u00e9 a maior da hist\u00f3ria do futebol pernambucano para uma \u00fanica partida, superando os R$ 1,8 milh\u00e3o brutos do cl\u00e1ssico contra o N\u00e1utico, pela final do estadual em 2024.<\/p>\n\n\n\n<p>Apesar do impasse, a diretoria rubro-negra afirma que n\u00e3o cogitou vender o mando de campo nem retirar o jogo do estado. Conforme nota oficial divulgada, \u201cem nenhum momento cogitou-se retirar a partida de Pernambuco\u201d. A transfer\u00eancia para a Arena, segundo o clube, \u201cn\u00e3o configura venda de mando de campo\u201d.<\/p>\n\n\n\n<p>A Federa\u00e7\u00e3o Pernambucana de Futebol se posicionou por meio de seu presidente, Evandro Carvalho, que confirmou ter se reunido com o Sport para buscar uma alternativa de data. Entretanto, ele ressaltou que a CBF n\u00e3o deve impor obst\u00e1culos \u00e0 mudan\u00e7a, embora a defini\u00e7\u00e3o dependa do aval do Flamengo. O clube carioca s\u00f3 teria aceitado jogar no dia 13 porque o Palmeiras, concorrente direto na disputa pelo t\u00edtulo, tamb\u00e9m joga na mesma data, o que equilibra a tabela.<\/p>\n\n\n\n<p>O Sport segue em tratativas com a Confedera\u00e7\u00e3o Brasileira de Futebol e a FPF para tentar uma nova data. Contudo, qualquer mudan\u00e7a ainda precisa passar pelo crivo do Flamengo, que pode n\u00e3o aceitar uma altera\u00e7\u00e3o no cronograma.<\/p>\n\n\n\n<p>Por fim, o clube pernambucano refor\u00e7ou que segue analisando propostas futuras que envolvam a utiliza\u00e7\u00e3o da Arena de Pernambuco, desde que tragam benef\u00edcios esportivos e econ\u00f4micos. Nesse momento, o desafio \u00e9 alinhar log\u00edstica, calend\u00e1rio e interesses contratuais para evitar preju\u00edzos e assegurar a realiza\u00e7\u00e3o da partida em seu territ\u00f3rio.<\/p>\n","protected":false},"excerpt":{"rendered":"<p>Com a data inicialmente definida para o confronto entre Sport e Flamengo, v\u00e1lido pela 12\u00aa rodada do Campeonato Brasileiro, o clube pernambucano enfrenta agora um obst\u00e1culo que pode alterar os planos da partida. O duelo foi agendado para quinta-feira (13 de novembro), \u00e0s 20h30 (hor\u00e1rio de Bras\u00edlia), na Arena de Pernambuco, em S\u00e3o Louren\u00e7o da [&hellip;]<\/p>\n","protected":false},"author":39,"featured_media":276364,"comment_status":"open","ping_status":"closed","sticky":false,"template":"","format":"standard","meta":{"footnotes":""},"categories":[1],"tags":[],"class_list":["post-278501","post","type-post","status-publish","format-standard","has-post-thumbnail","hentry","category-flamengo"],"yoast_head":"<!-- This site is optimized with the Yoast SEO Premium plugin v24.2 (Yoast SEO v26.9) - https:\/\/yoast.com\/product\/yoast-seo-premium-wordpress\/ -->\n<title>Partida do Flamengo no Brasileir\u00e3o pode sofrer altera\u00e7\u00e3o<\/title>\n<meta name=\"robots\" content=\"index, follow, max-snippet:-1, max-image-preview:large, max-video-preview:-1\" \/>\n<link rel=\"canonical\" href=\"https:\/\/www.gaveanews.com\/index.php\/2025\/10\/14\/partida-do-flamengo-no-brasileirao-pode-sofrer-alteracao\/\" \/>\n<meta property=\"og:locale\" content=\"pt_BR\" \/>\n<meta property=\"og:type\" content=\"article\" \/>\n<meta property=\"og:title\" content=\"Partida do Flamengo no Brasileir\u00e3o pode sofrer altera\u00e7\u00e3o\" \/>\n<meta property=\"og:description\" content=\"Com a data inicialmente definida para o confronto entre Sport e Flamengo, v\u00e1lido pela 12\u00aa rodada do Campeonato Brasileiro, o clube pernambucano enfrenta agora um obst\u00e1culo que pode alterar os planos da partida. O duelo foi agendado para quinta-feira (13 de novembro), \u00e0s 20h30 (hor\u00e1rio de Bras\u00edlia), na Arena de Pernambuco, em S\u00e3o Louren\u00e7o da [&hellip;]\" \/>\n<meta property=\"og:url\" content=\"https:\/\/www.gaveanews.com\/index.php\/2025\/10\/14\/partida-do-flamengo-no-brasileirao-pode-sofrer-alteracao\/\" \/>\n<meta property=\"og:site_name\" content=\"G\u00e1vea News\" \/>\n<meta property=\"article:publisher\" content=\"https:\/\/facebook.com\/gaveaNews\/\" \/>\n<meta property=\"article:published_time\" content=\"2025-10-15T00:30:00+00:00\" \/>\n<meta property=\"og:image\" content=\"https:\/\/www.gaveanews.com\/wp-content\/uploads\/Samuel-Lino-Leo-Pereira-Pedro-Leo-Ortiz-Flamengo.jpg\" \/>\n\t<meta property=\"og:image:width\" content=\"1280\" \/>\n\t<meta property=\"og:image:height\" content=\"960\" \/>\n\t<meta property=\"og:image:type\" content=\"image\/jpeg\" \/>\n<meta name=\"author\" content=\"Reda\u00e7\u00e3o\" \/>\n<meta name=\"twitter:card\" content=\"summary_large_image\" \/>\n<meta name=\"twitter:label1\" content=\"Escrito por\" \/>\n\t<meta name=\"twitter:data1\" content=\"Reda\u00e7\u00e3o\" \/>\n\t<meta name=\"twitter:label2\" content=\"Est. tempo de leitura\" \/>\n\t<meta name=\"twitter:data2\" content=\"3 minutos\" \/>\n<script type=\"application\/ld+json\" class=\"yoast-schema-graph\">{\"@context\":\"https:\/\/schema.org\",\"@graph\":[{\"@type\":\"NewsArticle\",\"@id\":\"https:\/\/www.gaveanews.com\/index.php\/2025\/10\/14\/partida-do-flamengo-no-brasileirao-pode-sofrer-alteracao\/#article\",\"isPartOf\":{\"@id\":\"https:\/\/www.gaveanews.com\/index.php\/2025\/10\/14\/partida-do-flamengo-no-brasileirao-pode-sofrer-alteracao\/\"},\"author\":{\"name\":\"Reda\u00e7\u00e3o\",\"@id\":\"https:\/\/www.gaveanews.com\/#\/schema\/person\/c88645e3d550d0b6574305e67dd5a716\"},\"headline\":\"Partida do Flamengo no Brasileir\u00e3o pode sofrer altera\u00e7\u00e3o\",\"datePublished\":\"2025-10-15T00:30:00+00:00\",\"mainEntityOfPage\":{\"@id\":\"https:\/\/www.gaveanews.com\/index.php\/2025\/10\/14\/partida-do-flamengo-no-brasileirao-pode-sofrer-alteracao\/\"},\"wordCount\":472,\"commentCount\":0,\"image\":{\"@id\":\"https:\/\/www.gaveanews.com\/index.php\/2025\/10\/14\/partida-do-flamengo-no-brasileirao-pode-sofrer-alteracao\/#primaryimage\"},\"thumbnailUrl\":\"https:\/\/www.gaveanews.com\/wp-content\/uploads\/Samuel-Lino-Leo-Pereira-Pedro-Leo-Ortiz-Flamengo.jpg\",\"articleSection\":[\"Flamengo\"],\"inLanguage\":\"pt-BR\",\"potentialAction\":[{\"@type\":\"CommentAction\",\"name\":\"Comment\",\"target\":[\"https:\/\/www.gaveanews.com\/index.php\/2025\/10\/14\/partida-do-flamengo-no-brasileirao-pode-sofrer-alteracao\/#respond\"]}],\"copyrightYear\":\"2025\",\"copyrightHolder\":{\"@id\":\"https:\/\/www.gaveanews.com\/#organization\"}},{\"@type\":\"WebPage\",\"@id\":\"https:\/\/www.gaveanews.com\/index.php\/2025\/10\/14\/partida-do-flamengo-no-brasileirao-pode-sofrer-alteracao\/\",\"url\":\"https:\/\/www.gaveanews.com\/index.php\/2025\/10\/14\/partida-do-flamengo-no-brasileirao-pode-sofrer-alteracao\/\",\"name\":\"Partida do Flamengo no Brasileir\u00e3o pode sofrer altera\u00e7\u00e3o\",\"isPartOf\":{\"@id\":\"https:\/\/www.gaveanews.com\/#website\"},\"primaryImageOfPage\":{\"@id\":\"https:\/\/www.gaveanews.com\/index.php\/2025\/10\/14\/partida-do-flamengo-no-brasileirao-pode-sofrer-alteracao\/#primaryimage\"},\"image\":{\"@id\":\"https:\/\/www.gaveanews.com\/index.php\/2025\/10\/14\/partida-do-flamengo-no-brasileirao-pode-sofrer-alteracao\/#primaryimage\"},\"thumbnailUrl\":\"https:\/\/www.gaveanews.com\/wp-content\/uploads\/Samuel-Lino-Leo-Pereira-Pedro-Leo-Ortiz-Flamengo.jpg\",\"datePublished\":\"2025-10-15T00:30:00+00:00\",\"author\":{\"@id\":\"https:\/\/www.gaveanews.com\/#\/schema\/person\/c88645e3d550d0b6574305e67dd5a716\"},\"breadcrumb\":{\"@id\":\"https:\/\/www.gaveanews.com\/index.php\/2025\/10\/14\/partida-do-flamengo-no-brasileirao-pode-sofrer-alteracao\/#breadcrumb\"},\"inLanguage\":\"pt-BR\",\"potentialAction\":[{\"@type\":\"ReadAction\",\"target\":[\"https:\/\/www.gaveanews.com\/index.php\/2025\/10\/14\/partida-do-flamengo-no-brasileirao-pode-sofrer-alteracao\/\"]}]},{\"@type\":\"ImageObject\",\"inLanguage\":\"pt-BR\",\"@id\":\"https:\/\/www.gaveanews.com\/index.php\/2025\/10\/14\/partida-do-flamengo-no-brasileirao-pode-sofrer-alteracao\/#primaryimage\",\"url\":\"https:\/\/www.gaveanews.com\/wp-content\/uploads\/Samuel-Lino-Leo-Pereira-Pedro-Leo-Ortiz-Flamengo.jpg\",\"contentUrl\":\"https:\/\/www.gaveanews.com\/wp-content\/uploads\/Samuel-Lino-Leo-Pereira-Pedro-Leo-Ortiz-Flamengo.jpg\",\"width\":1280,\"height\":960,\"caption\":\"Flamengo no Maracan\u00e3 (Foto: Adriano Fontes\/CRF)\"},{\"@type\":\"BreadcrumbList\",\"@id\":\"https:\/\/www.gaveanews.com\/index.php\/2025\/10\/14\/partida-do-flamengo-no-brasileirao-pode-sofrer-alteracao\/#breadcrumb\",\"itemListElement\":[{\"@type\":\"ListItem\",\"position\":1,\"name\":\"Home\",\"item\":\"https:\/\/www.gaveanews.com\/\"},{\"@type\":\"ListItem\",\"position\":2,\"name\":\"Partida do Flamengo no Brasileir\u00e3o pode sofrer altera\u00e7\u00e3o\"}]},{\"@type\":\"WebSite\",\"@id\":\"https:\/\/www.gaveanews.com\/#website\",\"url\":\"https:\/\/www.gaveanews.com\/\",\"name\":\"G\u00e1vea News\",\"description\":\"Veja todas as not\u00edcias sobre o Flamengo: Contrata\u00e7\u00f5es, categorias de base, resultados das partidas, tabela de classifica\u00e7\u00e3o, pr\u00f3ximos jogos!\",\"potentialAction\":[{\"@type\":\"SearchAction\",\"target\":{\"@type\":\"EntryPoint\",\"urlTemplate\":\"https:\/\/www.gaveanews.com\/?s={search_term_string}\"},\"query-input\":{\"@type\":\"PropertyValueSpecification\",\"valueRequired\":true,\"valueName\":\"search_term_string\"}}],\"inLanguage\":\"pt-BR\"},{\"@type\":\"Person\",\"@id\":\"https:\/\/www.gaveanews.com\/#\/schema\/person\/c88645e3d550d0b6574305e67dd5a716\",\"name\":\"Reda\u00e7\u00e3o\",\"image\":{\"@type\":\"ImageObject\",\"inLanguage\":\"pt-BR\",\"@id\":\"https:\/\/www.gaveanews.com\/#\/schema\/person\/image\/\",\"url\":\"https:\/\/secure.gravatar.com\/avatar\/434098fd823f0dc1b062d14ca22bacaa6e38de28d8c816bbef6fc2f8c44d8ba3?s=96&d=mm&r=g\",\"contentUrl\":\"https:\/\/secure.gravatar.com\/avatar\/434098fd823f0dc1b062d14ca22bacaa6e38de28d8c816bbef6fc2f8c44d8ba3?s=96&d=mm&r=g\",\"caption\":\"Reda\u00e7\u00e3o\"}}]}<\/script>\n<!-- \/ Yoast SEO Premium plugin. -->","yoast_head_json":{"title":"Partida do Flamengo no Brasileir\u00e3o pode sofrer altera\u00e7\u00e3o","robots":{"index":"index","follow":"follow","max-snippet":"max-snippet:-1","max-image-preview":"max-image-preview:large","max-video-preview":"max-video-preview:-1"},"canonical":"https:\/\/www.gaveanews.com\/index.php\/2025\/10\/14\/partida-do-flamengo-no-brasileirao-pode-sofrer-alteracao\/","og_locale":"pt_BR","og_type":"article","og_title":"Partida do Flamengo no Brasileir\u00e3o pode sofrer altera\u00e7\u00e3o","og_description":"Com a data inicialmente definida para o confronto entre Sport e Flamengo, v\u00e1lido pela 12\u00aa rodada do Campeonato Brasileiro, o clube pernambucano enfrenta agora um obst\u00e1culo que pode alterar os planos da partida. O duelo foi agendado para quinta-feira (13 de novembro), \u00e0s 20h30 (hor\u00e1rio de Bras\u00edlia), na Arena de Pernambuco, em S\u00e3o Louren\u00e7o da [&hellip;]","og_url":"https:\/\/www.gaveanews.com\/index.php\/2025\/10\/14\/partida-do-flamengo-no-brasileirao-pode-sofrer-alteracao\/","og_site_name":"G\u00e1vea News","article_publisher":"https:\/\/facebook.com\/gaveaNews\/","article_published_time":"2025-10-15T00:30:00+00:00","og_image":[{"width":1280,"height":960,"url":"https:\/\/www.gaveanews.com\/wp-content\/uploads\/Samuel-Lino-Leo-Pereira-Pedro-Leo-Ortiz-Flamengo.jpg","type":"image\/jpeg"}],"author":"Reda\u00e7\u00e3o","twitter_card":"summary_large_image","twitter_misc":{"Escrito por":"Reda\u00e7\u00e3o","Est. tempo de leitura":"3 minutos"},"schema":{"@context":"https:\/\/schema.org","@graph":[{"@type":"NewsArticle","@id":"https:\/\/www.gaveanews.com\/index.php\/2025\/10\/14\/partida-do-flamengo-no-brasileirao-pode-sofrer-alteracao\/#article","isPartOf":{"@id":"https:\/\/www.gaveanews.com\/index.php\/2025\/10\/14\/partida-do-flamengo-no-brasileirao-pode-sofrer-alteracao\/"},"author":{"name":"Reda\u00e7\u00e3o","@id":"https:\/\/www.gaveanews.com\/#\/schema\/person\/c88645e3d550d0b6574305e67dd5a716"},"headline":"Partida do Flamengo no Brasileir\u00e3o pode sofrer altera\u00e7\u00e3o","datePublished":"2025-10-15T00:30:00+00:00","mainEntityOfPage":{"@id":"https:\/\/www.gaveanews.com\/index.php\/2025\/10\/14\/partida-do-flamengo-no-brasileirao-pode-sofrer-alteracao\/"},"wordCount":472,"commentCount":0,"image":{"@id":"https:\/\/www.gaveanews.com\/index.php\/2025\/10\/14\/partida-do-flamengo-no-brasileirao-pode-sofrer-alteracao\/#primaryimage"},"thumbnailUrl":"https:\/\/www.gaveanews.com\/wp-content\/uploads\/Samuel-Lino-Leo-Pereira-Pedro-Leo-Ortiz-Flamengo.jpg","articleSection":["Flamengo"],"inLanguage":"pt-BR","potentialAction":[{"@type":"CommentAction","name":"Comment","target":["https:\/\/www.gaveanews.com\/index.php\/2025\/10\/14\/partida-do-flamengo-no-brasileirao-pode-sofrer-alteracao\/#respond"]}],"copyrightYear":"2025","copyrightHolder":{"@id":"https:\/\/www.gaveanews.com\/#organization"}},{"@type":"WebPage","@id":"https:\/\/www.gaveanews.com\/index.php\/2025\/10\/14\/partida-do-flamengo-no-brasileirao-pode-sofrer-alteracao\/","url":"https:\/\/www.gaveanews.com\/index.php\/2025\/10\/14\/partida-do-flamengo-no-brasileirao-pode-sofrer-alteracao\/","name":"Partida do Flamengo no Brasileir\u00e3o pode sofrer altera\u00e7\u00e3o","isPartOf":{"@id":"https:\/\/www.gaveanews.com\/#website"},"primaryImageOfPage":{"@id":"https:\/\/www.gaveanews.com\/index.php\/2025\/10\/14\/partida-do-flamengo-no-brasileirao-pode-sofrer-alteracao\/#primaryimage"},"image":{"@id":"https:\/\/www.gaveanews.com\/index.php\/2025\/10\/14\/partida-do-flamengo-no-brasileirao-pode-sofrer-alteracao\/#primaryimage"},"thumbnailUrl":"https:\/\/www.gaveanews.com\/wp-content\/uploads\/Samuel-Lino-Leo-Pereira-Pedro-Leo-Ortiz-Flamengo.jpg","datePublished":"2025-10-15T00:30:00+00:00","author":{"@id":"https:\/\/www.gaveanews.com\/#\/schema\/person\/c88645e3d550d0b6574305e67dd5a716"},"breadcrumb":{"@id":"https:\/\/www.gaveanews.com\/index.php\/2025\/10\/14\/partida-do-flamengo-no-brasileirao-pode-sofrer-alteracao\/#breadcrumb"},"inLanguage":"pt-BR","potentialAction":[{"@type":"ReadAction","target":["https:\/\/www.gaveanews.com\/index.php\/2025\/10\/14\/partida-do-flamengo-no-brasileirao-pode-sofrer-alteracao\/"]}]},{"@type":"ImageObject","inLanguage":"pt-BR","@id":"https:\/\/www.gaveanews.com\/index.php\/2025\/10\/14\/partida-do-flamengo-no-brasileirao-pode-sofrer-alteracao\/#primaryimage","url":"https:\/\/www.gaveanews.com\/wp-content\/uploads\/Samuel-Lino-Leo-Pereira-Pedro-Leo-Ortiz-Flamengo.jpg","contentUrl":"https:\/\/www.gaveanews.com\/wp-content\/uploads\/Samuel-Lino-Leo-Pereira-Pedro-Leo-Ortiz-Flamengo.jpg","width":1280,"height":960,"caption":"Flamengo no Maracan\u00e3 (Foto: Adriano Fontes\/CRF)"},{"@type":"BreadcrumbList","@id":"https:\/\/www.gaveanews.com\/index.php\/2025\/10\/14\/partida-do-flamengo-no-brasileirao-pode-sofrer-alteracao\/#breadcrumb","itemListElement":[{"@type":"ListItem","position":1,"name":"Home","item":"https:\/\/www.gaveanews.com\/"},{"@type":"ListItem","position":2,"name":"Partida do Flamengo no Brasileir\u00e3o pode sofrer altera\u00e7\u00e3o"}]},{"@type":"WebSite","@id":"https:\/\/www.gaveanews.com\/#website","url":"https:\/\/www.gaveanews.com\/","name":"G\u00e1vea News","description":"Veja todas as not\u00edcias sobre o Flamengo: Contrata\u00e7\u00f5es, categorias de base, resultados das partidas, tabela de classifica\u00e7\u00e3o, pr\u00f3ximos jogos!","potentialAction":[{"@type":"SearchAction","target":{"@type":"EntryPoint","urlTemplate":"https:\/\/www.gaveanews.com\/?s={search_term_string}"},"query-input":{"@type":"PropertyValueSpecification","valueRequired":true,"valueName":"search_term_string"}}],"inLanguage":"pt-BR"},{"@type":"Person","@id":"https:\/\/www.gaveanews.com\/#\/schema\/person\/c88645e3d550d0b6574305e67dd5a716","name":"Reda\u00e7\u00e3o","image":{"@type":"ImageObject","inLanguage":"pt-BR","@id":"https:\/\/www.gaveanews.com\/#\/schema\/person\/image\/","url":"https:\/\/secure.gravatar.com\/avatar\/434098fd823f0dc1b062d14ca22bacaa6e38de28d8c816bbef6fc2f8c44d8ba3?s=96&d=mm&r=g","contentUrl":"https:\/\/secure.gravatar.com\/avatar\/434098fd823f0dc1b062d14ca22bacaa6e38de28d8c816bbef6fc2f8c44d8ba3?s=96&d=mm&r=g","caption":"Reda\u00e7\u00e3o"}}]}},"_links":{"self":[{"href":"https:\/\/www.gaveanews.com\/index.php\/wp-json\/wp\/v2\/posts\/278501","targetHints":{"allow":["GET"]}}],"collection":[{"href":"https:\/\/www.gaveanews.com\/index.php\/wp-json\/wp\/v2\/posts"}],"about":[{"href":"https:\/\/www.gaveanews.com\/index.php\/wp-json\/wp\/v2\/types\/post"}],"author":[{"embeddable":true,"href":"https:\/\/www.gaveanews.com\/index.php\/wp-json\/wp\/v2\/users\/39"}],"replies":[{"embeddable":true,"href":"https:\/\/www.gaveanews.com\/index.php\/wp-json\/wp\/v2\/comments?post=278501"}],"version-history":[{"count":1,"href":"https:\/\/www.gaveanews.com\/index.php\/wp-json\/wp\/v2\/posts\/278501\/revisions"}],"predecessor-version":[{"id":278516,"href":"https:\/\/www.gaveanews.com\/index.php\/wp-json\/wp\/v2\/posts\/278501\/revisions\/278516"}],"wp:featuredmedia":[{"embeddable":true,"href":"https:\/\/www.gaveanews.com\/index.php\/wp-json\/wp\/v2\/media\/276364"}],"wp:attachment":[{"href":"https:\/\/www.gaveanews.com\/index.php\/wp-json\/wp\/v2\/media?parent=278501"}],"wp:term":[{"taxonomy":"category","embeddable":true,"href":"https:\/\/www.gaveanews.com\/index.php\/wp-json\/wp\/v2\/categories?post=278501"},{"taxonomy":"post_tag","embeddable":true,"href":"https:\/\/www.gaveanews.com\/index.php\/wp-json\/wp\/v2\/tags?post=278501"}],"curies":[{"name":"wp","href":"https:\/\/api.w.org\/{rel}","templated":true}]}}