{"id":278502,"date":"2025-10-14T22:00:00","date_gmt":"2025-10-15T01:00:00","guid":{"rendered":"https:\/\/www.gaveanews.com\/?p=278502"},"modified":"2025-10-14T19:57:04","modified_gmt":"2025-10-14T22:57:04","slug":"em-meio-a-rumores-pai-de-gerson-ja-falou-sobre-ida-do-jogador-para-o-palmeiras","status":"publish","type":"post","link":"https:\/\/www.gaveanews.com\/index.php\/2025\/10\/14\/em-meio-a-rumores-pai-de-gerson-ja-falou-sobre-ida-do-jogador-para-o-palmeiras\/","title":{"rendered":"Em meio a rumores, pai de Gerson j\u00e1 falou sobre ida do jogador para o Palmeiras"},"content":{"rendered":"\n<p>A poss\u00edvel movimenta\u00e7\u00e3o de Gerson no mercado da bola voltou a gerar repercuss\u00e3o ap\u00f3s surgir a informa\u00e7\u00e3o de que o meio-campista estaria sendo observado pelo Palmeiras para a temporada de 2026. Atualmente no Zenit, da R\u00fassia, o jogador teve uma passagem recente pelo Flamengo, clube onde construiu uma forte identifica\u00e7\u00e3o com a torcida e protagonizou t\u00edtulos importantes.<\/p>\n\n\n\n<p>A especula\u00e7\u00e3o ganhou for\u00e7a ap\u00f3s o clube russo demonstrar interesse em negociar o atleta. O Zenit estaria disposto a ouvir propostas e, segundo informa\u00e7\u00f5es veiculadas, busca recuperar o investimento feito em sua contrata\u00e7\u00e3o. Ao mesmo tempo, nos bastidores do time paulista, Gerson seria visto como um nome de confian\u00e7a e de alto n\u00edvel t\u00e9cnico para refor\u00e7ar o elenco comandado por Abel Ferreira.<\/p>\n\n\n\n<p>Entretanto, o assunto envolve mais do que apenas as tratativas atuais. A fala de Marc\u00e3o, pai e empres\u00e1rio do jogador, ainda repercute nas redes sociais entre torcedores e dirigentes. Em novembro de 2022, quando Gerson analisava uma poss\u00edvel volta ao futebol brasileiro, Marc\u00e3o foi taxativo ao descartar uma ida ao Palmeiras.<\/p>\n\n\n\n<p>&#8220;S\u00f3 pode estar brincando comigo, n\u00e9? Com todo respeito ao Palmeiras e qualquer clube brasileiro. Ou joga no Flamengo ou cumprimos o contrato no Marselha. Mais clube nenhum, OK? Uma vez Flamengo, sempre Flamengo&#8221;, declarou o agente na ocasi\u00e3o, em entrevista ao canal Paparazzo Rubro-Negro.<\/p>\n\n\n\n<p>Anteriormente, o pr\u00f3prio Marc\u00e3o j\u00e1 havia adotado uma postura semelhante em outras entrevistas, mesmo quando Gerson defendia o Olympique de Marselha, reafirmando que qualquer retorno ao Brasil passaria, obrigatoriamente, pelo Flamengo. As declara\u00e7\u00f5es voltaram \u00e0 tona agora, diante da nova possibilidade de negocia\u00e7\u00e3o com um rival direto do clube carioca.<\/p>\n\n\n\n<p>Ali\u00e1s, a rela\u00e7\u00e3o entre Marc\u00e3o e a diretoria do Flamengo passou por momentos conturbados em 2023. Naquele per\u00edodo, ele foi alvo de cr\u00edticas pela forma como conduziu a sa\u00edda do filho rumo ao Zenit. A libera\u00e7\u00e3o ocorreu logo ap\u00f3s o Mundial de Clubes, e a diretoria rubro-negra atual, liderada por Rodolfo Landim e Bap, n\u00e3o escondeu o desconforto com o desfecho da negocia\u00e7\u00e3o.<\/p>\n\n\n\n<p>Apesar disso, Bruno Spindel, ex-diretor do Flamengo que participou da contrata\u00e7\u00e3o de Gerson em duas oportunidades, defendeu publicamente a conduta do pai do jogador e minimizou os atritos internos.<\/p>\n\n\n\n<p>&#8220;Melhor rela\u00e7\u00e3o poss\u00edvel. Sou f\u00e3 do Gerson como pessoa, como jogador, como capit\u00e3o. As duas vezes que eles vieram ao Flamengo, fizeram um esfor\u00e7o. O Marc\u00e3o abriu m\u00e3o da comiss\u00e3o da vinda, saindo da pandemia, e o Gerson veio ganhar a metade do que ganhava no Marseille&#8221;, afirmou Spindel em entrevista ao Charla Podcast.<\/p>\n\n\n\n<p>Ainda que o cen\u00e1rio atual seja de especula\u00e7\u00e3o, o hist\u00f3rico de posicionamentos do empres\u00e1rio e a rela\u00e7\u00e3o com o Flamengo colocam em d\u00favida uma poss\u00edvel negocia\u00e7\u00e3o direta com o Palmeiras. Contudo, o interesse do clube paulista parece real, e o desfecho depender\u00e1 de novas movimenta\u00e7\u00f5es nas pr\u00f3ximas semanas.<\/p>\n","protected":false},"excerpt":{"rendered":"<p>A poss\u00edvel movimenta\u00e7\u00e3o de Gerson no mercado da bola voltou a gerar repercuss\u00e3o ap\u00f3s surgir a informa\u00e7\u00e3o de que o meio-campista estaria sendo observado pelo Palmeiras para a temporada de 2026. Atualmente no Zenit, da R\u00fassia, o jogador teve uma passagem recente pelo Flamengo, clube onde construiu uma forte identifica\u00e7\u00e3o com a torcida e protagonizou [&hellip;]<\/p>\n","protected":false},"author":39,"featured_media":276294,"comment_status":"open","ping_status":"closed","sticky":false,"template":"","format":"standard","meta":{"footnotes":""},"categories":[150],"tags":[],"class_list":["post-278502","post","type-post","status-publish","format-standard","has-post-thumbnail","hentry","category-palmeiras"],"yoast_head":"<!-- This site is optimized with the Yoast SEO Premium plugin v24.2 (Yoast SEO v26.9) - https:\/\/yoast.com\/product\/yoast-seo-premium-wordpress\/ -->\n<title>Em meio a rumores, pai de Gerson j\u00e1 falou sobre ida do jogador para o Palmeiras<\/title>\n<meta name=\"robots\" content=\"index, follow, max-snippet:-1, max-image-preview:large, max-video-preview:-1\" \/>\n<link rel=\"canonical\" href=\"https:\/\/www.gaveanews.com\/index.php\/2025\/10\/14\/em-meio-a-rumores-pai-de-gerson-ja-falou-sobre-ida-do-jogador-para-o-palmeiras\/\" \/>\n<meta property=\"og:locale\" content=\"pt_BR\" \/>\n<meta property=\"og:type\" content=\"article\" \/>\n<meta property=\"og:title\" content=\"Em meio a rumores, pai de Gerson j\u00e1 falou sobre ida do jogador para o Palmeiras\" \/>\n<meta property=\"og:description\" content=\"A poss\u00edvel movimenta\u00e7\u00e3o de Gerson no mercado da bola voltou a gerar repercuss\u00e3o ap\u00f3s surgir a informa\u00e7\u00e3o de que o meio-campista estaria sendo observado pelo Palmeiras para a temporada de 2026. Atualmente no Zenit, da R\u00fassia, o jogador teve uma passagem recente pelo Flamengo, clube onde construiu uma forte identifica\u00e7\u00e3o com a torcida e protagonizou [&hellip;]\" \/>\n<meta property=\"og:url\" content=\"https:\/\/www.gaveanews.com\/index.php\/2025\/10\/14\/em-meio-a-rumores-pai-de-gerson-ja-falou-sobre-ida-do-jogador-para-o-palmeiras\/\" \/>\n<meta property=\"og:site_name\" content=\"G\u00e1vea News\" \/>\n<meta property=\"article:publisher\" content=\"https:\/\/facebook.com\/gaveaNews\/\" \/>\n<meta property=\"article:published_time\" content=\"2025-10-15T01:00:00+00:00\" \/>\n<meta property=\"og:image\" content=\"https:\/\/www.gaveanews.com\/wp-content\/uploads\/Gerson-pelo-Zenit.jpg\" \/>\n\t<meta property=\"og:image:width\" content=\"1280\" \/>\n\t<meta property=\"og:image:height\" content=\"960\" \/>\n\t<meta property=\"og:image:type\" content=\"image\/jpeg\" \/>\n<meta name=\"author\" content=\"Reda\u00e7\u00e3o\" \/>\n<meta name=\"twitter:card\" content=\"summary_large_image\" \/>\n<meta name=\"twitter:label1\" content=\"Escrito por\" \/>\n\t<meta name=\"twitter:data1\" content=\"Reda\u00e7\u00e3o\" \/>\n\t<meta name=\"twitter:label2\" content=\"Est. tempo de leitura\" \/>\n\t<meta name=\"twitter:data2\" content=\"3 minutos\" \/>\n<script type=\"application\/ld+json\" class=\"yoast-schema-graph\">{\"@context\":\"https:\/\/schema.org\",\"@graph\":[{\"@type\":\"NewsArticle\",\"@id\":\"https:\/\/www.gaveanews.com\/index.php\/2025\/10\/14\/em-meio-a-rumores-pai-de-gerson-ja-falou-sobre-ida-do-jogador-para-o-palmeiras\/#article\",\"isPartOf\":{\"@id\":\"https:\/\/www.gaveanews.com\/index.php\/2025\/10\/14\/em-meio-a-rumores-pai-de-gerson-ja-falou-sobre-ida-do-jogador-para-o-palmeiras\/\"},\"author\":{\"name\":\"Reda\u00e7\u00e3o\",\"@id\":\"https:\/\/www.gaveanews.com\/#\/schema\/person\/c88645e3d550d0b6574305e67dd5a716\"},\"headline\":\"Em meio a rumores, pai de Gerson j\u00e1 falou sobre ida do jogador para o Palmeiras\",\"datePublished\":\"2025-10-15T01:00:00+00:00\",\"mainEntityOfPage\":{\"@id\":\"https:\/\/www.gaveanews.com\/index.php\/2025\/10\/14\/em-meio-a-rumores-pai-de-gerson-ja-falou-sobre-ida-do-jogador-para-o-palmeiras\/\"},\"wordCount\":525,\"commentCount\":0,\"image\":{\"@id\":\"https:\/\/www.gaveanews.com\/index.php\/2025\/10\/14\/em-meio-a-rumores-pai-de-gerson-ja-falou-sobre-ida-do-jogador-para-o-palmeiras\/#primaryimage\"},\"thumbnailUrl\":\"https:\/\/www.gaveanews.com\/wp-content\/uploads\/Gerson-pelo-Zenit.jpg\",\"articleSection\":[\"Palmeiras\"],\"inLanguage\":\"pt-BR\",\"potentialAction\":[{\"@type\":\"CommentAction\",\"name\":\"Comment\",\"target\":[\"https:\/\/www.gaveanews.com\/index.php\/2025\/10\/14\/em-meio-a-rumores-pai-de-gerson-ja-falou-sobre-ida-do-jogador-para-o-palmeiras\/#respond\"]}],\"copyrightYear\":\"2025\",\"copyrightHolder\":{\"@id\":\"https:\/\/www.gaveanews.com\/#organization\"}},{\"@type\":\"WebPage\",\"@id\":\"https:\/\/www.gaveanews.com\/index.php\/2025\/10\/14\/em-meio-a-rumores-pai-de-gerson-ja-falou-sobre-ida-do-jogador-para-o-palmeiras\/\",\"url\":\"https:\/\/www.gaveanews.com\/index.php\/2025\/10\/14\/em-meio-a-rumores-pai-de-gerson-ja-falou-sobre-ida-do-jogador-para-o-palmeiras\/\",\"name\":\"Em meio a rumores, pai de Gerson j\u00e1 falou sobre ida do jogador para o Palmeiras\",\"isPartOf\":{\"@id\":\"https:\/\/www.gaveanews.com\/#website\"},\"primaryImageOfPage\":{\"@id\":\"https:\/\/www.gaveanews.com\/index.php\/2025\/10\/14\/em-meio-a-rumores-pai-de-gerson-ja-falou-sobre-ida-do-jogador-para-o-palmeiras\/#primaryimage\"},\"image\":{\"@id\":\"https:\/\/www.gaveanews.com\/index.php\/2025\/10\/14\/em-meio-a-rumores-pai-de-gerson-ja-falou-sobre-ida-do-jogador-para-o-palmeiras\/#primaryimage\"},\"thumbnailUrl\":\"https:\/\/www.gaveanews.com\/wp-content\/uploads\/Gerson-pelo-Zenit.jpg\",\"datePublished\":\"2025-10-15T01:00:00+00:00\",\"author\":{\"@id\":\"https:\/\/www.gaveanews.com\/#\/schema\/person\/c88645e3d550d0b6574305e67dd5a716\"},\"breadcrumb\":{\"@id\":\"https:\/\/www.gaveanews.com\/index.php\/2025\/10\/14\/em-meio-a-rumores-pai-de-gerson-ja-falou-sobre-ida-do-jogador-para-o-palmeiras\/#breadcrumb\"},\"inLanguage\":\"pt-BR\",\"potentialAction\":[{\"@type\":\"ReadAction\",\"target\":[\"https:\/\/www.gaveanews.com\/index.php\/2025\/10\/14\/em-meio-a-rumores-pai-de-gerson-ja-falou-sobre-ida-do-jogador-para-o-palmeiras\/\"]}]},{\"@type\":\"ImageObject\",\"inLanguage\":\"pt-BR\",\"@id\":\"https:\/\/www.gaveanews.com\/index.php\/2025\/10\/14\/em-meio-a-rumores-pai-de-gerson-ja-falou-sobre-ida-do-jogador-para-o-palmeiras\/#primaryimage\",\"url\":\"https:\/\/www.gaveanews.com\/wp-content\/uploads\/Gerson-pelo-Zenit.jpg\",\"contentUrl\":\"https:\/\/www.gaveanews.com\/wp-content\/uploads\/Gerson-pelo-Zenit.jpg\",\"width\":1280,\"height\":960,\"caption\":\"Gerson no Zenit (Foto: Reprodu\u00e7\u00e3o)\"},{\"@type\":\"BreadcrumbList\",\"@id\":\"https:\/\/www.gaveanews.com\/index.php\/2025\/10\/14\/em-meio-a-rumores-pai-de-gerson-ja-falou-sobre-ida-do-jogador-para-o-palmeiras\/#breadcrumb\",\"itemListElement\":[{\"@type\":\"ListItem\",\"position\":1,\"name\":\"Home\",\"item\":\"https:\/\/www.gaveanews.com\/\"},{\"@type\":\"ListItem\",\"position\":2,\"name\":\"Em meio a rumores, pai de Gerson j\u00e1 falou sobre ida do jogador para o Palmeiras\"}]},{\"@type\":\"WebSite\",\"@id\":\"https:\/\/www.gaveanews.com\/#website\",\"url\":\"https:\/\/www.gaveanews.com\/\",\"name\":\"G\u00e1vea News\",\"description\":\"Veja todas as not\u00edcias sobre o Flamengo: Contrata\u00e7\u00f5es, categorias de base, resultados das partidas, tabela de classifica\u00e7\u00e3o, pr\u00f3ximos jogos!\",\"potentialAction\":[{\"@type\":\"SearchAction\",\"target\":{\"@type\":\"EntryPoint\",\"urlTemplate\":\"https:\/\/www.gaveanews.com\/?s={search_term_string}\"},\"query-input\":{\"@type\":\"PropertyValueSpecification\",\"valueRequired\":true,\"valueName\":\"search_term_string\"}}],\"inLanguage\":\"pt-BR\"},{\"@type\":\"Person\",\"@id\":\"https:\/\/www.gaveanews.com\/#\/schema\/person\/c88645e3d550d0b6574305e67dd5a716\",\"name\":\"Reda\u00e7\u00e3o\",\"image\":{\"@type\":\"ImageObject\",\"inLanguage\":\"pt-BR\",\"@id\":\"https:\/\/www.gaveanews.com\/#\/schema\/person\/image\/\",\"url\":\"https:\/\/secure.gravatar.com\/avatar\/434098fd823f0dc1b062d14ca22bacaa6e38de28d8c816bbef6fc2f8c44d8ba3?s=96&d=mm&r=g\",\"contentUrl\":\"https:\/\/secure.gravatar.com\/avatar\/434098fd823f0dc1b062d14ca22bacaa6e38de28d8c816bbef6fc2f8c44d8ba3?s=96&d=mm&r=g\",\"caption\":\"Reda\u00e7\u00e3o\"}}]}<\/script>\n<!-- \/ Yoast SEO Premium plugin. -->","yoast_head_json":{"title":"Em meio a rumores, pai de Gerson j\u00e1 falou sobre ida do jogador para o Palmeiras","robots":{"index":"index","follow":"follow","max-snippet":"max-snippet:-1","max-image-preview":"max-image-preview:large","max-video-preview":"max-video-preview:-1"},"canonical":"https:\/\/www.gaveanews.com\/index.php\/2025\/10\/14\/em-meio-a-rumores-pai-de-gerson-ja-falou-sobre-ida-do-jogador-para-o-palmeiras\/","og_locale":"pt_BR","og_type":"article","og_title":"Em meio a rumores, pai de Gerson j\u00e1 falou sobre ida do jogador para o Palmeiras","og_description":"A poss\u00edvel movimenta\u00e7\u00e3o de Gerson no mercado da bola voltou a gerar repercuss\u00e3o ap\u00f3s surgir a informa\u00e7\u00e3o de que o meio-campista estaria sendo observado pelo Palmeiras para a temporada de 2026. Atualmente no Zenit, da R\u00fassia, o jogador teve uma passagem recente pelo Flamengo, clube onde construiu uma forte identifica\u00e7\u00e3o com a torcida e protagonizou [&hellip;]","og_url":"https:\/\/www.gaveanews.com\/index.php\/2025\/10\/14\/em-meio-a-rumores-pai-de-gerson-ja-falou-sobre-ida-do-jogador-para-o-palmeiras\/","og_site_name":"G\u00e1vea News","article_publisher":"https:\/\/facebook.com\/gaveaNews\/","article_published_time":"2025-10-15T01:00:00+00:00","og_image":[{"width":1280,"height":960,"url":"https:\/\/www.gaveanews.com\/wp-content\/uploads\/Gerson-pelo-Zenit.jpg","type":"image\/jpeg"}],"author":"Reda\u00e7\u00e3o","twitter_card":"summary_large_image","twitter_misc":{"Escrito por":"Reda\u00e7\u00e3o","Est. tempo de leitura":"3 minutos"},"schema":{"@context":"https:\/\/schema.org","@graph":[{"@type":"NewsArticle","@id":"https:\/\/www.gaveanews.com\/index.php\/2025\/10\/14\/em-meio-a-rumores-pai-de-gerson-ja-falou-sobre-ida-do-jogador-para-o-palmeiras\/#article","isPartOf":{"@id":"https:\/\/www.gaveanews.com\/index.php\/2025\/10\/14\/em-meio-a-rumores-pai-de-gerson-ja-falou-sobre-ida-do-jogador-para-o-palmeiras\/"},"author":{"name":"Reda\u00e7\u00e3o","@id":"https:\/\/www.gaveanews.com\/#\/schema\/person\/c88645e3d550d0b6574305e67dd5a716"},"headline":"Em meio a rumores, pai de Gerson j\u00e1 falou sobre ida do jogador para o Palmeiras","datePublished":"2025-10-15T01:00:00+00:00","mainEntityOfPage":{"@id":"https:\/\/www.gaveanews.com\/index.php\/2025\/10\/14\/em-meio-a-rumores-pai-de-gerson-ja-falou-sobre-ida-do-jogador-para-o-palmeiras\/"},"wordCount":525,"commentCount":0,"image":{"@id":"https:\/\/www.gaveanews.com\/index.php\/2025\/10\/14\/em-meio-a-rumores-pai-de-gerson-ja-falou-sobre-ida-do-jogador-para-o-palmeiras\/#primaryimage"},"thumbnailUrl":"https:\/\/www.gaveanews.com\/wp-content\/uploads\/Gerson-pelo-Zenit.jpg","articleSection":["Palmeiras"],"inLanguage":"pt-BR","potentialAction":[{"@type":"CommentAction","name":"Comment","target":["https:\/\/www.gaveanews.com\/index.php\/2025\/10\/14\/em-meio-a-rumores-pai-de-gerson-ja-falou-sobre-ida-do-jogador-para-o-palmeiras\/#respond"]}],"copyrightYear":"2025","copyrightHolder":{"@id":"https:\/\/www.gaveanews.com\/#organization"}},{"@type":"WebPage","@id":"https:\/\/www.gaveanews.com\/index.php\/2025\/10\/14\/em-meio-a-rumores-pai-de-gerson-ja-falou-sobre-ida-do-jogador-para-o-palmeiras\/","url":"https:\/\/www.gaveanews.com\/index.php\/2025\/10\/14\/em-meio-a-rumores-pai-de-gerson-ja-falou-sobre-ida-do-jogador-para-o-palmeiras\/","name":"Em meio a rumores, pai de Gerson j\u00e1 falou sobre ida do jogador para o Palmeiras","isPartOf":{"@id":"https:\/\/www.gaveanews.com\/#website"},"primaryImageOfPage":{"@id":"https:\/\/www.gaveanews.com\/index.php\/2025\/10\/14\/em-meio-a-rumores-pai-de-gerson-ja-falou-sobre-ida-do-jogador-para-o-palmeiras\/#primaryimage"},"image":{"@id":"https:\/\/www.gaveanews.com\/index.php\/2025\/10\/14\/em-meio-a-rumores-pai-de-gerson-ja-falou-sobre-ida-do-jogador-para-o-palmeiras\/#primaryimage"},"thumbnailUrl":"https:\/\/www.gaveanews.com\/wp-content\/uploads\/Gerson-pelo-Zenit.jpg","datePublished":"2025-10-15T01:00:00+00:00","author":{"@id":"https:\/\/www.gaveanews.com\/#\/schema\/person\/c88645e3d550d0b6574305e67dd5a716"},"breadcrumb":{"@id":"https:\/\/www.gaveanews.com\/index.php\/2025\/10\/14\/em-meio-a-rumores-pai-de-gerson-ja-falou-sobre-ida-do-jogador-para-o-palmeiras\/#breadcrumb"},"inLanguage":"pt-BR","potentialAction":[{"@type":"ReadAction","target":["https:\/\/www.gaveanews.com\/index.php\/2025\/10\/14\/em-meio-a-rumores-pai-de-gerson-ja-falou-sobre-ida-do-jogador-para-o-palmeiras\/"]}]},{"@type":"ImageObject","inLanguage":"pt-BR","@id":"https:\/\/www.gaveanews.com\/index.php\/2025\/10\/14\/em-meio-a-rumores-pai-de-gerson-ja-falou-sobre-ida-do-jogador-para-o-palmeiras\/#primaryimage","url":"https:\/\/www.gaveanews.com\/wp-content\/uploads\/Gerson-pelo-Zenit.jpg","contentUrl":"https:\/\/www.gaveanews.com\/wp-content\/uploads\/Gerson-pelo-Zenit.jpg","width":1280,"height":960,"caption":"Gerson no Zenit (Foto: Reprodu\u00e7\u00e3o)"},{"@type":"BreadcrumbList","@id":"https:\/\/www.gaveanews.com\/index.php\/2025\/10\/14\/em-meio-a-rumores-pai-de-gerson-ja-falou-sobre-ida-do-jogador-para-o-palmeiras\/#breadcrumb","itemListElement":[{"@type":"ListItem","position":1,"name":"Home","item":"https:\/\/www.gaveanews.com\/"},{"@type":"ListItem","position":2,"name":"Em meio a rumores, pai de Gerson j\u00e1 falou sobre ida do jogador para o Palmeiras"}]},{"@type":"WebSite","@id":"https:\/\/www.gaveanews.com\/#website","url":"https:\/\/www.gaveanews.com\/","name":"G\u00e1vea News","description":"Veja todas as not\u00edcias sobre o Flamengo: Contrata\u00e7\u00f5es, categorias de base, resultados das partidas, tabela de classifica\u00e7\u00e3o, pr\u00f3ximos jogos!","potentialAction":[{"@type":"SearchAction","target":{"@type":"EntryPoint","urlTemplate":"https:\/\/www.gaveanews.com\/?s={search_term_string}"},"query-input":{"@type":"PropertyValueSpecification","valueRequired":true,"valueName":"search_term_string"}}],"inLanguage":"pt-BR"},{"@type":"Person","@id":"https:\/\/www.gaveanews.com\/#\/schema\/person\/c88645e3d550d0b6574305e67dd5a716","name":"Reda\u00e7\u00e3o","image":{"@type":"ImageObject","inLanguage":"pt-BR","@id":"https:\/\/www.gaveanews.com\/#\/schema\/person\/image\/","url":"https:\/\/secure.gravatar.com\/avatar\/434098fd823f0dc1b062d14ca22bacaa6e38de28d8c816bbef6fc2f8c44d8ba3?s=96&d=mm&r=g","contentUrl":"https:\/\/secure.gravatar.com\/avatar\/434098fd823f0dc1b062d14ca22bacaa6e38de28d8c816bbef6fc2f8c44d8ba3?s=96&d=mm&r=g","caption":"Reda\u00e7\u00e3o"}}]}},"_links":{"self":[{"href":"https:\/\/www.gaveanews.com\/index.php\/wp-json\/wp\/v2\/posts\/278502","targetHints":{"allow":["GET"]}}],"collection":[{"href":"https:\/\/www.gaveanews.com\/index.php\/wp-json\/wp\/v2\/posts"}],"about":[{"href":"https:\/\/www.gaveanews.com\/index.php\/wp-json\/wp\/v2\/types\/post"}],"author":[{"embeddable":true,"href":"https:\/\/www.gaveanews.com\/index.php\/wp-json\/wp\/v2\/users\/39"}],"replies":[{"embeddable":true,"href":"https:\/\/www.gaveanews.com\/index.php\/wp-json\/wp\/v2\/comments?post=278502"}],"version-history":[{"count":1,"href":"https:\/\/www.gaveanews.com\/index.php\/wp-json\/wp\/v2\/posts\/278502\/revisions"}],"predecessor-version":[{"id":278518,"href":"https:\/\/www.gaveanews.com\/index.php\/wp-json\/wp\/v2\/posts\/278502\/revisions\/278518"}],"wp:featuredmedia":[{"embeddable":true,"href":"https:\/\/www.gaveanews.com\/index.php\/wp-json\/wp\/v2\/media\/276294"}],"wp:attachment":[{"href":"https:\/\/www.gaveanews.com\/index.php\/wp-json\/wp\/v2\/media?parent=278502"}],"wp:term":[{"taxonomy":"category","embeddable":true,"href":"https:\/\/www.gaveanews.com\/index.php\/wp-json\/wp\/v2\/categories?post=278502"},{"taxonomy":"post_tag","embeddable":true,"href":"https:\/\/www.gaveanews.com\/index.php\/wp-json\/wp\/v2\/tags?post=278502"}],"curies":[{"name":"wp","href":"https:\/\/api.w.org\/{rel}","templated":true}]}}