{"id":278511,"date":"2025-10-14T23:00:00","date_gmt":"2025-10-15T02:00:00","guid":{"rendered":"https:\/\/www.gaveanews.com\/?p=278511"},"modified":"2025-10-14T20:03:26","modified_gmt":"2025-10-14T23:03:26","slug":"pedido-de-filipe-luis-declaracao-de-tardelli-e-recado-de-everton-ribeiro-as-ultimas-noticias-do-flamengo","status":"publish","type":"post","link":"https:\/\/www.gaveanews.com\/index.php\/2025\/10\/14\/pedido-de-filipe-luis-declaracao-de-tardelli-e-recado-de-everton-ribeiro-as-ultimas-noticias-do-flamengo\/","title":{"rendered":"Pedido de Filipe Lu\u00eds, declara\u00e7\u00e3o de Tardelli e recado de Everton Ribeiro: as \u00faltimas not\u00edcias do Flamengo"},"content":{"rendered":"\n<p>No destaque de hoje: o <a href=\"https:\/\/www.gaveanews.com\/index.php\/category\/brasileirao\/flamengo\/\" target=\"_blank\" rel=\"noopener noreferrer\">Flamengo<\/a> avan\u00e7ou nas conversas para renovar o contrato do t\u00e9cnico Filipe Lu\u00eds, que apresentou novas condi\u00e7\u00f5es via Jorge Mendes; Diego Tardelli relembrou sua sa\u00edda antecipada do clube em 2009 e atribuiu a decis\u00e3o ao ent\u00e3o treinador Cuca; e Everton Ribeiro, atualmente no Bahia, revelou no Fant\u00e1stico o diagn\u00f3stico de c\u00e2ncer de tireoide e a cirurgia j\u00e1 realizada. A seguir, os principais pontos de cada tema.<\/p>\n\n\n\n<h2 class=\"wp-block-heading\" id=\"h-renovacao-de-filipe-luis-no-flamengo\">Renova\u00e7\u00e3o de Filipe Lu\u00eds no Flamengo<\/h2>\n\n\n\n<p>As tratativas pela renova\u00e7\u00e3o de Filipe Lu\u00eds ganharam tra\u00e7\u00e3o durante a Data Fifa, com o t\u00e9cnico e seu empres\u00e1rio, Jorge Mendes, levando \u00e0 diretoria rubro-negra os valores e termos desejados para um novo v\u00ednculo. A c\u00fapula considerou as cifras altas e prepara uma contraproposta para buscar um meio-termo. Nas conversas iniciais, a ideia era estender o contrato at\u00e9 o fim de 2027, e a multa rescis\u00f3ria para o exterior \u00e9 discutida na casa de tr\u00eas meses de sal\u00e1rio.<\/p>\n\n\n\n<p>Segundo o jornalista Julio Miguel Neto, Filipe Lu\u00eds pediu sal\u00e1rio mensal em torno de R$ 2 milh\u00f5es e manifestou vontade de renovar at\u00e9 dezembro de 2027. A diretoria, por\u00e9m, prefere um acordo at\u00e9 o fim de 2026, com valores inferiores aos solicitados. Antes, o clube havia apresentado proposta com aumento, ainda abaixo do patamar de outros t\u00e9cnicos campe\u00f5es recentes; com a nova pedida, o treinador pode ascender de faixa salarial no mercado. Filipe recusou investida recente do Fenerbah\u00e7e e segue focado no Rubro-Negro.<\/p>\n\n\n\n<p>O desempenho no campo tamb\u00e9m pesa: escolhido para substituir Tite em outubro do ano passado, Filipe Lu\u00eds soma 71 jogos, com 46 vit\u00f3rias, 17 empates e oito derrotas, 123 gols marcados e 41 sofridos. Nesse per\u00edodo, conquistou a Copa do Brasil, a Supercopa do Brasil e o Campeonato Carioca, e levou o time \u00e0 semifinal da Libertadores.<\/p>\n\n\n\n<p>\u201cEsse processo nunca depende de um lado s\u00f3. Se depender do Flamengo, ele vai ficar. Ele diz que quer ficar. Ent\u00e3o eu acredito que a gente tenha totais possibilidades de isso acontecer\u201d.<\/p>\n\n\n\n<h2 class=\"wp-block-heading\" id=\"h-diego-tardelli-relembra-saida-do-flamengo\">Diego Tardelli relembra sa\u00edda do Flamengo<\/h2>\n\n\n\n<p>Em entrevista ao Charla Podcast, Diego Tardelli revisitou sua passagem pelo Flamengo \u2014 chegada em 2008 e desfecho em 2009 \u2014 e atribuiu a sa\u00edda antecipada \u00e0 chegada de Cuca e ao hist\u00f3rico de atrito com o treinador. O atacante relembrou que veio do S\u00e3o Paulo com contrato de tr\u00eas temporadas, participou das conquistas estaduais de 2008 e voltou de les\u00e3o no momento em que Cuca assumiu o comando, o que teria impactado o dia a dia no vesti\u00e1rio.<\/p>\n\n\n\n<p>Mesmo com a perman\u00eancia curta, Tardelli marcou gols importantes e caiu nas gra\u00e7as da torcida, participando dos t\u00edtulos da Ta\u00e7a Guanabara e do Carioca de 2008. Segundo ele, a transfer\u00eancia para o Atl\u00e9tico-MG envolveu negocia\u00e7\u00e3o paralela que inclu\u00eda o goleiro Bruno e ocorreu por um valor considerado baixo. Em tempo: o Flamengo enfrenta o <a href=\"https:\/\/www.gaveanews.com\/index.php\/category\/brasileirao\/botafogo\/\" target=\"_blank\" rel=\"noopener noreferrer\">Botafogo<\/a> na quarta-feira (15 de outubro), \u00e0s 19h30, no Engenh\u00e3o, sem informa\u00e7\u00f5es oficiais sobre escala\u00e7\u00f5es ou aus\u00eancias at\u00e9 o momento.<\/p>\n\n\n\n<p>\u201cEu tinha tr\u00eas anos de contrato com o Flamengo, mas a\u00ed chega o Cuca. O Cuca chega logo no momento que eu me recupero de les\u00e3o, estou voltando. Eu tinha um embate com ele (Cuca afastou Diego Tardelli no S\u00e3o Paulo), e acho que ele n\u00e3o me queria no Flamengo. A\u00ed na \u00e9poca, eu acabo entrando em uma negocia\u00e7\u00e3o com o Bruno goleiro e acabo jogando no Atl\u00e9tico-MG -\u201c.<\/p>\n\n\n\n<p>\u201cL\u00f3gico que eu n\u00e3o queria sair, mas quis o destino que eu fosse para o Atl\u00e9tico-MG. Na \u00e9poca eu fui muito barato para o Atl\u00e9tico, acho que R$ 1 milh\u00e3o ou trocaram para pagar alguma d\u00edvida -\u201c.<\/p>\n\n\n\n<h2 class=\"wp-block-heading\" id=\"h-everton-ribeiro-detalha-diagnostico-de-cancer-de-tireoide\">Everton Ribeiro detalha diagn\u00f3stico de c\u00e2ncer de tireoide<\/h2>\n\n\n\n<p>No domingo (12 de outubro), Everton Ribeiro, meia de 36 anos do Bahia e \u00eddolo de Cruzeiro e Flamengo, revelou ao Fant\u00e1stico que foi diagnosticado com c\u00e2ncer na tireoide e j\u00e1 passou por cirurgia para retirada do tumor. O jogador aproveitou o relato para conscientizar o p\u00fablico sobre a import\u00e2ncia do cuidado com a sa\u00fade e da busca por informa\u00e7\u00e3o.<\/p>\n\n\n\n<p>Ribeiro contou que soube do tumor durante a concentra\u00e7\u00e3o para a final da Copa do Nordeste, contra o Confian\u00e7a, em 03 de setembro. Abalado, decidiu entrar em campo enquanto a esposa, Marilia Nery, cuidou das provid\u00eancias m\u00e9dicas. Em recupera\u00e7\u00e3o no Rio de Janeiro, ele completa uma semana de cirurgia nesta segunda-feira (13 de outubro) e, segundo as reportagens, ainda n\u00e3o tem prazo para retorno aos gramados pelo Bahia.<\/p>\n\n\n\n<p>\u201cFoi assustador, n\u00e9? No come\u00e7o, eu nem falava essa palavra. C\u00e2ncer. Para mim, \u00e9 muito forte. A gente sabe que muitas pessoas sofrem e acabam perdendo a vida. Ent\u00e3o, quando eu estava l\u00e1 e recebi esse diagn\u00f3stico, foi um baque. Fui para o quarto e acabei chorando sozinho. Depois, liguei para minha esposa para conversar com ela. E, a partir da\u00ed, buscar informa\u00e7\u00e3o, quais procedimentos. Chegar a esse momento foi um caminho longo\u201d.<\/p>\n\n\n\n<p>\u201c\u00c9 um momento de reflex\u00e3o. A gente reflete. Quando estamos 100% de sa\u00fade, a gente esquece detalhes da vida. O mais importante \u00e9 a sa\u00fade. Sem sa\u00fade, a gente n\u00e3o consegue alcan\u00e7ar sonhos. Eu tenho minha f\u00e9, sei que tudo o que aconteceu \u00e9 para ver que Deus cuida da gente. \u00c0s vezes, a gente \u00e9 usado sem entender. Agora \u00e9 curtir a fam\u00edlia. A gente vai seguir a vida nos seus altos e baixos\u201d.<\/p>\n","protected":false},"excerpt":{"rendered":"<p>No destaque de hoje: o Flamengo avan\u00e7ou nas conversas para renovar o contrato do t\u00e9cnico Filipe Lu\u00eds, que apresentou novas condi\u00e7\u00f5es via Jorge Mendes; Diego Tardelli relembrou sua sa\u00edda antecipada do clube em 2009 e atribuiu a decis\u00e3o ao ent\u00e3o treinador Cuca; e Everton Ribeiro, atualmente no Bahia, revelou no Fant\u00e1stico o diagn\u00f3stico de c\u00e2ncer [&hellip;]<\/p>\n","protected":false},"author":39,"featured_media":148291,"comment_status":"open","ping_status":"closed","sticky":false,"template":"","format":"standard","meta":{"footnotes":""},"categories":[1],"tags":[],"class_list":["post-278511","post","type-post","status-publish","format-standard","has-post-thumbnail","hentry","category-flamengo"],"yoast_head":"<!-- This site is optimized with the Yoast SEO Premium plugin v24.2 (Yoast SEO v26.9) - https:\/\/yoast.com\/product\/yoast-seo-premium-wordpress\/ -->\n<title>Pedido de Filipe Lu\u00eds, declara\u00e7\u00e3o de Tardelli e recado de Everton Ribeiro: as \u00faltimas not\u00edcias do Flamengo<\/title>\n<meta name=\"robots\" content=\"index, follow, max-snippet:-1, max-image-preview:large, max-video-preview:-1\" \/>\n<link rel=\"canonical\" href=\"https:\/\/www.gaveanews.com\/index.php\/2025\/10\/14\/pedido-de-filipe-luis-declaracao-de-tardelli-e-recado-de-everton-ribeiro-as-ultimas-noticias-do-flamengo\/\" \/>\n<meta property=\"og:locale\" content=\"pt_BR\" \/>\n<meta property=\"og:type\" content=\"article\" \/>\n<meta property=\"og:title\" content=\"Pedido de Filipe Lu\u00eds, declara\u00e7\u00e3o de Tardelli e recado de Everton Ribeiro: as \u00faltimas not\u00edcias do Flamengo\" \/>\n<meta property=\"og:description\" content=\"No destaque de hoje: o Flamengo avan\u00e7ou nas conversas para renovar o contrato do t\u00e9cnico Filipe Lu\u00eds, que apresentou novas condi\u00e7\u00f5es via Jorge Mendes; Diego Tardelli relembrou sua sa\u00edda antecipada do clube em 2009 e atribuiu a decis\u00e3o ao ent\u00e3o treinador Cuca; e Everton Ribeiro, atualmente no Bahia, revelou no Fant\u00e1stico o diagn\u00f3stico de c\u00e2ncer [&hellip;]\" \/>\n<meta property=\"og:url\" content=\"https:\/\/www.gaveanews.com\/index.php\/2025\/10\/14\/pedido-de-filipe-luis-declaracao-de-tardelli-e-recado-de-everton-ribeiro-as-ultimas-noticias-do-flamengo\/\" \/>\n<meta property=\"og:site_name\" content=\"G\u00e1vea News\" \/>\n<meta property=\"article:publisher\" content=\"https:\/\/facebook.com\/gaveaNews\/\" \/>\n<meta property=\"article:published_time\" content=\"2025-10-15T02:00:00+00:00\" \/>\n<meta name=\"author\" content=\"Reda\u00e7\u00e3o\" \/>\n<meta name=\"twitter:card\" content=\"summary_large_image\" \/>\n<meta name=\"twitter:label1\" content=\"Escrito por\" \/>\n\t<meta name=\"twitter:data1\" content=\"Reda\u00e7\u00e3o\" \/>\n\t<meta name=\"twitter:label2\" content=\"Est. tempo de leitura\" \/>\n\t<meta name=\"twitter:data2\" content=\"6 minutos\" \/>\n<script type=\"application\/ld+json\" class=\"yoast-schema-graph\">{\"@context\":\"https:\/\/schema.org\",\"@graph\":[{\"@type\":\"NewsArticle\",\"@id\":\"https:\/\/www.gaveanews.com\/index.php\/2025\/10\/14\/pedido-de-filipe-luis-declaracao-de-tardelli-e-recado-de-everton-ribeiro-as-ultimas-noticias-do-flamengo\/#article\",\"isPartOf\":{\"@id\":\"https:\/\/www.gaveanews.com\/index.php\/2025\/10\/14\/pedido-de-filipe-luis-declaracao-de-tardelli-e-recado-de-everton-ribeiro-as-ultimas-noticias-do-flamengo\/\"},\"author\":{\"name\":\"Reda\u00e7\u00e3o\",\"@id\":\"https:\/\/www.gaveanews.com\/#\/schema\/person\/c88645e3d550d0b6574305e67dd5a716\"},\"headline\":\"Pedido de Filipe Lu\u00eds, declara\u00e7\u00e3o de Tardelli e recado de Everton Ribeiro: as \u00faltimas not\u00edcias do Flamengo\",\"datePublished\":\"2025-10-15T02:00:00+00:00\",\"mainEntityOfPage\":{\"@id\":\"https:\/\/www.gaveanews.com\/index.php\/2025\/10\/14\/pedido-de-filipe-luis-declaracao-de-tardelli-e-recado-de-everton-ribeiro-as-ultimas-noticias-do-flamengo\/\"},\"wordCount\":953,\"commentCount\":0,\"image\":{\"@id\":\"https:\/\/www.gaveanews.com\/index.php\/2025\/10\/14\/pedido-de-filipe-luis-declaracao-de-tardelli-e-recado-de-everton-ribeiro-as-ultimas-noticias-do-flamengo\/#primaryimage\"},\"thumbnailUrl\":\"https:\/\/www.gaveanews.com\/wp-content\/uploads\/53630999807-63f737b3c1-k.avif\",\"articleSection\":[\"Flamengo\"],\"inLanguage\":\"pt-BR\",\"potentialAction\":[{\"@type\":\"CommentAction\",\"name\":\"Comment\",\"target\":[\"https:\/\/www.gaveanews.com\/index.php\/2025\/10\/14\/pedido-de-filipe-luis-declaracao-de-tardelli-e-recado-de-everton-ribeiro-as-ultimas-noticias-do-flamengo\/#respond\"]}],\"copyrightYear\":\"2025\",\"copyrightHolder\":{\"@id\":\"https:\/\/www.gaveanews.com\/#organization\"}},{\"@type\":\"WebPage\",\"@id\":\"https:\/\/www.gaveanews.com\/index.php\/2025\/10\/14\/pedido-de-filipe-luis-declaracao-de-tardelli-e-recado-de-everton-ribeiro-as-ultimas-noticias-do-flamengo\/\",\"url\":\"https:\/\/www.gaveanews.com\/index.php\/2025\/10\/14\/pedido-de-filipe-luis-declaracao-de-tardelli-e-recado-de-everton-ribeiro-as-ultimas-noticias-do-flamengo\/\",\"name\":\"Pedido de Filipe Lu\u00eds, declara\u00e7\u00e3o de Tardelli e recado de Everton Ribeiro: as \u00faltimas not\u00edcias do Flamengo\",\"isPartOf\":{\"@id\":\"https:\/\/www.gaveanews.com\/#website\"},\"primaryImageOfPage\":{\"@id\":\"https:\/\/www.gaveanews.com\/index.php\/2025\/10\/14\/pedido-de-filipe-luis-declaracao-de-tardelli-e-recado-de-everton-ribeiro-as-ultimas-noticias-do-flamengo\/#primaryimage\"},\"image\":{\"@id\":\"https:\/\/www.gaveanews.com\/index.php\/2025\/10\/14\/pedido-de-filipe-luis-declaracao-de-tardelli-e-recado-de-everton-ribeiro-as-ultimas-noticias-do-flamengo\/#primaryimage\"},\"thumbnailUrl\":\"https:\/\/www.gaveanews.com\/wp-content\/uploads\/53630999807-63f737b3c1-k.avif\",\"datePublished\":\"2025-10-15T02:00:00+00:00\",\"author\":{\"@id\":\"https:\/\/www.gaveanews.com\/#\/schema\/person\/c88645e3d550d0b6574305e67dd5a716\"},\"breadcrumb\":{\"@id\":\"https:\/\/www.gaveanews.com\/index.php\/2025\/10\/14\/pedido-de-filipe-luis-declaracao-de-tardelli-e-recado-de-everton-ribeiro-as-ultimas-noticias-do-flamengo\/#breadcrumb\"},\"inLanguage\":\"pt-BR\",\"potentialAction\":[{\"@type\":\"ReadAction\",\"target\":[\"https:\/\/www.gaveanews.com\/index.php\/2025\/10\/14\/pedido-de-filipe-luis-declaracao-de-tardelli-e-recado-de-everton-ribeiro-as-ultimas-noticias-do-flamengo\/\"]}]},{\"@type\":\"ImageObject\",\"inLanguage\":\"pt-BR\",\"@id\":\"https:\/\/www.gaveanews.com\/index.php\/2025\/10\/14\/pedido-de-filipe-luis-declaracao-de-tardelli-e-recado-de-everton-ribeiro-as-ultimas-noticias-do-flamengo\/#primaryimage\",\"url\":\"https:\/\/www.gaveanews.com\/wp-content\/uploads\/53630999807-63f737b3c1-k.avif\",\"contentUrl\":\"https:\/\/www.gaveanews.com\/wp-content\/uploads\/53630999807-63f737b3c1-k.avif\",\"width\":984,\"height\":656,\"caption\":\"Everton Ribeiro em treino do Bahia \u2014 Foto: Tiago Caldas \/ EC Bahia\"},{\"@type\":\"BreadcrumbList\",\"@id\":\"https:\/\/www.gaveanews.com\/index.php\/2025\/10\/14\/pedido-de-filipe-luis-declaracao-de-tardelli-e-recado-de-everton-ribeiro-as-ultimas-noticias-do-flamengo\/#breadcrumb\",\"itemListElement\":[{\"@type\":\"ListItem\",\"position\":1,\"name\":\"Home\",\"item\":\"https:\/\/www.gaveanews.com\/\"},{\"@type\":\"ListItem\",\"position\":2,\"name\":\"Pedido de Filipe Lu\u00eds, declara\u00e7\u00e3o de Tardelli e recado de Everton Ribeiro: as \u00faltimas not\u00edcias do Flamengo\"}]},{\"@type\":\"WebSite\",\"@id\":\"https:\/\/www.gaveanews.com\/#website\",\"url\":\"https:\/\/www.gaveanews.com\/\",\"name\":\"G\u00e1vea News\",\"description\":\"Veja todas as not\u00edcias sobre o Flamengo: Contrata\u00e7\u00f5es, categorias de base, resultados das partidas, tabela de classifica\u00e7\u00e3o, pr\u00f3ximos jogos!\",\"potentialAction\":[{\"@type\":\"SearchAction\",\"target\":{\"@type\":\"EntryPoint\",\"urlTemplate\":\"https:\/\/www.gaveanews.com\/?s={search_term_string}\"},\"query-input\":{\"@type\":\"PropertyValueSpecification\",\"valueRequired\":true,\"valueName\":\"search_term_string\"}}],\"inLanguage\":\"pt-BR\"},{\"@type\":\"Person\",\"@id\":\"https:\/\/www.gaveanews.com\/#\/schema\/person\/c88645e3d550d0b6574305e67dd5a716\",\"name\":\"Reda\u00e7\u00e3o\",\"image\":{\"@type\":\"ImageObject\",\"inLanguage\":\"pt-BR\",\"@id\":\"https:\/\/www.gaveanews.com\/#\/schema\/person\/image\/\",\"url\":\"https:\/\/secure.gravatar.com\/avatar\/434098fd823f0dc1b062d14ca22bacaa6e38de28d8c816bbef6fc2f8c44d8ba3?s=96&d=mm&r=g\",\"contentUrl\":\"https:\/\/secure.gravatar.com\/avatar\/434098fd823f0dc1b062d14ca22bacaa6e38de28d8c816bbef6fc2f8c44d8ba3?s=96&d=mm&r=g\",\"caption\":\"Reda\u00e7\u00e3o\"}}]}<\/script>\n<!-- \/ Yoast SEO Premium plugin. -->","yoast_head_json":{"title":"Pedido de Filipe Lu\u00eds, declara\u00e7\u00e3o de Tardelli e recado de Everton Ribeiro: as \u00faltimas not\u00edcias do Flamengo","robots":{"index":"index","follow":"follow","max-snippet":"max-snippet:-1","max-image-preview":"max-image-preview:large","max-video-preview":"max-video-preview:-1"},"canonical":"https:\/\/www.gaveanews.com\/index.php\/2025\/10\/14\/pedido-de-filipe-luis-declaracao-de-tardelli-e-recado-de-everton-ribeiro-as-ultimas-noticias-do-flamengo\/","og_locale":"pt_BR","og_type":"article","og_title":"Pedido de Filipe Lu\u00eds, declara\u00e7\u00e3o de Tardelli e recado de Everton Ribeiro: as \u00faltimas not\u00edcias do Flamengo","og_description":"No destaque de hoje: o Flamengo avan\u00e7ou nas conversas para renovar o contrato do t\u00e9cnico Filipe Lu\u00eds, que apresentou novas condi\u00e7\u00f5es via Jorge Mendes; Diego Tardelli relembrou sua sa\u00edda antecipada do clube em 2009 e atribuiu a decis\u00e3o ao ent\u00e3o treinador Cuca; e Everton Ribeiro, atualmente no Bahia, revelou no Fant\u00e1stico o diagn\u00f3stico de c\u00e2ncer [&hellip;]","og_url":"https:\/\/www.gaveanews.com\/index.php\/2025\/10\/14\/pedido-de-filipe-luis-declaracao-de-tardelli-e-recado-de-everton-ribeiro-as-ultimas-noticias-do-flamengo\/","og_site_name":"G\u00e1vea News","article_publisher":"https:\/\/facebook.com\/gaveaNews\/","article_published_time":"2025-10-15T02:00:00+00:00","author":"Reda\u00e7\u00e3o","twitter_card":"summary_large_image","twitter_misc":{"Escrito por":"Reda\u00e7\u00e3o","Est. tempo de leitura":"6 minutos"},"schema":{"@context":"https:\/\/schema.org","@graph":[{"@type":"NewsArticle","@id":"https:\/\/www.gaveanews.com\/index.php\/2025\/10\/14\/pedido-de-filipe-luis-declaracao-de-tardelli-e-recado-de-everton-ribeiro-as-ultimas-noticias-do-flamengo\/#article","isPartOf":{"@id":"https:\/\/www.gaveanews.com\/index.php\/2025\/10\/14\/pedido-de-filipe-luis-declaracao-de-tardelli-e-recado-de-everton-ribeiro-as-ultimas-noticias-do-flamengo\/"},"author":{"name":"Reda\u00e7\u00e3o","@id":"https:\/\/www.gaveanews.com\/#\/schema\/person\/c88645e3d550d0b6574305e67dd5a716"},"headline":"Pedido de Filipe Lu\u00eds, declara\u00e7\u00e3o de Tardelli e recado de Everton Ribeiro: as \u00faltimas not\u00edcias do Flamengo","datePublished":"2025-10-15T02:00:00+00:00","mainEntityOfPage":{"@id":"https:\/\/www.gaveanews.com\/index.php\/2025\/10\/14\/pedido-de-filipe-luis-declaracao-de-tardelli-e-recado-de-everton-ribeiro-as-ultimas-noticias-do-flamengo\/"},"wordCount":953,"commentCount":0,"image":{"@id":"https:\/\/www.gaveanews.com\/index.php\/2025\/10\/14\/pedido-de-filipe-luis-declaracao-de-tardelli-e-recado-de-everton-ribeiro-as-ultimas-noticias-do-flamengo\/#primaryimage"},"thumbnailUrl":"https:\/\/www.gaveanews.com\/wp-content\/uploads\/53630999807-63f737b3c1-k.avif","articleSection":["Flamengo"],"inLanguage":"pt-BR","potentialAction":[{"@type":"CommentAction","name":"Comment","target":["https:\/\/www.gaveanews.com\/index.php\/2025\/10\/14\/pedido-de-filipe-luis-declaracao-de-tardelli-e-recado-de-everton-ribeiro-as-ultimas-noticias-do-flamengo\/#respond"]}],"copyrightYear":"2025","copyrightHolder":{"@id":"https:\/\/www.gaveanews.com\/#organization"}},{"@type":"WebPage","@id":"https:\/\/www.gaveanews.com\/index.php\/2025\/10\/14\/pedido-de-filipe-luis-declaracao-de-tardelli-e-recado-de-everton-ribeiro-as-ultimas-noticias-do-flamengo\/","url":"https:\/\/www.gaveanews.com\/index.php\/2025\/10\/14\/pedido-de-filipe-luis-declaracao-de-tardelli-e-recado-de-everton-ribeiro-as-ultimas-noticias-do-flamengo\/","name":"Pedido de Filipe Lu\u00eds, declara\u00e7\u00e3o de Tardelli e recado de Everton Ribeiro: as \u00faltimas not\u00edcias do Flamengo","isPartOf":{"@id":"https:\/\/www.gaveanews.com\/#website"},"primaryImageOfPage":{"@id":"https:\/\/www.gaveanews.com\/index.php\/2025\/10\/14\/pedido-de-filipe-luis-declaracao-de-tardelli-e-recado-de-everton-ribeiro-as-ultimas-noticias-do-flamengo\/#primaryimage"},"image":{"@id":"https:\/\/www.gaveanews.com\/index.php\/2025\/10\/14\/pedido-de-filipe-luis-declaracao-de-tardelli-e-recado-de-everton-ribeiro-as-ultimas-noticias-do-flamengo\/#primaryimage"},"thumbnailUrl":"https:\/\/www.gaveanews.com\/wp-content\/uploads\/53630999807-63f737b3c1-k.avif","datePublished":"2025-10-15T02:00:00+00:00","author":{"@id":"https:\/\/www.gaveanews.com\/#\/schema\/person\/c88645e3d550d0b6574305e67dd5a716"},"breadcrumb":{"@id":"https:\/\/www.gaveanews.com\/index.php\/2025\/10\/14\/pedido-de-filipe-luis-declaracao-de-tardelli-e-recado-de-everton-ribeiro-as-ultimas-noticias-do-flamengo\/#breadcrumb"},"inLanguage":"pt-BR","potentialAction":[{"@type":"ReadAction","target":["https:\/\/www.gaveanews.com\/index.php\/2025\/10\/14\/pedido-de-filipe-luis-declaracao-de-tardelli-e-recado-de-everton-ribeiro-as-ultimas-noticias-do-flamengo\/"]}]},{"@type":"ImageObject","inLanguage":"pt-BR","@id":"https:\/\/www.gaveanews.com\/index.php\/2025\/10\/14\/pedido-de-filipe-luis-declaracao-de-tardelli-e-recado-de-everton-ribeiro-as-ultimas-noticias-do-flamengo\/#primaryimage","url":"https:\/\/www.gaveanews.com\/wp-content\/uploads\/53630999807-63f737b3c1-k.avif","contentUrl":"https:\/\/www.gaveanews.com\/wp-content\/uploads\/53630999807-63f737b3c1-k.avif","width":984,"height":656,"caption":"Everton Ribeiro em treino do Bahia \u2014 Foto: Tiago Caldas \/ EC Bahia"},{"@type":"BreadcrumbList","@id":"https:\/\/www.gaveanews.com\/index.php\/2025\/10\/14\/pedido-de-filipe-luis-declaracao-de-tardelli-e-recado-de-everton-ribeiro-as-ultimas-noticias-do-flamengo\/#breadcrumb","itemListElement":[{"@type":"ListItem","position":1,"name":"Home","item":"https:\/\/www.gaveanews.com\/"},{"@type":"ListItem","position":2,"name":"Pedido de Filipe Lu\u00eds, declara\u00e7\u00e3o de Tardelli e recado de Everton Ribeiro: as \u00faltimas not\u00edcias do Flamengo"}]},{"@type":"WebSite","@id":"https:\/\/www.gaveanews.com\/#website","url":"https:\/\/www.gaveanews.com\/","name":"G\u00e1vea News","description":"Veja todas as not\u00edcias sobre o Flamengo: Contrata\u00e7\u00f5es, categorias de base, resultados das partidas, tabela de classifica\u00e7\u00e3o, pr\u00f3ximos jogos!","potentialAction":[{"@type":"SearchAction","target":{"@type":"EntryPoint","urlTemplate":"https:\/\/www.gaveanews.com\/?s={search_term_string}"},"query-input":{"@type":"PropertyValueSpecification","valueRequired":true,"valueName":"search_term_string"}}],"inLanguage":"pt-BR"},{"@type":"Person","@id":"https:\/\/www.gaveanews.com\/#\/schema\/person\/c88645e3d550d0b6574305e67dd5a716","name":"Reda\u00e7\u00e3o","image":{"@type":"ImageObject","inLanguage":"pt-BR","@id":"https:\/\/www.gaveanews.com\/#\/schema\/person\/image\/","url":"https:\/\/secure.gravatar.com\/avatar\/434098fd823f0dc1b062d14ca22bacaa6e38de28d8c816bbef6fc2f8c44d8ba3?s=96&d=mm&r=g","contentUrl":"https:\/\/secure.gravatar.com\/avatar\/434098fd823f0dc1b062d14ca22bacaa6e38de28d8c816bbef6fc2f8c44d8ba3?s=96&d=mm&r=g","caption":"Reda\u00e7\u00e3o"}}]}},"_links":{"self":[{"href":"https:\/\/www.gaveanews.com\/index.php\/wp-json\/wp\/v2\/posts\/278511","targetHints":{"allow":["GET"]}}],"collection":[{"href":"https:\/\/www.gaveanews.com\/index.php\/wp-json\/wp\/v2\/posts"}],"about":[{"href":"https:\/\/www.gaveanews.com\/index.php\/wp-json\/wp\/v2\/types\/post"}],"author":[{"embeddable":true,"href":"https:\/\/www.gaveanews.com\/index.php\/wp-json\/wp\/v2\/users\/39"}],"replies":[{"embeddable":true,"href":"https:\/\/www.gaveanews.com\/index.php\/wp-json\/wp\/v2\/comments?post=278511"}],"version-history":[{"count":1,"href":"https:\/\/www.gaveanews.com\/index.php\/wp-json\/wp\/v2\/posts\/278511\/revisions"}],"predecessor-version":[{"id":278522,"href":"https:\/\/www.gaveanews.com\/index.php\/wp-json\/wp\/v2\/posts\/278511\/revisions\/278522"}],"wp:featuredmedia":[{"embeddable":true,"href":"https:\/\/www.gaveanews.com\/index.php\/wp-json\/wp\/v2\/media\/148291"}],"wp:attachment":[{"href":"https:\/\/www.gaveanews.com\/index.php\/wp-json\/wp\/v2\/media?parent=278511"}],"wp:term":[{"taxonomy":"category","embeddable":true,"href":"https:\/\/www.gaveanews.com\/index.php\/wp-json\/wp\/v2\/categories?post=278511"},{"taxonomy":"post_tag","embeddable":true,"href":"https:\/\/www.gaveanews.com\/index.php\/wp-json\/wp\/v2\/tags?post=278511"}],"curies":[{"name":"wp","href":"https:\/\/api.w.org\/{rel}","templated":true}]}}