{"id":278513,"date":"2025-10-15T00:00:00","date_gmt":"2025-10-15T03:00:00","guid":{"rendered":"https:\/\/www.gaveanews.com\/?p=278513"},"modified":"2025-10-14T20:07:03","modified_gmt":"2025-10-14T23:07:03","slug":"reforcos-de-peso-disputa-com-a-libra-e-declaracao-de-jorginho-as-ultimas-noticias-do-flamengo","status":"publish","type":"post","link":"https:\/\/www.gaveanews.com\/index.php\/2025\/10\/15\/reforcos-de-peso-disputa-com-a-libra-e-declaracao-de-jorginho-as-ultimas-noticias-do-flamengo\/","title":{"rendered":"Refor\u00e7os de peso, disputa com a LIBRA e declara\u00e7\u00e3o de Jorginho: as \u00faltimas not\u00edcias do Flamengo"},"content":{"rendered":"\n<p>Os principais destaques do dia no universo rubro-negro passam pela retomada dos treinos no Ninho do Urubu com o departamento m\u00e9dico zerado e a volta de Erick Pulgar, al\u00e9m do avan\u00e7o judicial no caso <a href=\"https:\/\/www.gaveanews.com\/index.php\/category\/brasileirao\/flamengo\/\" target=\"_blank\" rel=\"noopener noreferrer\">Flamengo<\/a> x Libra com a entrada da Fenapaf e a discuss\u00e3o sobre o bloqueio de verbas. No campo das opini\u00f5es, Jorginho, rec\u00e9m-chegado ao clube ap\u00f3s quase duas d\u00e9cadas na Europa, falou abertamente sobre arbitragem e gramados no pa\u00eds.<\/p>\n\n\n\n<h2 class=\"wp-block-heading\" id=\"h-flamengo-retoma-treinos-com-dm-zerado-e-pulgar-de-volta-antes-do-classico\">Flamengo retoma treinos com DM zerado e Pulgar de volta antes do cl\u00e1ssico<\/h2>\n\n\n\n<p>O Flamengo iniciou a semana no Ninho do Urubu com a prepara\u00e7\u00e3o para o cl\u00e1ssico de quarta-feira (15) contra o <a href=\"https:\/\/www.gaveanews.com\/index.php\/category\/brasileirao\/botafogo\/\" target=\"_blank\" rel=\"noopener noreferrer\">Botafogo<\/a>, pela 28\u00aa rodada do Brasileir\u00e3o, embalado por um cen\u00e1rio raro: o Departamento M\u00e9dico ficou zerado ap\u00f3s a pausa da Data FIFA. Sem convoca\u00e7\u00f5es nesta janela, a comiss\u00e3o t\u00e9cnica aproveitou para intensificar o trabalho f\u00edsico e refinar ajustes t\u00e1ticos visando a sequ\u00eancia da temporada.<\/p>\n\n\n\n<p>Erick Pulgar, recuperado de cirurgia no p\u00e9 direito ap\u00f3s se lesionar na derrota por 4 a 2 para o Bayern de Munique no Mundial de Clubes, voltou a treinar normalmente e est\u00e1 \u00e0 disposi\u00e7\u00e3o de Filipe Lu\u00eds. Apesar da libera\u00e7\u00e3o, o chileno ter\u00e1 minutagem controlada e segue monitorado de perto, at\u00e9 porque est\u00e1 pendurado com dois cart\u00f5es amarelos.<\/p>\n\n\n\n<p>O per\u00edodo sem jogos tamb\u00e9m serviu para zerar a fadiga muscular de Samuel Lino e Arrascaeta. Sa\u00fal se recuperou totalmente das dores no tornozelo esquerdo, L\u00e9o Ortiz voltou a trabalhar em alta intensidade e com boa resposta f\u00edsica, enquanto De La Cruz utilizou os dias para fortalecer entrosamento e conceitos t\u00e1ticos, segundo relatos internos.<\/p>\n\n\n\n<p>A decis\u00e3o sobre o uso de Pulgar no cl\u00e1ssico caber\u00e1 \u00e0 comiss\u00e3o t\u00e9cnica. A bola rola no Est\u00e1dio Nilton Santos \u00e0s 19h30 (de Bras\u00edlia), com transmiss\u00e3o de RecordTV, Caz\u00e9TV (YouTube) e Premiere. Na sequ\u00eancia, o Flamengo encara o <a href=\"https:\/\/www.gaveanews.com\/index.php\/category\/brasileirao\/palmeiras\/\" target=\"_blank\" rel=\"noopener noreferrer\">Palmeiras<\/a> no domingo (19), em confronto direto no Brasileir\u00e3o, e volta a campo pela Libertadores na semifinal contra o Racing (ARG), no dia 22 de outubro, no Maracan\u00e3.<\/p>\n\n\n\n<h2 class=\"wp-block-heading\" id=\"h-tj-rj-aceita-fenapaf-no-caso-flamengo-x-libra-e-analisa-bloqueio-de-verbas\">TJ-RJ aceita Fenapaf no caso Flamengo x Libra e analisa bloqueio de verbas<\/h2>\n\n\n\n<p>O Tribunal de Justi\u00e7a do Rio de Janeiro aceitou a Fenapaf como parte interessada no processo entre Flamengo e Libra, ap\u00f3s pedido da entidade que representa os atletas. A federa\u00e7\u00e3o manifestou preocupa\u00e7\u00e3o com poss\u00edveis efeitos do bloqueio de recursos sobre o pagamento de sal\u00e1rios dos jogadores dos clubes da liga.<\/p>\n\n\n\n<p>Por ora, o TJ-RJ avaliar\u00e1 apenas o bloqueio das verbas, enquanto a discuss\u00e3o de m\u00e9rito ficar\u00e1 a cargo de uma corte arbitral, respons\u00e1vel por definir quem tem raz\u00e3o no lit\u00edgio. O conflito nasceu de uma diverg\u00eancia sobre o par\u00e2metro de audi\u00eancia no contrato de TV do Campeonato Brasileiro, crit\u00e9rio que representa 30% do montante negociado com a TV Globo.<\/p>\n\n\n\n<p>A partir da contesta\u00e7\u00e3o, o Flamengo solicitou o congelamento da parcela em disputa, e um dep\u00f3sito judicial de R$ 77 milh\u00f5es foi efetuado pela emissora. Nove clubes da Libra podem ser impactados: Flamengo, Santos, S\u00e3o Paulo, Palmeiras, Vit\u00f3ria, Bahia, Red Bull Bragantino, Gr\u00eamio e Atl\u00e9tico-MG.<\/p>\n\n\n\n<p>Al\u00e9m do lit\u00edgio, a Fenapaf tem direito a 5% do valor total do contrato televisivo, relativo ao direito de arena \u2014 percentual que, segundo relatos, costuma ser retido pela Globo antes dos repasses, assim como impostos. Com a interven\u00e7\u00e3o aceita, a desembargadora Lucia Helena de Passos deve solicitar manifesta\u00e7\u00f5es de Flamengo e Libra. No centro da disputa, o clube alega viola\u00e7\u00e3o estatut\u00e1ria, enquanto a liga sustenta que houve autoriza\u00e7\u00e3o pr\u00e9via para o crit\u00e9rio adotado.<\/p>\n\n\n\n<h2 class=\"wp-block-heading\" id=\"h-jorginho-critica-arbitragem-e-gramados-na-readaptacao-ao-brasil\">Jorginho critica arbitragem e gramados na readapta\u00e7\u00e3o ao Brasil<\/h2>\n\n\n\n<p>De volta ao Brasil ap\u00f3s quase 20 anos na Europa, Jorginho recebeu a reportagem do UOL no Ninho do Urubu e abordou sua readapta\u00e7\u00e3o, com foco em dois pontos sens\u00edveis do futebol nacional: a atua\u00e7\u00e3o da arbitragem e a qualidade dos gramados. O volante \u00edtalo-brasileiro relatou espanto com decis\u00f5es recentes, e tamb\u00e9m pediu uma padroniza\u00e7\u00e3o m\u00ednima dos campos, citando situa\u00e7\u00f5es cr\u00edticas como as vividas em est\u00e1dios do pa\u00eds.<\/p>\n\n\n\n<p>&#8220;Cara, \u00e9 algo que estou tentando entender. \u00c9 dif\u00edcil at\u00e9 dar um parecer, porque acontecem muitas coisas que voc\u00ea fica meio que sem acreditar. Muitas coisas muito claras. Tem umas decis\u00f5es que s\u00e3o bem dif\u00edceis de entender mesmo e acaba prejudicando e afetando o trabalho de todo mundo. Voc\u00ea se dedica tanto e acaba acontecendo o que vem acontecendo&#8221;.<\/p>\n\n\n\n<p>&#8220;O que fazer? Boa pergunta. N\u00e3o tenho uma resposta. Melhorar, precisa ser melhorado. Precisa encontrar uma maneira de melhorar isso&#8221;.<\/p>\n\n\n\n<p>&#8220;Joguei contra o Atl\u00e9tico-MG. \u00c9 complicado, mas se \u00e9 para jogar num est\u00e1dio onde n\u00e3o tem um &#8216;gramado&#8217;, acaba sendo melhor jogar num sint\u00e9tico. Obviamente que n\u00e3o \u00e9 o ideal, porque acaba tendo mais les\u00f5es. Acredito que seja bem pior do que um campo normal, por\u00e9m h\u00e1 campos e campos, entendeu?&#8221;.<\/p>\n","protected":false},"excerpt":{"rendered":"<p>Os principais destaques do dia no universo rubro-negro passam pela retomada dos treinos no Ninho do Urubu com o departamento m\u00e9dico zerado e a volta de Erick Pulgar, al\u00e9m do avan\u00e7o judicial no caso Flamengo x Libra com a entrada da Fenapaf e a discuss\u00e3o sobre o bloqueio de verbas. No campo das opini\u00f5es, Jorginho, [&hellip;]<\/p>\n","protected":false},"author":39,"featured_media":272380,"comment_status":"open","ping_status":"closed","sticky":false,"template":"","format":"standard","meta":{"footnotes":""},"categories":[1],"tags":[],"class_list":["post-278513","post","type-post","status-publish","format-standard","has-post-thumbnail","hentry","category-flamengo"],"yoast_head":"<!-- This site is optimized with the Yoast SEO Premium plugin v24.2 (Yoast SEO v26.9) - https:\/\/yoast.com\/product\/yoast-seo-premium-wordpress\/ -->\n<title>Refor\u00e7os de peso, disputa com a LIBRA e declara\u00e7\u00e3o de Jorginho: as \u00faltimas not\u00edcias do Flamengo<\/title>\n<meta name=\"robots\" content=\"index, follow, max-snippet:-1, max-image-preview:large, max-video-preview:-1\" \/>\n<link rel=\"canonical\" href=\"https:\/\/www.gaveanews.com\/index.php\/2025\/10\/15\/reforcos-de-peso-disputa-com-a-libra-e-declaracao-de-jorginho-as-ultimas-noticias-do-flamengo\/\" \/>\n<meta property=\"og:locale\" content=\"pt_BR\" \/>\n<meta property=\"og:type\" content=\"article\" \/>\n<meta property=\"og:title\" content=\"Refor\u00e7os de peso, disputa com a LIBRA e declara\u00e7\u00e3o de Jorginho: as \u00faltimas not\u00edcias do Flamengo\" \/>\n<meta property=\"og:description\" content=\"Os principais destaques do dia no universo rubro-negro passam pela retomada dos treinos no Ninho do Urubu com o departamento m\u00e9dico zerado e a volta de Erick Pulgar, al\u00e9m do avan\u00e7o judicial no caso Flamengo x Libra com a entrada da Fenapaf e a discuss\u00e3o sobre o bloqueio de verbas. No campo das opini\u00f5es, Jorginho, [&hellip;]\" \/>\n<meta property=\"og:url\" content=\"https:\/\/www.gaveanews.com\/index.php\/2025\/10\/15\/reforcos-de-peso-disputa-com-a-libra-e-declaracao-de-jorginho-as-ultimas-noticias-do-flamengo\/\" \/>\n<meta property=\"og:site_name\" content=\"G\u00e1vea News\" \/>\n<meta property=\"article:publisher\" content=\"https:\/\/facebook.com\/gaveaNews\/\" \/>\n<meta property=\"article:published_time\" content=\"2025-10-15T03:00:00+00:00\" \/>\n<meta property=\"og:image\" content=\"https:\/\/www.gaveanews.com\/wp-content\/uploads\/Jorginho-em-acao-pelo-Flamengo.png\" \/>\n\t<meta property=\"og:image:width\" content=\"1200\" \/>\n\t<meta property=\"og:image:height\" content=\"900\" \/>\n\t<meta property=\"og:image:type\" content=\"image\/png\" \/>\n<meta name=\"author\" content=\"Reda\u00e7\u00e3o\" \/>\n<meta name=\"twitter:card\" content=\"summary_large_image\" \/>\n<meta name=\"twitter:label1\" content=\"Escrito por\" \/>\n\t<meta name=\"twitter:data1\" content=\"Reda\u00e7\u00e3o\" \/>\n\t<meta name=\"twitter:label2\" content=\"Est. tempo de leitura\" \/>\n\t<meta name=\"twitter:data2\" content=\"5 minutos\" \/>\n<script type=\"application\/ld+json\" class=\"yoast-schema-graph\">{\"@context\":\"https:\/\/schema.org\",\"@graph\":[{\"@type\":\"NewsArticle\",\"@id\":\"https:\/\/www.gaveanews.com\/index.php\/2025\/10\/15\/reforcos-de-peso-disputa-com-a-libra-e-declaracao-de-jorginho-as-ultimas-noticias-do-flamengo\/#article\",\"isPartOf\":{\"@id\":\"https:\/\/www.gaveanews.com\/index.php\/2025\/10\/15\/reforcos-de-peso-disputa-com-a-libra-e-declaracao-de-jorginho-as-ultimas-noticias-do-flamengo\/\"},\"author\":{\"name\":\"Reda\u00e7\u00e3o\",\"@id\":\"https:\/\/www.gaveanews.com\/#\/schema\/person\/c88645e3d550d0b6574305e67dd5a716\"},\"headline\":\"Refor\u00e7os de peso, disputa com a LIBRA e declara\u00e7\u00e3o de Jorginho: as \u00faltimas not\u00edcias do Flamengo\",\"datePublished\":\"2025-10-15T03:00:00+00:00\",\"mainEntityOfPage\":{\"@id\":\"https:\/\/www.gaveanews.com\/index.php\/2025\/10\/15\/reforcos-de-peso-disputa-com-a-libra-e-declaracao-de-jorginho-as-ultimas-noticias-do-flamengo\/\"},\"wordCount\":875,\"commentCount\":0,\"image\":{\"@id\":\"https:\/\/www.gaveanews.com\/index.php\/2025\/10\/15\/reforcos-de-peso-disputa-com-a-libra-e-declaracao-de-jorginho-as-ultimas-noticias-do-flamengo\/#primaryimage\"},\"thumbnailUrl\":\"https:\/\/www.gaveanews.com\/wp-content\/uploads\/Jorginho-em-acao-pelo-Flamengo.png\",\"articleSection\":[\"Flamengo\"],\"inLanguage\":\"pt-BR\",\"potentialAction\":[{\"@type\":\"CommentAction\",\"name\":\"Comment\",\"target\":[\"https:\/\/www.gaveanews.com\/index.php\/2025\/10\/15\/reforcos-de-peso-disputa-com-a-libra-e-declaracao-de-jorginho-as-ultimas-noticias-do-flamengo\/#respond\"]}],\"copyrightYear\":\"2025\",\"copyrightHolder\":{\"@id\":\"https:\/\/www.gaveanews.com\/#organization\"}},{\"@type\":\"WebPage\",\"@id\":\"https:\/\/www.gaveanews.com\/index.php\/2025\/10\/15\/reforcos-de-peso-disputa-com-a-libra-e-declaracao-de-jorginho-as-ultimas-noticias-do-flamengo\/\",\"url\":\"https:\/\/www.gaveanews.com\/index.php\/2025\/10\/15\/reforcos-de-peso-disputa-com-a-libra-e-declaracao-de-jorginho-as-ultimas-noticias-do-flamengo\/\",\"name\":\"Refor\u00e7os de peso, disputa com a LIBRA e declara\u00e7\u00e3o de Jorginho: as \u00faltimas not\u00edcias do Flamengo\",\"isPartOf\":{\"@id\":\"https:\/\/www.gaveanews.com\/#website\"},\"primaryImageOfPage\":{\"@id\":\"https:\/\/www.gaveanews.com\/index.php\/2025\/10\/15\/reforcos-de-peso-disputa-com-a-libra-e-declaracao-de-jorginho-as-ultimas-noticias-do-flamengo\/#primaryimage\"},\"image\":{\"@id\":\"https:\/\/www.gaveanews.com\/index.php\/2025\/10\/15\/reforcos-de-peso-disputa-com-a-libra-e-declaracao-de-jorginho-as-ultimas-noticias-do-flamengo\/#primaryimage\"},\"thumbnailUrl\":\"https:\/\/www.gaveanews.com\/wp-content\/uploads\/Jorginho-em-acao-pelo-Flamengo.png\",\"datePublished\":\"2025-10-15T03:00:00+00:00\",\"author\":{\"@id\":\"https:\/\/www.gaveanews.com\/#\/schema\/person\/c88645e3d550d0b6574305e67dd5a716\"},\"breadcrumb\":{\"@id\":\"https:\/\/www.gaveanews.com\/index.php\/2025\/10\/15\/reforcos-de-peso-disputa-com-a-libra-e-declaracao-de-jorginho-as-ultimas-noticias-do-flamengo\/#breadcrumb\"},\"inLanguage\":\"pt-BR\",\"potentialAction\":[{\"@type\":\"ReadAction\",\"target\":[\"https:\/\/www.gaveanews.com\/index.php\/2025\/10\/15\/reforcos-de-peso-disputa-com-a-libra-e-declaracao-de-jorginho-as-ultimas-noticias-do-flamengo\/\"]}]},{\"@type\":\"ImageObject\",\"inLanguage\":\"pt-BR\",\"@id\":\"https:\/\/www.gaveanews.com\/index.php\/2025\/10\/15\/reforcos-de-peso-disputa-com-a-libra-e-declaracao-de-jorginho-as-ultimas-noticias-do-flamengo\/#primaryimage\",\"url\":\"https:\/\/www.gaveanews.com\/wp-content\/uploads\/Jorginho-em-acao-pelo-Flamengo.png\",\"contentUrl\":\"https:\/\/www.gaveanews.com\/wp-content\/uploads\/Jorginho-em-acao-pelo-Flamengo.png\",\"width\":1200,\"height\":900,\"caption\":\"Jorginho em a\u00e7\u00e3o pelo Flamengo (Foto: Gilvan de Souza\/Flamengo)\"},{\"@type\":\"BreadcrumbList\",\"@id\":\"https:\/\/www.gaveanews.com\/index.php\/2025\/10\/15\/reforcos-de-peso-disputa-com-a-libra-e-declaracao-de-jorginho-as-ultimas-noticias-do-flamengo\/#breadcrumb\",\"itemListElement\":[{\"@type\":\"ListItem\",\"position\":1,\"name\":\"Home\",\"item\":\"https:\/\/www.gaveanews.com\/\"},{\"@type\":\"ListItem\",\"position\":2,\"name\":\"Refor\u00e7os de peso, disputa com a LIBRA e declara\u00e7\u00e3o de Jorginho: as \u00faltimas not\u00edcias do Flamengo\"}]},{\"@type\":\"WebSite\",\"@id\":\"https:\/\/www.gaveanews.com\/#website\",\"url\":\"https:\/\/www.gaveanews.com\/\",\"name\":\"G\u00e1vea News\",\"description\":\"Veja todas as not\u00edcias sobre o Flamengo: Contrata\u00e7\u00f5es, categorias de base, resultados das partidas, tabela de classifica\u00e7\u00e3o, pr\u00f3ximos jogos!\",\"potentialAction\":[{\"@type\":\"SearchAction\",\"target\":{\"@type\":\"EntryPoint\",\"urlTemplate\":\"https:\/\/www.gaveanews.com\/?s={search_term_string}\"},\"query-input\":{\"@type\":\"PropertyValueSpecification\",\"valueRequired\":true,\"valueName\":\"search_term_string\"}}],\"inLanguage\":\"pt-BR\"},{\"@type\":\"Person\",\"@id\":\"https:\/\/www.gaveanews.com\/#\/schema\/person\/c88645e3d550d0b6574305e67dd5a716\",\"name\":\"Reda\u00e7\u00e3o\",\"image\":{\"@type\":\"ImageObject\",\"inLanguage\":\"pt-BR\",\"@id\":\"https:\/\/www.gaveanews.com\/#\/schema\/person\/image\/\",\"url\":\"https:\/\/secure.gravatar.com\/avatar\/434098fd823f0dc1b062d14ca22bacaa6e38de28d8c816bbef6fc2f8c44d8ba3?s=96&d=mm&r=g\",\"contentUrl\":\"https:\/\/secure.gravatar.com\/avatar\/434098fd823f0dc1b062d14ca22bacaa6e38de28d8c816bbef6fc2f8c44d8ba3?s=96&d=mm&r=g\",\"caption\":\"Reda\u00e7\u00e3o\"}}]}<\/script>\n<!-- \/ Yoast SEO Premium plugin. -->","yoast_head_json":{"title":"Refor\u00e7os de peso, disputa com a LIBRA e declara\u00e7\u00e3o de Jorginho: as \u00faltimas not\u00edcias do Flamengo","robots":{"index":"index","follow":"follow","max-snippet":"max-snippet:-1","max-image-preview":"max-image-preview:large","max-video-preview":"max-video-preview:-1"},"canonical":"https:\/\/www.gaveanews.com\/index.php\/2025\/10\/15\/reforcos-de-peso-disputa-com-a-libra-e-declaracao-de-jorginho-as-ultimas-noticias-do-flamengo\/","og_locale":"pt_BR","og_type":"article","og_title":"Refor\u00e7os de peso, disputa com a LIBRA e declara\u00e7\u00e3o de Jorginho: as \u00faltimas not\u00edcias do Flamengo","og_description":"Os principais destaques do dia no universo rubro-negro passam pela retomada dos treinos no Ninho do Urubu com o departamento m\u00e9dico zerado e a volta de Erick Pulgar, al\u00e9m do avan\u00e7o judicial no caso Flamengo x Libra com a entrada da Fenapaf e a discuss\u00e3o sobre o bloqueio de verbas. No campo das opini\u00f5es, Jorginho, [&hellip;]","og_url":"https:\/\/www.gaveanews.com\/index.php\/2025\/10\/15\/reforcos-de-peso-disputa-com-a-libra-e-declaracao-de-jorginho-as-ultimas-noticias-do-flamengo\/","og_site_name":"G\u00e1vea News","article_publisher":"https:\/\/facebook.com\/gaveaNews\/","article_published_time":"2025-10-15T03:00:00+00:00","og_image":[{"width":1200,"height":900,"url":"https:\/\/www.gaveanews.com\/wp-content\/uploads\/Jorginho-em-acao-pelo-Flamengo.png","type":"image\/png"}],"author":"Reda\u00e7\u00e3o","twitter_card":"summary_large_image","twitter_misc":{"Escrito por":"Reda\u00e7\u00e3o","Est. tempo de leitura":"5 minutos"},"schema":{"@context":"https:\/\/schema.org","@graph":[{"@type":"NewsArticle","@id":"https:\/\/www.gaveanews.com\/index.php\/2025\/10\/15\/reforcos-de-peso-disputa-com-a-libra-e-declaracao-de-jorginho-as-ultimas-noticias-do-flamengo\/#article","isPartOf":{"@id":"https:\/\/www.gaveanews.com\/index.php\/2025\/10\/15\/reforcos-de-peso-disputa-com-a-libra-e-declaracao-de-jorginho-as-ultimas-noticias-do-flamengo\/"},"author":{"name":"Reda\u00e7\u00e3o","@id":"https:\/\/www.gaveanews.com\/#\/schema\/person\/c88645e3d550d0b6574305e67dd5a716"},"headline":"Refor\u00e7os de peso, disputa com a LIBRA e declara\u00e7\u00e3o de Jorginho: as \u00faltimas not\u00edcias do Flamengo","datePublished":"2025-10-15T03:00:00+00:00","mainEntityOfPage":{"@id":"https:\/\/www.gaveanews.com\/index.php\/2025\/10\/15\/reforcos-de-peso-disputa-com-a-libra-e-declaracao-de-jorginho-as-ultimas-noticias-do-flamengo\/"},"wordCount":875,"commentCount":0,"image":{"@id":"https:\/\/www.gaveanews.com\/index.php\/2025\/10\/15\/reforcos-de-peso-disputa-com-a-libra-e-declaracao-de-jorginho-as-ultimas-noticias-do-flamengo\/#primaryimage"},"thumbnailUrl":"https:\/\/www.gaveanews.com\/wp-content\/uploads\/Jorginho-em-acao-pelo-Flamengo.png","articleSection":["Flamengo"],"inLanguage":"pt-BR","potentialAction":[{"@type":"CommentAction","name":"Comment","target":["https:\/\/www.gaveanews.com\/index.php\/2025\/10\/15\/reforcos-de-peso-disputa-com-a-libra-e-declaracao-de-jorginho-as-ultimas-noticias-do-flamengo\/#respond"]}],"copyrightYear":"2025","copyrightHolder":{"@id":"https:\/\/www.gaveanews.com\/#organization"}},{"@type":"WebPage","@id":"https:\/\/www.gaveanews.com\/index.php\/2025\/10\/15\/reforcos-de-peso-disputa-com-a-libra-e-declaracao-de-jorginho-as-ultimas-noticias-do-flamengo\/","url":"https:\/\/www.gaveanews.com\/index.php\/2025\/10\/15\/reforcos-de-peso-disputa-com-a-libra-e-declaracao-de-jorginho-as-ultimas-noticias-do-flamengo\/","name":"Refor\u00e7os de peso, disputa com a LIBRA e declara\u00e7\u00e3o de Jorginho: as \u00faltimas not\u00edcias do Flamengo","isPartOf":{"@id":"https:\/\/www.gaveanews.com\/#website"},"primaryImageOfPage":{"@id":"https:\/\/www.gaveanews.com\/index.php\/2025\/10\/15\/reforcos-de-peso-disputa-com-a-libra-e-declaracao-de-jorginho-as-ultimas-noticias-do-flamengo\/#primaryimage"},"image":{"@id":"https:\/\/www.gaveanews.com\/index.php\/2025\/10\/15\/reforcos-de-peso-disputa-com-a-libra-e-declaracao-de-jorginho-as-ultimas-noticias-do-flamengo\/#primaryimage"},"thumbnailUrl":"https:\/\/www.gaveanews.com\/wp-content\/uploads\/Jorginho-em-acao-pelo-Flamengo.png","datePublished":"2025-10-15T03:00:00+00:00","author":{"@id":"https:\/\/www.gaveanews.com\/#\/schema\/person\/c88645e3d550d0b6574305e67dd5a716"},"breadcrumb":{"@id":"https:\/\/www.gaveanews.com\/index.php\/2025\/10\/15\/reforcos-de-peso-disputa-com-a-libra-e-declaracao-de-jorginho-as-ultimas-noticias-do-flamengo\/#breadcrumb"},"inLanguage":"pt-BR","potentialAction":[{"@type":"ReadAction","target":["https:\/\/www.gaveanews.com\/index.php\/2025\/10\/15\/reforcos-de-peso-disputa-com-a-libra-e-declaracao-de-jorginho-as-ultimas-noticias-do-flamengo\/"]}]},{"@type":"ImageObject","inLanguage":"pt-BR","@id":"https:\/\/www.gaveanews.com\/index.php\/2025\/10\/15\/reforcos-de-peso-disputa-com-a-libra-e-declaracao-de-jorginho-as-ultimas-noticias-do-flamengo\/#primaryimage","url":"https:\/\/www.gaveanews.com\/wp-content\/uploads\/Jorginho-em-acao-pelo-Flamengo.png","contentUrl":"https:\/\/www.gaveanews.com\/wp-content\/uploads\/Jorginho-em-acao-pelo-Flamengo.png","width":1200,"height":900,"caption":"Jorginho em a\u00e7\u00e3o pelo Flamengo (Foto: Gilvan de Souza\/Flamengo)"},{"@type":"BreadcrumbList","@id":"https:\/\/www.gaveanews.com\/index.php\/2025\/10\/15\/reforcos-de-peso-disputa-com-a-libra-e-declaracao-de-jorginho-as-ultimas-noticias-do-flamengo\/#breadcrumb","itemListElement":[{"@type":"ListItem","position":1,"name":"Home","item":"https:\/\/www.gaveanews.com\/"},{"@type":"ListItem","position":2,"name":"Refor\u00e7os de peso, disputa com a LIBRA e declara\u00e7\u00e3o de Jorginho: as \u00faltimas not\u00edcias do Flamengo"}]},{"@type":"WebSite","@id":"https:\/\/www.gaveanews.com\/#website","url":"https:\/\/www.gaveanews.com\/","name":"G\u00e1vea News","description":"Veja todas as not\u00edcias sobre o Flamengo: Contrata\u00e7\u00f5es, categorias de base, resultados das partidas, tabela de classifica\u00e7\u00e3o, pr\u00f3ximos jogos!","potentialAction":[{"@type":"SearchAction","target":{"@type":"EntryPoint","urlTemplate":"https:\/\/www.gaveanews.com\/?s={search_term_string}"},"query-input":{"@type":"PropertyValueSpecification","valueRequired":true,"valueName":"search_term_string"}}],"inLanguage":"pt-BR"},{"@type":"Person","@id":"https:\/\/www.gaveanews.com\/#\/schema\/person\/c88645e3d550d0b6574305e67dd5a716","name":"Reda\u00e7\u00e3o","image":{"@type":"ImageObject","inLanguage":"pt-BR","@id":"https:\/\/www.gaveanews.com\/#\/schema\/person\/image\/","url":"https:\/\/secure.gravatar.com\/avatar\/434098fd823f0dc1b062d14ca22bacaa6e38de28d8c816bbef6fc2f8c44d8ba3?s=96&d=mm&r=g","contentUrl":"https:\/\/secure.gravatar.com\/avatar\/434098fd823f0dc1b062d14ca22bacaa6e38de28d8c816bbef6fc2f8c44d8ba3?s=96&d=mm&r=g","caption":"Reda\u00e7\u00e3o"}}]}},"_links":{"self":[{"href":"https:\/\/www.gaveanews.com\/index.php\/wp-json\/wp\/v2\/posts\/278513","targetHints":{"allow":["GET"]}}],"collection":[{"href":"https:\/\/www.gaveanews.com\/index.php\/wp-json\/wp\/v2\/posts"}],"about":[{"href":"https:\/\/www.gaveanews.com\/index.php\/wp-json\/wp\/v2\/types\/post"}],"author":[{"embeddable":true,"href":"https:\/\/www.gaveanews.com\/index.php\/wp-json\/wp\/v2\/users\/39"}],"replies":[{"embeddable":true,"href":"https:\/\/www.gaveanews.com\/index.php\/wp-json\/wp\/v2\/comments?post=278513"}],"version-history":[{"count":1,"href":"https:\/\/www.gaveanews.com\/index.php\/wp-json\/wp\/v2\/posts\/278513\/revisions"}],"predecessor-version":[{"id":278525,"href":"https:\/\/www.gaveanews.com\/index.php\/wp-json\/wp\/v2\/posts\/278513\/revisions\/278525"}],"wp:featuredmedia":[{"embeddable":true,"href":"https:\/\/www.gaveanews.com\/index.php\/wp-json\/wp\/v2\/media\/272380"}],"wp:attachment":[{"href":"https:\/\/www.gaveanews.com\/index.php\/wp-json\/wp\/v2\/media?parent=278513"}],"wp:term":[{"taxonomy":"category","embeddable":true,"href":"https:\/\/www.gaveanews.com\/index.php\/wp-json\/wp\/v2\/categories?post=278513"},{"taxonomy":"post_tag","embeddable":true,"href":"https:\/\/www.gaveanews.com\/index.php\/wp-json\/wp\/v2\/tags?post=278513"}],"curies":[{"name":"wp","href":"https:\/\/api.w.org\/{rel}","templated":true}]}}