{"id":278526,"date":"2025-10-15T09:32:31","date_gmt":"2025-10-15T12:32:31","guid":{"rendered":"https:\/\/www.gaveanews.com\/?p=278526"},"modified":"2025-10-15T09:32:35","modified_gmt":"2025-10-15T12:32:35","slug":"idolo-do-flamengo-recebe-homenagem-da-alerj","status":"publish","type":"post","link":"https:\/\/www.gaveanews.com\/index.php\/2025\/10\/15\/idolo-do-flamengo-recebe-homenagem-da-alerj\/","title":{"rendered":"\u00cddolo do Flamengo recebe homenagem da ALERJ"},"content":{"rendered":"\n<p>Zico, maior \u00eddolo do <a href=\"https:\/\/www.gaveanews.com\/index.php\/category\/brasileirao\/flamengo\/\" target=\"_blank\" rel=\"noopener noreferrer\">Flamengo<\/a>, foi homenageado pela Alerj na ter\u00e7a-feira (14 de outubro), durante visita \u00e0 exposi\u00e7\u00e3o dos 75 anos do Maracan\u00e3, no Pal\u00e1cio Tiradentes. Ele recebeu uma medalha alusiva ao anivers\u00e1rio do est\u00e1dio e uma placa.<\/p>\n\n\n\n<p>Na ocasi\u00e3o, o ex-jogador prop\u00f4s ao presidente da Alerj, Rodrigo Bacellar, a cria\u00e7\u00e3o do Museu do Futebol do Rio. O parlamentar anunciou a elabora\u00e7\u00e3o de uma Indica\u00e7\u00e3o Legislativa para viabilizar o projeto.<\/p>\n\n\n\n<p>Ao comentar a dimens\u00e3o simb\u00f3lica do Maracan\u00e3, Zico refor\u00e7ou a necessidade de reconhecer e preservar a mem\u00f3ria do esporte.<\/p>\n\n\n\n<p>&#8220;Viajei para muitos pa\u00edses e vi grandes jogadores estrangeiros falarem do sonho de jogar no Maracan\u00e3. Nosso futebol \u00e9 gigante e merece mais reconhecimento. A cultura precisa de um local que seja aberto para toda a popula\u00e7\u00e3o para contar essa parte t\u00e3o importante da nossa hist\u00f3ria. Vamos parabenizar e eternizar aquellos que se esfor\u00e7am para manter a mem\u00f3ria do esporte viva&#8221;.<\/p>\n\n\n\n<figure class=\"wp-block-embed is-type-photo is-provider-flickr wp-block-embed-flickr\"><div class=\"wp-block-embed__wrapper\">\n<a href=\"https:\/\/www.flickr.com\/photos\/201155970@N03\/54856629458\/in\/dateposted-public\/\"><img loading=\"lazy\" decoding=\"async\" src=\"https:\/\/live.staticflickr.com\/65535\/54856629458_9ff1a9a895_z.jpg\" alt=\"imagem_2025-10-15_093031480\" width=\"640\" height=\"427\" \/><\/a>\n<\/div><\/figure>\n\n\n\n<p>Bacellar tamb\u00e9m prestou homenagem ao maior artilheiro da hist\u00f3ria do Maracan\u00e3 e exaltou seu impacto sobre os torcedores.<\/p>\n\n\n\n<p>&#8220;Ele deu muitas alegrias ao nosso povo, que muitas vezes se desconecta dos problemas cotidianos para sentir a emo\u00e7\u00e3o que o futebol traz. Com sua conduta exemplar, Zico inspirou valores em muitas gera\u00e7\u00f5es&#8221;.<\/p>\n\n\n\n<p>A visita ocorreu na mostra que re\u00fane 437 pe\u00e7as e um m\u00f3dulo dedicado ao \u00eddolo rubro-negro. O acervo inclui a \u00faltima camisa usada por ele no Flamengo, em 1989, a bola da \u00faltima partida de Pel\u00e9 pela Sele\u00e7\u00e3o, uma cadeira perp\u00e9tua de 1950 e uma camisa autografada por Garrincha. Em pouco mais de um m\u00eas, o evento atraiu cerca de 2.500 visitantes. Ao receber a homenagem, ele recordou sua rotina no clube e a responsabilidade de ser refer\u00eancia.<\/p>\n\n\n\n<p>&#8220;Eu tinha duas casas, a que morava e o CT do clube. Vivi l\u00e1 os melhores momentos da minha carreira. Ser refer\u00eancia \u00e9 muito dif\u00edcil porque as pessoas te idolatram, mas precisamos saber conviver com isso mantendo os p\u00e9s no ch\u00e3o e dando o nosso melhor&#8221;.<\/p>\n","protected":false},"excerpt":{"rendered":"<p>Zico, maior \u00eddolo do Flamengo, foi homenageado pela Alerj na ter\u00e7a-feira (14 de outubro), durante visita \u00e0 exposi\u00e7\u00e3o dos 75 anos do Maracan\u00e3, no Pal\u00e1cio Tiradentes. Ele recebeu uma medalha alusiva ao anivers\u00e1rio do est\u00e1dio e uma placa. Na ocasi\u00e3o, o ex-jogador prop\u00f4s ao presidente da Alerj, Rodrigo Bacellar, a cria\u00e7\u00e3o do Museu do Futebol [&hellip;]<\/p>\n","protected":false},"author":39,"featured_media":101250,"comment_status":"open","ping_status":"closed","sticky":false,"template":"","format":"standard","meta":{"footnotes":""},"categories":[1],"tags":[],"class_list":["post-278526","post","type-post","status-publish","format-standard","has-post-thumbnail","hentry","category-flamengo"],"yoast_head":"<!-- This site is optimized with the Yoast SEO Premium plugin v24.2 (Yoast SEO v26.9) - https:\/\/yoast.com\/product\/yoast-seo-premium-wordpress\/ -->\n<title>\u00cddolo do Flamengo recebe homenagem da ALERJ<\/title>\n<meta name=\"description\" content=\"Na ocasi\u00e3o, o ex-jogador prop\u00f4s ao presidente da Alerj, Rodrigo Bacellar, a cria\u00e7\u00e3o do Museu do Futebol do Rio.\" \/>\n<meta name=\"robots\" content=\"index, follow, max-snippet:-1, max-image-preview:large, max-video-preview:-1\" \/>\n<link rel=\"canonical\" href=\"https:\/\/www.gaveanews.com\/index.php\/2025\/10\/15\/idolo-do-flamengo-recebe-homenagem-da-alerj\/\" \/>\n<meta property=\"og:locale\" content=\"pt_BR\" \/>\n<meta property=\"og:type\" content=\"article\" \/>\n<meta property=\"og:title\" content=\"\u00cddolo do Flamengo recebe homenagem da ALERJ\" \/>\n<meta property=\"og:description\" content=\"Na ocasi\u00e3o, o ex-jogador prop\u00f4s ao presidente da Alerj, Rodrigo Bacellar, a cria\u00e7\u00e3o do Museu do Futebol do Rio.\" \/>\n<meta property=\"og:url\" content=\"https:\/\/www.gaveanews.com\/index.php\/2025\/10\/15\/idolo-do-flamengo-recebe-homenagem-da-alerj\/\" \/>\n<meta property=\"og:site_name\" content=\"G\u00e1vea News\" \/>\n<meta property=\"article:publisher\" content=\"https:\/\/facebook.com\/gaveaNews\/\" \/>\n<meta property=\"article:published_time\" content=\"2025-10-15T12:32:31+00:00\" \/>\n<meta property=\"article:modified_time\" content=\"2025-10-15T12:32:35+00:00\" \/>\n<meta property=\"og:image\" content=\"http:\/\/www.gaveanews.com\/wp-content\/uploads\/Maracanao-escudo-Flamengo.webp\" \/>\n\t<meta property=\"og:image:width\" content=\"640\" \/>\n\t<meta property=\"og:image:height\" content=\"427\" \/>\n\t<meta property=\"og:image:type\" content=\"image\/jpeg\" \/>\n<meta name=\"author\" content=\"Reda\u00e7\u00e3o\" \/>\n<meta name=\"twitter:card\" content=\"summary_large_image\" \/>\n<meta name=\"twitter:label1\" content=\"Escrito por\" \/>\n\t<meta name=\"twitter:data1\" content=\"Reda\u00e7\u00e3o\" \/>\n\t<meta name=\"twitter:label2\" content=\"Est. tempo de leitura\" \/>\n\t<meta name=\"twitter:data2\" content=\"3 minutos\" \/>\n<script type=\"application\/ld+json\" class=\"yoast-schema-graph\">{\"@context\":\"https:\/\/schema.org\",\"@graph\":[{\"@type\":\"NewsArticle\",\"@id\":\"https:\/\/www.gaveanews.com\/index.php\/2025\/10\/15\/idolo-do-flamengo-recebe-homenagem-da-alerj\/#article\",\"isPartOf\":{\"@id\":\"https:\/\/www.gaveanews.com\/index.php\/2025\/10\/15\/idolo-do-flamengo-recebe-homenagem-da-alerj\/\"},\"author\":{\"name\":\"Reda\u00e7\u00e3o\",\"@id\":\"https:\/\/www.gaveanews.com\/#\/schema\/person\/c88645e3d550d0b6574305e67dd5a716\"},\"headline\":\"\u00cddolo do Flamengo recebe homenagem da ALERJ\",\"datePublished\":\"2025-10-15T12:32:31+00:00\",\"dateModified\":\"2025-10-15T12:32:35+00:00\",\"mainEntityOfPage\":{\"@id\":\"https:\/\/www.gaveanews.com\/index.php\/2025\/10\/15\/idolo-do-flamengo-recebe-homenagem-da-alerj\/\"},\"wordCount\":366,\"commentCount\":0,\"image\":{\"@id\":\"https:\/\/www.gaveanews.com\/index.php\/2025\/10\/15\/idolo-do-flamengo-recebe-homenagem-da-alerj\/#primaryimage\"},\"thumbnailUrl\":\"https:\/\/www.gaveanews.com\/wp-content\/uploads\/Maracanao-escudo-Flamengo.webp\",\"articleSection\":[\"Flamengo\"],\"inLanguage\":\"pt-BR\",\"potentialAction\":[{\"@type\":\"CommentAction\",\"name\":\"Comment\",\"target\":[\"https:\/\/www.gaveanews.com\/index.php\/2025\/10\/15\/idolo-do-flamengo-recebe-homenagem-da-alerj\/#respond\"]}],\"copyrightYear\":\"2025\",\"copyrightHolder\":{\"@id\":\"https:\/\/www.gaveanews.com\/#organization\"}},{\"@type\":\"WebPage\",\"@id\":\"https:\/\/www.gaveanews.com\/index.php\/2025\/10\/15\/idolo-do-flamengo-recebe-homenagem-da-alerj\/\",\"url\":\"https:\/\/www.gaveanews.com\/index.php\/2025\/10\/15\/idolo-do-flamengo-recebe-homenagem-da-alerj\/\",\"name\":\"\u00cddolo do Flamengo recebe homenagem da ALERJ\",\"isPartOf\":{\"@id\":\"https:\/\/www.gaveanews.com\/#website\"},\"primaryImageOfPage\":{\"@id\":\"https:\/\/www.gaveanews.com\/index.php\/2025\/10\/15\/idolo-do-flamengo-recebe-homenagem-da-alerj\/#primaryimage\"},\"image\":{\"@id\":\"https:\/\/www.gaveanews.com\/index.php\/2025\/10\/15\/idolo-do-flamengo-recebe-homenagem-da-alerj\/#primaryimage\"},\"thumbnailUrl\":\"https:\/\/www.gaveanews.com\/wp-content\/uploads\/Maracanao-escudo-Flamengo.webp\",\"datePublished\":\"2025-10-15T12:32:31+00:00\",\"dateModified\":\"2025-10-15T12:32:35+00:00\",\"author\":{\"@id\":\"https:\/\/www.gaveanews.com\/#\/schema\/person\/c88645e3d550d0b6574305e67dd5a716\"},\"description\":\"Na ocasi\u00e3o, o ex-jogador prop\u00f4s ao presidente da Alerj, Rodrigo Bacellar, a cria\u00e7\u00e3o do Museu do Futebol do Rio.\",\"breadcrumb\":{\"@id\":\"https:\/\/www.gaveanews.com\/index.php\/2025\/10\/15\/idolo-do-flamengo-recebe-homenagem-da-alerj\/#breadcrumb\"},\"inLanguage\":\"pt-BR\",\"potentialAction\":[{\"@type\":\"ReadAction\",\"target\":[\"https:\/\/www.gaveanews.com\/index.php\/2025\/10\/15\/idolo-do-flamengo-recebe-homenagem-da-alerj\/\"]}]},{\"@type\":\"ImageObject\",\"inLanguage\":\"pt-BR\",\"@id\":\"https:\/\/www.gaveanews.com\/index.php\/2025\/10\/15\/idolo-do-flamengo-recebe-homenagem-da-alerj\/#primaryimage\",\"url\":\"https:\/\/www.gaveanews.com\/wp-content\/uploads\/Maracanao-escudo-Flamengo.webp\",\"contentUrl\":\"https:\/\/www.gaveanews.com\/wp-content\/uploads\/Maracanao-escudo-Flamengo.webp\",\"width\":640,\"height\":427,\"caption\":\"Escudo do Flamengo no gramado do Maracan\u00e3 (Foto: Reprodu\u00e7\u00e3o)\"},{\"@type\":\"BreadcrumbList\",\"@id\":\"https:\/\/www.gaveanews.com\/index.php\/2025\/10\/15\/idolo-do-flamengo-recebe-homenagem-da-alerj\/#breadcrumb\",\"itemListElement\":[{\"@type\":\"ListItem\",\"position\":1,\"name\":\"Home\",\"item\":\"https:\/\/www.gaveanews.com\/\"},{\"@type\":\"ListItem\",\"position\":2,\"name\":\"\u00cddolo do Flamengo recebe homenagem da ALERJ\"}]},{\"@type\":\"WebSite\",\"@id\":\"https:\/\/www.gaveanews.com\/#website\",\"url\":\"https:\/\/www.gaveanews.com\/\",\"name\":\"G\u00e1vea News\",\"description\":\"Veja todas as not\u00edcias sobre o Flamengo: Contrata\u00e7\u00f5es, categorias de base, resultados das partidas, tabela de classifica\u00e7\u00e3o, pr\u00f3ximos jogos!\",\"potentialAction\":[{\"@type\":\"SearchAction\",\"target\":{\"@type\":\"EntryPoint\",\"urlTemplate\":\"https:\/\/www.gaveanews.com\/?s={search_term_string}\"},\"query-input\":{\"@type\":\"PropertyValueSpecification\",\"valueRequired\":true,\"valueName\":\"search_term_string\"}}],\"inLanguage\":\"pt-BR\"},{\"@type\":\"Person\",\"@id\":\"https:\/\/www.gaveanews.com\/#\/schema\/person\/c88645e3d550d0b6574305e67dd5a716\",\"name\":\"Reda\u00e7\u00e3o\",\"image\":{\"@type\":\"ImageObject\",\"inLanguage\":\"pt-BR\",\"@id\":\"https:\/\/www.gaveanews.com\/#\/schema\/person\/image\/\",\"url\":\"https:\/\/secure.gravatar.com\/avatar\/434098fd823f0dc1b062d14ca22bacaa6e38de28d8c816bbef6fc2f8c44d8ba3?s=96&d=mm&r=g\",\"contentUrl\":\"https:\/\/secure.gravatar.com\/avatar\/434098fd823f0dc1b062d14ca22bacaa6e38de28d8c816bbef6fc2f8c44d8ba3?s=96&d=mm&r=g\",\"caption\":\"Reda\u00e7\u00e3o\"}}]}<\/script>\n<!-- \/ Yoast SEO Premium plugin. -->","yoast_head_json":{"title":"\u00cddolo do Flamengo recebe homenagem da ALERJ","description":"Na ocasi\u00e3o, o ex-jogador prop\u00f4s ao presidente da Alerj, Rodrigo Bacellar, a cria\u00e7\u00e3o do Museu do Futebol do Rio.","robots":{"index":"index","follow":"follow","max-snippet":"max-snippet:-1","max-image-preview":"max-image-preview:large","max-video-preview":"max-video-preview:-1"},"canonical":"https:\/\/www.gaveanews.com\/index.php\/2025\/10\/15\/idolo-do-flamengo-recebe-homenagem-da-alerj\/","og_locale":"pt_BR","og_type":"article","og_title":"\u00cddolo do Flamengo recebe homenagem da ALERJ","og_description":"Na ocasi\u00e3o, o ex-jogador prop\u00f4s ao presidente da Alerj, Rodrigo Bacellar, a cria\u00e7\u00e3o do Museu do Futebol do Rio.","og_url":"https:\/\/www.gaveanews.com\/index.php\/2025\/10\/15\/idolo-do-flamengo-recebe-homenagem-da-alerj\/","og_site_name":"G\u00e1vea News","article_publisher":"https:\/\/facebook.com\/gaveaNews\/","article_published_time":"2025-10-15T12:32:31+00:00","article_modified_time":"2025-10-15T12:32:35+00:00","og_image":[{"width":640,"height":427,"url":"http:\/\/www.gaveanews.com\/wp-content\/uploads\/Maracanao-escudo-Flamengo.webp","type":"image\/jpeg"}],"author":"Reda\u00e7\u00e3o","twitter_card":"summary_large_image","twitter_misc":{"Escrito por":"Reda\u00e7\u00e3o","Est. tempo de leitura":"3 minutos"},"schema":{"@context":"https:\/\/schema.org","@graph":[{"@type":"NewsArticle","@id":"https:\/\/www.gaveanews.com\/index.php\/2025\/10\/15\/idolo-do-flamengo-recebe-homenagem-da-alerj\/#article","isPartOf":{"@id":"https:\/\/www.gaveanews.com\/index.php\/2025\/10\/15\/idolo-do-flamengo-recebe-homenagem-da-alerj\/"},"author":{"name":"Reda\u00e7\u00e3o","@id":"https:\/\/www.gaveanews.com\/#\/schema\/person\/c88645e3d550d0b6574305e67dd5a716"},"headline":"\u00cddolo do Flamengo recebe homenagem da ALERJ","datePublished":"2025-10-15T12:32:31+00:00","dateModified":"2025-10-15T12:32:35+00:00","mainEntityOfPage":{"@id":"https:\/\/www.gaveanews.com\/index.php\/2025\/10\/15\/idolo-do-flamengo-recebe-homenagem-da-alerj\/"},"wordCount":366,"commentCount":0,"image":{"@id":"https:\/\/www.gaveanews.com\/index.php\/2025\/10\/15\/idolo-do-flamengo-recebe-homenagem-da-alerj\/#primaryimage"},"thumbnailUrl":"https:\/\/www.gaveanews.com\/wp-content\/uploads\/Maracanao-escudo-Flamengo.webp","articleSection":["Flamengo"],"inLanguage":"pt-BR","potentialAction":[{"@type":"CommentAction","name":"Comment","target":["https:\/\/www.gaveanews.com\/index.php\/2025\/10\/15\/idolo-do-flamengo-recebe-homenagem-da-alerj\/#respond"]}],"copyrightYear":"2025","copyrightHolder":{"@id":"https:\/\/www.gaveanews.com\/#organization"}},{"@type":"WebPage","@id":"https:\/\/www.gaveanews.com\/index.php\/2025\/10\/15\/idolo-do-flamengo-recebe-homenagem-da-alerj\/","url":"https:\/\/www.gaveanews.com\/index.php\/2025\/10\/15\/idolo-do-flamengo-recebe-homenagem-da-alerj\/","name":"\u00cddolo do Flamengo recebe homenagem da ALERJ","isPartOf":{"@id":"https:\/\/www.gaveanews.com\/#website"},"primaryImageOfPage":{"@id":"https:\/\/www.gaveanews.com\/index.php\/2025\/10\/15\/idolo-do-flamengo-recebe-homenagem-da-alerj\/#primaryimage"},"image":{"@id":"https:\/\/www.gaveanews.com\/index.php\/2025\/10\/15\/idolo-do-flamengo-recebe-homenagem-da-alerj\/#primaryimage"},"thumbnailUrl":"https:\/\/www.gaveanews.com\/wp-content\/uploads\/Maracanao-escudo-Flamengo.webp","datePublished":"2025-10-15T12:32:31+00:00","dateModified":"2025-10-15T12:32:35+00:00","author":{"@id":"https:\/\/www.gaveanews.com\/#\/schema\/person\/c88645e3d550d0b6574305e67dd5a716"},"description":"Na ocasi\u00e3o, o ex-jogador prop\u00f4s ao presidente da Alerj, Rodrigo Bacellar, a cria\u00e7\u00e3o do Museu do Futebol do Rio.","breadcrumb":{"@id":"https:\/\/www.gaveanews.com\/index.php\/2025\/10\/15\/idolo-do-flamengo-recebe-homenagem-da-alerj\/#breadcrumb"},"inLanguage":"pt-BR","potentialAction":[{"@type":"ReadAction","target":["https:\/\/www.gaveanews.com\/index.php\/2025\/10\/15\/idolo-do-flamengo-recebe-homenagem-da-alerj\/"]}]},{"@type":"ImageObject","inLanguage":"pt-BR","@id":"https:\/\/www.gaveanews.com\/index.php\/2025\/10\/15\/idolo-do-flamengo-recebe-homenagem-da-alerj\/#primaryimage","url":"https:\/\/www.gaveanews.com\/wp-content\/uploads\/Maracanao-escudo-Flamengo.webp","contentUrl":"https:\/\/www.gaveanews.com\/wp-content\/uploads\/Maracanao-escudo-Flamengo.webp","width":640,"height":427,"caption":"Escudo do Flamengo no gramado do Maracan\u00e3 (Foto: Reprodu\u00e7\u00e3o)"},{"@type":"BreadcrumbList","@id":"https:\/\/www.gaveanews.com\/index.php\/2025\/10\/15\/idolo-do-flamengo-recebe-homenagem-da-alerj\/#breadcrumb","itemListElement":[{"@type":"ListItem","position":1,"name":"Home","item":"https:\/\/www.gaveanews.com\/"},{"@type":"ListItem","position":2,"name":"\u00cddolo do Flamengo recebe homenagem da ALERJ"}]},{"@type":"WebSite","@id":"https:\/\/www.gaveanews.com\/#website","url":"https:\/\/www.gaveanews.com\/","name":"G\u00e1vea News","description":"Veja todas as not\u00edcias sobre o Flamengo: Contrata\u00e7\u00f5es, categorias de base, resultados das partidas, tabela de classifica\u00e7\u00e3o, pr\u00f3ximos jogos!","potentialAction":[{"@type":"SearchAction","target":{"@type":"EntryPoint","urlTemplate":"https:\/\/www.gaveanews.com\/?s={search_term_string}"},"query-input":{"@type":"PropertyValueSpecification","valueRequired":true,"valueName":"search_term_string"}}],"inLanguage":"pt-BR"},{"@type":"Person","@id":"https:\/\/www.gaveanews.com\/#\/schema\/person\/c88645e3d550d0b6574305e67dd5a716","name":"Reda\u00e7\u00e3o","image":{"@type":"ImageObject","inLanguage":"pt-BR","@id":"https:\/\/www.gaveanews.com\/#\/schema\/person\/image\/","url":"https:\/\/secure.gravatar.com\/avatar\/434098fd823f0dc1b062d14ca22bacaa6e38de28d8c816bbef6fc2f8c44d8ba3?s=96&d=mm&r=g","contentUrl":"https:\/\/secure.gravatar.com\/avatar\/434098fd823f0dc1b062d14ca22bacaa6e38de28d8c816bbef6fc2f8c44d8ba3?s=96&d=mm&r=g","caption":"Reda\u00e7\u00e3o"}}]}},"_links":{"self":[{"href":"https:\/\/www.gaveanews.com\/index.php\/wp-json\/wp\/v2\/posts\/278526","targetHints":{"allow":["GET"]}}],"collection":[{"href":"https:\/\/www.gaveanews.com\/index.php\/wp-json\/wp\/v2\/posts"}],"about":[{"href":"https:\/\/www.gaveanews.com\/index.php\/wp-json\/wp\/v2\/types\/post"}],"author":[{"embeddable":true,"href":"https:\/\/www.gaveanews.com\/index.php\/wp-json\/wp\/v2\/users\/39"}],"replies":[{"embeddable":true,"href":"https:\/\/www.gaveanews.com\/index.php\/wp-json\/wp\/v2\/comments?post=278526"}],"version-history":[{"count":1,"href":"https:\/\/www.gaveanews.com\/index.php\/wp-json\/wp\/v2\/posts\/278526\/revisions"}],"predecessor-version":[{"id":278528,"href":"https:\/\/www.gaveanews.com\/index.php\/wp-json\/wp\/v2\/posts\/278526\/revisions\/278528"}],"wp:featuredmedia":[{"embeddable":true,"href":"https:\/\/www.gaveanews.com\/index.php\/wp-json\/wp\/v2\/media\/101250"}],"wp:attachment":[{"href":"https:\/\/www.gaveanews.com\/index.php\/wp-json\/wp\/v2\/media?parent=278526"}],"wp:term":[{"taxonomy":"category","embeddable":true,"href":"https:\/\/www.gaveanews.com\/index.php\/wp-json\/wp\/v2\/categories?post=278526"},{"taxonomy":"post_tag","embeddable":true,"href":"https:\/\/www.gaveanews.com\/index.php\/wp-json\/wp\/v2\/tags?post=278526"}],"curies":[{"name":"wp","href":"https:\/\/api.w.org\/{rel}","templated":true}]}}