{"id":278531,"date":"2025-10-15T10:15:00","date_gmt":"2025-10-15T13:15:00","guid":{"rendered":"https:\/\/www.gaveanews.com\/?p=278531"},"modified":"2025-10-15T09:46:20","modified_gmt":"2025-10-15T12:46:20","slug":"a-declaracao-de-jorginho-do-flamengo-sobre-os-gramados-sinteticos","status":"publish","type":"post","link":"https:\/\/www.gaveanews.com\/index.php\/2025\/10\/15\/a-declaracao-de-jorginho-do-flamengo-sobre-os-gramados-sinteticos\/","title":{"rendered":"A declara\u00e7\u00e3o de Jorginho, do Flamengo, sobre os gramados sint\u00e9ticos"},"content":{"rendered":"\n<p>O <a href=\"https:\/\/www.gaveanews.com\/index.php\/category\/brasileirao\/flamengo\/\" target=\"_blank\" rel=\"noopener noreferrer\">Flamengo<\/a> volta a campo ap\u00f3s a Data Fifa com o cl\u00e1ssico contra o <a href=\"https:\/\/www.gaveanews.com\/index.php\/category\/brasileirao\/botafogo\/\" target=\"_blank\" rel=\"noopener noreferrer\">Botafogo<\/a>, nesta quarta-feira (15 de outubro), no Nilton Santos. O est\u00e1dio tem gramado sint\u00e9tico, tema que divide opini\u00f5es e motivou coment\u00e1rios do meia Jorginho.<\/p>\n\n\n\n<p>Essa \u00e9 a primeira experi\u00eancia de Jorginho no Brasil. O jogador de 33 anos foi revelado no Hellas Verona, atuou na It\u00e1lia at\u00e9 2018 e depois jogou oito anos por Chelsea e Arsenal.<\/p>\n\n\n\n<p>Em entrevista ao UOL, Jorginho afirmou que prefere jogar no sint\u00e9tico a encarar um campo natural em condi\u00e7\u00f5es ruins. Ele citou a recente partida em Salvador, quando rubro-negros reclamaram do estado do gramado da Arena Fonte Nova.<\/p>\n\n\n\n<p>\u201cJoguei (no sint\u00e9tico) contra o Atl\u00e9tico-MG. \u00c9 complicado, mas se \u00e9 para jogar num est\u00e1dio que n\u00e3o tem um \u201cgramado\u201d, acaba sendo melhor jogar num sint\u00e9tico. Obviamente, n\u00e3o \u00e9 o ideal, porque acaba tendo mais les\u00f5es. Acredito que seja bem pior do que um campo normal, por\u00e9m h\u00e1 campos e campos\u201d.<\/p>\n\n\n\n<p>O volante tamb\u00e9m pediu uma padroniza\u00e7\u00e3o dos campos no pa\u00eds, especialmente nos est\u00e1dios do Brasileir\u00e3o. Para ele, a diversidade de pisos atrapalha o espet\u00e1culo para torcedores e dificulta a adapta\u00e7\u00e3o entre partidas.<\/p>\n\n\n\n<p>\u201cAcredito que tinha que ser meio que padronizado. Porque tem uma diferen\u00e7a muito grande quando voc\u00ea joga em certos campos e tr\u00eas dias depois voc\u00ea vai para outro e \u00e9 completamente diferente. E a\u00ed tem v\u00e1rias quest\u00f5es, pode ser a quest\u00e3o clim\u00e1tica. Deveria, pelo menos, ter um padr\u00e3o m\u00ednimo de qualidade para o espectador, para o torcedor que paga o ingresso poder ter um belo espet\u00e1culo\u201d.<\/p>\n\n\n\n<p>O gramado da Fonte Nova j\u00e1 havia sido criticado por palmeirenses no fim de setembro, ap\u00f3s a partida contra o Bahia, pelo Brasileir\u00e3o. O assunto reacendeu o debate entre torcedores e jogadores sobre as condi\u00e7\u00f5es dos est\u00e1dios.<\/p>\n\n\n\n<p>O pr\u00f3ximo compromisso do Flamengo acontece no Nilton Santos, tamb\u00e9m com grama sint\u00e9tica. O cl\u00e1ssico desta quarta-feira (15 de outubro) \u00e9 um dos jogos que abrem a 28\u00aa rodada do Brasileir\u00e3o, e Jorginho ter\u00e1 a segunda experi\u00eancia no sint\u00e9tico.<\/p>\n","protected":false},"excerpt":{"rendered":"<p>O Flamengo volta a campo ap\u00f3s a Data Fifa com o cl\u00e1ssico contra o Botafogo, nesta quarta-feira (15 de outubro), no Nilton Santos. O est\u00e1dio tem gramado sint\u00e9tico, tema que divide opini\u00f5es e motivou coment\u00e1rios do meia Jorginho. Essa \u00e9 a primeira experi\u00eancia de Jorginho no Brasil. O jogador de 33 anos foi revelado no [&hellip;]<\/p>\n","protected":false},"author":39,"featured_media":272380,"comment_status":"open","ping_status":"closed","sticky":false,"template":"","format":"standard","meta":{"footnotes":""},"categories":[1],"tags":[],"class_list":["post-278531","post","type-post","status-publish","format-standard","has-post-thumbnail","hentry","category-flamengo"],"yoast_head":"<!-- This site is optimized with the Yoast SEO Premium plugin v24.2 (Yoast SEO v26.9) - https:\/\/yoast.com\/product\/yoast-seo-premium-wordpress\/ -->\n<title>A declara\u00e7\u00e3o de Jorginho, do Flamengo, sobre os gramados sint\u00e9ticos<\/title>\n<meta name=\"robots\" content=\"index, follow, max-snippet:-1, max-image-preview:large, max-video-preview:-1\" \/>\n<link rel=\"canonical\" href=\"https:\/\/www.gaveanews.com\/index.php\/2025\/10\/15\/a-declaracao-de-jorginho-do-flamengo-sobre-os-gramados-sinteticos\/\" \/>\n<meta property=\"og:locale\" content=\"pt_BR\" \/>\n<meta property=\"og:type\" content=\"article\" \/>\n<meta property=\"og:title\" content=\"A declara\u00e7\u00e3o de Jorginho, do Flamengo, sobre os gramados sint\u00e9ticos\" \/>\n<meta property=\"og:description\" content=\"O Flamengo volta a campo ap\u00f3s a Data Fifa com o cl\u00e1ssico contra o Botafogo, nesta quarta-feira (15 de outubro), no Nilton Santos. O est\u00e1dio tem gramado sint\u00e9tico, tema que divide opini\u00f5es e motivou coment\u00e1rios do meia Jorginho. Essa \u00e9 a primeira experi\u00eancia de Jorginho no Brasil. O jogador de 33 anos foi revelado no [&hellip;]\" \/>\n<meta property=\"og:url\" content=\"https:\/\/www.gaveanews.com\/index.php\/2025\/10\/15\/a-declaracao-de-jorginho-do-flamengo-sobre-os-gramados-sinteticos\/\" \/>\n<meta property=\"og:site_name\" content=\"G\u00e1vea News\" \/>\n<meta property=\"article:publisher\" content=\"https:\/\/facebook.com\/gaveaNews\/\" \/>\n<meta property=\"article:published_time\" content=\"2025-10-15T13:15:00+00:00\" \/>\n<meta property=\"og:image\" content=\"https:\/\/www.gaveanews.com\/wp-content\/uploads\/Jorginho-em-acao-pelo-Flamengo.png\" \/>\n\t<meta property=\"og:image:width\" content=\"1200\" \/>\n\t<meta property=\"og:image:height\" content=\"900\" \/>\n\t<meta property=\"og:image:type\" content=\"image\/png\" \/>\n<meta name=\"author\" content=\"Reda\u00e7\u00e3o\" \/>\n<meta name=\"twitter:card\" content=\"summary_large_image\" \/>\n<meta name=\"twitter:label1\" content=\"Escrito por\" \/>\n\t<meta name=\"twitter:data1\" content=\"Reda\u00e7\u00e3o\" \/>\n\t<meta name=\"twitter:label2\" content=\"Est. tempo de leitura\" \/>\n\t<meta name=\"twitter:data2\" content=\"3 minutos\" \/>\n<script type=\"application\/ld+json\" class=\"yoast-schema-graph\">{\"@context\":\"https:\/\/schema.org\",\"@graph\":[{\"@type\":\"NewsArticle\",\"@id\":\"https:\/\/www.gaveanews.com\/index.php\/2025\/10\/15\/a-declaracao-de-jorginho-do-flamengo-sobre-os-gramados-sinteticos\/#article\",\"isPartOf\":{\"@id\":\"https:\/\/www.gaveanews.com\/index.php\/2025\/10\/15\/a-declaracao-de-jorginho-do-flamengo-sobre-os-gramados-sinteticos\/\"},\"author\":{\"name\":\"Reda\u00e7\u00e3o\",\"@id\":\"https:\/\/www.gaveanews.com\/#\/schema\/person\/c88645e3d550d0b6574305e67dd5a716\"},\"headline\":\"A declara\u00e7\u00e3o de Jorginho, do Flamengo, sobre os gramados sint\u00e9ticos\",\"datePublished\":\"2025-10-15T13:15:00+00:00\",\"mainEntityOfPage\":{\"@id\":\"https:\/\/www.gaveanews.com\/index.php\/2025\/10\/15\/a-declaracao-de-jorginho-do-flamengo-sobre-os-gramados-sinteticos\/\"},\"wordCount\":379,\"commentCount\":0,\"image\":{\"@id\":\"https:\/\/www.gaveanews.com\/index.php\/2025\/10\/15\/a-declaracao-de-jorginho-do-flamengo-sobre-os-gramados-sinteticos\/#primaryimage\"},\"thumbnailUrl\":\"https:\/\/www.gaveanews.com\/wp-content\/uploads\/Jorginho-em-acao-pelo-Flamengo.png\",\"articleSection\":[\"Flamengo\"],\"inLanguage\":\"pt-BR\",\"potentialAction\":[{\"@type\":\"CommentAction\",\"name\":\"Comment\",\"target\":[\"https:\/\/www.gaveanews.com\/index.php\/2025\/10\/15\/a-declaracao-de-jorginho-do-flamengo-sobre-os-gramados-sinteticos\/#respond\"]}],\"copyrightYear\":\"2025\",\"copyrightHolder\":{\"@id\":\"https:\/\/www.gaveanews.com\/#organization\"}},{\"@type\":\"WebPage\",\"@id\":\"https:\/\/www.gaveanews.com\/index.php\/2025\/10\/15\/a-declaracao-de-jorginho-do-flamengo-sobre-os-gramados-sinteticos\/\",\"url\":\"https:\/\/www.gaveanews.com\/index.php\/2025\/10\/15\/a-declaracao-de-jorginho-do-flamengo-sobre-os-gramados-sinteticos\/\",\"name\":\"A declara\u00e7\u00e3o de Jorginho, do Flamengo, sobre os gramados sint\u00e9ticos\",\"isPartOf\":{\"@id\":\"https:\/\/www.gaveanews.com\/#website\"},\"primaryImageOfPage\":{\"@id\":\"https:\/\/www.gaveanews.com\/index.php\/2025\/10\/15\/a-declaracao-de-jorginho-do-flamengo-sobre-os-gramados-sinteticos\/#primaryimage\"},\"image\":{\"@id\":\"https:\/\/www.gaveanews.com\/index.php\/2025\/10\/15\/a-declaracao-de-jorginho-do-flamengo-sobre-os-gramados-sinteticos\/#primaryimage\"},\"thumbnailUrl\":\"https:\/\/www.gaveanews.com\/wp-content\/uploads\/Jorginho-em-acao-pelo-Flamengo.png\",\"datePublished\":\"2025-10-15T13:15:00+00:00\",\"author\":{\"@id\":\"https:\/\/www.gaveanews.com\/#\/schema\/person\/c88645e3d550d0b6574305e67dd5a716\"},\"breadcrumb\":{\"@id\":\"https:\/\/www.gaveanews.com\/index.php\/2025\/10\/15\/a-declaracao-de-jorginho-do-flamengo-sobre-os-gramados-sinteticos\/#breadcrumb\"},\"inLanguage\":\"pt-BR\",\"potentialAction\":[{\"@type\":\"ReadAction\",\"target\":[\"https:\/\/www.gaveanews.com\/index.php\/2025\/10\/15\/a-declaracao-de-jorginho-do-flamengo-sobre-os-gramados-sinteticos\/\"]}]},{\"@type\":\"ImageObject\",\"inLanguage\":\"pt-BR\",\"@id\":\"https:\/\/www.gaveanews.com\/index.php\/2025\/10\/15\/a-declaracao-de-jorginho-do-flamengo-sobre-os-gramados-sinteticos\/#primaryimage\",\"url\":\"https:\/\/www.gaveanews.com\/wp-content\/uploads\/Jorginho-em-acao-pelo-Flamengo.png\",\"contentUrl\":\"https:\/\/www.gaveanews.com\/wp-content\/uploads\/Jorginho-em-acao-pelo-Flamengo.png\",\"width\":1200,\"height\":900,\"caption\":\"Jorginho em a\u00e7\u00e3o pelo Flamengo (Foto: Gilvan de Souza\/Flamengo)\"},{\"@type\":\"BreadcrumbList\",\"@id\":\"https:\/\/www.gaveanews.com\/index.php\/2025\/10\/15\/a-declaracao-de-jorginho-do-flamengo-sobre-os-gramados-sinteticos\/#breadcrumb\",\"itemListElement\":[{\"@type\":\"ListItem\",\"position\":1,\"name\":\"Home\",\"item\":\"https:\/\/www.gaveanews.com\/\"},{\"@type\":\"ListItem\",\"position\":2,\"name\":\"A declara\u00e7\u00e3o de Jorginho, do Flamengo, sobre os gramados sint\u00e9ticos\"}]},{\"@type\":\"WebSite\",\"@id\":\"https:\/\/www.gaveanews.com\/#website\",\"url\":\"https:\/\/www.gaveanews.com\/\",\"name\":\"G\u00e1vea News\",\"description\":\"Veja todas as not\u00edcias sobre o Flamengo: Contrata\u00e7\u00f5es, categorias de base, resultados das partidas, tabela de classifica\u00e7\u00e3o, pr\u00f3ximos jogos!\",\"potentialAction\":[{\"@type\":\"SearchAction\",\"target\":{\"@type\":\"EntryPoint\",\"urlTemplate\":\"https:\/\/www.gaveanews.com\/?s={search_term_string}\"},\"query-input\":{\"@type\":\"PropertyValueSpecification\",\"valueRequired\":true,\"valueName\":\"search_term_string\"}}],\"inLanguage\":\"pt-BR\"},{\"@type\":\"Person\",\"@id\":\"https:\/\/www.gaveanews.com\/#\/schema\/person\/c88645e3d550d0b6574305e67dd5a716\",\"name\":\"Reda\u00e7\u00e3o\",\"image\":{\"@type\":\"ImageObject\",\"inLanguage\":\"pt-BR\",\"@id\":\"https:\/\/www.gaveanews.com\/#\/schema\/person\/image\/\",\"url\":\"https:\/\/secure.gravatar.com\/avatar\/434098fd823f0dc1b062d14ca22bacaa6e38de28d8c816bbef6fc2f8c44d8ba3?s=96&d=mm&r=g\",\"contentUrl\":\"https:\/\/secure.gravatar.com\/avatar\/434098fd823f0dc1b062d14ca22bacaa6e38de28d8c816bbef6fc2f8c44d8ba3?s=96&d=mm&r=g\",\"caption\":\"Reda\u00e7\u00e3o\"}}]}<\/script>\n<!-- \/ Yoast SEO Premium plugin. -->","yoast_head_json":{"title":"A declara\u00e7\u00e3o de Jorginho, do Flamengo, sobre os gramados sint\u00e9ticos","robots":{"index":"index","follow":"follow","max-snippet":"max-snippet:-1","max-image-preview":"max-image-preview:large","max-video-preview":"max-video-preview:-1"},"canonical":"https:\/\/www.gaveanews.com\/index.php\/2025\/10\/15\/a-declaracao-de-jorginho-do-flamengo-sobre-os-gramados-sinteticos\/","og_locale":"pt_BR","og_type":"article","og_title":"A declara\u00e7\u00e3o de Jorginho, do Flamengo, sobre os gramados sint\u00e9ticos","og_description":"O Flamengo volta a campo ap\u00f3s a Data Fifa com o cl\u00e1ssico contra o Botafogo, nesta quarta-feira (15 de outubro), no Nilton Santos. O est\u00e1dio tem gramado sint\u00e9tico, tema que divide opini\u00f5es e motivou coment\u00e1rios do meia Jorginho. Essa \u00e9 a primeira experi\u00eancia de Jorginho no Brasil. O jogador de 33 anos foi revelado no [&hellip;]","og_url":"https:\/\/www.gaveanews.com\/index.php\/2025\/10\/15\/a-declaracao-de-jorginho-do-flamengo-sobre-os-gramados-sinteticos\/","og_site_name":"G\u00e1vea News","article_publisher":"https:\/\/facebook.com\/gaveaNews\/","article_published_time":"2025-10-15T13:15:00+00:00","og_image":[{"width":1200,"height":900,"url":"https:\/\/www.gaveanews.com\/wp-content\/uploads\/Jorginho-em-acao-pelo-Flamengo.png","type":"image\/png"}],"author":"Reda\u00e7\u00e3o","twitter_card":"summary_large_image","twitter_misc":{"Escrito por":"Reda\u00e7\u00e3o","Est. tempo de leitura":"3 minutos"},"schema":{"@context":"https:\/\/schema.org","@graph":[{"@type":"NewsArticle","@id":"https:\/\/www.gaveanews.com\/index.php\/2025\/10\/15\/a-declaracao-de-jorginho-do-flamengo-sobre-os-gramados-sinteticos\/#article","isPartOf":{"@id":"https:\/\/www.gaveanews.com\/index.php\/2025\/10\/15\/a-declaracao-de-jorginho-do-flamengo-sobre-os-gramados-sinteticos\/"},"author":{"name":"Reda\u00e7\u00e3o","@id":"https:\/\/www.gaveanews.com\/#\/schema\/person\/c88645e3d550d0b6574305e67dd5a716"},"headline":"A declara\u00e7\u00e3o de Jorginho, do Flamengo, sobre os gramados sint\u00e9ticos","datePublished":"2025-10-15T13:15:00+00:00","mainEntityOfPage":{"@id":"https:\/\/www.gaveanews.com\/index.php\/2025\/10\/15\/a-declaracao-de-jorginho-do-flamengo-sobre-os-gramados-sinteticos\/"},"wordCount":379,"commentCount":0,"image":{"@id":"https:\/\/www.gaveanews.com\/index.php\/2025\/10\/15\/a-declaracao-de-jorginho-do-flamengo-sobre-os-gramados-sinteticos\/#primaryimage"},"thumbnailUrl":"https:\/\/www.gaveanews.com\/wp-content\/uploads\/Jorginho-em-acao-pelo-Flamengo.png","articleSection":["Flamengo"],"inLanguage":"pt-BR","potentialAction":[{"@type":"CommentAction","name":"Comment","target":["https:\/\/www.gaveanews.com\/index.php\/2025\/10\/15\/a-declaracao-de-jorginho-do-flamengo-sobre-os-gramados-sinteticos\/#respond"]}],"copyrightYear":"2025","copyrightHolder":{"@id":"https:\/\/www.gaveanews.com\/#organization"}},{"@type":"WebPage","@id":"https:\/\/www.gaveanews.com\/index.php\/2025\/10\/15\/a-declaracao-de-jorginho-do-flamengo-sobre-os-gramados-sinteticos\/","url":"https:\/\/www.gaveanews.com\/index.php\/2025\/10\/15\/a-declaracao-de-jorginho-do-flamengo-sobre-os-gramados-sinteticos\/","name":"A declara\u00e7\u00e3o de Jorginho, do Flamengo, sobre os gramados sint\u00e9ticos","isPartOf":{"@id":"https:\/\/www.gaveanews.com\/#website"},"primaryImageOfPage":{"@id":"https:\/\/www.gaveanews.com\/index.php\/2025\/10\/15\/a-declaracao-de-jorginho-do-flamengo-sobre-os-gramados-sinteticos\/#primaryimage"},"image":{"@id":"https:\/\/www.gaveanews.com\/index.php\/2025\/10\/15\/a-declaracao-de-jorginho-do-flamengo-sobre-os-gramados-sinteticos\/#primaryimage"},"thumbnailUrl":"https:\/\/www.gaveanews.com\/wp-content\/uploads\/Jorginho-em-acao-pelo-Flamengo.png","datePublished":"2025-10-15T13:15:00+00:00","author":{"@id":"https:\/\/www.gaveanews.com\/#\/schema\/person\/c88645e3d550d0b6574305e67dd5a716"},"breadcrumb":{"@id":"https:\/\/www.gaveanews.com\/index.php\/2025\/10\/15\/a-declaracao-de-jorginho-do-flamengo-sobre-os-gramados-sinteticos\/#breadcrumb"},"inLanguage":"pt-BR","potentialAction":[{"@type":"ReadAction","target":["https:\/\/www.gaveanews.com\/index.php\/2025\/10\/15\/a-declaracao-de-jorginho-do-flamengo-sobre-os-gramados-sinteticos\/"]}]},{"@type":"ImageObject","inLanguage":"pt-BR","@id":"https:\/\/www.gaveanews.com\/index.php\/2025\/10\/15\/a-declaracao-de-jorginho-do-flamengo-sobre-os-gramados-sinteticos\/#primaryimage","url":"https:\/\/www.gaveanews.com\/wp-content\/uploads\/Jorginho-em-acao-pelo-Flamengo.png","contentUrl":"https:\/\/www.gaveanews.com\/wp-content\/uploads\/Jorginho-em-acao-pelo-Flamengo.png","width":1200,"height":900,"caption":"Jorginho em a\u00e7\u00e3o pelo Flamengo (Foto: Gilvan de Souza\/Flamengo)"},{"@type":"BreadcrumbList","@id":"https:\/\/www.gaveanews.com\/index.php\/2025\/10\/15\/a-declaracao-de-jorginho-do-flamengo-sobre-os-gramados-sinteticos\/#breadcrumb","itemListElement":[{"@type":"ListItem","position":1,"name":"Home","item":"https:\/\/www.gaveanews.com\/"},{"@type":"ListItem","position":2,"name":"A declara\u00e7\u00e3o de Jorginho, do Flamengo, sobre os gramados sint\u00e9ticos"}]},{"@type":"WebSite","@id":"https:\/\/www.gaveanews.com\/#website","url":"https:\/\/www.gaveanews.com\/","name":"G\u00e1vea News","description":"Veja todas as not\u00edcias sobre o Flamengo: Contrata\u00e7\u00f5es, categorias de base, resultados das partidas, tabela de classifica\u00e7\u00e3o, pr\u00f3ximos jogos!","potentialAction":[{"@type":"SearchAction","target":{"@type":"EntryPoint","urlTemplate":"https:\/\/www.gaveanews.com\/?s={search_term_string}"},"query-input":{"@type":"PropertyValueSpecification","valueRequired":true,"valueName":"search_term_string"}}],"inLanguage":"pt-BR"},{"@type":"Person","@id":"https:\/\/www.gaveanews.com\/#\/schema\/person\/c88645e3d550d0b6574305e67dd5a716","name":"Reda\u00e7\u00e3o","image":{"@type":"ImageObject","inLanguage":"pt-BR","@id":"https:\/\/www.gaveanews.com\/#\/schema\/person\/image\/","url":"https:\/\/secure.gravatar.com\/avatar\/434098fd823f0dc1b062d14ca22bacaa6e38de28d8c816bbef6fc2f8c44d8ba3?s=96&d=mm&r=g","contentUrl":"https:\/\/secure.gravatar.com\/avatar\/434098fd823f0dc1b062d14ca22bacaa6e38de28d8c816bbef6fc2f8c44d8ba3?s=96&d=mm&r=g","caption":"Reda\u00e7\u00e3o"}}]}},"_links":{"self":[{"href":"https:\/\/www.gaveanews.com\/index.php\/wp-json\/wp\/v2\/posts\/278531","targetHints":{"allow":["GET"]}}],"collection":[{"href":"https:\/\/www.gaveanews.com\/index.php\/wp-json\/wp\/v2\/posts"}],"about":[{"href":"https:\/\/www.gaveanews.com\/index.php\/wp-json\/wp\/v2\/types\/post"}],"author":[{"embeddable":true,"href":"https:\/\/www.gaveanews.com\/index.php\/wp-json\/wp\/v2\/users\/39"}],"replies":[{"embeddable":true,"href":"https:\/\/www.gaveanews.com\/index.php\/wp-json\/wp\/v2\/comments?post=278531"}],"version-history":[{"count":1,"href":"https:\/\/www.gaveanews.com\/index.php\/wp-json\/wp\/v2\/posts\/278531\/revisions"}],"predecessor-version":[{"id":278537,"href":"https:\/\/www.gaveanews.com\/index.php\/wp-json\/wp\/v2\/posts\/278531\/revisions\/278537"}],"wp:featuredmedia":[{"embeddable":true,"href":"https:\/\/www.gaveanews.com\/index.php\/wp-json\/wp\/v2\/media\/272380"}],"wp:attachment":[{"href":"https:\/\/www.gaveanews.com\/index.php\/wp-json\/wp\/v2\/media?parent=278531"}],"wp:term":[{"taxonomy":"category","embeddable":true,"href":"https:\/\/www.gaveanews.com\/index.php\/wp-json\/wp\/v2\/categories?post=278531"},{"taxonomy":"post_tag","embeddable":true,"href":"https:\/\/www.gaveanews.com\/index.php\/wp-json\/wp\/v2\/tags?post=278531"}],"curies":[{"name":"wp","href":"https:\/\/api.w.org\/{rel}","templated":true}]}}