{"id":278538,"date":"2025-10-15T10:52:31","date_gmt":"2025-10-15T13:52:31","guid":{"rendered":"https:\/\/www.gaveanews.com\/?p=278538"},"modified":"2025-10-15T10:52:36","modified_gmt":"2025-10-15T13:52:36","slug":"ex-atacante-do-flamengo-relembra-momento-historico-de-classico-contra-o-botafogo","status":"publish","type":"post","link":"https:\/\/www.gaveanews.com\/index.php\/2025\/10\/15\/ex-atacante-do-flamengo-relembra-momento-historico-de-classico-contra-o-botafogo\/","title":{"rendered":"Ex-atacante do Flamengo relembra momento hist\u00f3rico de cl\u00e1ssico contra o Botafogo"},"content":{"rendered":"\n<p><a href=\"https:\/\/www.gaveanews.com\/index.php\/category\/brasileirao\/flamengo\/\" target=\"_blank\" rel=\"noopener noreferrer\">Flamengo<\/a> e <a href=\"https:\/\/www.gaveanews.com\/index.php\/category\/brasileirao\/botafogo\/\" target=\"_blank\" rel=\"noopener noreferrer\">Botafogo<\/a> fazem o quarto cl\u00e1ssico de 2025 nesta quarta-feira (15 de outubro), \u00e0s 19h30 (hor\u00e1rio de Bras\u00edlia), no Est\u00e1dio Nilton Santos, pela 28\u00aa rodada do Campeonato Brasileiro.<\/p>\n\n\n\n<p>\u00c0s v\u00e9speras do duelo, Orlando Berr\u00edo, atacante do Flamengo entre 2017 e 2020, relembrou um lance que marcou a rivalidade. Em 2017, o Fla venceu o Botafogo por 1 a 0 e garantiu vaga na final da Copa do Brasil.<\/p>\n\n\n\n<p>O colombiano descreveu como treinava o drible de letra e como a decis\u00e3o surgiu no instante do lance. Ele falou ao ge sobre a execu\u00e7\u00e3o.<\/p>\n\n\n\n<p>&#8220;Foi uma jogada que, nos treinos, eu j\u00e1 fazia muito. N\u00e3o fazia, digamos assim, para tirar um advers\u00e1rio desse jeito, mas para mudan\u00e7a de dire\u00e7\u00e3o. N\u00e3o foi uma jogada que saiu do nada, mas tamb\u00e9m n\u00e3o posso falar que foi uma jogada que eu fazia toda hora desse jeito. Muitas pessoas falaram &#8220;nossa, nunca mais vai fazer isso na sua vida&#8221;. Eu fazia, mas de outro jeito. No momento da jogada, com mil\u00e9simos de segundos, o jogador de futebol tem que ter imagina\u00e7\u00e3o&#8221;.<\/p>\n\n\n\n<figure class=\"wp-block-image size-full\"><img decoding=\"async\" src=\"http:\/\/www.gaveanews.com\/wp-content\/uploads\/Orlando-Berrio-em-acao-pelo-Flamengo.webp\" alt=\"\" class=\"wp-image-28176\"\/><figcaption class=\"wp-element-caption\">Orlando Berr\u00edo em a\u00e7\u00e3o pelo Flamengo (Foto: Alexandre Vidal\/Flamengo)<\/figcaption><\/figure>\n\n\n\n<p>Ele tamb\u00e9m detalhou a origem da jogada, citando um lan\u00e7amento de Rodinei pr\u00f3ximo \u00e0 bandeira de escanteio. O lance terminou em assist\u00eancia para Diego, autor do gol.<\/p>\n\n\n\n<p>&#8220;Foi uma bola longa do Rodinei, que foi quase l\u00e1 no escanteio. Quando o vi o jogador, fiz o que eu fazia, de letra, para tir\u00e1-lo e dei a volta nele. Foi uma jogada que acabou em um gol e que, na minha opini\u00e3o, foi um gol inesquec\u00edvel, porque o valor que teve naquele momento&#8230; uma semifinal da Copa&#8221;.<\/p>\n\n\n\n<p>Mesmo sem ter balan\u00e7ado a rede, Berr\u00edo contou que torcedores ainda atribuem o gol a ele e declarou amor ao clube.<\/p>\n\n\n\n<p>&#8220;Tem pessoas que at\u00e9 hoje falam &#8220;aquele gol que voc\u00ea fez contra o Botafogo&#8221;. E eu falo a real, eu n\u00e3o fiz o gol. Uma vez perguntei a uma pessoa por que falava isso e o cara disse: &#8220;o que voc\u00ea fez, para mim, foi o gol. Foi meio gol&#8221;. Tive a felicidade que o Diego me ajudou, finalizando aquele gol. O Paolo (Guerrero) tamb\u00e9m estava pulando na jogada. Foi uma lembran\u00e7a muito legal, muito bonita. Participar e ficar nesse tipo de momento inesquec\u00edvel, ainda mais com torcedores do Flamengo. Todo mundo sabe o carinho e o amor que eu tenho pelo clube&#8221;.<\/p>\n\n\n\n<p>Pelo Flamengo, o colombiano teve 82 jogos e sete gols. Conquistou o Carioca tr\u00eas vezes, al\u00e9m do Brasileiro e da Libertadores em 2019.<\/p>\n","protected":false},"excerpt":{"rendered":"<p>Flamengo e Botafogo fazem o quarto cl\u00e1ssico de 2025 nesta quarta-feira (15 de outubro), \u00e0s 19h30 (hor\u00e1rio de Bras\u00edlia), no Est\u00e1dio Nilton Santos, pela 28\u00aa rodada do Campeonato Brasileiro. \u00c0s v\u00e9speras do duelo, Orlando Berr\u00edo, atacante do Flamengo entre 2017 e 2020, relembrou um lance que marcou a rivalidade. Em 2017, o Fla venceu o [&hellip;]<\/p>\n","protected":false},"author":39,"featured_media":127354,"comment_status":"open","ping_status":"closed","sticky":false,"template":"","format":"standard","meta":{"footnotes":""},"categories":[1],"tags":[],"class_list":["post-278538","post","type-post","status-publish","format-standard","has-post-thumbnail","hentry","category-flamengo"],"yoast_head":"<!-- This site is optimized with the Yoast SEO Premium plugin v24.2 (Yoast SEO v26.9) - https:\/\/yoast.com\/product\/yoast-seo-premium-wordpress\/ -->\n<title>Ex-atacante do Flamengo relembra momento hist\u00f3rico de cl\u00e1ssico contra o Botafogo<\/title>\n<meta name=\"robots\" content=\"index, follow, max-snippet:-1, max-image-preview:large, max-video-preview:-1\" \/>\n<link rel=\"canonical\" href=\"https:\/\/www.gaveanews.com\/index.php\/2025\/10\/15\/ex-atacante-do-flamengo-relembra-momento-historico-de-classico-contra-o-botafogo\/\" \/>\n<meta property=\"og:locale\" content=\"pt_BR\" \/>\n<meta property=\"og:type\" content=\"article\" \/>\n<meta property=\"og:title\" content=\"Ex-atacante do Flamengo relembra momento hist\u00f3rico de cl\u00e1ssico contra o Botafogo\" \/>\n<meta property=\"og:description\" content=\"Flamengo e Botafogo fazem o quarto cl\u00e1ssico de 2025 nesta quarta-feira (15 de outubro), \u00e0s 19h30 (hor\u00e1rio de Bras\u00edlia), no Est\u00e1dio Nilton Santos, pela 28\u00aa rodada do Campeonato Brasileiro. \u00c0s v\u00e9speras do duelo, Orlando Berr\u00edo, atacante do Flamengo entre 2017 e 2020, relembrou um lance que marcou a rivalidade. Em 2017, o Fla venceu o [&hellip;]\" \/>\n<meta property=\"og:url\" content=\"https:\/\/www.gaveanews.com\/index.php\/2025\/10\/15\/ex-atacante-do-flamengo-relembra-momento-historico-de-classico-contra-o-botafogo\/\" \/>\n<meta property=\"og:site_name\" content=\"G\u00e1vea News\" \/>\n<meta property=\"article:publisher\" content=\"https:\/\/facebook.com\/gaveaNews\/\" \/>\n<meta property=\"article:published_time\" content=\"2025-10-15T13:52:31+00:00\" \/>\n<meta property=\"article:modified_time\" content=\"2025-10-15T13:52:36+00:00\" \/>\n<meta property=\"og:image\" content=\"http:\/\/www.gaveanews.com\/wp-content\/uploads\/camisa-flamengo.webp\" \/>\n\t<meta property=\"og:image:width\" content=\"483\" \/>\n\t<meta property=\"og:image:height\" content=\"322\" \/>\n\t<meta property=\"og:image:type\" content=\"image\/webp\" \/>\n<meta name=\"author\" content=\"Reda\u00e7\u00e3o\" \/>\n<meta name=\"twitter:card\" content=\"summary_large_image\" \/>\n<meta name=\"twitter:label1\" content=\"Escrito por\" \/>\n\t<meta name=\"twitter:data1\" content=\"Reda\u00e7\u00e3o\" \/>\n\t<meta name=\"twitter:label2\" content=\"Est. tempo de leitura\" \/>\n\t<meta name=\"twitter:data2\" content=\"3 minutos\" \/>\n<script type=\"application\/ld+json\" class=\"yoast-schema-graph\">{\"@context\":\"https:\/\/schema.org\",\"@graph\":[{\"@type\":\"NewsArticle\",\"@id\":\"https:\/\/www.gaveanews.com\/index.php\/2025\/10\/15\/ex-atacante-do-flamengo-relembra-momento-historico-de-classico-contra-o-botafogo\/#article\",\"isPartOf\":{\"@id\":\"https:\/\/www.gaveanews.com\/index.php\/2025\/10\/15\/ex-atacante-do-flamengo-relembra-momento-historico-de-classico-contra-o-botafogo\/\"},\"author\":{\"name\":\"Reda\u00e7\u00e3o\",\"@id\":\"https:\/\/www.gaveanews.com\/#\/schema\/person\/c88645e3d550d0b6574305e67dd5a716\"},\"headline\":\"Ex-atacante do Flamengo relembra momento hist\u00f3rico de cl\u00e1ssico contra o Botafogo\",\"datePublished\":\"2025-10-15T13:52:31+00:00\",\"dateModified\":\"2025-10-15T13:52:36+00:00\",\"mainEntityOfPage\":{\"@id\":\"https:\/\/www.gaveanews.com\/index.php\/2025\/10\/15\/ex-atacante-do-flamengo-relembra-momento-historico-de-classico-contra-o-botafogo\/\"},\"wordCount\":456,\"commentCount\":0,\"image\":{\"@id\":\"https:\/\/www.gaveanews.com\/index.php\/2025\/10\/15\/ex-atacante-do-flamengo-relembra-momento-historico-de-classico-contra-o-botafogo\/#primaryimage\"},\"thumbnailUrl\":\"https:\/\/www.gaveanews.com\/wp-content\/uploads\/camisa-flamengo.webp\",\"articleSection\":[\"Flamengo\"],\"inLanguage\":\"pt-BR\",\"potentialAction\":[{\"@type\":\"CommentAction\",\"name\":\"Comment\",\"target\":[\"https:\/\/www.gaveanews.com\/index.php\/2025\/10\/15\/ex-atacante-do-flamengo-relembra-momento-historico-de-classico-contra-o-botafogo\/#respond\"]}],\"copyrightYear\":\"2025\",\"copyrightHolder\":{\"@id\":\"https:\/\/www.gaveanews.com\/#organization\"}},{\"@type\":\"WebPage\",\"@id\":\"https:\/\/www.gaveanews.com\/index.php\/2025\/10\/15\/ex-atacante-do-flamengo-relembra-momento-historico-de-classico-contra-o-botafogo\/\",\"url\":\"https:\/\/www.gaveanews.com\/index.php\/2025\/10\/15\/ex-atacante-do-flamengo-relembra-momento-historico-de-classico-contra-o-botafogo\/\",\"name\":\"Ex-atacante do Flamengo relembra momento hist\u00f3rico de cl\u00e1ssico contra o Botafogo\",\"isPartOf\":{\"@id\":\"https:\/\/www.gaveanews.com\/#website\"},\"primaryImageOfPage\":{\"@id\":\"https:\/\/www.gaveanews.com\/index.php\/2025\/10\/15\/ex-atacante-do-flamengo-relembra-momento-historico-de-classico-contra-o-botafogo\/#primaryimage\"},\"image\":{\"@id\":\"https:\/\/www.gaveanews.com\/index.php\/2025\/10\/15\/ex-atacante-do-flamengo-relembra-momento-historico-de-classico-contra-o-botafogo\/#primaryimage\"},\"thumbnailUrl\":\"https:\/\/www.gaveanews.com\/wp-content\/uploads\/camisa-flamengo.webp\",\"datePublished\":\"2025-10-15T13:52:31+00:00\",\"dateModified\":\"2025-10-15T13:52:36+00:00\",\"author\":{\"@id\":\"https:\/\/www.gaveanews.com\/#\/schema\/person\/c88645e3d550d0b6574305e67dd5a716\"},\"breadcrumb\":{\"@id\":\"https:\/\/www.gaveanews.com\/index.php\/2025\/10\/15\/ex-atacante-do-flamengo-relembra-momento-historico-de-classico-contra-o-botafogo\/#breadcrumb\"},\"inLanguage\":\"pt-BR\",\"potentialAction\":[{\"@type\":\"ReadAction\",\"target\":[\"https:\/\/www.gaveanews.com\/index.php\/2025\/10\/15\/ex-atacante-do-flamengo-relembra-momento-historico-de-classico-contra-o-botafogo\/\"]}]},{\"@type\":\"ImageObject\",\"inLanguage\":\"pt-BR\",\"@id\":\"https:\/\/www.gaveanews.com\/index.php\/2025\/10\/15\/ex-atacante-do-flamengo-relembra-momento-historico-de-classico-contra-o-botafogo\/#primaryimage\",\"url\":\"https:\/\/www.gaveanews.com\/wp-content\/uploads\/camisa-flamengo.webp\",\"contentUrl\":\"https:\/\/www.gaveanews.com\/wp-content\/uploads\/camisa-flamengo.webp\",\"width\":483,\"height\":322,\"caption\":\"Escudo do Flamengo (Foto: Reprodu\u00e7\u00e3o)\"},{\"@type\":\"BreadcrumbList\",\"@id\":\"https:\/\/www.gaveanews.com\/index.php\/2025\/10\/15\/ex-atacante-do-flamengo-relembra-momento-historico-de-classico-contra-o-botafogo\/#breadcrumb\",\"itemListElement\":[{\"@type\":\"ListItem\",\"position\":1,\"name\":\"Home\",\"item\":\"https:\/\/www.gaveanews.com\/\"},{\"@type\":\"ListItem\",\"position\":2,\"name\":\"Ex-atacante do Flamengo relembra momento hist\u00f3rico de cl\u00e1ssico contra o Botafogo\"}]},{\"@type\":\"WebSite\",\"@id\":\"https:\/\/www.gaveanews.com\/#website\",\"url\":\"https:\/\/www.gaveanews.com\/\",\"name\":\"G\u00e1vea News\",\"description\":\"Veja todas as not\u00edcias sobre o Flamengo: Contrata\u00e7\u00f5es, categorias de base, resultados das partidas, tabela de classifica\u00e7\u00e3o, pr\u00f3ximos jogos!\",\"potentialAction\":[{\"@type\":\"SearchAction\",\"target\":{\"@type\":\"EntryPoint\",\"urlTemplate\":\"https:\/\/www.gaveanews.com\/?s={search_term_string}\"},\"query-input\":{\"@type\":\"PropertyValueSpecification\",\"valueRequired\":true,\"valueName\":\"search_term_string\"}}],\"inLanguage\":\"pt-BR\"},{\"@type\":\"Person\",\"@id\":\"https:\/\/www.gaveanews.com\/#\/schema\/person\/c88645e3d550d0b6574305e67dd5a716\",\"name\":\"Reda\u00e7\u00e3o\",\"image\":{\"@type\":\"ImageObject\",\"inLanguage\":\"pt-BR\",\"@id\":\"https:\/\/www.gaveanews.com\/#\/schema\/person\/image\/\",\"url\":\"https:\/\/secure.gravatar.com\/avatar\/434098fd823f0dc1b062d14ca22bacaa6e38de28d8c816bbef6fc2f8c44d8ba3?s=96&d=mm&r=g\",\"contentUrl\":\"https:\/\/secure.gravatar.com\/avatar\/434098fd823f0dc1b062d14ca22bacaa6e38de28d8c816bbef6fc2f8c44d8ba3?s=96&d=mm&r=g\",\"caption\":\"Reda\u00e7\u00e3o\"}}]}<\/script>\n<!-- \/ Yoast SEO Premium plugin. -->","yoast_head_json":{"title":"Ex-atacante do Flamengo relembra momento hist\u00f3rico de cl\u00e1ssico contra o Botafogo","robots":{"index":"index","follow":"follow","max-snippet":"max-snippet:-1","max-image-preview":"max-image-preview:large","max-video-preview":"max-video-preview:-1"},"canonical":"https:\/\/www.gaveanews.com\/index.php\/2025\/10\/15\/ex-atacante-do-flamengo-relembra-momento-historico-de-classico-contra-o-botafogo\/","og_locale":"pt_BR","og_type":"article","og_title":"Ex-atacante do Flamengo relembra momento hist\u00f3rico de cl\u00e1ssico contra o Botafogo","og_description":"Flamengo e Botafogo fazem o quarto cl\u00e1ssico de 2025 nesta quarta-feira (15 de outubro), \u00e0s 19h30 (hor\u00e1rio de Bras\u00edlia), no Est\u00e1dio Nilton Santos, pela 28\u00aa rodada do Campeonato Brasileiro. \u00c0s v\u00e9speras do duelo, Orlando Berr\u00edo, atacante do Flamengo entre 2017 e 2020, relembrou um lance que marcou a rivalidade. Em 2017, o Fla venceu o [&hellip;]","og_url":"https:\/\/www.gaveanews.com\/index.php\/2025\/10\/15\/ex-atacante-do-flamengo-relembra-momento-historico-de-classico-contra-o-botafogo\/","og_site_name":"G\u00e1vea News","article_publisher":"https:\/\/facebook.com\/gaveaNews\/","article_published_time":"2025-10-15T13:52:31+00:00","article_modified_time":"2025-10-15T13:52:36+00:00","og_image":[{"width":483,"height":322,"url":"http:\/\/www.gaveanews.com\/wp-content\/uploads\/camisa-flamengo.webp","type":"image\/webp"}],"author":"Reda\u00e7\u00e3o","twitter_card":"summary_large_image","twitter_misc":{"Escrito por":"Reda\u00e7\u00e3o","Est. tempo de leitura":"3 minutos"},"schema":{"@context":"https:\/\/schema.org","@graph":[{"@type":"NewsArticle","@id":"https:\/\/www.gaveanews.com\/index.php\/2025\/10\/15\/ex-atacante-do-flamengo-relembra-momento-historico-de-classico-contra-o-botafogo\/#article","isPartOf":{"@id":"https:\/\/www.gaveanews.com\/index.php\/2025\/10\/15\/ex-atacante-do-flamengo-relembra-momento-historico-de-classico-contra-o-botafogo\/"},"author":{"name":"Reda\u00e7\u00e3o","@id":"https:\/\/www.gaveanews.com\/#\/schema\/person\/c88645e3d550d0b6574305e67dd5a716"},"headline":"Ex-atacante do Flamengo relembra momento hist\u00f3rico de cl\u00e1ssico contra o Botafogo","datePublished":"2025-10-15T13:52:31+00:00","dateModified":"2025-10-15T13:52:36+00:00","mainEntityOfPage":{"@id":"https:\/\/www.gaveanews.com\/index.php\/2025\/10\/15\/ex-atacante-do-flamengo-relembra-momento-historico-de-classico-contra-o-botafogo\/"},"wordCount":456,"commentCount":0,"image":{"@id":"https:\/\/www.gaveanews.com\/index.php\/2025\/10\/15\/ex-atacante-do-flamengo-relembra-momento-historico-de-classico-contra-o-botafogo\/#primaryimage"},"thumbnailUrl":"https:\/\/www.gaveanews.com\/wp-content\/uploads\/camisa-flamengo.webp","articleSection":["Flamengo"],"inLanguage":"pt-BR","potentialAction":[{"@type":"CommentAction","name":"Comment","target":["https:\/\/www.gaveanews.com\/index.php\/2025\/10\/15\/ex-atacante-do-flamengo-relembra-momento-historico-de-classico-contra-o-botafogo\/#respond"]}],"copyrightYear":"2025","copyrightHolder":{"@id":"https:\/\/www.gaveanews.com\/#organization"}},{"@type":"WebPage","@id":"https:\/\/www.gaveanews.com\/index.php\/2025\/10\/15\/ex-atacante-do-flamengo-relembra-momento-historico-de-classico-contra-o-botafogo\/","url":"https:\/\/www.gaveanews.com\/index.php\/2025\/10\/15\/ex-atacante-do-flamengo-relembra-momento-historico-de-classico-contra-o-botafogo\/","name":"Ex-atacante do Flamengo relembra momento hist\u00f3rico de cl\u00e1ssico contra o Botafogo","isPartOf":{"@id":"https:\/\/www.gaveanews.com\/#website"},"primaryImageOfPage":{"@id":"https:\/\/www.gaveanews.com\/index.php\/2025\/10\/15\/ex-atacante-do-flamengo-relembra-momento-historico-de-classico-contra-o-botafogo\/#primaryimage"},"image":{"@id":"https:\/\/www.gaveanews.com\/index.php\/2025\/10\/15\/ex-atacante-do-flamengo-relembra-momento-historico-de-classico-contra-o-botafogo\/#primaryimage"},"thumbnailUrl":"https:\/\/www.gaveanews.com\/wp-content\/uploads\/camisa-flamengo.webp","datePublished":"2025-10-15T13:52:31+00:00","dateModified":"2025-10-15T13:52:36+00:00","author":{"@id":"https:\/\/www.gaveanews.com\/#\/schema\/person\/c88645e3d550d0b6574305e67dd5a716"},"breadcrumb":{"@id":"https:\/\/www.gaveanews.com\/index.php\/2025\/10\/15\/ex-atacante-do-flamengo-relembra-momento-historico-de-classico-contra-o-botafogo\/#breadcrumb"},"inLanguage":"pt-BR","potentialAction":[{"@type":"ReadAction","target":["https:\/\/www.gaveanews.com\/index.php\/2025\/10\/15\/ex-atacante-do-flamengo-relembra-momento-historico-de-classico-contra-o-botafogo\/"]}]},{"@type":"ImageObject","inLanguage":"pt-BR","@id":"https:\/\/www.gaveanews.com\/index.php\/2025\/10\/15\/ex-atacante-do-flamengo-relembra-momento-historico-de-classico-contra-o-botafogo\/#primaryimage","url":"https:\/\/www.gaveanews.com\/wp-content\/uploads\/camisa-flamengo.webp","contentUrl":"https:\/\/www.gaveanews.com\/wp-content\/uploads\/camisa-flamengo.webp","width":483,"height":322,"caption":"Escudo do Flamengo (Foto: Reprodu\u00e7\u00e3o)"},{"@type":"BreadcrumbList","@id":"https:\/\/www.gaveanews.com\/index.php\/2025\/10\/15\/ex-atacante-do-flamengo-relembra-momento-historico-de-classico-contra-o-botafogo\/#breadcrumb","itemListElement":[{"@type":"ListItem","position":1,"name":"Home","item":"https:\/\/www.gaveanews.com\/"},{"@type":"ListItem","position":2,"name":"Ex-atacante do Flamengo relembra momento hist\u00f3rico de cl\u00e1ssico contra o Botafogo"}]},{"@type":"WebSite","@id":"https:\/\/www.gaveanews.com\/#website","url":"https:\/\/www.gaveanews.com\/","name":"G\u00e1vea News","description":"Veja todas as not\u00edcias sobre o Flamengo: Contrata\u00e7\u00f5es, categorias de base, resultados das partidas, tabela de classifica\u00e7\u00e3o, pr\u00f3ximos jogos!","potentialAction":[{"@type":"SearchAction","target":{"@type":"EntryPoint","urlTemplate":"https:\/\/www.gaveanews.com\/?s={search_term_string}"},"query-input":{"@type":"PropertyValueSpecification","valueRequired":true,"valueName":"search_term_string"}}],"inLanguage":"pt-BR"},{"@type":"Person","@id":"https:\/\/www.gaveanews.com\/#\/schema\/person\/c88645e3d550d0b6574305e67dd5a716","name":"Reda\u00e7\u00e3o","image":{"@type":"ImageObject","inLanguage":"pt-BR","@id":"https:\/\/www.gaveanews.com\/#\/schema\/person\/image\/","url":"https:\/\/secure.gravatar.com\/avatar\/434098fd823f0dc1b062d14ca22bacaa6e38de28d8c816bbef6fc2f8c44d8ba3?s=96&d=mm&r=g","contentUrl":"https:\/\/secure.gravatar.com\/avatar\/434098fd823f0dc1b062d14ca22bacaa6e38de28d8c816bbef6fc2f8c44d8ba3?s=96&d=mm&r=g","caption":"Reda\u00e7\u00e3o"}}]}},"_links":{"self":[{"href":"https:\/\/www.gaveanews.com\/index.php\/wp-json\/wp\/v2\/posts\/278538","targetHints":{"allow":["GET"]}}],"collection":[{"href":"https:\/\/www.gaveanews.com\/index.php\/wp-json\/wp\/v2\/posts"}],"about":[{"href":"https:\/\/www.gaveanews.com\/index.php\/wp-json\/wp\/v2\/types\/post"}],"author":[{"embeddable":true,"href":"https:\/\/www.gaveanews.com\/index.php\/wp-json\/wp\/v2\/users\/39"}],"replies":[{"embeddable":true,"href":"https:\/\/www.gaveanews.com\/index.php\/wp-json\/wp\/v2\/comments?post=278538"}],"version-history":[{"count":1,"href":"https:\/\/www.gaveanews.com\/index.php\/wp-json\/wp\/v2\/posts\/278538\/revisions"}],"predecessor-version":[{"id":278545,"href":"https:\/\/www.gaveanews.com\/index.php\/wp-json\/wp\/v2\/posts\/278538\/revisions\/278545"}],"wp:featuredmedia":[{"embeddable":true,"href":"https:\/\/www.gaveanews.com\/index.php\/wp-json\/wp\/v2\/media\/127354"}],"wp:attachment":[{"href":"https:\/\/www.gaveanews.com\/index.php\/wp-json\/wp\/v2\/media?parent=278538"}],"wp:term":[{"taxonomy":"category","embeddable":true,"href":"https:\/\/www.gaveanews.com\/index.php\/wp-json\/wp\/v2\/categories?post=278538"},{"taxonomy":"post_tag","embeddable":true,"href":"https:\/\/www.gaveanews.com\/index.php\/wp-json\/wp\/v2\/tags?post=278538"}],"curies":[{"name":"wp","href":"https:\/\/api.w.org\/{rel}","templated":true}]}}