{"id":278539,"date":"2025-10-15T14:00:00","date_gmt":"2025-10-15T17:00:00","guid":{"rendered":"https:\/\/www.gaveanews.com\/?p=278539"},"modified":"2025-10-15T13:40:36","modified_gmt":"2025-10-15T16:40:36","slug":"jogadores-do-flamengo-aparecem-em-top-10-junto-a-craques-europeus-veja","status":"publish","type":"post","link":"https:\/\/www.gaveanews.com\/index.php\/2025\/10\/15\/jogadores-do-flamengo-aparecem-em-top-10-junto-a-craques-europeus-veja\/","title":{"rendered":"Jogadores do Flamengo aparecem em top-10 junto a craques europeus; veja"},"content":{"rendered":"\n<p>O CIES Football Observatory divulgou nesta quarta-feira (15 de outubro) um estudo sobre zagueiros no <em>defensive build-up<\/em>. A pesquisa formou um ranking com 100 atletas, e o Brasileir\u00e3o aparece em destaque com dois jogadores do Flamengo entre os dez primeiros colocados.<\/p>\n\n\n\n<p>L\u00e9o Pereira ficou em 7\u00ba, com 95.6 pontos, e L\u00e9o Ortiz ocupou a 9\u00aa posi\u00e7\u00e3o, com 94.0. A dupla titular de Filipe Lu\u00eds se destaca tanto defensivamente quanto na qualidade das trocas de passes \u2014 caracter\u00edsticas que explicam a presen\u00e7a dos dois no top 10.<\/p>\n\n\n\n<p>Eles aparecem entre nomes europeus como R\u00faben Dias, William Saliba e Dayot Upamecano. Os rubro-negros ficaram \u00e0 frente de Lucas Beraldo (10\u00ba, com 93.9) e Alexsandro Ribeiro (24\u00ba, com 91.4).<\/p>\n\n\n\n<p>Outros atletas do campeonato tamb\u00e9m figuraram na lista: Thiago Silva e Freytes, do Fluminense, somaram 91.9 e 90.9; Andr\u00e9 Ramalho, do Corinthians, 91.7; e Danilo, do Flamengo, 89.8. No topo ficaram R\u00faben Dias (100.0) e Waldemar Anton (98.0), seguidos por Saliba e Gon\u00e7alo In\u00e1cio (96.8), Le Normand e Upamecano (96.0) e Jonathan Tah (95.3).<\/p>\n\n\n\n<figure class=\"wp-block-image size-full\"><img loading=\"lazy\" decoding=\"async\" width=\"1200\" height=\"800\" src=\"http:\/\/www.gaveanews.com\/wp-content\/uploads\/Leo-Ortiz-e-Leo-Pereira-em-treinamento-no-Ninho-do-Urubu.webp\" alt=\"L\u00e9o Ortiz e L\u00e9o Pereira em treinamento no Ninho do Urubu - Foto: Gilvan de Souza\/CRF\" class=\"wp-image-255026\"\/><figcaption class=\"wp-element-caption\">L\u00e9o Ortiz e L\u00e9o Pereira em treinamento no Ninho do Urubu &#8211; Foto: Gilvan de Souza\/CRF<\/figcaption><\/figure>\n\n\n\n<p>A presen\u00e7a de L\u00e9o Ortiz no ranking reacendeu o debate sobre sua aus\u00eancia na Sele\u00e7\u00e3o. Na ter\u00e7a-feira (14 de outubro), o Brasil perdeu de virada para o Jap\u00e3o por 3 a 2, e torcedores citaram o zagueiro nas redes. No segundo tempo, Fabr\u00edcio Bruno \u2014 tamb\u00e9m citado no estudo, mas fora do top 10 \u2014 errou um passe na sa\u00edda de bola, originando o gol de Minamino, e depois marcou contra ap\u00f3s chute de Nakamura.<\/p>\n\n\n\n<p>As falhas reacenderam compara\u00e7\u00f5es entre Fabr\u00edcio Bruno e L\u00e9o Ortiz. Para muitos torcedores, o resultado poderia ter sido diferente com o zagueiro do Flamengo em campo. L\u00e9o Ortiz, apesar de bem avaliado no estudo do CIES, ficou fora da convoca\u00e7\u00e3o de Carlo Ancelotti nesta Data Fifa.<\/p>\n\n\n\n<p>Com Ancelotti, o defensor recebeu duas convoca\u00e7\u00f5es e disputa vaga com Marquinhos, Gabriel Magalh\u00e3es, Bremer, Murilo, Beraldo, Fabr\u00edcio Bruno, L\u00e9o Pereira, Thiago Silva, Alexsandro e \u00c9der Milit\u00e3o.<\/p>\n","protected":false},"excerpt":{"rendered":"<p>O CIES Football Observatory divulgou nesta quarta-feira (15 de outubro) um estudo sobre zagueiros no defensive build-up. A pesquisa formou um ranking com 100 atletas, e o Brasileir\u00e3o aparece em destaque com dois jogadores do Flamengo entre os dez primeiros colocados. L\u00e9o Pereira ficou em 7\u00ba, com 95.6 pontos, e L\u00e9o Ortiz ocupou a 9\u00aa [&hellip;]<\/p>\n","protected":false},"author":39,"featured_media":276364,"comment_status":"open","ping_status":"closed","sticky":false,"template":"","format":"standard","meta":{"footnotes":""},"categories":[1],"tags":[],"class_list":["post-278539","post","type-post","status-publish","format-standard","has-post-thumbnail","hentry","category-flamengo"],"yoast_head":"<!-- This site is optimized with the Yoast SEO Premium plugin v24.2 (Yoast SEO v26.9) - https:\/\/yoast.com\/product\/yoast-seo-premium-wordpress\/ -->\n<title>Jogadores do Flamengo aparecem em top-10 junto a craques europeus; veja<\/title>\n<meta name=\"robots\" content=\"index, follow, max-snippet:-1, max-image-preview:large, max-video-preview:-1\" \/>\n<link rel=\"canonical\" href=\"https:\/\/www.gaveanews.com\/index.php\/2025\/10\/15\/jogadores-do-flamengo-aparecem-em-top-10-junto-a-craques-europeus-veja\/\" \/>\n<meta property=\"og:locale\" content=\"pt_BR\" \/>\n<meta property=\"og:type\" content=\"article\" \/>\n<meta property=\"og:title\" content=\"Jogadores do Flamengo aparecem em top-10 junto a craques europeus; veja\" \/>\n<meta property=\"og:description\" content=\"O CIES Football Observatory divulgou nesta quarta-feira (15 de outubro) um estudo sobre zagueiros no defensive build-up. A pesquisa formou um ranking com 100 atletas, e o Brasileir\u00e3o aparece em destaque com dois jogadores do Flamengo entre os dez primeiros colocados. L\u00e9o Pereira ficou em 7\u00ba, com 95.6 pontos, e L\u00e9o Ortiz ocupou a 9\u00aa [&hellip;]\" \/>\n<meta property=\"og:url\" content=\"https:\/\/www.gaveanews.com\/index.php\/2025\/10\/15\/jogadores-do-flamengo-aparecem-em-top-10-junto-a-craques-europeus-veja\/\" \/>\n<meta property=\"og:site_name\" content=\"G\u00e1vea News\" \/>\n<meta property=\"article:publisher\" content=\"https:\/\/facebook.com\/gaveaNews\/\" \/>\n<meta property=\"article:published_time\" content=\"2025-10-15T17:00:00+00:00\" \/>\n<meta property=\"og:image\" content=\"https:\/\/www.gaveanews.com\/wp-content\/uploads\/Samuel-Lino-Leo-Pereira-Pedro-Leo-Ortiz-Flamengo.jpg\" \/>\n\t<meta property=\"og:image:width\" content=\"1280\" \/>\n\t<meta property=\"og:image:height\" content=\"960\" \/>\n\t<meta property=\"og:image:type\" content=\"image\/jpeg\" \/>\n<meta name=\"author\" content=\"Reda\u00e7\u00e3o\" \/>\n<meta name=\"twitter:card\" content=\"summary_large_image\" \/>\n<meta name=\"twitter:label1\" content=\"Escrito por\" \/>\n\t<meta name=\"twitter:data1\" content=\"Reda\u00e7\u00e3o\" \/>\n\t<meta name=\"twitter:label2\" content=\"Est. tempo de leitura\" \/>\n\t<meta name=\"twitter:data2\" content=\"3 minutos\" \/>\n<script type=\"application\/ld+json\" class=\"yoast-schema-graph\">{\"@context\":\"https:\/\/schema.org\",\"@graph\":[{\"@type\":\"NewsArticle\",\"@id\":\"https:\/\/www.gaveanews.com\/index.php\/2025\/10\/15\/jogadores-do-flamengo-aparecem-em-top-10-junto-a-craques-europeus-veja\/#article\",\"isPartOf\":{\"@id\":\"https:\/\/www.gaveanews.com\/index.php\/2025\/10\/15\/jogadores-do-flamengo-aparecem-em-top-10-junto-a-craques-europeus-veja\/\"},\"author\":{\"name\":\"Reda\u00e7\u00e3o\",\"@id\":\"https:\/\/www.gaveanews.com\/#\/schema\/person\/c88645e3d550d0b6574305e67dd5a716\"},\"headline\":\"Jogadores do Flamengo aparecem em top-10 junto a craques europeus; veja\",\"datePublished\":\"2025-10-15T17:00:00+00:00\",\"mainEntityOfPage\":{\"@id\":\"https:\/\/www.gaveanews.com\/index.php\/2025\/10\/15\/jogadores-do-flamengo-aparecem-em-top-10-junto-a-craques-europeus-veja\/\"},\"wordCount\":352,\"commentCount\":0,\"image\":{\"@id\":\"https:\/\/www.gaveanews.com\/index.php\/2025\/10\/15\/jogadores-do-flamengo-aparecem-em-top-10-junto-a-craques-europeus-veja\/#primaryimage\"},\"thumbnailUrl\":\"https:\/\/www.gaveanews.com\/wp-content\/uploads\/Samuel-Lino-Leo-Pereira-Pedro-Leo-Ortiz-Flamengo.jpg\",\"articleSection\":[\"Flamengo\"],\"inLanguage\":\"pt-BR\",\"potentialAction\":[{\"@type\":\"CommentAction\",\"name\":\"Comment\",\"target\":[\"https:\/\/www.gaveanews.com\/index.php\/2025\/10\/15\/jogadores-do-flamengo-aparecem-em-top-10-junto-a-craques-europeus-veja\/#respond\"]}],\"copyrightYear\":\"2025\",\"copyrightHolder\":{\"@id\":\"https:\/\/www.gaveanews.com\/#organization\"}},{\"@type\":\"WebPage\",\"@id\":\"https:\/\/www.gaveanews.com\/index.php\/2025\/10\/15\/jogadores-do-flamengo-aparecem-em-top-10-junto-a-craques-europeus-veja\/\",\"url\":\"https:\/\/www.gaveanews.com\/index.php\/2025\/10\/15\/jogadores-do-flamengo-aparecem-em-top-10-junto-a-craques-europeus-veja\/\",\"name\":\"Jogadores do Flamengo aparecem em top-10 junto a craques europeus; veja\",\"isPartOf\":{\"@id\":\"https:\/\/www.gaveanews.com\/#website\"},\"primaryImageOfPage\":{\"@id\":\"https:\/\/www.gaveanews.com\/index.php\/2025\/10\/15\/jogadores-do-flamengo-aparecem-em-top-10-junto-a-craques-europeus-veja\/#primaryimage\"},\"image\":{\"@id\":\"https:\/\/www.gaveanews.com\/index.php\/2025\/10\/15\/jogadores-do-flamengo-aparecem-em-top-10-junto-a-craques-europeus-veja\/#primaryimage\"},\"thumbnailUrl\":\"https:\/\/www.gaveanews.com\/wp-content\/uploads\/Samuel-Lino-Leo-Pereira-Pedro-Leo-Ortiz-Flamengo.jpg\",\"datePublished\":\"2025-10-15T17:00:00+00:00\",\"author\":{\"@id\":\"https:\/\/www.gaveanews.com\/#\/schema\/person\/c88645e3d550d0b6574305e67dd5a716\"},\"breadcrumb\":{\"@id\":\"https:\/\/www.gaveanews.com\/index.php\/2025\/10\/15\/jogadores-do-flamengo-aparecem-em-top-10-junto-a-craques-europeus-veja\/#breadcrumb\"},\"inLanguage\":\"pt-BR\",\"potentialAction\":[{\"@type\":\"ReadAction\",\"target\":[\"https:\/\/www.gaveanews.com\/index.php\/2025\/10\/15\/jogadores-do-flamengo-aparecem-em-top-10-junto-a-craques-europeus-veja\/\"]}]},{\"@type\":\"ImageObject\",\"inLanguage\":\"pt-BR\",\"@id\":\"https:\/\/www.gaveanews.com\/index.php\/2025\/10\/15\/jogadores-do-flamengo-aparecem-em-top-10-junto-a-craques-europeus-veja\/#primaryimage\",\"url\":\"https:\/\/www.gaveanews.com\/wp-content\/uploads\/Samuel-Lino-Leo-Pereira-Pedro-Leo-Ortiz-Flamengo.jpg\",\"contentUrl\":\"https:\/\/www.gaveanews.com\/wp-content\/uploads\/Samuel-Lino-Leo-Pereira-Pedro-Leo-Ortiz-Flamengo.jpg\",\"width\":1280,\"height\":960,\"caption\":\"Flamengo no Maracan\u00e3 (Foto: Adriano Fontes\/CRF)\"},{\"@type\":\"BreadcrumbList\",\"@id\":\"https:\/\/www.gaveanews.com\/index.php\/2025\/10\/15\/jogadores-do-flamengo-aparecem-em-top-10-junto-a-craques-europeus-veja\/#breadcrumb\",\"itemListElement\":[{\"@type\":\"ListItem\",\"position\":1,\"name\":\"Home\",\"item\":\"https:\/\/www.gaveanews.com\/\"},{\"@type\":\"ListItem\",\"position\":2,\"name\":\"Jogadores do Flamengo aparecem em top-10 junto a craques europeus; veja\"}]},{\"@type\":\"WebSite\",\"@id\":\"https:\/\/www.gaveanews.com\/#website\",\"url\":\"https:\/\/www.gaveanews.com\/\",\"name\":\"G\u00e1vea News\",\"description\":\"Veja todas as not\u00edcias sobre o Flamengo: Contrata\u00e7\u00f5es, categorias de base, resultados das partidas, tabela de classifica\u00e7\u00e3o, pr\u00f3ximos jogos!\",\"potentialAction\":[{\"@type\":\"SearchAction\",\"target\":{\"@type\":\"EntryPoint\",\"urlTemplate\":\"https:\/\/www.gaveanews.com\/?s={search_term_string}\"},\"query-input\":{\"@type\":\"PropertyValueSpecification\",\"valueRequired\":true,\"valueName\":\"search_term_string\"}}],\"inLanguage\":\"pt-BR\"},{\"@type\":\"Person\",\"@id\":\"https:\/\/www.gaveanews.com\/#\/schema\/person\/c88645e3d550d0b6574305e67dd5a716\",\"name\":\"Reda\u00e7\u00e3o\",\"image\":{\"@type\":\"ImageObject\",\"inLanguage\":\"pt-BR\",\"@id\":\"https:\/\/www.gaveanews.com\/#\/schema\/person\/image\/\",\"url\":\"https:\/\/secure.gravatar.com\/avatar\/434098fd823f0dc1b062d14ca22bacaa6e38de28d8c816bbef6fc2f8c44d8ba3?s=96&d=mm&r=g\",\"contentUrl\":\"https:\/\/secure.gravatar.com\/avatar\/434098fd823f0dc1b062d14ca22bacaa6e38de28d8c816bbef6fc2f8c44d8ba3?s=96&d=mm&r=g\",\"caption\":\"Reda\u00e7\u00e3o\"}}]}<\/script>\n<!-- \/ Yoast SEO Premium plugin. -->","yoast_head_json":{"title":"Jogadores do Flamengo aparecem em top-10 junto a craques europeus; veja","robots":{"index":"index","follow":"follow","max-snippet":"max-snippet:-1","max-image-preview":"max-image-preview:large","max-video-preview":"max-video-preview:-1"},"canonical":"https:\/\/www.gaveanews.com\/index.php\/2025\/10\/15\/jogadores-do-flamengo-aparecem-em-top-10-junto-a-craques-europeus-veja\/","og_locale":"pt_BR","og_type":"article","og_title":"Jogadores do Flamengo aparecem em top-10 junto a craques europeus; veja","og_description":"O CIES Football Observatory divulgou nesta quarta-feira (15 de outubro) um estudo sobre zagueiros no defensive build-up. A pesquisa formou um ranking com 100 atletas, e o Brasileir\u00e3o aparece em destaque com dois jogadores do Flamengo entre os dez primeiros colocados. L\u00e9o Pereira ficou em 7\u00ba, com 95.6 pontos, e L\u00e9o Ortiz ocupou a 9\u00aa [&hellip;]","og_url":"https:\/\/www.gaveanews.com\/index.php\/2025\/10\/15\/jogadores-do-flamengo-aparecem-em-top-10-junto-a-craques-europeus-veja\/","og_site_name":"G\u00e1vea News","article_publisher":"https:\/\/facebook.com\/gaveaNews\/","article_published_time":"2025-10-15T17:00:00+00:00","og_image":[{"width":1280,"height":960,"url":"https:\/\/www.gaveanews.com\/wp-content\/uploads\/Samuel-Lino-Leo-Pereira-Pedro-Leo-Ortiz-Flamengo.jpg","type":"image\/jpeg"}],"author":"Reda\u00e7\u00e3o","twitter_card":"summary_large_image","twitter_misc":{"Escrito por":"Reda\u00e7\u00e3o","Est. tempo de leitura":"3 minutos"},"schema":{"@context":"https:\/\/schema.org","@graph":[{"@type":"NewsArticle","@id":"https:\/\/www.gaveanews.com\/index.php\/2025\/10\/15\/jogadores-do-flamengo-aparecem-em-top-10-junto-a-craques-europeus-veja\/#article","isPartOf":{"@id":"https:\/\/www.gaveanews.com\/index.php\/2025\/10\/15\/jogadores-do-flamengo-aparecem-em-top-10-junto-a-craques-europeus-veja\/"},"author":{"name":"Reda\u00e7\u00e3o","@id":"https:\/\/www.gaveanews.com\/#\/schema\/person\/c88645e3d550d0b6574305e67dd5a716"},"headline":"Jogadores do Flamengo aparecem em top-10 junto a craques europeus; veja","datePublished":"2025-10-15T17:00:00+00:00","mainEntityOfPage":{"@id":"https:\/\/www.gaveanews.com\/index.php\/2025\/10\/15\/jogadores-do-flamengo-aparecem-em-top-10-junto-a-craques-europeus-veja\/"},"wordCount":352,"commentCount":0,"image":{"@id":"https:\/\/www.gaveanews.com\/index.php\/2025\/10\/15\/jogadores-do-flamengo-aparecem-em-top-10-junto-a-craques-europeus-veja\/#primaryimage"},"thumbnailUrl":"https:\/\/www.gaveanews.com\/wp-content\/uploads\/Samuel-Lino-Leo-Pereira-Pedro-Leo-Ortiz-Flamengo.jpg","articleSection":["Flamengo"],"inLanguage":"pt-BR","potentialAction":[{"@type":"CommentAction","name":"Comment","target":["https:\/\/www.gaveanews.com\/index.php\/2025\/10\/15\/jogadores-do-flamengo-aparecem-em-top-10-junto-a-craques-europeus-veja\/#respond"]}],"copyrightYear":"2025","copyrightHolder":{"@id":"https:\/\/www.gaveanews.com\/#organization"}},{"@type":"WebPage","@id":"https:\/\/www.gaveanews.com\/index.php\/2025\/10\/15\/jogadores-do-flamengo-aparecem-em-top-10-junto-a-craques-europeus-veja\/","url":"https:\/\/www.gaveanews.com\/index.php\/2025\/10\/15\/jogadores-do-flamengo-aparecem-em-top-10-junto-a-craques-europeus-veja\/","name":"Jogadores do Flamengo aparecem em top-10 junto a craques europeus; veja","isPartOf":{"@id":"https:\/\/www.gaveanews.com\/#website"},"primaryImageOfPage":{"@id":"https:\/\/www.gaveanews.com\/index.php\/2025\/10\/15\/jogadores-do-flamengo-aparecem-em-top-10-junto-a-craques-europeus-veja\/#primaryimage"},"image":{"@id":"https:\/\/www.gaveanews.com\/index.php\/2025\/10\/15\/jogadores-do-flamengo-aparecem-em-top-10-junto-a-craques-europeus-veja\/#primaryimage"},"thumbnailUrl":"https:\/\/www.gaveanews.com\/wp-content\/uploads\/Samuel-Lino-Leo-Pereira-Pedro-Leo-Ortiz-Flamengo.jpg","datePublished":"2025-10-15T17:00:00+00:00","author":{"@id":"https:\/\/www.gaveanews.com\/#\/schema\/person\/c88645e3d550d0b6574305e67dd5a716"},"breadcrumb":{"@id":"https:\/\/www.gaveanews.com\/index.php\/2025\/10\/15\/jogadores-do-flamengo-aparecem-em-top-10-junto-a-craques-europeus-veja\/#breadcrumb"},"inLanguage":"pt-BR","potentialAction":[{"@type":"ReadAction","target":["https:\/\/www.gaveanews.com\/index.php\/2025\/10\/15\/jogadores-do-flamengo-aparecem-em-top-10-junto-a-craques-europeus-veja\/"]}]},{"@type":"ImageObject","inLanguage":"pt-BR","@id":"https:\/\/www.gaveanews.com\/index.php\/2025\/10\/15\/jogadores-do-flamengo-aparecem-em-top-10-junto-a-craques-europeus-veja\/#primaryimage","url":"https:\/\/www.gaveanews.com\/wp-content\/uploads\/Samuel-Lino-Leo-Pereira-Pedro-Leo-Ortiz-Flamengo.jpg","contentUrl":"https:\/\/www.gaveanews.com\/wp-content\/uploads\/Samuel-Lino-Leo-Pereira-Pedro-Leo-Ortiz-Flamengo.jpg","width":1280,"height":960,"caption":"Flamengo no Maracan\u00e3 (Foto: Adriano Fontes\/CRF)"},{"@type":"BreadcrumbList","@id":"https:\/\/www.gaveanews.com\/index.php\/2025\/10\/15\/jogadores-do-flamengo-aparecem-em-top-10-junto-a-craques-europeus-veja\/#breadcrumb","itemListElement":[{"@type":"ListItem","position":1,"name":"Home","item":"https:\/\/www.gaveanews.com\/"},{"@type":"ListItem","position":2,"name":"Jogadores do Flamengo aparecem em top-10 junto a craques europeus; veja"}]},{"@type":"WebSite","@id":"https:\/\/www.gaveanews.com\/#website","url":"https:\/\/www.gaveanews.com\/","name":"G\u00e1vea News","description":"Veja todas as not\u00edcias sobre o Flamengo: Contrata\u00e7\u00f5es, categorias de base, resultados das partidas, tabela de classifica\u00e7\u00e3o, pr\u00f3ximos jogos!","potentialAction":[{"@type":"SearchAction","target":{"@type":"EntryPoint","urlTemplate":"https:\/\/www.gaveanews.com\/?s={search_term_string}"},"query-input":{"@type":"PropertyValueSpecification","valueRequired":true,"valueName":"search_term_string"}}],"inLanguage":"pt-BR"},{"@type":"Person","@id":"https:\/\/www.gaveanews.com\/#\/schema\/person\/c88645e3d550d0b6574305e67dd5a716","name":"Reda\u00e7\u00e3o","image":{"@type":"ImageObject","inLanguage":"pt-BR","@id":"https:\/\/www.gaveanews.com\/#\/schema\/person\/image\/","url":"https:\/\/secure.gravatar.com\/avatar\/434098fd823f0dc1b062d14ca22bacaa6e38de28d8c816bbef6fc2f8c44d8ba3?s=96&d=mm&r=g","contentUrl":"https:\/\/secure.gravatar.com\/avatar\/434098fd823f0dc1b062d14ca22bacaa6e38de28d8c816bbef6fc2f8c44d8ba3?s=96&d=mm&r=g","caption":"Reda\u00e7\u00e3o"}}]}},"_links":{"self":[{"href":"https:\/\/www.gaveanews.com\/index.php\/wp-json\/wp\/v2\/posts\/278539","targetHints":{"allow":["GET"]}}],"collection":[{"href":"https:\/\/www.gaveanews.com\/index.php\/wp-json\/wp\/v2\/posts"}],"about":[{"href":"https:\/\/www.gaveanews.com\/index.php\/wp-json\/wp\/v2\/types\/post"}],"author":[{"embeddable":true,"href":"https:\/\/www.gaveanews.com\/index.php\/wp-json\/wp\/v2\/users\/39"}],"replies":[{"embeddable":true,"href":"https:\/\/www.gaveanews.com\/index.php\/wp-json\/wp\/v2\/comments?post=278539"}],"version-history":[{"count":1,"href":"https:\/\/www.gaveanews.com\/index.php\/wp-json\/wp\/v2\/posts\/278539\/revisions"}],"predecessor-version":[{"id":278562,"href":"https:\/\/www.gaveanews.com\/index.php\/wp-json\/wp\/v2\/posts\/278539\/revisions\/278562"}],"wp:featuredmedia":[{"embeddable":true,"href":"https:\/\/www.gaveanews.com\/index.php\/wp-json\/wp\/v2\/media\/276364"}],"wp:attachment":[{"href":"https:\/\/www.gaveanews.com\/index.php\/wp-json\/wp\/v2\/media?parent=278539"}],"wp:term":[{"taxonomy":"category","embeddable":true,"href":"https:\/\/www.gaveanews.com\/index.php\/wp-json\/wp\/v2\/categories?post=278539"},{"taxonomy":"post_tag","embeddable":true,"href":"https:\/\/www.gaveanews.com\/index.php\/wp-json\/wp\/v2\/tags?post=278539"}],"curies":[{"name":"wp","href":"https:\/\/api.w.org\/{rel}","templated":true}]}}