{"id":278541,"date":"2025-10-15T11:30:00","date_gmt":"2025-10-15T14:30:00","guid":{"rendered":"https:\/\/www.gaveanews.com\/?p=278541"},"modified":"2025-10-15T10:57:07","modified_gmt":"2025-10-15T13:57:07","slug":"presidente-do-flamengo-alfineta-palmeiras-e-a-libra","status":"publish","type":"post","link":"https:\/\/www.gaveanews.com\/index.php\/2025\/10\/15\/presidente-do-flamengo-alfineta-palmeiras-e-a-libra\/","title":{"rendered":"Presidente do Flamengo alfineta Palmeiras e a Libra"},"content":{"rendered":"\n<p>A disputa entre <a href=\"https:\/\/www.gaveanews.com\/index.php\/category\/brasileirao\/flamengo\/\" target=\"_blank\" rel=\"noopener noreferrer\">Flamengo<\/a> e Libra vem ganhando novos cap\u00edtulos, ap\u00f3s meses de embates sobre a divis\u00e3o do contrato com a Globo no Brasileir\u00e3o. O impasse come\u00e7ou no in\u00edcio do ano, com crit\u00e9rios de audi\u00eancia indefinidos e seguidas reuni\u00f5es sem acordo.<\/p>\n\n\n\n<p>Desde ent\u00e3o, o Flamengo foi \u00e0 Justi\u00e7a para bloquear parte do pagamento de TV, no valor de R$ 77 milh\u00f5es. A temperatura subiu com ataques p\u00fablicos da presidente do <a href=\"https:\/\/www.gaveanews.com\/index.php\/category\/brasileirao\/palmeiras\/\" target=\"_blank\" rel=\"noopener noreferrer\">Palmeiras<\/a>, Leila Pereira, e notas oficiais de outros clubes da Libra com cr\u00edticas ao Rubro-Negro.<\/p>\n\n\n\n<p>Em entrevista ao UOL Esporte, o presidente do Flamengo, Luiz Eduardo Baptista (Bap), disse que o clube foi exclu\u00eddo das decis\u00f5es na Libra. Segundo ele, a diretoria tentou negociar por nove meses e n\u00e3o viu seu peso de mercado reconhecido. Bap tamb\u00e9m citou resist\u00eancia \u00e0 participa\u00e7\u00e3o do Flamengo no comit\u00ea de integra\u00e7\u00e3o com a Liga Forte.<\/p>\n\n\n\n<p>\u201cNesses dez meses que eu tenho tido contato com o pessoal da Libra, n\u00e3o houve uma \u00fanica reuni\u00e3o onde se discutisse algum assunto na pauta sobre o futebol brasileiro. O Flamengo pediu para participar do comit\u00ea de integra\u00e7\u00e3o com a Liga Forte e Palmeiras e S\u00e3o Paulo votaram contra.\u201d<\/p>\n\n\n\n<p>Bap ainda apontou conflito de interesses na governan\u00e7a do grupo, ao relacionar o advogado Andr\u00e9 Sica, ligado \u00e0 Libra, ao Palmeiras. Para o dirigente, a estrutura estaria desequilibrada.<\/p>\n\n\n\n<p>\u201cSe eu pudesse voltar atr\u00e1s no tempo, eu jamais teria concordado com a constru\u00e7\u00e3o de uma Libra. A Libra \u00e9 verde. A Libra \u00e9 palmeirense. O Sica \u00e9 advogado do Palmeiras. Virou advogado de outros clubes. T\u00e1 certo? Ele \u00e9 advogado. Ele advoga para outros clubes que est\u00e3o na Libra.\u201d<\/p>\n\n\n\n<p>Apesar das cr\u00edticas, Bap afirmou que o Flamengo seguir\u00e1 na Libra, com contrato vigente at\u00e9 2029, e que o clube n\u00e3o pretende sair do grupo. Ainda n\u00e3o h\u00e1 nenhuma informa\u00e7\u00e3o oficialmente confirmada sobre mudan\u00e7as no acordo atual.<\/p>\n","protected":false},"excerpt":{"rendered":"<p>A disputa entre Flamengo e Libra vem ganhando novos cap\u00edtulos, ap\u00f3s meses de embates sobre a divis\u00e3o do contrato com a Globo no Brasileir\u00e3o. O impasse come\u00e7ou no in\u00edcio do ano, com crit\u00e9rios de audi\u00eancia indefinidos e seguidas reuni\u00f5es sem acordo. Desde ent\u00e3o, o Flamengo foi \u00e0 Justi\u00e7a para bloquear parte do pagamento de TV, [&hellip;]<\/p>\n","protected":false},"author":39,"featured_media":201147,"comment_status":"open","ping_status":"closed","sticky":false,"template":"","format":"standard","meta":{"footnotes":""},"categories":[1],"tags":[],"class_list":["post-278541","post","type-post","status-publish","format-standard","has-post-thumbnail","hentry","category-flamengo"],"yoast_head":"<!-- This site is optimized with the Yoast SEO Premium plugin v24.2 (Yoast SEO v26.9) - https:\/\/yoast.com\/product\/yoast-seo-premium-wordpress\/ -->\n<title>Presidente do Flamengo alfineta Palmeiras e a Libra<\/title>\n<meta name=\"robots\" content=\"index, follow, max-snippet:-1, max-image-preview:large, max-video-preview:-1\" \/>\n<link rel=\"canonical\" href=\"https:\/\/www.gaveanews.com\/index.php\/2025\/10\/15\/presidente-do-flamengo-alfineta-palmeiras-e-a-libra\/\" \/>\n<meta property=\"og:locale\" content=\"pt_BR\" \/>\n<meta property=\"og:type\" content=\"article\" \/>\n<meta property=\"og:title\" content=\"Presidente do Flamengo alfineta Palmeiras e a Libra\" \/>\n<meta property=\"og:description\" content=\"A disputa entre Flamengo e Libra vem ganhando novos cap\u00edtulos, ap\u00f3s meses de embates sobre a divis\u00e3o do contrato com a Globo no Brasileir\u00e3o. O impasse come\u00e7ou no in\u00edcio do ano, com crit\u00e9rios de audi\u00eancia indefinidos e seguidas reuni\u00f5es sem acordo. Desde ent\u00e3o, o Flamengo foi \u00e0 Justi\u00e7a para bloquear parte do pagamento de TV, [&hellip;]\" \/>\n<meta property=\"og:url\" content=\"https:\/\/www.gaveanews.com\/index.php\/2025\/10\/15\/presidente-do-flamengo-alfineta-palmeiras-e-a-libra\/\" \/>\n<meta property=\"og:site_name\" content=\"G\u00e1vea News\" \/>\n<meta property=\"article:publisher\" content=\"https:\/\/facebook.com\/gaveaNews\/\" \/>\n<meta property=\"article:published_time\" content=\"2025-10-15T14:30:00+00:00\" \/>\n<meta property=\"og:image\" content=\"https:\/\/www.gaveanews.com\/wp-content\/uploads\/BAP-toma-posse-como-presidente-do-Flamengo.webp\" \/>\n\t<meta property=\"og:image:width\" content=\"733\" \/>\n\t<meta property=\"og:image:height\" content=\"432\" \/>\n\t<meta property=\"og:image:type\" content=\"image\/jpeg\" \/>\n<meta name=\"author\" content=\"Reda\u00e7\u00e3o\" \/>\n<meta name=\"twitter:card\" content=\"summary_large_image\" \/>\n<meta name=\"twitter:label1\" content=\"Escrito por\" \/>\n\t<meta name=\"twitter:data1\" content=\"Reda\u00e7\u00e3o\" \/>\n\t<meta name=\"twitter:label2\" content=\"Est. tempo de leitura\" \/>\n\t<meta name=\"twitter:data2\" content=\"2 minutos\" \/>\n<script type=\"application\/ld+json\" class=\"yoast-schema-graph\">{\"@context\":\"https:\/\/schema.org\",\"@graph\":[{\"@type\":\"NewsArticle\",\"@id\":\"https:\/\/www.gaveanews.com\/index.php\/2025\/10\/15\/presidente-do-flamengo-alfineta-palmeiras-e-a-libra\/#article\",\"isPartOf\":{\"@id\":\"https:\/\/www.gaveanews.com\/index.php\/2025\/10\/15\/presidente-do-flamengo-alfineta-palmeiras-e-a-libra\/\"},\"author\":{\"name\":\"Reda\u00e7\u00e3o\",\"@id\":\"https:\/\/www.gaveanews.com\/#\/schema\/person\/c88645e3d550d0b6574305e67dd5a716\"},\"headline\":\"Presidente do Flamengo alfineta Palmeiras e a Libra\",\"datePublished\":\"2025-10-15T14:30:00+00:00\",\"mainEntityOfPage\":{\"@id\":\"https:\/\/www.gaveanews.com\/index.php\/2025\/10\/15\/presidente-do-flamengo-alfineta-palmeiras-e-a-libra\/\"},\"wordCount\":338,\"commentCount\":0,\"image\":{\"@id\":\"https:\/\/www.gaveanews.com\/index.php\/2025\/10\/15\/presidente-do-flamengo-alfineta-palmeiras-e-a-libra\/#primaryimage\"},\"thumbnailUrl\":\"https:\/\/www.gaveanews.com\/wp-content\/uploads\/BAP-toma-posse-como-presidente-do-Flamengo.webp\",\"articleSection\":[\"Flamengo\"],\"inLanguage\":\"pt-BR\",\"potentialAction\":[{\"@type\":\"CommentAction\",\"name\":\"Comment\",\"target\":[\"https:\/\/www.gaveanews.com\/index.php\/2025\/10\/15\/presidente-do-flamengo-alfineta-palmeiras-e-a-libra\/#respond\"]}],\"copyrightYear\":\"2025\",\"copyrightHolder\":{\"@id\":\"https:\/\/www.gaveanews.com\/#organization\"}},{\"@type\":\"WebPage\",\"@id\":\"https:\/\/www.gaveanews.com\/index.php\/2025\/10\/15\/presidente-do-flamengo-alfineta-palmeiras-e-a-libra\/\",\"url\":\"https:\/\/www.gaveanews.com\/index.php\/2025\/10\/15\/presidente-do-flamengo-alfineta-palmeiras-e-a-libra\/\",\"name\":\"Presidente do Flamengo alfineta Palmeiras e a Libra\",\"isPartOf\":{\"@id\":\"https:\/\/www.gaveanews.com\/#website\"},\"primaryImageOfPage\":{\"@id\":\"https:\/\/www.gaveanews.com\/index.php\/2025\/10\/15\/presidente-do-flamengo-alfineta-palmeiras-e-a-libra\/#primaryimage\"},\"image\":{\"@id\":\"https:\/\/www.gaveanews.com\/index.php\/2025\/10\/15\/presidente-do-flamengo-alfineta-palmeiras-e-a-libra\/#primaryimage\"},\"thumbnailUrl\":\"https:\/\/www.gaveanews.com\/wp-content\/uploads\/BAP-toma-posse-como-presidente-do-Flamengo.webp\",\"datePublished\":\"2025-10-15T14:30:00+00:00\",\"author\":{\"@id\":\"https:\/\/www.gaveanews.com\/#\/schema\/person\/c88645e3d550d0b6574305e67dd5a716\"},\"breadcrumb\":{\"@id\":\"https:\/\/www.gaveanews.com\/index.php\/2025\/10\/15\/presidente-do-flamengo-alfineta-palmeiras-e-a-libra\/#breadcrumb\"},\"inLanguage\":\"pt-BR\",\"potentialAction\":[{\"@type\":\"ReadAction\",\"target\":[\"https:\/\/www.gaveanews.com\/index.php\/2025\/10\/15\/presidente-do-flamengo-alfineta-palmeiras-e-a-libra\/\"]}]},{\"@type\":\"ImageObject\",\"inLanguage\":\"pt-BR\",\"@id\":\"https:\/\/www.gaveanews.com\/index.php\/2025\/10\/15\/presidente-do-flamengo-alfineta-palmeiras-e-a-libra\/#primaryimage\",\"url\":\"https:\/\/www.gaveanews.com\/wp-content\/uploads\/BAP-toma-posse-como-presidente-do-Flamengo.webp\",\"contentUrl\":\"https:\/\/www.gaveanews.com\/wp-content\/uploads\/BAP-toma-posse-como-presidente-do-Flamengo.webp\",\"width\":733,\"height\":432,\"caption\":\"BAP, presidente do Flamengo (Foto: Reprodu\u00e7\u00e3o)\"},{\"@type\":\"BreadcrumbList\",\"@id\":\"https:\/\/www.gaveanews.com\/index.php\/2025\/10\/15\/presidente-do-flamengo-alfineta-palmeiras-e-a-libra\/#breadcrumb\",\"itemListElement\":[{\"@type\":\"ListItem\",\"position\":1,\"name\":\"Home\",\"item\":\"https:\/\/www.gaveanews.com\/\"},{\"@type\":\"ListItem\",\"position\":2,\"name\":\"Presidente do Flamengo alfineta Palmeiras e a Libra\"}]},{\"@type\":\"WebSite\",\"@id\":\"https:\/\/www.gaveanews.com\/#website\",\"url\":\"https:\/\/www.gaveanews.com\/\",\"name\":\"G\u00e1vea News\",\"description\":\"Veja todas as not\u00edcias sobre o Flamengo: Contrata\u00e7\u00f5es, categorias de base, resultados das partidas, tabela de classifica\u00e7\u00e3o, pr\u00f3ximos jogos!\",\"potentialAction\":[{\"@type\":\"SearchAction\",\"target\":{\"@type\":\"EntryPoint\",\"urlTemplate\":\"https:\/\/www.gaveanews.com\/?s={search_term_string}\"},\"query-input\":{\"@type\":\"PropertyValueSpecification\",\"valueRequired\":true,\"valueName\":\"search_term_string\"}}],\"inLanguage\":\"pt-BR\"},{\"@type\":\"Person\",\"@id\":\"https:\/\/www.gaveanews.com\/#\/schema\/person\/c88645e3d550d0b6574305e67dd5a716\",\"name\":\"Reda\u00e7\u00e3o\",\"image\":{\"@type\":\"ImageObject\",\"inLanguage\":\"pt-BR\",\"@id\":\"https:\/\/www.gaveanews.com\/#\/schema\/person\/image\/\",\"url\":\"https:\/\/secure.gravatar.com\/avatar\/434098fd823f0dc1b062d14ca22bacaa6e38de28d8c816bbef6fc2f8c44d8ba3?s=96&d=mm&r=g\",\"contentUrl\":\"https:\/\/secure.gravatar.com\/avatar\/434098fd823f0dc1b062d14ca22bacaa6e38de28d8c816bbef6fc2f8c44d8ba3?s=96&d=mm&r=g\",\"caption\":\"Reda\u00e7\u00e3o\"}}]}<\/script>\n<!-- \/ Yoast SEO Premium plugin. -->","yoast_head_json":{"title":"Presidente do Flamengo alfineta Palmeiras e a Libra","robots":{"index":"index","follow":"follow","max-snippet":"max-snippet:-1","max-image-preview":"max-image-preview:large","max-video-preview":"max-video-preview:-1"},"canonical":"https:\/\/www.gaveanews.com\/index.php\/2025\/10\/15\/presidente-do-flamengo-alfineta-palmeiras-e-a-libra\/","og_locale":"pt_BR","og_type":"article","og_title":"Presidente do Flamengo alfineta Palmeiras e a Libra","og_description":"A disputa entre Flamengo e Libra vem ganhando novos cap\u00edtulos, ap\u00f3s meses de embates sobre a divis\u00e3o do contrato com a Globo no Brasileir\u00e3o. O impasse come\u00e7ou no in\u00edcio do ano, com crit\u00e9rios de audi\u00eancia indefinidos e seguidas reuni\u00f5es sem acordo. Desde ent\u00e3o, o Flamengo foi \u00e0 Justi\u00e7a para bloquear parte do pagamento de TV, [&hellip;]","og_url":"https:\/\/www.gaveanews.com\/index.php\/2025\/10\/15\/presidente-do-flamengo-alfineta-palmeiras-e-a-libra\/","og_site_name":"G\u00e1vea News","article_publisher":"https:\/\/facebook.com\/gaveaNews\/","article_published_time":"2025-10-15T14:30:00+00:00","og_image":[{"width":733,"height":432,"url":"https:\/\/www.gaveanews.com\/wp-content\/uploads\/BAP-toma-posse-como-presidente-do-Flamengo.webp","type":"image\/jpeg"}],"author":"Reda\u00e7\u00e3o","twitter_card":"summary_large_image","twitter_misc":{"Escrito por":"Reda\u00e7\u00e3o","Est. tempo de leitura":"2 minutos"},"schema":{"@context":"https:\/\/schema.org","@graph":[{"@type":"NewsArticle","@id":"https:\/\/www.gaveanews.com\/index.php\/2025\/10\/15\/presidente-do-flamengo-alfineta-palmeiras-e-a-libra\/#article","isPartOf":{"@id":"https:\/\/www.gaveanews.com\/index.php\/2025\/10\/15\/presidente-do-flamengo-alfineta-palmeiras-e-a-libra\/"},"author":{"name":"Reda\u00e7\u00e3o","@id":"https:\/\/www.gaveanews.com\/#\/schema\/person\/c88645e3d550d0b6574305e67dd5a716"},"headline":"Presidente do Flamengo alfineta Palmeiras e a Libra","datePublished":"2025-10-15T14:30:00+00:00","mainEntityOfPage":{"@id":"https:\/\/www.gaveanews.com\/index.php\/2025\/10\/15\/presidente-do-flamengo-alfineta-palmeiras-e-a-libra\/"},"wordCount":338,"commentCount":0,"image":{"@id":"https:\/\/www.gaveanews.com\/index.php\/2025\/10\/15\/presidente-do-flamengo-alfineta-palmeiras-e-a-libra\/#primaryimage"},"thumbnailUrl":"https:\/\/www.gaveanews.com\/wp-content\/uploads\/BAP-toma-posse-como-presidente-do-Flamengo.webp","articleSection":["Flamengo"],"inLanguage":"pt-BR","potentialAction":[{"@type":"CommentAction","name":"Comment","target":["https:\/\/www.gaveanews.com\/index.php\/2025\/10\/15\/presidente-do-flamengo-alfineta-palmeiras-e-a-libra\/#respond"]}],"copyrightYear":"2025","copyrightHolder":{"@id":"https:\/\/www.gaveanews.com\/#organization"}},{"@type":"WebPage","@id":"https:\/\/www.gaveanews.com\/index.php\/2025\/10\/15\/presidente-do-flamengo-alfineta-palmeiras-e-a-libra\/","url":"https:\/\/www.gaveanews.com\/index.php\/2025\/10\/15\/presidente-do-flamengo-alfineta-palmeiras-e-a-libra\/","name":"Presidente do Flamengo alfineta Palmeiras e a Libra","isPartOf":{"@id":"https:\/\/www.gaveanews.com\/#website"},"primaryImageOfPage":{"@id":"https:\/\/www.gaveanews.com\/index.php\/2025\/10\/15\/presidente-do-flamengo-alfineta-palmeiras-e-a-libra\/#primaryimage"},"image":{"@id":"https:\/\/www.gaveanews.com\/index.php\/2025\/10\/15\/presidente-do-flamengo-alfineta-palmeiras-e-a-libra\/#primaryimage"},"thumbnailUrl":"https:\/\/www.gaveanews.com\/wp-content\/uploads\/BAP-toma-posse-como-presidente-do-Flamengo.webp","datePublished":"2025-10-15T14:30:00+00:00","author":{"@id":"https:\/\/www.gaveanews.com\/#\/schema\/person\/c88645e3d550d0b6574305e67dd5a716"},"breadcrumb":{"@id":"https:\/\/www.gaveanews.com\/index.php\/2025\/10\/15\/presidente-do-flamengo-alfineta-palmeiras-e-a-libra\/#breadcrumb"},"inLanguage":"pt-BR","potentialAction":[{"@type":"ReadAction","target":["https:\/\/www.gaveanews.com\/index.php\/2025\/10\/15\/presidente-do-flamengo-alfineta-palmeiras-e-a-libra\/"]}]},{"@type":"ImageObject","inLanguage":"pt-BR","@id":"https:\/\/www.gaveanews.com\/index.php\/2025\/10\/15\/presidente-do-flamengo-alfineta-palmeiras-e-a-libra\/#primaryimage","url":"https:\/\/www.gaveanews.com\/wp-content\/uploads\/BAP-toma-posse-como-presidente-do-Flamengo.webp","contentUrl":"https:\/\/www.gaveanews.com\/wp-content\/uploads\/BAP-toma-posse-como-presidente-do-Flamengo.webp","width":733,"height":432,"caption":"BAP, presidente do Flamengo (Foto: Reprodu\u00e7\u00e3o)"},{"@type":"BreadcrumbList","@id":"https:\/\/www.gaveanews.com\/index.php\/2025\/10\/15\/presidente-do-flamengo-alfineta-palmeiras-e-a-libra\/#breadcrumb","itemListElement":[{"@type":"ListItem","position":1,"name":"Home","item":"https:\/\/www.gaveanews.com\/"},{"@type":"ListItem","position":2,"name":"Presidente do Flamengo alfineta Palmeiras e a Libra"}]},{"@type":"WebSite","@id":"https:\/\/www.gaveanews.com\/#website","url":"https:\/\/www.gaveanews.com\/","name":"G\u00e1vea News","description":"Veja todas as not\u00edcias sobre o Flamengo: Contrata\u00e7\u00f5es, categorias de base, resultados das partidas, tabela de classifica\u00e7\u00e3o, pr\u00f3ximos jogos!","potentialAction":[{"@type":"SearchAction","target":{"@type":"EntryPoint","urlTemplate":"https:\/\/www.gaveanews.com\/?s={search_term_string}"},"query-input":{"@type":"PropertyValueSpecification","valueRequired":true,"valueName":"search_term_string"}}],"inLanguage":"pt-BR"},{"@type":"Person","@id":"https:\/\/www.gaveanews.com\/#\/schema\/person\/c88645e3d550d0b6574305e67dd5a716","name":"Reda\u00e7\u00e3o","image":{"@type":"ImageObject","inLanguage":"pt-BR","@id":"https:\/\/www.gaveanews.com\/#\/schema\/person\/image\/","url":"https:\/\/secure.gravatar.com\/avatar\/434098fd823f0dc1b062d14ca22bacaa6e38de28d8c816bbef6fc2f8c44d8ba3?s=96&d=mm&r=g","contentUrl":"https:\/\/secure.gravatar.com\/avatar\/434098fd823f0dc1b062d14ca22bacaa6e38de28d8c816bbef6fc2f8c44d8ba3?s=96&d=mm&r=g","caption":"Reda\u00e7\u00e3o"}}]}},"_links":{"self":[{"href":"https:\/\/www.gaveanews.com\/index.php\/wp-json\/wp\/v2\/posts\/278541","targetHints":{"allow":["GET"]}}],"collection":[{"href":"https:\/\/www.gaveanews.com\/index.php\/wp-json\/wp\/v2\/posts"}],"about":[{"href":"https:\/\/www.gaveanews.com\/index.php\/wp-json\/wp\/v2\/types\/post"}],"author":[{"embeddable":true,"href":"https:\/\/www.gaveanews.com\/index.php\/wp-json\/wp\/v2\/users\/39"}],"replies":[{"embeddable":true,"href":"https:\/\/www.gaveanews.com\/index.php\/wp-json\/wp\/v2\/comments?post=278541"}],"version-history":[{"count":1,"href":"https:\/\/www.gaveanews.com\/index.php\/wp-json\/wp\/v2\/posts\/278541\/revisions"}],"predecessor-version":[{"id":278549,"href":"https:\/\/www.gaveanews.com\/index.php\/wp-json\/wp\/v2\/posts\/278541\/revisions\/278549"}],"wp:featuredmedia":[{"embeddable":true,"href":"https:\/\/www.gaveanews.com\/index.php\/wp-json\/wp\/v2\/media\/201147"}],"wp:attachment":[{"href":"https:\/\/www.gaveanews.com\/index.php\/wp-json\/wp\/v2\/media?parent=278541"}],"wp:term":[{"taxonomy":"category","embeddable":true,"href":"https:\/\/www.gaveanews.com\/index.php\/wp-json\/wp\/v2\/categories?post=278541"},{"taxonomy":"post_tag","embeddable":true,"href":"https:\/\/www.gaveanews.com\/index.php\/wp-json\/wp\/v2\/tags?post=278541"}],"curies":[{"name":"wp","href":"https:\/\/api.w.org\/{rel}","templated":true}]}}