{"id":278542,"date":"2025-10-15T14:15:00","date_gmt":"2025-10-15T17:15:00","guid":{"rendered":"https:\/\/www.gaveanews.com\/?p=278542"},"modified":"2025-10-15T13:42:08","modified_gmt":"2025-10-15T16:42:08","slug":"atacante-do-flamengo-se-aproxima-de-marca-importante","status":"publish","type":"post","link":"https:\/\/www.gaveanews.com\/index.php\/2025\/10\/15\/atacante-do-flamengo-se-aproxima-de-marca-importante\/","title":{"rendered":"Atacante do Flamengo se aproxima de marca importante"},"content":{"rendered":"\n<p>Agora, o <a href=\"https:\/\/www.gaveanews.com\/index.php\/category\/brasileirao\/flamengo\/\" target=\"_blank\" rel=\"noopener noreferrer\">Flamengo<\/a> entra nas semanas mais cr\u00edticas de 2025, com <a href=\"https:\/\/www.gaveanews.com\/index.php\/category\/brasileirao\/botafogo\/\" target=\"_blank\" rel=\"noopener noreferrer\">Botafogo<\/a> e <a href=\"https:\/\/www.gaveanews.com\/index.php\/category\/brasileirao\/palmeiras\/\" target=\"_blank\" rel=\"noopener noreferrer\">Palmeiras<\/a> no Brasileiro e Racing na semifinal da Libertadores. O duelo com o Botafogo ocorre nesta quarta-feira (15 de outubro), \u00e0s 19h30 (hor\u00e1rio de Bras\u00edlia).<\/p>\n\n\n\n<p>No entanto, a equipe chega ao per\u00edodo com queda de produtividade no ataque. Nos \u00faltimos cinco jogos, marcou tr\u00eas gols e sofreu quatro, com uma vit\u00f3ria, dois empates e duas derrotas; em tr\u00eas partidas, passou em branco.<\/p>\n\n\n\n<p>J\u00e1 os n\u00fameros indicam impacto da utiliza\u00e7\u00e3o de Pedro. Nas duas partidas recentes em que foi titular, saiu cedo: aos 15 minutos contra o Bahia e aos 10 da segunda etapa contra o Estudiantes; nas outras tr\u00eas, foi reserva.<\/p>\n\n\n\n<p>Antes, nos seis jogos anteriores, Pedro esteve em alta. Iniciou cinco partidas; na outra, entrou no fim contra o Internacional e marcou o gol da vit\u00f3ria, somando sete gols e duas assist\u00eancias, com cinco vit\u00f3rias e um empate do time.<\/p>\n\n\n\n<figure class=\"wp-block-image size-full\"><img loading=\"lazy\" decoding=\"async\" width=\"1200\" height=\"750\" src=\"http:\/\/www.gaveanews.com\/wp-content\/uploads\/Pedro-posa-para-foto-com-a-medalha-de-campeao-do-Campeonato-Carioca-de-2025.webp\" alt=\"\" class=\"wp-image-240726\"\/><figcaption class=\"wp-element-caption\">Pedro posa para foto com a medalha de campe\u00e3o do Campeonato Carioca de 2025 (Foto: Gilvan de Souza\/Flamengo)<\/figcaption><\/figure>\n\n\n\n<p>Enquanto isso, Filipe Lu\u00eds variou o ataque e n\u00e3o trata Pedro como titular absoluto. Questionado sobre atuar sem um centroavante de of\u00edcio, o t\u00e9cnico explicou o crit\u00e9rio.<\/p>\n\n\n\n<p>&#8220;Tudo vai em fun\u00e7\u00e3o do nosso plano de jogo, das caracter\u00edsticas que eu acredito que a equipe precisa para vencer. Independente dos n\u00fameros, dos nomes, idade, isso n\u00e3o importa. \u00c9 a op\u00e7\u00e3o que eu acredito que a equipe precisa e qual o caminho para vencer&#8221;.<\/p>\n\n\n\n<p>Al\u00e9m disso, Pedro vive um marco relevante. Prestes a completar 300 jogos, soma 150 gols e \u00e9 o oitavo maior artilheiro do Flamengo; na temporada, tem 34 jogos, 13 gols e cinco assist\u00eancias.<\/p>\n\n\n\n<p>Por fim, a rela\u00e7\u00e3o entre Pedro e Filipe teve atritos e reconcilia\u00e7\u00f5es. Houve les\u00e3o grave no joelho, afastamento disciplinar e cr\u00edticas p\u00fablicas em julho; a entrevista ap\u00f3s a vit\u00f3ria sobre o S\u00e3o Paulo foi o ponto inicial para a reconcilia\u00e7\u00e3o.<\/p>\n","protected":false},"excerpt":{"rendered":"<p>Agora, o Flamengo entra nas semanas mais cr\u00edticas de 2025, com Botafogo e Palmeiras no Brasileiro e Racing na semifinal da Libertadores. O duelo com o Botafogo ocorre nesta quarta-feira (15 de outubro), \u00e0s 19h30 (hor\u00e1rio de Bras\u00edlia). No entanto, a equipe chega ao per\u00edodo com queda de produtividade no ataque. Nos \u00faltimos cinco jogos, [&hellip;]<\/p>\n","protected":false},"author":39,"featured_media":272956,"comment_status":"open","ping_status":"closed","sticky":false,"template":"","format":"standard","meta":{"footnotes":""},"categories":[1],"tags":[],"class_list":["post-278542","post","type-post","status-publish","format-standard","has-post-thumbnail","hentry","category-flamengo"],"yoast_head":"<!-- This site is optimized with the Yoast SEO Premium plugin v24.2 (Yoast SEO v26.9) - https:\/\/yoast.com\/product\/yoast-seo-premium-wordpress\/ -->\n<title>Atacante do Flamengo se aproxima de marca importante<\/title>\n<meta name=\"robots\" content=\"index, follow, max-snippet:-1, max-image-preview:large, max-video-preview:-1\" \/>\n<link rel=\"canonical\" href=\"https:\/\/www.gaveanews.com\/index.php\/2025\/10\/15\/atacante-do-flamengo-se-aproxima-de-marca-importante\/\" \/>\n<meta property=\"og:locale\" content=\"pt_BR\" \/>\n<meta property=\"og:type\" content=\"article\" \/>\n<meta property=\"og:title\" content=\"Atacante do Flamengo se aproxima de marca importante\" \/>\n<meta property=\"og:description\" content=\"Agora, o Flamengo entra nas semanas mais cr\u00edticas de 2025, com Botafogo e Palmeiras no Brasileiro e Racing na semifinal da Libertadores. O duelo com o Botafogo ocorre nesta quarta-feira (15 de outubro), \u00e0s 19h30 (hor\u00e1rio de Bras\u00edlia). No entanto, a equipe chega ao per\u00edodo com queda de produtividade no ataque. Nos \u00faltimos cinco jogos, [&hellip;]\" \/>\n<meta property=\"og:url\" content=\"https:\/\/www.gaveanews.com\/index.php\/2025\/10\/15\/atacante-do-flamengo-se-aproxima-de-marca-importante\/\" \/>\n<meta property=\"og:site_name\" content=\"G\u00e1vea News\" \/>\n<meta property=\"article:publisher\" content=\"https:\/\/facebook.com\/gaveaNews\/\" \/>\n<meta property=\"article:published_time\" content=\"2025-10-15T17:15:00+00:00\" \/>\n<meta property=\"og:image\" content=\"https:\/\/www.gaveanews.com\/wp-content\/uploads\/elenco-do-Flamengo.png\" \/>\n\t<meta property=\"og:image:width\" content=\"1200\" \/>\n\t<meta property=\"og:image:height\" content=\"900\" \/>\n\t<meta property=\"og:image:type\" content=\"image\/png\" \/>\n<meta name=\"author\" content=\"Reda\u00e7\u00e3o\" \/>\n<meta name=\"twitter:card\" content=\"summary_large_image\" \/>\n<meta name=\"twitter:label1\" content=\"Escrito por\" \/>\n\t<meta name=\"twitter:data1\" content=\"Reda\u00e7\u00e3o\" \/>\n\t<meta name=\"twitter:label2\" content=\"Est. tempo de leitura\" \/>\n\t<meta name=\"twitter:data2\" content=\"3 minutos\" \/>\n<script type=\"application\/ld+json\" class=\"yoast-schema-graph\">{\"@context\":\"https:\/\/schema.org\",\"@graph\":[{\"@type\":\"NewsArticle\",\"@id\":\"https:\/\/www.gaveanews.com\/index.php\/2025\/10\/15\/atacante-do-flamengo-se-aproxima-de-marca-importante\/#article\",\"isPartOf\":{\"@id\":\"https:\/\/www.gaveanews.com\/index.php\/2025\/10\/15\/atacante-do-flamengo-se-aproxima-de-marca-importante\/\"},\"author\":{\"name\":\"Reda\u00e7\u00e3o\",\"@id\":\"https:\/\/www.gaveanews.com\/#\/schema\/person\/c88645e3d550d0b6574305e67dd5a716\"},\"headline\":\"Atacante do Flamengo se aproxima de marca importante\",\"datePublished\":\"2025-10-15T17:15:00+00:00\",\"mainEntityOfPage\":{\"@id\":\"https:\/\/www.gaveanews.com\/index.php\/2025\/10\/15\/atacante-do-flamengo-se-aproxima-de-marca-importante\/\"},\"wordCount\":350,\"commentCount\":0,\"image\":{\"@id\":\"https:\/\/www.gaveanews.com\/index.php\/2025\/10\/15\/atacante-do-flamengo-se-aproxima-de-marca-importante\/#primaryimage\"},\"thumbnailUrl\":\"https:\/\/www.gaveanews.com\/wp-content\/uploads\/elenco-do-Flamengo.png\",\"articleSection\":[\"Flamengo\"],\"inLanguage\":\"pt-BR\",\"potentialAction\":[{\"@type\":\"CommentAction\",\"name\":\"Comment\",\"target\":[\"https:\/\/www.gaveanews.com\/index.php\/2025\/10\/15\/atacante-do-flamengo-se-aproxima-de-marca-importante\/#respond\"]}],\"copyrightYear\":\"2025\",\"copyrightHolder\":{\"@id\":\"https:\/\/www.gaveanews.com\/#organization\"}},{\"@type\":\"WebPage\",\"@id\":\"https:\/\/www.gaveanews.com\/index.php\/2025\/10\/15\/atacante-do-flamengo-se-aproxima-de-marca-importante\/\",\"url\":\"https:\/\/www.gaveanews.com\/index.php\/2025\/10\/15\/atacante-do-flamengo-se-aproxima-de-marca-importante\/\",\"name\":\"Atacante do Flamengo se aproxima de marca importante\",\"isPartOf\":{\"@id\":\"https:\/\/www.gaveanews.com\/#website\"},\"primaryImageOfPage\":{\"@id\":\"https:\/\/www.gaveanews.com\/index.php\/2025\/10\/15\/atacante-do-flamengo-se-aproxima-de-marca-importante\/#primaryimage\"},\"image\":{\"@id\":\"https:\/\/www.gaveanews.com\/index.php\/2025\/10\/15\/atacante-do-flamengo-se-aproxima-de-marca-importante\/#primaryimage\"},\"thumbnailUrl\":\"https:\/\/www.gaveanews.com\/wp-content\/uploads\/elenco-do-Flamengo.png\",\"datePublished\":\"2025-10-15T17:15:00+00:00\",\"author\":{\"@id\":\"https:\/\/www.gaveanews.com\/#\/schema\/person\/c88645e3d550d0b6574305e67dd5a716\"},\"breadcrumb\":{\"@id\":\"https:\/\/www.gaveanews.com\/index.php\/2025\/10\/15\/atacante-do-flamengo-se-aproxima-de-marca-importante\/#breadcrumb\"},\"inLanguage\":\"pt-BR\",\"potentialAction\":[{\"@type\":\"ReadAction\",\"target\":[\"https:\/\/www.gaveanews.com\/index.php\/2025\/10\/15\/atacante-do-flamengo-se-aproxima-de-marca-importante\/\"]}]},{\"@type\":\"ImageObject\",\"inLanguage\":\"pt-BR\",\"@id\":\"https:\/\/www.gaveanews.com\/index.php\/2025\/10\/15\/atacante-do-flamengo-se-aproxima-de-marca-importante\/#primaryimage\",\"url\":\"https:\/\/www.gaveanews.com\/wp-content\/uploads\/elenco-do-Flamengo.png\",\"contentUrl\":\"https:\/\/www.gaveanews.com\/wp-content\/uploads\/elenco-do-Flamengo.png\",\"width\":1200,\"height\":900,\"caption\":\"Elenco do Flamengo (Foto: Adriano Fontes\/Flamengo)\"},{\"@type\":\"BreadcrumbList\",\"@id\":\"https:\/\/www.gaveanews.com\/index.php\/2025\/10\/15\/atacante-do-flamengo-se-aproxima-de-marca-importante\/#breadcrumb\",\"itemListElement\":[{\"@type\":\"ListItem\",\"position\":1,\"name\":\"Home\",\"item\":\"https:\/\/www.gaveanews.com\/\"},{\"@type\":\"ListItem\",\"position\":2,\"name\":\"Atacante do Flamengo se aproxima de marca importante\"}]},{\"@type\":\"WebSite\",\"@id\":\"https:\/\/www.gaveanews.com\/#website\",\"url\":\"https:\/\/www.gaveanews.com\/\",\"name\":\"G\u00e1vea News\",\"description\":\"Veja todas as not\u00edcias sobre o Flamengo: Contrata\u00e7\u00f5es, categorias de base, resultados das partidas, tabela de classifica\u00e7\u00e3o, pr\u00f3ximos jogos!\",\"potentialAction\":[{\"@type\":\"SearchAction\",\"target\":{\"@type\":\"EntryPoint\",\"urlTemplate\":\"https:\/\/www.gaveanews.com\/?s={search_term_string}\"},\"query-input\":{\"@type\":\"PropertyValueSpecification\",\"valueRequired\":true,\"valueName\":\"search_term_string\"}}],\"inLanguage\":\"pt-BR\"},{\"@type\":\"Person\",\"@id\":\"https:\/\/www.gaveanews.com\/#\/schema\/person\/c88645e3d550d0b6574305e67dd5a716\",\"name\":\"Reda\u00e7\u00e3o\",\"image\":{\"@type\":\"ImageObject\",\"inLanguage\":\"pt-BR\",\"@id\":\"https:\/\/www.gaveanews.com\/#\/schema\/person\/image\/\",\"url\":\"https:\/\/secure.gravatar.com\/avatar\/434098fd823f0dc1b062d14ca22bacaa6e38de28d8c816bbef6fc2f8c44d8ba3?s=96&d=mm&r=g\",\"contentUrl\":\"https:\/\/secure.gravatar.com\/avatar\/434098fd823f0dc1b062d14ca22bacaa6e38de28d8c816bbef6fc2f8c44d8ba3?s=96&d=mm&r=g\",\"caption\":\"Reda\u00e7\u00e3o\"}}]}<\/script>\n<!-- \/ Yoast SEO Premium plugin. -->","yoast_head_json":{"title":"Atacante do Flamengo se aproxima de marca importante","robots":{"index":"index","follow":"follow","max-snippet":"max-snippet:-1","max-image-preview":"max-image-preview:large","max-video-preview":"max-video-preview:-1"},"canonical":"https:\/\/www.gaveanews.com\/index.php\/2025\/10\/15\/atacante-do-flamengo-se-aproxima-de-marca-importante\/","og_locale":"pt_BR","og_type":"article","og_title":"Atacante do Flamengo se aproxima de marca importante","og_description":"Agora, o Flamengo entra nas semanas mais cr\u00edticas de 2025, com Botafogo e Palmeiras no Brasileiro e Racing na semifinal da Libertadores. O duelo com o Botafogo ocorre nesta quarta-feira (15 de outubro), \u00e0s 19h30 (hor\u00e1rio de Bras\u00edlia). No entanto, a equipe chega ao per\u00edodo com queda de produtividade no ataque. Nos \u00faltimos cinco jogos, [&hellip;]","og_url":"https:\/\/www.gaveanews.com\/index.php\/2025\/10\/15\/atacante-do-flamengo-se-aproxima-de-marca-importante\/","og_site_name":"G\u00e1vea News","article_publisher":"https:\/\/facebook.com\/gaveaNews\/","article_published_time":"2025-10-15T17:15:00+00:00","og_image":[{"width":1200,"height":900,"url":"https:\/\/www.gaveanews.com\/wp-content\/uploads\/elenco-do-Flamengo.png","type":"image\/png"}],"author":"Reda\u00e7\u00e3o","twitter_card":"summary_large_image","twitter_misc":{"Escrito por":"Reda\u00e7\u00e3o","Est. tempo de leitura":"3 minutos"},"schema":{"@context":"https:\/\/schema.org","@graph":[{"@type":"NewsArticle","@id":"https:\/\/www.gaveanews.com\/index.php\/2025\/10\/15\/atacante-do-flamengo-se-aproxima-de-marca-importante\/#article","isPartOf":{"@id":"https:\/\/www.gaveanews.com\/index.php\/2025\/10\/15\/atacante-do-flamengo-se-aproxima-de-marca-importante\/"},"author":{"name":"Reda\u00e7\u00e3o","@id":"https:\/\/www.gaveanews.com\/#\/schema\/person\/c88645e3d550d0b6574305e67dd5a716"},"headline":"Atacante do Flamengo se aproxima de marca importante","datePublished":"2025-10-15T17:15:00+00:00","mainEntityOfPage":{"@id":"https:\/\/www.gaveanews.com\/index.php\/2025\/10\/15\/atacante-do-flamengo-se-aproxima-de-marca-importante\/"},"wordCount":350,"commentCount":0,"image":{"@id":"https:\/\/www.gaveanews.com\/index.php\/2025\/10\/15\/atacante-do-flamengo-se-aproxima-de-marca-importante\/#primaryimage"},"thumbnailUrl":"https:\/\/www.gaveanews.com\/wp-content\/uploads\/elenco-do-Flamengo.png","articleSection":["Flamengo"],"inLanguage":"pt-BR","potentialAction":[{"@type":"CommentAction","name":"Comment","target":["https:\/\/www.gaveanews.com\/index.php\/2025\/10\/15\/atacante-do-flamengo-se-aproxima-de-marca-importante\/#respond"]}],"copyrightYear":"2025","copyrightHolder":{"@id":"https:\/\/www.gaveanews.com\/#organization"}},{"@type":"WebPage","@id":"https:\/\/www.gaveanews.com\/index.php\/2025\/10\/15\/atacante-do-flamengo-se-aproxima-de-marca-importante\/","url":"https:\/\/www.gaveanews.com\/index.php\/2025\/10\/15\/atacante-do-flamengo-se-aproxima-de-marca-importante\/","name":"Atacante do Flamengo se aproxima de marca importante","isPartOf":{"@id":"https:\/\/www.gaveanews.com\/#website"},"primaryImageOfPage":{"@id":"https:\/\/www.gaveanews.com\/index.php\/2025\/10\/15\/atacante-do-flamengo-se-aproxima-de-marca-importante\/#primaryimage"},"image":{"@id":"https:\/\/www.gaveanews.com\/index.php\/2025\/10\/15\/atacante-do-flamengo-se-aproxima-de-marca-importante\/#primaryimage"},"thumbnailUrl":"https:\/\/www.gaveanews.com\/wp-content\/uploads\/elenco-do-Flamengo.png","datePublished":"2025-10-15T17:15:00+00:00","author":{"@id":"https:\/\/www.gaveanews.com\/#\/schema\/person\/c88645e3d550d0b6574305e67dd5a716"},"breadcrumb":{"@id":"https:\/\/www.gaveanews.com\/index.php\/2025\/10\/15\/atacante-do-flamengo-se-aproxima-de-marca-importante\/#breadcrumb"},"inLanguage":"pt-BR","potentialAction":[{"@type":"ReadAction","target":["https:\/\/www.gaveanews.com\/index.php\/2025\/10\/15\/atacante-do-flamengo-se-aproxima-de-marca-importante\/"]}]},{"@type":"ImageObject","inLanguage":"pt-BR","@id":"https:\/\/www.gaveanews.com\/index.php\/2025\/10\/15\/atacante-do-flamengo-se-aproxima-de-marca-importante\/#primaryimage","url":"https:\/\/www.gaveanews.com\/wp-content\/uploads\/elenco-do-Flamengo.png","contentUrl":"https:\/\/www.gaveanews.com\/wp-content\/uploads\/elenco-do-Flamengo.png","width":1200,"height":900,"caption":"Elenco do Flamengo (Foto: Adriano Fontes\/Flamengo)"},{"@type":"BreadcrumbList","@id":"https:\/\/www.gaveanews.com\/index.php\/2025\/10\/15\/atacante-do-flamengo-se-aproxima-de-marca-importante\/#breadcrumb","itemListElement":[{"@type":"ListItem","position":1,"name":"Home","item":"https:\/\/www.gaveanews.com\/"},{"@type":"ListItem","position":2,"name":"Atacante do Flamengo se aproxima de marca importante"}]},{"@type":"WebSite","@id":"https:\/\/www.gaveanews.com\/#website","url":"https:\/\/www.gaveanews.com\/","name":"G\u00e1vea News","description":"Veja todas as not\u00edcias sobre o Flamengo: Contrata\u00e7\u00f5es, categorias de base, resultados das partidas, tabela de classifica\u00e7\u00e3o, pr\u00f3ximos jogos!","potentialAction":[{"@type":"SearchAction","target":{"@type":"EntryPoint","urlTemplate":"https:\/\/www.gaveanews.com\/?s={search_term_string}"},"query-input":{"@type":"PropertyValueSpecification","valueRequired":true,"valueName":"search_term_string"}}],"inLanguage":"pt-BR"},{"@type":"Person","@id":"https:\/\/www.gaveanews.com\/#\/schema\/person\/c88645e3d550d0b6574305e67dd5a716","name":"Reda\u00e7\u00e3o","image":{"@type":"ImageObject","inLanguage":"pt-BR","@id":"https:\/\/www.gaveanews.com\/#\/schema\/person\/image\/","url":"https:\/\/secure.gravatar.com\/avatar\/434098fd823f0dc1b062d14ca22bacaa6e38de28d8c816bbef6fc2f8c44d8ba3?s=96&d=mm&r=g","contentUrl":"https:\/\/secure.gravatar.com\/avatar\/434098fd823f0dc1b062d14ca22bacaa6e38de28d8c816bbef6fc2f8c44d8ba3?s=96&d=mm&r=g","caption":"Reda\u00e7\u00e3o"}}]}},"_links":{"self":[{"href":"https:\/\/www.gaveanews.com\/index.php\/wp-json\/wp\/v2\/posts\/278542","targetHints":{"allow":["GET"]}}],"collection":[{"href":"https:\/\/www.gaveanews.com\/index.php\/wp-json\/wp\/v2\/posts"}],"about":[{"href":"https:\/\/www.gaveanews.com\/index.php\/wp-json\/wp\/v2\/types\/post"}],"author":[{"embeddable":true,"href":"https:\/\/www.gaveanews.com\/index.php\/wp-json\/wp\/v2\/users\/39"}],"replies":[{"embeddable":true,"href":"https:\/\/www.gaveanews.com\/index.php\/wp-json\/wp\/v2\/comments?post=278542"}],"version-history":[{"count":1,"href":"https:\/\/www.gaveanews.com\/index.php\/wp-json\/wp\/v2\/posts\/278542\/revisions"}],"predecessor-version":[{"id":278564,"href":"https:\/\/www.gaveanews.com\/index.php\/wp-json\/wp\/v2\/posts\/278542\/revisions\/278564"}],"wp:featuredmedia":[{"embeddable":true,"href":"https:\/\/www.gaveanews.com\/index.php\/wp-json\/wp\/v2\/media\/272956"}],"wp:attachment":[{"href":"https:\/\/www.gaveanews.com\/index.php\/wp-json\/wp\/v2\/media?parent=278542"}],"wp:term":[{"taxonomy":"category","embeddable":true,"href":"https:\/\/www.gaveanews.com\/index.php\/wp-json\/wp\/v2\/categories?post=278542"},{"taxonomy":"post_tag","embeddable":true,"href":"https:\/\/www.gaveanews.com\/index.php\/wp-json\/wp\/v2\/tags?post=278542"}],"curies":[{"name":"wp","href":"https:\/\/api.w.org\/{rel}","templated":true}]}}