{"id":278553,"date":"2025-10-15T14:30:00","date_gmt":"2025-10-15T17:30:00","guid":{"rendered":"https:\/\/www.gaveanews.com\/?p=278553"},"modified":"2025-10-15T13:46:40","modified_gmt":"2025-10-15T16:46:40","slug":"advogado-da-libra-manda-recado-para-bap-presidente-do-flamengo","status":"publish","type":"post","link":"https:\/\/www.gaveanews.com\/index.php\/2025\/10\/15\/advogado-da-libra-manda-recado-para-bap-presidente-do-flamengo\/","title":{"rendered":"Advogado da LIBRA manda recado para Bap, presidente do Flamengo"},"content":{"rendered":"\n<p>Em meio ao impasse judicial entre <a href=\"https:\/\/www.gaveanews.com\/index.php\/category\/brasileirao\/flamengo\/\" target=\"_blank\" rel=\"noopener noreferrer\">Flamengo<\/a> e Libra sobre o repasse de R$ 77 milh\u00f5es, Luiz Eduardo Baptista, o Bap, atacou a lideran\u00e7a jur\u00eddica do bloco. As declara\u00e7\u00f5es ocorreram na quarta-feira (15 de outubro).<\/p>\n\n\n\n<p>Em entrevista ao UOL, o presidente do Flamengo disse ver conflito de interesses envolvendo o advogado Andr\u00e9 Sica e o <a href=\"https:\/\/www.gaveanews.com\/index.php\/category\/brasileirao\/palmeiras\/\" target=\"_blank\" rel=\"noopener noreferrer\">Palmeiras<\/a>.<\/p>\n\n\n\n<p>\u201cO [Andr\u00e9] Sica \u00e9 advogado do Palmeiras, trabalha para o Palmeiras, a fam\u00edlia dele trabalha para o Palmeiras h\u00e1 muito tempo. O escrit\u00f3rio que entrou com agravo da Libra contra o Flamengo \u00e9 do Sica. Isso \u00e9 um conflito evidente. Isso \u00e9 um conflito evidente\u201d.<\/p>\n\n\n\n<p>Depois, Bap ampliou a cr\u00edtica e associou a identidade da Libra ao rival paulista.<\/p>\n\n\n\n<p>\u201cSe eu pudesse voltar atr\u00e1s no tempo, eu jamais teria concordado com a constru\u00e7\u00e3o de uma Libra. A Libra \u00e9 verde. A Libra \u00e9 toda verde. A Libra \u00e9 palmeirense\u201d.<\/p>\n\n\n\n<p>\u00c0 ESPN, Sica respondeu. Ele negou v\u00ednculo profissional de familiares com o Palmeiras e afirmou ter sido escolhido por Rodolfo Landim e Guilherme Bellintani para iniciar o movimento de Liga.<\/p>\n\n\n\n<figure class=\"wp-block-embed is-type-photo is-provider-flickr wp-block-embed-flickr\"><div class=\"wp-block-embed__wrapper\">\n<a href=\"https:\/\/www.flickr.com\/photos\/201155970@N03\/54856863126\/in\/dateposted-public\/\"><img loading=\"lazy\" decoding=\"async\" src=\"https:\/\/live.staticflickr.com\/65535\/54856863126_ff1f0515b1_z.jpg\" alt=\"imagem_2025-10-15_134606606\" width=\"640\" height=\"406\" \/><\/a>\n<\/div><\/figure>\n\n\n\n<p>\u201cEu fico lisonjeado com as palavras do BAP, mas imagino que ele n\u00e3o tenha acesso a todas as informa\u00e7\u00f5es. Meu pai faleceu em 2001 e era engenheiro. Minha m\u00e3e \u00e9 professora de franc\u00eas. Portanto, n\u00e3o \u00e9 verdadeiro que qualquer pessoa da minha fam\u00edlia tenha trabalhado para o Palmeiras. Apenas eu tenho essa honra\u201d.<\/p>\n\n\n\n<p>\u201cJustamente por isso fui escolhido pelo Landim e Bellintani como o advogado para iniciar o movimento de Liga no Brasil. Meu sonho e minha ambi\u00e7\u00e3o profissional \u00e9 ver o futebol unido. Para isso, invariavelmente, tenho que defender a Libra e, depois disso, a uni\u00e3o com a LFU. Tenho certeza que o Presidente BAP perceber\u00e1 isso com o tempo e, por que n\u00e3o, ainda pode virar um grande parceiro e amigo\u201d, finalizou.<\/p>\n\n\n\n<p>O pano de fundo \u00e9 o desacordo sobre crit\u00e9rios de divis\u00e3o de receitas na Libra. O Flamengo obteve liminar no Tribunal de Justi\u00e7a do Rio de Janeiro para bloquear uma parcela de R$ 77 milh\u00f5es ao bloco. A estrutura aprovada prev\u00ea 40% igualit\u00e1rio, 30% por performance e 30% por audi\u00eancia.<\/p>\n\n\n\n<p>O clube alega que a regra de audi\u00eancia carece de detalhamento e n\u00e3o foi regulamentada. Segundo alega, a Libra pagou a primeira parcela com um cen\u00e1rio rejeitado em assembleia, o que motivou a a\u00e7\u00e3o e a troca de notas oficiais entre as partes.<\/p>\n","protected":false},"excerpt":{"rendered":"<p>Em meio ao impasse judicial entre Flamengo e Libra sobre o repasse de R$ 77 milh\u00f5es, Luiz Eduardo Baptista, o Bap, atacou a lideran\u00e7a jur\u00eddica do bloco. As declara\u00e7\u00f5es ocorreram na quarta-feira (15 de outubro). Em entrevista ao UOL, o presidente do Flamengo disse ver conflito de interesses envolvendo o advogado Andr\u00e9 Sica e o [&hellip;]<\/p>\n","protected":false},"author":39,"featured_media":259654,"comment_status":"open","ping_status":"closed","sticky":false,"template":"","format":"standard","meta":{"footnotes":""},"categories":[1],"tags":[],"class_list":["post-278553","post","type-post","status-publish","format-standard","has-post-thumbnail","hentry","category-flamengo"],"yoast_head":"<!-- This site is optimized with the Yoast SEO Premium plugin v24.2 (Yoast SEO v26.9) - https:\/\/yoast.com\/product\/yoast-seo-premium-wordpress\/ -->\n<title>Advogado da LIBRA manda recado para Bap, presidente do Flamengo<\/title>\n<meta name=\"robots\" content=\"index, follow, max-snippet:-1, max-image-preview:large, max-video-preview:-1\" \/>\n<link rel=\"canonical\" href=\"https:\/\/www.gaveanews.com\/index.php\/2025\/10\/15\/advogado-da-libra-manda-recado-para-bap-presidente-do-flamengo\/\" \/>\n<meta property=\"og:locale\" content=\"pt_BR\" \/>\n<meta property=\"og:type\" content=\"article\" \/>\n<meta property=\"og:title\" content=\"Advogado da LIBRA manda recado para Bap, presidente do Flamengo\" \/>\n<meta property=\"og:description\" content=\"Em meio ao impasse judicial entre Flamengo e Libra sobre o repasse de R$ 77 milh\u00f5es, Luiz Eduardo Baptista, o Bap, atacou a lideran\u00e7a jur\u00eddica do bloco. As declara\u00e7\u00f5es ocorreram na quarta-feira (15 de outubro). Em entrevista ao UOL, o presidente do Flamengo disse ver conflito de interesses envolvendo o advogado Andr\u00e9 Sica e o [&hellip;]\" \/>\n<meta property=\"og:url\" content=\"https:\/\/www.gaveanews.com\/index.php\/2025\/10\/15\/advogado-da-libra-manda-recado-para-bap-presidente-do-flamengo\/\" \/>\n<meta property=\"og:site_name\" content=\"G\u00e1vea News\" \/>\n<meta property=\"article:publisher\" content=\"https:\/\/facebook.com\/gaveaNews\/\" \/>\n<meta property=\"article:published_time\" content=\"2025-10-15T17:30:00+00:00\" \/>\n<meta property=\"og:image\" content=\"https:\/\/www.gaveanews.com\/wp-content\/uploads\/dirigentes-da-LIBRA.webp\" \/>\n\t<meta property=\"og:image:width\" content=\"1200\" \/>\n\t<meta property=\"og:image:height\" content=\"900\" \/>\n\t<meta property=\"og:image:type\" content=\"image\/webp\" \/>\n<meta name=\"author\" content=\"Reda\u00e7\u00e3o\" \/>\n<meta name=\"twitter:card\" content=\"summary_large_image\" \/>\n<meta name=\"twitter:label1\" content=\"Escrito por\" \/>\n\t<meta name=\"twitter:data1\" content=\"Reda\u00e7\u00e3o\" \/>\n\t<meta name=\"twitter:label2\" content=\"Est. tempo de leitura\" \/>\n\t<meta name=\"twitter:data2\" content=\"3 minutos\" \/>\n<script type=\"application\/ld+json\" class=\"yoast-schema-graph\">{\"@context\":\"https:\/\/schema.org\",\"@graph\":[{\"@type\":\"NewsArticle\",\"@id\":\"https:\/\/www.gaveanews.com\/index.php\/2025\/10\/15\/advogado-da-libra-manda-recado-para-bap-presidente-do-flamengo\/#article\",\"isPartOf\":{\"@id\":\"https:\/\/www.gaveanews.com\/index.php\/2025\/10\/15\/advogado-da-libra-manda-recado-para-bap-presidente-do-flamengo\/\"},\"author\":{\"name\":\"Reda\u00e7\u00e3o\",\"@id\":\"https:\/\/www.gaveanews.com\/#\/schema\/person\/c88645e3d550d0b6574305e67dd5a716\"},\"headline\":\"Advogado da LIBRA manda recado para Bap, presidente do Flamengo\",\"datePublished\":\"2025-10-15T17:30:00+00:00\",\"mainEntityOfPage\":{\"@id\":\"https:\/\/www.gaveanews.com\/index.php\/2025\/10\/15\/advogado-da-libra-manda-recado-para-bap-presidente-do-flamengo\/\"},\"wordCount\":420,\"commentCount\":0,\"image\":{\"@id\":\"https:\/\/www.gaveanews.com\/index.php\/2025\/10\/15\/advogado-da-libra-manda-recado-para-bap-presidente-do-flamengo\/#primaryimage\"},\"thumbnailUrl\":\"https:\/\/www.gaveanews.com\/wp-content\/uploads\/dirigentes-da-LIBRA.webp\",\"articleSection\":[\"Flamengo\"],\"inLanguage\":\"pt-BR\",\"potentialAction\":[{\"@type\":\"CommentAction\",\"name\":\"Comment\",\"target\":[\"https:\/\/www.gaveanews.com\/index.php\/2025\/10\/15\/advogado-da-libra-manda-recado-para-bap-presidente-do-flamengo\/#respond\"]}],\"copyrightYear\":\"2025\",\"copyrightHolder\":{\"@id\":\"https:\/\/www.gaveanews.com\/#organization\"}},{\"@type\":\"WebPage\",\"@id\":\"https:\/\/www.gaveanews.com\/index.php\/2025\/10\/15\/advogado-da-libra-manda-recado-para-bap-presidente-do-flamengo\/\",\"url\":\"https:\/\/www.gaveanews.com\/index.php\/2025\/10\/15\/advogado-da-libra-manda-recado-para-bap-presidente-do-flamengo\/\",\"name\":\"Advogado da LIBRA manda recado para Bap, presidente do Flamengo\",\"isPartOf\":{\"@id\":\"https:\/\/www.gaveanews.com\/#website\"},\"primaryImageOfPage\":{\"@id\":\"https:\/\/www.gaveanews.com\/index.php\/2025\/10\/15\/advogado-da-libra-manda-recado-para-bap-presidente-do-flamengo\/#primaryimage\"},\"image\":{\"@id\":\"https:\/\/www.gaveanews.com\/index.php\/2025\/10\/15\/advogado-da-libra-manda-recado-para-bap-presidente-do-flamengo\/#primaryimage\"},\"thumbnailUrl\":\"https:\/\/www.gaveanews.com\/wp-content\/uploads\/dirigentes-da-LIBRA.webp\",\"datePublished\":\"2025-10-15T17:30:00+00:00\",\"author\":{\"@id\":\"https:\/\/www.gaveanews.com\/#\/schema\/person\/c88645e3d550d0b6574305e67dd5a716\"},\"breadcrumb\":{\"@id\":\"https:\/\/www.gaveanews.com\/index.php\/2025\/10\/15\/advogado-da-libra-manda-recado-para-bap-presidente-do-flamengo\/#breadcrumb\"},\"inLanguage\":\"pt-BR\",\"potentialAction\":[{\"@type\":\"ReadAction\",\"target\":[\"https:\/\/www.gaveanews.com\/index.php\/2025\/10\/15\/advogado-da-libra-manda-recado-para-bap-presidente-do-flamengo\/\"]}]},{\"@type\":\"ImageObject\",\"inLanguage\":\"pt-BR\",\"@id\":\"https:\/\/www.gaveanews.com\/index.php\/2025\/10\/15\/advogado-da-libra-manda-recado-para-bap-presidente-do-flamengo\/#primaryimage\",\"url\":\"https:\/\/www.gaveanews.com\/wp-content\/uploads\/dirigentes-da-LIBRA.webp\",\"contentUrl\":\"https:\/\/www.gaveanews.com\/wp-content\/uploads\/dirigentes-da-LIBRA.webp\",\"width\":1200,\"height\":900,\"caption\":\"dirigentes da LIBRA (Foto: Divulga\u00e7\u00e3o)\"},{\"@type\":\"BreadcrumbList\",\"@id\":\"https:\/\/www.gaveanews.com\/index.php\/2025\/10\/15\/advogado-da-libra-manda-recado-para-bap-presidente-do-flamengo\/#breadcrumb\",\"itemListElement\":[{\"@type\":\"ListItem\",\"position\":1,\"name\":\"Home\",\"item\":\"https:\/\/www.gaveanews.com\/\"},{\"@type\":\"ListItem\",\"position\":2,\"name\":\"Advogado da LIBRA manda recado para Bap, presidente do Flamengo\"}]},{\"@type\":\"WebSite\",\"@id\":\"https:\/\/www.gaveanews.com\/#website\",\"url\":\"https:\/\/www.gaveanews.com\/\",\"name\":\"G\u00e1vea News\",\"description\":\"Veja todas as not\u00edcias sobre o Flamengo: Contrata\u00e7\u00f5es, categorias de base, resultados das partidas, tabela de classifica\u00e7\u00e3o, pr\u00f3ximos jogos!\",\"potentialAction\":[{\"@type\":\"SearchAction\",\"target\":{\"@type\":\"EntryPoint\",\"urlTemplate\":\"https:\/\/www.gaveanews.com\/?s={search_term_string}\"},\"query-input\":{\"@type\":\"PropertyValueSpecification\",\"valueRequired\":true,\"valueName\":\"search_term_string\"}}],\"inLanguage\":\"pt-BR\"},{\"@type\":\"Person\",\"@id\":\"https:\/\/www.gaveanews.com\/#\/schema\/person\/c88645e3d550d0b6574305e67dd5a716\",\"name\":\"Reda\u00e7\u00e3o\",\"image\":{\"@type\":\"ImageObject\",\"inLanguage\":\"pt-BR\",\"@id\":\"https:\/\/www.gaveanews.com\/#\/schema\/person\/image\/\",\"url\":\"https:\/\/secure.gravatar.com\/avatar\/434098fd823f0dc1b062d14ca22bacaa6e38de28d8c816bbef6fc2f8c44d8ba3?s=96&d=mm&r=g\",\"contentUrl\":\"https:\/\/secure.gravatar.com\/avatar\/434098fd823f0dc1b062d14ca22bacaa6e38de28d8c816bbef6fc2f8c44d8ba3?s=96&d=mm&r=g\",\"caption\":\"Reda\u00e7\u00e3o\"}}]}<\/script>\n<!-- \/ Yoast SEO Premium plugin. -->","yoast_head_json":{"title":"Advogado da LIBRA manda recado para Bap, presidente do Flamengo","robots":{"index":"index","follow":"follow","max-snippet":"max-snippet:-1","max-image-preview":"max-image-preview:large","max-video-preview":"max-video-preview:-1"},"canonical":"https:\/\/www.gaveanews.com\/index.php\/2025\/10\/15\/advogado-da-libra-manda-recado-para-bap-presidente-do-flamengo\/","og_locale":"pt_BR","og_type":"article","og_title":"Advogado da LIBRA manda recado para Bap, presidente do Flamengo","og_description":"Em meio ao impasse judicial entre Flamengo e Libra sobre o repasse de R$ 77 milh\u00f5es, Luiz Eduardo Baptista, o Bap, atacou a lideran\u00e7a jur\u00eddica do bloco. As declara\u00e7\u00f5es ocorreram na quarta-feira (15 de outubro). Em entrevista ao UOL, o presidente do Flamengo disse ver conflito de interesses envolvendo o advogado Andr\u00e9 Sica e o [&hellip;]","og_url":"https:\/\/www.gaveanews.com\/index.php\/2025\/10\/15\/advogado-da-libra-manda-recado-para-bap-presidente-do-flamengo\/","og_site_name":"G\u00e1vea News","article_publisher":"https:\/\/facebook.com\/gaveaNews\/","article_published_time":"2025-10-15T17:30:00+00:00","og_image":[{"width":1200,"height":900,"url":"https:\/\/www.gaveanews.com\/wp-content\/uploads\/dirigentes-da-LIBRA.webp","type":"image\/webp"}],"author":"Reda\u00e7\u00e3o","twitter_card":"summary_large_image","twitter_misc":{"Escrito por":"Reda\u00e7\u00e3o","Est. tempo de leitura":"3 minutos"},"schema":{"@context":"https:\/\/schema.org","@graph":[{"@type":"NewsArticle","@id":"https:\/\/www.gaveanews.com\/index.php\/2025\/10\/15\/advogado-da-libra-manda-recado-para-bap-presidente-do-flamengo\/#article","isPartOf":{"@id":"https:\/\/www.gaveanews.com\/index.php\/2025\/10\/15\/advogado-da-libra-manda-recado-para-bap-presidente-do-flamengo\/"},"author":{"name":"Reda\u00e7\u00e3o","@id":"https:\/\/www.gaveanews.com\/#\/schema\/person\/c88645e3d550d0b6574305e67dd5a716"},"headline":"Advogado da LIBRA manda recado para Bap, presidente do Flamengo","datePublished":"2025-10-15T17:30:00+00:00","mainEntityOfPage":{"@id":"https:\/\/www.gaveanews.com\/index.php\/2025\/10\/15\/advogado-da-libra-manda-recado-para-bap-presidente-do-flamengo\/"},"wordCount":420,"commentCount":0,"image":{"@id":"https:\/\/www.gaveanews.com\/index.php\/2025\/10\/15\/advogado-da-libra-manda-recado-para-bap-presidente-do-flamengo\/#primaryimage"},"thumbnailUrl":"https:\/\/www.gaveanews.com\/wp-content\/uploads\/dirigentes-da-LIBRA.webp","articleSection":["Flamengo"],"inLanguage":"pt-BR","potentialAction":[{"@type":"CommentAction","name":"Comment","target":["https:\/\/www.gaveanews.com\/index.php\/2025\/10\/15\/advogado-da-libra-manda-recado-para-bap-presidente-do-flamengo\/#respond"]}],"copyrightYear":"2025","copyrightHolder":{"@id":"https:\/\/www.gaveanews.com\/#organization"}},{"@type":"WebPage","@id":"https:\/\/www.gaveanews.com\/index.php\/2025\/10\/15\/advogado-da-libra-manda-recado-para-bap-presidente-do-flamengo\/","url":"https:\/\/www.gaveanews.com\/index.php\/2025\/10\/15\/advogado-da-libra-manda-recado-para-bap-presidente-do-flamengo\/","name":"Advogado da LIBRA manda recado para Bap, presidente do Flamengo","isPartOf":{"@id":"https:\/\/www.gaveanews.com\/#website"},"primaryImageOfPage":{"@id":"https:\/\/www.gaveanews.com\/index.php\/2025\/10\/15\/advogado-da-libra-manda-recado-para-bap-presidente-do-flamengo\/#primaryimage"},"image":{"@id":"https:\/\/www.gaveanews.com\/index.php\/2025\/10\/15\/advogado-da-libra-manda-recado-para-bap-presidente-do-flamengo\/#primaryimage"},"thumbnailUrl":"https:\/\/www.gaveanews.com\/wp-content\/uploads\/dirigentes-da-LIBRA.webp","datePublished":"2025-10-15T17:30:00+00:00","author":{"@id":"https:\/\/www.gaveanews.com\/#\/schema\/person\/c88645e3d550d0b6574305e67dd5a716"},"breadcrumb":{"@id":"https:\/\/www.gaveanews.com\/index.php\/2025\/10\/15\/advogado-da-libra-manda-recado-para-bap-presidente-do-flamengo\/#breadcrumb"},"inLanguage":"pt-BR","potentialAction":[{"@type":"ReadAction","target":["https:\/\/www.gaveanews.com\/index.php\/2025\/10\/15\/advogado-da-libra-manda-recado-para-bap-presidente-do-flamengo\/"]}]},{"@type":"ImageObject","inLanguage":"pt-BR","@id":"https:\/\/www.gaveanews.com\/index.php\/2025\/10\/15\/advogado-da-libra-manda-recado-para-bap-presidente-do-flamengo\/#primaryimage","url":"https:\/\/www.gaveanews.com\/wp-content\/uploads\/dirigentes-da-LIBRA.webp","contentUrl":"https:\/\/www.gaveanews.com\/wp-content\/uploads\/dirigentes-da-LIBRA.webp","width":1200,"height":900,"caption":"dirigentes da LIBRA (Foto: Divulga\u00e7\u00e3o)"},{"@type":"BreadcrumbList","@id":"https:\/\/www.gaveanews.com\/index.php\/2025\/10\/15\/advogado-da-libra-manda-recado-para-bap-presidente-do-flamengo\/#breadcrumb","itemListElement":[{"@type":"ListItem","position":1,"name":"Home","item":"https:\/\/www.gaveanews.com\/"},{"@type":"ListItem","position":2,"name":"Advogado da LIBRA manda recado para Bap, presidente do Flamengo"}]},{"@type":"WebSite","@id":"https:\/\/www.gaveanews.com\/#website","url":"https:\/\/www.gaveanews.com\/","name":"G\u00e1vea News","description":"Veja todas as not\u00edcias sobre o Flamengo: Contrata\u00e7\u00f5es, categorias de base, resultados das partidas, tabela de classifica\u00e7\u00e3o, pr\u00f3ximos jogos!","potentialAction":[{"@type":"SearchAction","target":{"@type":"EntryPoint","urlTemplate":"https:\/\/www.gaveanews.com\/?s={search_term_string}"},"query-input":{"@type":"PropertyValueSpecification","valueRequired":true,"valueName":"search_term_string"}}],"inLanguage":"pt-BR"},{"@type":"Person","@id":"https:\/\/www.gaveanews.com\/#\/schema\/person\/c88645e3d550d0b6574305e67dd5a716","name":"Reda\u00e7\u00e3o","image":{"@type":"ImageObject","inLanguage":"pt-BR","@id":"https:\/\/www.gaveanews.com\/#\/schema\/person\/image\/","url":"https:\/\/secure.gravatar.com\/avatar\/434098fd823f0dc1b062d14ca22bacaa6e38de28d8c816bbef6fc2f8c44d8ba3?s=96&d=mm&r=g","contentUrl":"https:\/\/secure.gravatar.com\/avatar\/434098fd823f0dc1b062d14ca22bacaa6e38de28d8c816bbef6fc2f8c44d8ba3?s=96&d=mm&r=g","caption":"Reda\u00e7\u00e3o"}}]}},"_links":{"self":[{"href":"https:\/\/www.gaveanews.com\/index.php\/wp-json\/wp\/v2\/posts\/278553","targetHints":{"allow":["GET"]}}],"collection":[{"href":"https:\/\/www.gaveanews.com\/index.php\/wp-json\/wp\/v2\/posts"}],"about":[{"href":"https:\/\/www.gaveanews.com\/index.php\/wp-json\/wp\/v2\/types\/post"}],"author":[{"embeddable":true,"href":"https:\/\/www.gaveanews.com\/index.php\/wp-json\/wp\/v2\/users\/39"}],"replies":[{"embeddable":true,"href":"https:\/\/www.gaveanews.com\/index.php\/wp-json\/wp\/v2\/comments?post=278553"}],"version-history":[{"count":2,"href":"https:\/\/www.gaveanews.com\/index.php\/wp-json\/wp\/v2\/posts\/278553\/revisions"}],"predecessor-version":[{"id":278567,"href":"https:\/\/www.gaveanews.com\/index.php\/wp-json\/wp\/v2\/posts\/278553\/revisions\/278567"}],"wp:featuredmedia":[{"embeddable":true,"href":"https:\/\/www.gaveanews.com\/index.php\/wp-json\/wp\/v2\/media\/259654"}],"wp:attachment":[{"href":"https:\/\/www.gaveanews.com\/index.php\/wp-json\/wp\/v2\/media?parent=278553"}],"wp:term":[{"taxonomy":"category","embeddable":true,"href":"https:\/\/www.gaveanews.com\/index.php\/wp-json\/wp\/v2\/categories?post=278553"},{"taxonomy":"post_tag","embeddable":true,"href":"https:\/\/www.gaveanews.com\/index.php\/wp-json\/wp\/v2\/tags?post=278553"}],"curies":[{"name":"wp","href":"https:\/\/api.w.org\/{rel}","templated":true}]}}