{"id":278554,"date":"2025-10-15T14:45:00","date_gmt":"2025-10-15T17:45:00","guid":{"rendered":"https:\/\/www.gaveanews.com\/?p=278554"},"modified":"2025-10-15T13:48:22","modified_gmt":"2025-10-15T16:48:22","slug":"saul-do-flamengo-revela-bastidores-de-sua-saida-do-atletico-de-madrid","status":"publish","type":"post","link":"https:\/\/www.gaveanews.com\/index.php\/2025\/10\/15\/saul-do-flamengo-revela-bastidores-de-sua-saida-do-atletico-de-madrid\/","title":{"rendered":"Sa\u00fal, do Flamengo, revela bastidores de sua sa\u00edda do Atl\u00e9tico de Madrid"},"content":{"rendered":"\n<p>Em entrevista ao programa El Larguero, da Cadena SER, Sa\u00fal \u00d1\u00edguez, meia do <a href=\"https:\/\/www.gaveanews.com\/index.php\/category\/brasileirao\/flamengo\/\" target=\"_blank\" rel=\"noopener noreferrer\">Flamengo<\/a> revelado pelo Atl\u00e9tico de Madrid, abriu bastidores de sua sa\u00edda do clube espanhol. Ele rescindiu um ano antes do fim do contrato e assinou com o Flamengo at\u00e9 2028.<\/p>\n\n\n\n<p>J\u00e1 no campo, o jogador est\u00e1 fora desde 2 de outubro, quando atuou 90 minutos no 0 a 0 com o Cruzeiro, no Maracan\u00e3. Ele segue com dores no tornozelo. Nesta semana, ele fez atividades na academia e trabalhos individuais, e o clube n\u00e3o detectou les\u00e3o.<\/p>\n\n\n\n<p>Na entrevista, o espanhol disse ter se sentido tra\u00eddo pela diretoria do Atl\u00e9tico, mas elogiou Diego Simeone.<\/p>\n\n\n\n<p>\u201cO Cholo foi direto comigo, e isso eu valorizo. Ele me disse que n\u00e3o contava mais comigo, e eu s\u00f3 agradeci. J\u00e1 outras pessoas n\u00e3o foram sinceras. Andrea Berta [ex-diretor esportivo] n\u00e3o foi totalmente honesto comigo, e eu vi provas disso.\u201d<\/p>\n\n\n\n<p>Depois, ele explicou por que recusou o Trabzonspor e escolheu o Flamengo, citando fatores familiares, o Maracan\u00e3 e um t\u00e9cnico conhecido.<\/p>\n\n\n\n<p>\u201cA oferta do Flamengo era menor, mas era mais formal. Convenci minha mulher at\u00e9 a dar \u00e0 luz aqui. Jogar no Maracan\u00e3, com um t\u00e9cnico que conhe\u00e7o, e o carinho que recebi fizeram diferen\u00e7a.\u201d<\/p>\n\n\n\n<p>Enquanto isso, o Flamengo tamb\u00e9m lida com baixas no elenco para o cl\u00e1ssico. Wallace Yan e Danilo est\u00e3o suspensos, e Erick Pulgar treinou normalmente nas \u00faltimas atividades.<\/p>\n\n\n\n<p>Al\u00e9m disso, Sa\u00fal comentou a perman\u00eancia de Simeone no Atl\u00e9tico e o impacto do treinador no elenco.<\/p>\n\n\n\n<p>\u201cO Cholo vive o momento, mas acho que vai durar muitos anos. Ele ainda tem um time competitivo e continua transmitindo sua mentalidade vencedora.\u201d<\/p>\n","protected":false},"excerpt":{"rendered":"<p>Em entrevista ao programa El Larguero, da Cadena SER, Sa\u00fal \u00d1\u00edguez, meia do Flamengo revelado pelo Atl\u00e9tico de Madrid, abriu bastidores de sua sa\u00edda do clube espanhol. Ele rescindiu um ano antes do fim do contrato e assinou com o Flamengo at\u00e9 2028. J\u00e1 no campo, o jogador est\u00e1 fora desde 2 de outubro, quando [&hellip;]<\/p>\n","protected":false},"author":39,"featured_media":272987,"comment_status":"open","ping_status":"closed","sticky":false,"template":"","format":"standard","meta":{"footnotes":""},"categories":[1],"tags":[],"class_list":["post-278554","post","type-post","status-publish","format-standard","has-post-thumbnail","hentry","category-flamengo"],"yoast_head":"<!-- This site is optimized with the Yoast SEO Premium plugin v24.2 (Yoast SEO v26.9) - https:\/\/yoast.com\/product\/yoast-seo-premium-wordpress\/ -->\n<title>Sa\u00fal, do Flamengo, revela bastidores de sua sa\u00edda do Atl\u00e9tico de Madrid<\/title>\n<meta name=\"robots\" content=\"index, follow, max-snippet:-1, max-image-preview:large, max-video-preview:-1\" \/>\n<link rel=\"canonical\" href=\"https:\/\/www.gaveanews.com\/index.php\/2025\/10\/15\/saul-do-flamengo-revela-bastidores-de-sua-saida-do-atletico-de-madrid\/\" \/>\n<meta property=\"og:locale\" content=\"pt_BR\" \/>\n<meta property=\"og:type\" content=\"article\" \/>\n<meta property=\"og:title\" content=\"Sa\u00fal, do Flamengo, revela bastidores de sua sa\u00edda do Atl\u00e9tico de Madrid\" \/>\n<meta property=\"og:description\" content=\"Em entrevista ao programa El Larguero, da Cadena SER, Sa\u00fal \u00d1\u00edguez, meia do Flamengo revelado pelo Atl\u00e9tico de Madrid, abriu bastidores de sua sa\u00edda do clube espanhol. Ele rescindiu um ano antes do fim do contrato e assinou com o Flamengo at\u00e9 2028. J\u00e1 no campo, o jogador est\u00e1 fora desde 2 de outubro, quando [&hellip;]\" \/>\n<meta property=\"og:url\" content=\"https:\/\/www.gaveanews.com\/index.php\/2025\/10\/15\/saul-do-flamengo-revela-bastidores-de-sua-saida-do-atletico-de-madrid\/\" \/>\n<meta property=\"og:site_name\" content=\"G\u00e1vea News\" \/>\n<meta property=\"article:publisher\" content=\"https:\/\/facebook.com\/gaveaNews\/\" \/>\n<meta property=\"article:published_time\" content=\"2025-10-15T17:45:00+00:00\" \/>\n<meta property=\"og:image\" content=\"https:\/\/www.gaveanews.com\/wp-content\/uploads\/Saul-Niguez-novo-reforco-do-Flamengo.jpg\" \/>\n\t<meta property=\"og:image:width\" content=\"1280\" \/>\n\t<meta property=\"og:image:height\" content=\"960\" \/>\n\t<meta property=\"og:image:type\" content=\"image\/jpeg\" \/>\n<meta name=\"author\" content=\"Reda\u00e7\u00e3o\" \/>\n<meta name=\"twitter:card\" content=\"summary_large_image\" \/>\n<meta name=\"twitter:label1\" content=\"Escrito por\" \/>\n\t<meta name=\"twitter:data1\" content=\"Reda\u00e7\u00e3o\" \/>\n\t<meta name=\"twitter:label2\" content=\"Est. tempo de leitura\" \/>\n\t<meta name=\"twitter:data2\" content=\"2 minutos\" \/>\n<script type=\"application\/ld+json\" class=\"yoast-schema-graph\">{\"@context\":\"https:\/\/schema.org\",\"@graph\":[{\"@type\":\"NewsArticle\",\"@id\":\"https:\/\/www.gaveanews.com\/index.php\/2025\/10\/15\/saul-do-flamengo-revela-bastidores-de-sua-saida-do-atletico-de-madrid\/#article\",\"isPartOf\":{\"@id\":\"https:\/\/www.gaveanews.com\/index.php\/2025\/10\/15\/saul-do-flamengo-revela-bastidores-de-sua-saida-do-atletico-de-madrid\/\"},\"author\":{\"name\":\"Reda\u00e7\u00e3o\",\"@id\":\"https:\/\/www.gaveanews.com\/#\/schema\/person\/c88645e3d550d0b6574305e67dd5a716\"},\"headline\":\"Sa\u00fal, do Flamengo, revela bastidores de sua sa\u00edda do Atl\u00e9tico de Madrid\",\"datePublished\":\"2025-10-15T17:45:00+00:00\",\"mainEntityOfPage\":{\"@id\":\"https:\/\/www.gaveanews.com\/index.php\/2025\/10\/15\/saul-do-flamengo-revela-bastidores-de-sua-saida-do-atletico-de-madrid\/\"},\"wordCount\":300,\"commentCount\":0,\"image\":{\"@id\":\"https:\/\/www.gaveanews.com\/index.php\/2025\/10\/15\/saul-do-flamengo-revela-bastidores-de-sua-saida-do-atletico-de-madrid\/#primaryimage\"},\"thumbnailUrl\":\"https:\/\/www.gaveanews.com\/wp-content\/uploads\/Saul-Niguez-novo-reforco-do-Flamengo.jpg\",\"articleSection\":[\"Flamengo\"],\"inLanguage\":\"pt-BR\",\"potentialAction\":[{\"@type\":\"CommentAction\",\"name\":\"Comment\",\"target\":[\"https:\/\/www.gaveanews.com\/index.php\/2025\/10\/15\/saul-do-flamengo-revela-bastidores-de-sua-saida-do-atletico-de-madrid\/#respond\"]}],\"copyrightYear\":\"2025\",\"copyrightHolder\":{\"@id\":\"https:\/\/www.gaveanews.com\/#organization\"}},{\"@type\":\"WebPage\",\"@id\":\"https:\/\/www.gaveanews.com\/index.php\/2025\/10\/15\/saul-do-flamengo-revela-bastidores-de-sua-saida-do-atletico-de-madrid\/\",\"url\":\"https:\/\/www.gaveanews.com\/index.php\/2025\/10\/15\/saul-do-flamengo-revela-bastidores-de-sua-saida-do-atletico-de-madrid\/\",\"name\":\"Sa\u00fal, do Flamengo, revela bastidores de sua sa\u00edda do Atl\u00e9tico de Madrid\",\"isPartOf\":{\"@id\":\"https:\/\/www.gaveanews.com\/#website\"},\"primaryImageOfPage\":{\"@id\":\"https:\/\/www.gaveanews.com\/index.php\/2025\/10\/15\/saul-do-flamengo-revela-bastidores-de-sua-saida-do-atletico-de-madrid\/#primaryimage\"},\"image\":{\"@id\":\"https:\/\/www.gaveanews.com\/index.php\/2025\/10\/15\/saul-do-flamengo-revela-bastidores-de-sua-saida-do-atletico-de-madrid\/#primaryimage\"},\"thumbnailUrl\":\"https:\/\/www.gaveanews.com\/wp-content\/uploads\/Saul-Niguez-novo-reforco-do-Flamengo.jpg\",\"datePublished\":\"2025-10-15T17:45:00+00:00\",\"author\":{\"@id\":\"https:\/\/www.gaveanews.com\/#\/schema\/person\/c88645e3d550d0b6574305e67dd5a716\"},\"breadcrumb\":{\"@id\":\"https:\/\/www.gaveanews.com\/index.php\/2025\/10\/15\/saul-do-flamengo-revela-bastidores-de-sua-saida-do-atletico-de-madrid\/#breadcrumb\"},\"inLanguage\":\"pt-BR\",\"potentialAction\":[{\"@type\":\"ReadAction\",\"target\":[\"https:\/\/www.gaveanews.com\/index.php\/2025\/10\/15\/saul-do-flamengo-revela-bastidores-de-sua-saida-do-atletico-de-madrid\/\"]}]},{\"@type\":\"ImageObject\",\"inLanguage\":\"pt-BR\",\"@id\":\"https:\/\/www.gaveanews.com\/index.php\/2025\/10\/15\/saul-do-flamengo-revela-bastidores-de-sua-saida-do-atletico-de-madrid\/#primaryimage\",\"url\":\"https:\/\/www.gaveanews.com\/wp-content\/uploads\/Saul-Niguez-novo-reforco-do-Flamengo.jpg\",\"contentUrl\":\"https:\/\/www.gaveanews.com\/wp-content\/uploads\/Saul-Niguez-novo-reforco-do-Flamengo.jpg\",\"width\":1280,\"height\":960,\"caption\":\"Saul Niguez, novo refor\u00e7o do Flamengo (Foto: Reprodu\u00e7\u00e3o)\"},{\"@type\":\"BreadcrumbList\",\"@id\":\"https:\/\/www.gaveanews.com\/index.php\/2025\/10\/15\/saul-do-flamengo-revela-bastidores-de-sua-saida-do-atletico-de-madrid\/#breadcrumb\",\"itemListElement\":[{\"@type\":\"ListItem\",\"position\":1,\"name\":\"Home\",\"item\":\"https:\/\/www.gaveanews.com\/\"},{\"@type\":\"ListItem\",\"position\":2,\"name\":\"Sa\u00fal, do Flamengo, revela bastidores de sua sa\u00edda do Atl\u00e9tico de Madrid\"}]},{\"@type\":\"WebSite\",\"@id\":\"https:\/\/www.gaveanews.com\/#website\",\"url\":\"https:\/\/www.gaveanews.com\/\",\"name\":\"G\u00e1vea News\",\"description\":\"Veja todas as not\u00edcias sobre o Flamengo: Contrata\u00e7\u00f5es, categorias de base, resultados das partidas, tabela de classifica\u00e7\u00e3o, pr\u00f3ximos jogos!\",\"potentialAction\":[{\"@type\":\"SearchAction\",\"target\":{\"@type\":\"EntryPoint\",\"urlTemplate\":\"https:\/\/www.gaveanews.com\/?s={search_term_string}\"},\"query-input\":{\"@type\":\"PropertyValueSpecification\",\"valueRequired\":true,\"valueName\":\"search_term_string\"}}],\"inLanguage\":\"pt-BR\"},{\"@type\":\"Person\",\"@id\":\"https:\/\/www.gaveanews.com\/#\/schema\/person\/c88645e3d550d0b6574305e67dd5a716\",\"name\":\"Reda\u00e7\u00e3o\",\"image\":{\"@type\":\"ImageObject\",\"inLanguage\":\"pt-BR\",\"@id\":\"https:\/\/www.gaveanews.com\/#\/schema\/person\/image\/\",\"url\":\"https:\/\/secure.gravatar.com\/avatar\/434098fd823f0dc1b062d14ca22bacaa6e38de28d8c816bbef6fc2f8c44d8ba3?s=96&d=mm&r=g\",\"contentUrl\":\"https:\/\/secure.gravatar.com\/avatar\/434098fd823f0dc1b062d14ca22bacaa6e38de28d8c816bbef6fc2f8c44d8ba3?s=96&d=mm&r=g\",\"caption\":\"Reda\u00e7\u00e3o\"}}]}<\/script>\n<!-- \/ Yoast SEO Premium plugin. -->","yoast_head_json":{"title":"Sa\u00fal, do Flamengo, revela bastidores de sua sa\u00edda do Atl\u00e9tico de Madrid","robots":{"index":"index","follow":"follow","max-snippet":"max-snippet:-1","max-image-preview":"max-image-preview:large","max-video-preview":"max-video-preview:-1"},"canonical":"https:\/\/www.gaveanews.com\/index.php\/2025\/10\/15\/saul-do-flamengo-revela-bastidores-de-sua-saida-do-atletico-de-madrid\/","og_locale":"pt_BR","og_type":"article","og_title":"Sa\u00fal, do Flamengo, revela bastidores de sua sa\u00edda do Atl\u00e9tico de Madrid","og_description":"Em entrevista ao programa El Larguero, da Cadena SER, Sa\u00fal \u00d1\u00edguez, meia do Flamengo revelado pelo Atl\u00e9tico de Madrid, abriu bastidores de sua sa\u00edda do clube espanhol. Ele rescindiu um ano antes do fim do contrato e assinou com o Flamengo at\u00e9 2028. J\u00e1 no campo, o jogador est\u00e1 fora desde 2 de outubro, quando [&hellip;]","og_url":"https:\/\/www.gaveanews.com\/index.php\/2025\/10\/15\/saul-do-flamengo-revela-bastidores-de-sua-saida-do-atletico-de-madrid\/","og_site_name":"G\u00e1vea News","article_publisher":"https:\/\/facebook.com\/gaveaNews\/","article_published_time":"2025-10-15T17:45:00+00:00","og_image":[{"width":1280,"height":960,"url":"https:\/\/www.gaveanews.com\/wp-content\/uploads\/Saul-Niguez-novo-reforco-do-Flamengo.jpg","type":"image\/jpeg"}],"author":"Reda\u00e7\u00e3o","twitter_card":"summary_large_image","twitter_misc":{"Escrito por":"Reda\u00e7\u00e3o","Est. tempo de leitura":"2 minutos"},"schema":{"@context":"https:\/\/schema.org","@graph":[{"@type":"NewsArticle","@id":"https:\/\/www.gaveanews.com\/index.php\/2025\/10\/15\/saul-do-flamengo-revela-bastidores-de-sua-saida-do-atletico-de-madrid\/#article","isPartOf":{"@id":"https:\/\/www.gaveanews.com\/index.php\/2025\/10\/15\/saul-do-flamengo-revela-bastidores-de-sua-saida-do-atletico-de-madrid\/"},"author":{"name":"Reda\u00e7\u00e3o","@id":"https:\/\/www.gaveanews.com\/#\/schema\/person\/c88645e3d550d0b6574305e67dd5a716"},"headline":"Sa\u00fal, do Flamengo, revela bastidores de sua sa\u00edda do Atl\u00e9tico de Madrid","datePublished":"2025-10-15T17:45:00+00:00","mainEntityOfPage":{"@id":"https:\/\/www.gaveanews.com\/index.php\/2025\/10\/15\/saul-do-flamengo-revela-bastidores-de-sua-saida-do-atletico-de-madrid\/"},"wordCount":300,"commentCount":0,"image":{"@id":"https:\/\/www.gaveanews.com\/index.php\/2025\/10\/15\/saul-do-flamengo-revela-bastidores-de-sua-saida-do-atletico-de-madrid\/#primaryimage"},"thumbnailUrl":"https:\/\/www.gaveanews.com\/wp-content\/uploads\/Saul-Niguez-novo-reforco-do-Flamengo.jpg","articleSection":["Flamengo"],"inLanguage":"pt-BR","potentialAction":[{"@type":"CommentAction","name":"Comment","target":["https:\/\/www.gaveanews.com\/index.php\/2025\/10\/15\/saul-do-flamengo-revela-bastidores-de-sua-saida-do-atletico-de-madrid\/#respond"]}],"copyrightYear":"2025","copyrightHolder":{"@id":"https:\/\/www.gaveanews.com\/#organization"}},{"@type":"WebPage","@id":"https:\/\/www.gaveanews.com\/index.php\/2025\/10\/15\/saul-do-flamengo-revela-bastidores-de-sua-saida-do-atletico-de-madrid\/","url":"https:\/\/www.gaveanews.com\/index.php\/2025\/10\/15\/saul-do-flamengo-revela-bastidores-de-sua-saida-do-atletico-de-madrid\/","name":"Sa\u00fal, do Flamengo, revela bastidores de sua sa\u00edda do Atl\u00e9tico de Madrid","isPartOf":{"@id":"https:\/\/www.gaveanews.com\/#website"},"primaryImageOfPage":{"@id":"https:\/\/www.gaveanews.com\/index.php\/2025\/10\/15\/saul-do-flamengo-revela-bastidores-de-sua-saida-do-atletico-de-madrid\/#primaryimage"},"image":{"@id":"https:\/\/www.gaveanews.com\/index.php\/2025\/10\/15\/saul-do-flamengo-revela-bastidores-de-sua-saida-do-atletico-de-madrid\/#primaryimage"},"thumbnailUrl":"https:\/\/www.gaveanews.com\/wp-content\/uploads\/Saul-Niguez-novo-reforco-do-Flamengo.jpg","datePublished":"2025-10-15T17:45:00+00:00","author":{"@id":"https:\/\/www.gaveanews.com\/#\/schema\/person\/c88645e3d550d0b6574305e67dd5a716"},"breadcrumb":{"@id":"https:\/\/www.gaveanews.com\/index.php\/2025\/10\/15\/saul-do-flamengo-revela-bastidores-de-sua-saida-do-atletico-de-madrid\/#breadcrumb"},"inLanguage":"pt-BR","potentialAction":[{"@type":"ReadAction","target":["https:\/\/www.gaveanews.com\/index.php\/2025\/10\/15\/saul-do-flamengo-revela-bastidores-de-sua-saida-do-atletico-de-madrid\/"]}]},{"@type":"ImageObject","inLanguage":"pt-BR","@id":"https:\/\/www.gaveanews.com\/index.php\/2025\/10\/15\/saul-do-flamengo-revela-bastidores-de-sua-saida-do-atletico-de-madrid\/#primaryimage","url":"https:\/\/www.gaveanews.com\/wp-content\/uploads\/Saul-Niguez-novo-reforco-do-Flamengo.jpg","contentUrl":"https:\/\/www.gaveanews.com\/wp-content\/uploads\/Saul-Niguez-novo-reforco-do-Flamengo.jpg","width":1280,"height":960,"caption":"Saul Niguez, novo refor\u00e7o do Flamengo (Foto: Reprodu\u00e7\u00e3o)"},{"@type":"BreadcrumbList","@id":"https:\/\/www.gaveanews.com\/index.php\/2025\/10\/15\/saul-do-flamengo-revela-bastidores-de-sua-saida-do-atletico-de-madrid\/#breadcrumb","itemListElement":[{"@type":"ListItem","position":1,"name":"Home","item":"https:\/\/www.gaveanews.com\/"},{"@type":"ListItem","position":2,"name":"Sa\u00fal, do Flamengo, revela bastidores de sua sa\u00edda do Atl\u00e9tico de Madrid"}]},{"@type":"WebSite","@id":"https:\/\/www.gaveanews.com\/#website","url":"https:\/\/www.gaveanews.com\/","name":"G\u00e1vea News","description":"Veja todas as not\u00edcias sobre o Flamengo: Contrata\u00e7\u00f5es, categorias de base, resultados das partidas, tabela de classifica\u00e7\u00e3o, pr\u00f3ximos jogos!","potentialAction":[{"@type":"SearchAction","target":{"@type":"EntryPoint","urlTemplate":"https:\/\/www.gaveanews.com\/?s={search_term_string}"},"query-input":{"@type":"PropertyValueSpecification","valueRequired":true,"valueName":"search_term_string"}}],"inLanguage":"pt-BR"},{"@type":"Person","@id":"https:\/\/www.gaveanews.com\/#\/schema\/person\/c88645e3d550d0b6574305e67dd5a716","name":"Reda\u00e7\u00e3o","image":{"@type":"ImageObject","inLanguage":"pt-BR","@id":"https:\/\/www.gaveanews.com\/#\/schema\/person\/image\/","url":"https:\/\/secure.gravatar.com\/avatar\/434098fd823f0dc1b062d14ca22bacaa6e38de28d8c816bbef6fc2f8c44d8ba3?s=96&d=mm&r=g","contentUrl":"https:\/\/secure.gravatar.com\/avatar\/434098fd823f0dc1b062d14ca22bacaa6e38de28d8c816bbef6fc2f8c44d8ba3?s=96&d=mm&r=g","caption":"Reda\u00e7\u00e3o"}}]}},"_links":{"self":[{"href":"https:\/\/www.gaveanews.com\/index.php\/wp-json\/wp\/v2\/posts\/278554","targetHints":{"allow":["GET"]}}],"collection":[{"href":"https:\/\/www.gaveanews.com\/index.php\/wp-json\/wp\/v2\/posts"}],"about":[{"href":"https:\/\/www.gaveanews.com\/index.php\/wp-json\/wp\/v2\/types\/post"}],"author":[{"embeddable":true,"href":"https:\/\/www.gaveanews.com\/index.php\/wp-json\/wp\/v2\/users\/39"}],"replies":[{"embeddable":true,"href":"https:\/\/www.gaveanews.com\/index.php\/wp-json\/wp\/v2\/comments?post=278554"}],"version-history":[{"count":1,"href":"https:\/\/www.gaveanews.com\/index.php\/wp-json\/wp\/v2\/posts\/278554\/revisions"}],"predecessor-version":[{"id":278569,"href":"https:\/\/www.gaveanews.com\/index.php\/wp-json\/wp\/v2\/posts\/278554\/revisions\/278569"}],"wp:featuredmedia":[{"embeddable":true,"href":"https:\/\/www.gaveanews.com\/index.php\/wp-json\/wp\/v2\/media\/272987"}],"wp:attachment":[{"href":"https:\/\/www.gaveanews.com\/index.php\/wp-json\/wp\/v2\/media?parent=278554"}],"wp:term":[{"taxonomy":"category","embeddable":true,"href":"https:\/\/www.gaveanews.com\/index.php\/wp-json\/wp\/v2\/categories?post=278554"},{"taxonomy":"post_tag","embeddable":true,"href":"https:\/\/www.gaveanews.com\/index.php\/wp-json\/wp\/v2\/tags?post=278554"}],"curies":[{"name":"wp","href":"https:\/\/api.w.org\/{rel}","templated":true}]}}