{"id":278570,"date":"2025-10-15T16:45:19","date_gmt":"2025-10-15T19:45:19","guid":{"rendered":"https:\/\/www.gaveanews.com\/?p=278570"},"modified":"2025-10-15T16:36:26","modified_gmt":"2025-10-15T19:36:26","slug":"vasco-emite-nota-oficial-direcionada-ao-flamengo-2","status":"publish","type":"post","link":"https:\/\/www.gaveanews.com\/index.php\/2025\/10\/15\/vasco-emite-nota-oficial-direcionada-ao-flamengo-2\/","title":{"rendered":"Vasco emite nota oficial direcionada ao Flamengo"},"content":{"rendered":"\n<p>Nesta quarta-feira (15 de outubro), o <a href=\"https:\/\/www.gaveanews.com\/index.php\/category\/brasileirao\/vasco\/\" target=\"_blank\" rel=\"noopener noreferrer\">Vasco<\/a> publicou uma nota para rebater Luiz Eduardo Baptista, presidente do <a href=\"https:\/\/www.gaveanews.com\/index.php\/category\/brasileirao\/flamengo\/\" target=\"_blank\" rel=\"noopener noreferrer\">Flamengo<\/a>. Ele classificou como \u201cimoral\u201d o empr\u00e9stimo concedido pela Crefisa em entrevista ao UOL.<\/p>\n\n\n\n<p>O empr\u00e9stimo \u00e9 de R$ 80 milh\u00f5es. Segundo o Vasco, os recursos cobrir\u00e3o sal\u00e1rios, fornecedores estrat\u00e9gicos e obriga\u00e7\u00f5es trabalhistas e fiscais. A Crefisa pertence a Leila Pereira e patrocinou o <a href=\"https:\/\/www.gaveanews.com\/index.php\/category\/brasileirao\/palmeiras\/\" target=\"_blank\" rel=\"noopener noreferrer\">Palmeiras<\/a> por anos. A escolha ocorreu ap\u00f3s concorr\u00eancia entre institui\u00e7\u00f5es financeiras.<\/p>\n\n\n\n<p>Bap relacionou o an\u00fancio ao jogo contra o Palmeiras e falou em conflito de interesses.<\/p>\n\n\n\n<p>\u201cN\u00e3o tenho d\u00favida de que isso \u00e9 um movimento de desembarque de um clube para embarcar em outro daqui a pouco. Temos um caso de conflito cl\u00e1ssico. Como que pode? Isso tudo foi anunciado no dia em que o Vasco perdeu por 3 a 0 para o Palmeiras, em 20 minutos. Eu acho que \u00e9 complexo\u201d.<\/p>\n\n\n\n<p>O Vasco repudiou a fala e acusou o rival de fazer insinua\u00e7\u00f5es desconexas da realidade. O clube disse que o tema n\u00e3o diz respeito ao Flamengo.<\/p>\n\n\n\n<p><em>\u201cO Vasco da Gama repudia frontalmente a postura do presidente do Clube de Regatas do Flamengo, por fazer insinua\u00e7\u00f5es e ila\u00e7\u00f5es irrespons\u00e1veis e completamente desconexas da realidade em rela\u00e7\u00e3o a temas que nada dizem respeito \u00e0 institui\u00e7\u00e3o da qual \u00e9 mandat\u00e1rio.\u201d<\/em><\/p>\n\n\n\n<p>Na mesma entrevista, o dirigente abordou o impasse com a Libra. Ele afirmou que o Flamengo vem sendo exclu\u00eddo do bloco e lembrou a liminar que bloqueou R$ 77 milh\u00f5es da TV. O ge procurou a Libra; por ora, a entidade n\u00e3o vai se posicionar.<\/p>\n\n\n\n<p>\u201cEnt\u00e3o me surpreende muito a posi\u00e7\u00e3o sect\u00e1ria e excludente que eles tiveram em rela\u00e7\u00e3o ao Flamengo. Eles em momento nenhum quiseram discutir absolutamente nada, n\u00e3o fizeram nenhuma pergunta sobre nenhum detalhe de f\u00f3rmula\u201d.<\/p>\n","protected":false},"excerpt":{"rendered":"<p>Nesta quarta-feira (15 de outubro), o Vasco publicou uma nota para rebater Luiz Eduardo Baptista, presidente do Flamengo. Ele classificou como \u201cimoral\u201d o empr\u00e9stimo concedido pela Crefisa em entrevista ao UOL. O empr\u00e9stimo \u00e9 de R$ 80 milh\u00f5es. Segundo o Vasco, os recursos cobrir\u00e3o sal\u00e1rios, fornecedores estrat\u00e9gicos e obriga\u00e7\u00f5es trabalhistas e fiscais. A Crefisa pertence [&hellip;]<\/p>\n","protected":false},"author":39,"featured_media":161261,"comment_status":"open","ping_status":"closed","sticky":false,"template":"","format":"standard","meta":{"footnotes":""},"categories":[1],"tags":[],"class_list":["post-278570","post","type-post","status-publish","format-standard","has-post-thumbnail","hentry","category-flamengo"],"yoast_head":"<!-- This site is optimized with the Yoast SEO Premium plugin v24.2 (Yoast SEO v26.9) - https:\/\/yoast.com\/product\/yoast-seo-premium-wordpress\/ -->\n<title>Vasco emite nota oficial direcionada ao Flamengo<\/title>\n<meta name=\"robots\" content=\"index, follow, max-snippet:-1, max-image-preview:large, max-video-preview:-1\" \/>\n<link rel=\"canonical\" href=\"https:\/\/www.gaveanews.com\/index.php\/2025\/10\/15\/vasco-emite-nota-oficial-direcionada-ao-flamengo-2\/\" \/>\n<meta property=\"og:locale\" content=\"pt_BR\" \/>\n<meta property=\"og:type\" content=\"article\" \/>\n<meta property=\"og:title\" content=\"Vasco emite nota oficial direcionada ao Flamengo\" \/>\n<meta property=\"og:description\" content=\"Nesta quarta-feira (15 de outubro), o Vasco publicou uma nota para rebater Luiz Eduardo Baptista, presidente do Flamengo. Ele classificou como \u201cimoral\u201d o empr\u00e9stimo concedido pela Crefisa em entrevista ao UOL. O empr\u00e9stimo \u00e9 de R$ 80 milh\u00f5es. Segundo o Vasco, os recursos cobrir\u00e3o sal\u00e1rios, fornecedores estrat\u00e9gicos e obriga\u00e7\u00f5es trabalhistas e fiscais. A Crefisa pertence [&hellip;]\" \/>\n<meta property=\"og:url\" content=\"https:\/\/www.gaveanews.com\/index.php\/2025\/10\/15\/vasco-emite-nota-oficial-direcionada-ao-flamengo-2\/\" \/>\n<meta property=\"og:site_name\" content=\"G\u00e1vea News\" \/>\n<meta property=\"article:publisher\" content=\"https:\/\/facebook.com\/gaveaNews\/\" \/>\n<meta property=\"article:published_time\" content=\"2025-10-15T19:45:19+00:00\" \/>\n<meta property=\"og:image\" content=\"https:\/\/www.gaveanews.com\/wp-content\/uploads\/Camisa-do-Vasco-2024.webp\" \/>\n\t<meta property=\"og:image:width\" content=\"1059\" \/>\n\t<meta property=\"og:image:height\" content=\"794\" \/>\n\t<meta property=\"og:image:type\" content=\"image\/webp\" \/>\n<meta name=\"author\" content=\"Reda\u00e7\u00e3o\" \/>\n<meta name=\"twitter:card\" content=\"summary_large_image\" \/>\n<meta name=\"twitter:label1\" content=\"Escrito por\" \/>\n\t<meta name=\"twitter:data1\" content=\"Reda\u00e7\u00e3o\" \/>\n\t<meta name=\"twitter:label2\" content=\"Est. tempo de leitura\" \/>\n\t<meta name=\"twitter:data2\" content=\"2 minutos\" \/>\n<script type=\"application\/ld+json\" class=\"yoast-schema-graph\">{\"@context\":\"https:\/\/schema.org\",\"@graph\":[{\"@type\":\"NewsArticle\",\"@id\":\"https:\/\/www.gaveanews.com\/index.php\/2025\/10\/15\/vasco-emite-nota-oficial-direcionada-ao-flamengo-2\/#article\",\"isPartOf\":{\"@id\":\"https:\/\/www.gaveanews.com\/index.php\/2025\/10\/15\/vasco-emite-nota-oficial-direcionada-ao-flamengo-2\/\"},\"author\":{\"name\":\"Reda\u00e7\u00e3o\",\"@id\":\"https:\/\/www.gaveanews.com\/#\/schema\/person\/c88645e3d550d0b6574305e67dd5a716\"},\"headline\":\"Vasco emite nota oficial direcionada ao Flamengo\",\"datePublished\":\"2025-10-15T19:45:19+00:00\",\"mainEntityOfPage\":{\"@id\":\"https:\/\/www.gaveanews.com\/index.php\/2025\/10\/15\/vasco-emite-nota-oficial-direcionada-ao-flamengo-2\/\"},\"wordCount\":315,\"commentCount\":0,\"image\":{\"@id\":\"https:\/\/www.gaveanews.com\/index.php\/2025\/10\/15\/vasco-emite-nota-oficial-direcionada-ao-flamengo-2\/#primaryimage\"},\"thumbnailUrl\":\"https:\/\/www.gaveanews.com\/wp-content\/uploads\/Camisa-do-Vasco-2024.webp\",\"articleSection\":[\"Flamengo\"],\"inLanguage\":\"pt-BR\",\"potentialAction\":[{\"@type\":\"CommentAction\",\"name\":\"Comment\",\"target\":[\"https:\/\/www.gaveanews.com\/index.php\/2025\/10\/15\/vasco-emite-nota-oficial-direcionada-ao-flamengo-2\/#respond\"]}],\"copyrightYear\":\"2025\",\"copyrightHolder\":{\"@id\":\"https:\/\/www.gaveanews.com\/#organization\"}},{\"@type\":\"WebPage\",\"@id\":\"https:\/\/www.gaveanews.com\/index.php\/2025\/10\/15\/vasco-emite-nota-oficial-direcionada-ao-flamengo-2\/\",\"url\":\"https:\/\/www.gaveanews.com\/index.php\/2025\/10\/15\/vasco-emite-nota-oficial-direcionada-ao-flamengo-2\/\",\"name\":\"Vasco emite nota oficial direcionada ao Flamengo\",\"isPartOf\":{\"@id\":\"https:\/\/www.gaveanews.com\/#website\"},\"primaryImageOfPage\":{\"@id\":\"https:\/\/www.gaveanews.com\/index.php\/2025\/10\/15\/vasco-emite-nota-oficial-direcionada-ao-flamengo-2\/#primaryimage\"},\"image\":{\"@id\":\"https:\/\/www.gaveanews.com\/index.php\/2025\/10\/15\/vasco-emite-nota-oficial-direcionada-ao-flamengo-2\/#primaryimage\"},\"thumbnailUrl\":\"https:\/\/www.gaveanews.com\/wp-content\/uploads\/Camisa-do-Vasco-2024.webp\",\"datePublished\":\"2025-10-15T19:45:19+00:00\",\"author\":{\"@id\":\"https:\/\/www.gaveanews.com\/#\/schema\/person\/c88645e3d550d0b6574305e67dd5a716\"},\"breadcrumb\":{\"@id\":\"https:\/\/www.gaveanews.com\/index.php\/2025\/10\/15\/vasco-emite-nota-oficial-direcionada-ao-flamengo-2\/#breadcrumb\"},\"inLanguage\":\"pt-BR\",\"potentialAction\":[{\"@type\":\"ReadAction\",\"target\":[\"https:\/\/www.gaveanews.com\/index.php\/2025\/10\/15\/vasco-emite-nota-oficial-direcionada-ao-flamengo-2\/\"]}]},{\"@type\":\"ImageObject\",\"inLanguage\":\"pt-BR\",\"@id\":\"https:\/\/www.gaveanews.com\/index.php\/2025\/10\/15\/vasco-emite-nota-oficial-direcionada-ao-flamengo-2\/#primaryimage\",\"url\":\"https:\/\/www.gaveanews.com\/wp-content\/uploads\/Camisa-do-Vasco-2024.webp\",\"contentUrl\":\"https:\/\/www.gaveanews.com\/wp-content\/uploads\/Camisa-do-Vasco-2024.webp\",\"width\":1059,\"height\":794,\"caption\":\"Camisa do Vasco 2024 (Foto: Reprodu\u00e7\u00e3o\/Instagram)\"},{\"@type\":\"BreadcrumbList\",\"@id\":\"https:\/\/www.gaveanews.com\/index.php\/2025\/10\/15\/vasco-emite-nota-oficial-direcionada-ao-flamengo-2\/#breadcrumb\",\"itemListElement\":[{\"@type\":\"ListItem\",\"position\":1,\"name\":\"Home\",\"item\":\"https:\/\/www.gaveanews.com\/\"},{\"@type\":\"ListItem\",\"position\":2,\"name\":\"Vasco emite nota oficial direcionada ao Flamengo\"}]},{\"@type\":\"WebSite\",\"@id\":\"https:\/\/www.gaveanews.com\/#website\",\"url\":\"https:\/\/www.gaveanews.com\/\",\"name\":\"G\u00e1vea News\",\"description\":\"Veja todas as not\u00edcias sobre o Flamengo: Contrata\u00e7\u00f5es, categorias de base, resultados das partidas, tabela de classifica\u00e7\u00e3o, pr\u00f3ximos jogos!\",\"potentialAction\":[{\"@type\":\"SearchAction\",\"target\":{\"@type\":\"EntryPoint\",\"urlTemplate\":\"https:\/\/www.gaveanews.com\/?s={search_term_string}\"},\"query-input\":{\"@type\":\"PropertyValueSpecification\",\"valueRequired\":true,\"valueName\":\"search_term_string\"}}],\"inLanguage\":\"pt-BR\"},{\"@type\":\"Person\",\"@id\":\"https:\/\/www.gaveanews.com\/#\/schema\/person\/c88645e3d550d0b6574305e67dd5a716\",\"name\":\"Reda\u00e7\u00e3o\",\"image\":{\"@type\":\"ImageObject\",\"inLanguage\":\"pt-BR\",\"@id\":\"https:\/\/www.gaveanews.com\/#\/schema\/person\/image\/\",\"url\":\"https:\/\/secure.gravatar.com\/avatar\/434098fd823f0dc1b062d14ca22bacaa6e38de28d8c816bbef6fc2f8c44d8ba3?s=96&d=mm&r=g\",\"contentUrl\":\"https:\/\/secure.gravatar.com\/avatar\/434098fd823f0dc1b062d14ca22bacaa6e38de28d8c816bbef6fc2f8c44d8ba3?s=96&d=mm&r=g\",\"caption\":\"Reda\u00e7\u00e3o\"}}]}<\/script>\n<!-- \/ Yoast SEO Premium plugin. -->","yoast_head_json":{"title":"Vasco emite nota oficial direcionada ao Flamengo","robots":{"index":"index","follow":"follow","max-snippet":"max-snippet:-1","max-image-preview":"max-image-preview:large","max-video-preview":"max-video-preview:-1"},"canonical":"https:\/\/www.gaveanews.com\/index.php\/2025\/10\/15\/vasco-emite-nota-oficial-direcionada-ao-flamengo-2\/","og_locale":"pt_BR","og_type":"article","og_title":"Vasco emite nota oficial direcionada ao Flamengo","og_description":"Nesta quarta-feira (15 de outubro), o Vasco publicou uma nota para rebater Luiz Eduardo Baptista, presidente do Flamengo. Ele classificou como \u201cimoral\u201d o empr\u00e9stimo concedido pela Crefisa em entrevista ao UOL. O empr\u00e9stimo \u00e9 de R$ 80 milh\u00f5es. Segundo o Vasco, os recursos cobrir\u00e3o sal\u00e1rios, fornecedores estrat\u00e9gicos e obriga\u00e7\u00f5es trabalhistas e fiscais. A Crefisa pertence [&hellip;]","og_url":"https:\/\/www.gaveanews.com\/index.php\/2025\/10\/15\/vasco-emite-nota-oficial-direcionada-ao-flamengo-2\/","og_site_name":"G\u00e1vea News","article_publisher":"https:\/\/facebook.com\/gaveaNews\/","article_published_time":"2025-10-15T19:45:19+00:00","og_image":[{"width":1059,"height":794,"url":"https:\/\/www.gaveanews.com\/wp-content\/uploads\/Camisa-do-Vasco-2024.webp","type":"image\/webp"}],"author":"Reda\u00e7\u00e3o","twitter_card":"summary_large_image","twitter_misc":{"Escrito por":"Reda\u00e7\u00e3o","Est. tempo de leitura":"2 minutos"},"schema":{"@context":"https:\/\/schema.org","@graph":[{"@type":"NewsArticle","@id":"https:\/\/www.gaveanews.com\/index.php\/2025\/10\/15\/vasco-emite-nota-oficial-direcionada-ao-flamengo-2\/#article","isPartOf":{"@id":"https:\/\/www.gaveanews.com\/index.php\/2025\/10\/15\/vasco-emite-nota-oficial-direcionada-ao-flamengo-2\/"},"author":{"name":"Reda\u00e7\u00e3o","@id":"https:\/\/www.gaveanews.com\/#\/schema\/person\/c88645e3d550d0b6574305e67dd5a716"},"headline":"Vasco emite nota oficial direcionada ao Flamengo","datePublished":"2025-10-15T19:45:19+00:00","mainEntityOfPage":{"@id":"https:\/\/www.gaveanews.com\/index.php\/2025\/10\/15\/vasco-emite-nota-oficial-direcionada-ao-flamengo-2\/"},"wordCount":315,"commentCount":0,"image":{"@id":"https:\/\/www.gaveanews.com\/index.php\/2025\/10\/15\/vasco-emite-nota-oficial-direcionada-ao-flamengo-2\/#primaryimage"},"thumbnailUrl":"https:\/\/www.gaveanews.com\/wp-content\/uploads\/Camisa-do-Vasco-2024.webp","articleSection":["Flamengo"],"inLanguage":"pt-BR","potentialAction":[{"@type":"CommentAction","name":"Comment","target":["https:\/\/www.gaveanews.com\/index.php\/2025\/10\/15\/vasco-emite-nota-oficial-direcionada-ao-flamengo-2\/#respond"]}],"copyrightYear":"2025","copyrightHolder":{"@id":"https:\/\/www.gaveanews.com\/#organization"}},{"@type":"WebPage","@id":"https:\/\/www.gaveanews.com\/index.php\/2025\/10\/15\/vasco-emite-nota-oficial-direcionada-ao-flamengo-2\/","url":"https:\/\/www.gaveanews.com\/index.php\/2025\/10\/15\/vasco-emite-nota-oficial-direcionada-ao-flamengo-2\/","name":"Vasco emite nota oficial direcionada ao Flamengo","isPartOf":{"@id":"https:\/\/www.gaveanews.com\/#website"},"primaryImageOfPage":{"@id":"https:\/\/www.gaveanews.com\/index.php\/2025\/10\/15\/vasco-emite-nota-oficial-direcionada-ao-flamengo-2\/#primaryimage"},"image":{"@id":"https:\/\/www.gaveanews.com\/index.php\/2025\/10\/15\/vasco-emite-nota-oficial-direcionada-ao-flamengo-2\/#primaryimage"},"thumbnailUrl":"https:\/\/www.gaveanews.com\/wp-content\/uploads\/Camisa-do-Vasco-2024.webp","datePublished":"2025-10-15T19:45:19+00:00","author":{"@id":"https:\/\/www.gaveanews.com\/#\/schema\/person\/c88645e3d550d0b6574305e67dd5a716"},"breadcrumb":{"@id":"https:\/\/www.gaveanews.com\/index.php\/2025\/10\/15\/vasco-emite-nota-oficial-direcionada-ao-flamengo-2\/#breadcrumb"},"inLanguage":"pt-BR","potentialAction":[{"@type":"ReadAction","target":["https:\/\/www.gaveanews.com\/index.php\/2025\/10\/15\/vasco-emite-nota-oficial-direcionada-ao-flamengo-2\/"]}]},{"@type":"ImageObject","inLanguage":"pt-BR","@id":"https:\/\/www.gaveanews.com\/index.php\/2025\/10\/15\/vasco-emite-nota-oficial-direcionada-ao-flamengo-2\/#primaryimage","url":"https:\/\/www.gaveanews.com\/wp-content\/uploads\/Camisa-do-Vasco-2024.webp","contentUrl":"https:\/\/www.gaveanews.com\/wp-content\/uploads\/Camisa-do-Vasco-2024.webp","width":1059,"height":794,"caption":"Camisa do Vasco 2024 (Foto: Reprodu\u00e7\u00e3o\/Instagram)"},{"@type":"BreadcrumbList","@id":"https:\/\/www.gaveanews.com\/index.php\/2025\/10\/15\/vasco-emite-nota-oficial-direcionada-ao-flamengo-2\/#breadcrumb","itemListElement":[{"@type":"ListItem","position":1,"name":"Home","item":"https:\/\/www.gaveanews.com\/"},{"@type":"ListItem","position":2,"name":"Vasco emite nota oficial direcionada ao Flamengo"}]},{"@type":"WebSite","@id":"https:\/\/www.gaveanews.com\/#website","url":"https:\/\/www.gaveanews.com\/","name":"G\u00e1vea News","description":"Veja todas as not\u00edcias sobre o Flamengo: Contrata\u00e7\u00f5es, categorias de base, resultados das partidas, tabela de classifica\u00e7\u00e3o, pr\u00f3ximos jogos!","potentialAction":[{"@type":"SearchAction","target":{"@type":"EntryPoint","urlTemplate":"https:\/\/www.gaveanews.com\/?s={search_term_string}"},"query-input":{"@type":"PropertyValueSpecification","valueRequired":true,"valueName":"search_term_string"}}],"inLanguage":"pt-BR"},{"@type":"Person","@id":"https:\/\/www.gaveanews.com\/#\/schema\/person\/c88645e3d550d0b6574305e67dd5a716","name":"Reda\u00e7\u00e3o","image":{"@type":"ImageObject","inLanguage":"pt-BR","@id":"https:\/\/www.gaveanews.com\/#\/schema\/person\/image\/","url":"https:\/\/secure.gravatar.com\/avatar\/434098fd823f0dc1b062d14ca22bacaa6e38de28d8c816bbef6fc2f8c44d8ba3?s=96&d=mm&r=g","contentUrl":"https:\/\/secure.gravatar.com\/avatar\/434098fd823f0dc1b062d14ca22bacaa6e38de28d8c816bbef6fc2f8c44d8ba3?s=96&d=mm&r=g","caption":"Reda\u00e7\u00e3o"}}]}},"_links":{"self":[{"href":"https:\/\/www.gaveanews.com\/index.php\/wp-json\/wp\/v2\/posts\/278570","targetHints":{"allow":["GET"]}}],"collection":[{"href":"https:\/\/www.gaveanews.com\/index.php\/wp-json\/wp\/v2\/posts"}],"about":[{"href":"https:\/\/www.gaveanews.com\/index.php\/wp-json\/wp\/v2\/types\/post"}],"author":[{"embeddable":true,"href":"https:\/\/www.gaveanews.com\/index.php\/wp-json\/wp\/v2\/users\/39"}],"replies":[{"embeddable":true,"href":"https:\/\/www.gaveanews.com\/index.php\/wp-json\/wp\/v2\/comments?post=278570"}],"version-history":[{"count":1,"href":"https:\/\/www.gaveanews.com\/index.php\/wp-json\/wp\/v2\/posts\/278570\/revisions"}],"predecessor-version":[{"id":278579,"href":"https:\/\/www.gaveanews.com\/index.php\/wp-json\/wp\/v2\/posts\/278570\/revisions\/278579"}],"wp:featuredmedia":[{"embeddable":true,"href":"https:\/\/www.gaveanews.com\/index.php\/wp-json\/wp\/v2\/media\/161261"}],"wp:attachment":[{"href":"https:\/\/www.gaveanews.com\/index.php\/wp-json\/wp\/v2\/media?parent=278570"}],"wp:term":[{"taxonomy":"category","embeddable":true,"href":"https:\/\/www.gaveanews.com\/index.php\/wp-json\/wp\/v2\/categories?post=278570"},{"taxonomy":"post_tag","embeddable":true,"href":"https:\/\/www.gaveanews.com\/index.php\/wp-json\/wp\/v2\/tags?post=278570"}],"curies":[{"name":"wp","href":"https:\/\/api.w.org\/{rel}","templated":true}]}}