{"id":278571,"date":"2025-10-15T17:00:00","date_gmt":"2025-10-15T20:00:00","guid":{"rendered":"https:\/\/www.gaveanews.com\/?p=278571"},"modified":"2025-10-15T16:41:01","modified_gmt":"2025-10-15T19:41:01","slug":"ex-flamengo-define-data-para-retornar-ao-futebol-veja","status":"publish","type":"post","link":"https:\/\/www.gaveanews.com\/index.php\/2025\/10\/15\/ex-flamengo-define-data-para-retornar-ao-futebol-veja\/","title":{"rendered":"Ex-Flamengo define data para retornar ao futebol; veja"},"content":{"rendered":"\n<p>Tite decidiu que voltar\u00e1 a trabalhar a partir de janeiro de 2026, segundo a ESPN. O treinador n\u00e3o aceitar\u00e1 um projeto na reta final de 2025, preferindo um per\u00edodo maior de prepara\u00e7\u00e3o. O \u00faltimo trabalho foi no Flamengo, de onde saiu em setembro do ano passado, ap\u00f3s menos de um ano no comando da equipe.<\/p>\n\n\n\n<p>Sem prefer\u00eancia entre sele\u00e7\u00e3o ou clube, no Brasil ou no exterior, Tite chegou a manter conversas com representantes da sele\u00e7\u00e3o da Venezuela e do Besiktas. As negocia\u00e7\u00f5es, entretanto, n\u00e3o avan\u00e7aram, j\u00e1 que as propostas apresentadas n\u00e3o atenderam \u00e0s expectativas do t\u00e9cnico. Pessoas pr\u00f3ximas relataram \u00e0 ESPN que a prioridade do treinador envolve um objetivo espec\u00edfico de carreira, embora os detalhes n\u00e3o tenham sido revelados.<\/p>\n\n\n\n<p>No Flamengo, os n\u00fameros registram uma passagem marcada por equil\u00edbrio e desempenho competitivo. Foram 68 jogos sob o comando de Tite, com 41 vit\u00f3rias, 11 empates e 16 derrotas. Durante o per\u00edodo, o time marcou 108 gols e sofreu 49, mantendo boa m\u00e9dia ofensiva ao longo da temporada.<\/p>\n\n\n\n<p>Na Copa Libertadores, o Flamengo foi eliminado pelo Pe\u00f1arol sem marcar gols nos 180 minutos de confronto. A queda precoce no torneio continental provocou mudan\u00e7as internas no clube. Pouco depois, foi confirmada a sa\u00edda do treinador e abriu caminho para o in\u00edcio da era Filipe Lu\u00eds \u00e0 frente da equipe rubro-negra.<\/p>\n\n\n\n<figure class=\"wp-block-image size-large\"><img loading=\"lazy\" decoding=\"async\" width=\"1024\" height=\"1024\" src=\"http:\/\/www.gaveanews.com\/wp-content\/uploads\/Tite-durante-jogo-entre-Flamengo-e-Sao-Paulo-no-Morumbis-pelo-Brasileirao-2024-1024x1024.webp\" alt=\"\" class=\"wp-image-156358\" srcset=\"https:\/\/www.gaveanews.com\/wp-content\/uploads\/Tite-durante-jogo-entre-Flamengo-e-Sao-Paulo-no-Morumbis-pelo-Brasileirao-2024-1024x1024.webp 1024w, https:\/\/www.gaveanews.com\/wp-content\/uploads\/Tite-durante-jogo-entre-Flamengo-e-Sao-Paulo-no-Morumbis-pelo-Brasileirao-2024-300x300.webp 300w, https:\/\/www.gaveanews.com\/wp-content\/uploads\/Tite-durante-jogo-entre-Flamengo-e-Sao-Paulo-no-Morumbis-pelo-Brasileirao-2024-150x150.webp 150w, https:\/\/www.gaveanews.com\/wp-content\/uploads\/Tite-durante-jogo-entre-Flamengo-e-Sao-Paulo-no-Morumbis-pelo-Brasileirao-2024-768x768.webp 768w, https:\/\/www.gaveanews.com\/wp-content\/uploads\/Tite-durante-jogo-entre-Flamengo-e-Sao-Paulo-no-Morumbis-pelo-Brasileirao-2024-1536x1536.webp 1536w, https:\/\/www.gaveanews.com\/wp-content\/uploads\/Tite-durante-jogo-entre-Flamengo-e-Sao-Paulo-no-Morumbis-pelo-Brasileirao-2024-420x420.webp 420w, https:\/\/www.gaveanews.com\/wp-content\/uploads\/Tite-durante-jogo-entre-Flamengo-e-Sao-Paulo-no-Morumbis-pelo-Brasileirao-2024-840x840.webp 840w, https:\/\/www.gaveanews.com\/wp-content\/uploads\/Tite-durante-jogo-entre-Flamengo-e-Sao-Paulo-no-Morumbis-pelo-Brasileirao-2024-640x640.webp 640w, https:\/\/www.gaveanews.com\/wp-content\/uploads\/Tite-durante-jogo-entre-Flamengo-e-Sao-Paulo-no-Morumbis-pelo-Brasileirao-2024-1280x1280.webp 1280w, https:\/\/www.gaveanews.com\/wp-content\/uploads\/Tite-durante-jogo-entre-Flamengo-e-Sao-Paulo-no-Morumbis-pelo-Brasileirao-2024-681x681.webp 681w, https:\/\/www.gaveanews.com\/wp-content\/uploads\/Tite-durante-jogo-entre-Flamengo-e-Sao-Paulo-no-Morumbis-pelo-Brasileirao-2024-1362x1362.webp 1362w, https:\/\/www.gaveanews.com\/wp-content\/uploads\/Tite-durante-jogo-entre-Flamengo-e-Sao-Paulo-no-Morumbis-pelo-Brasileirao-2024-100x100.webp 100w, https:\/\/www.gaveanews.com\/wp-content\/uploads\/Tite-durante-jogo-entre-Flamengo-e-Sao-Paulo-no-Morumbis-pelo-Brasileirao-2024.webp 1600w\" sizes=\"auto, (max-width: 1024px) 100vw, 1024px\" \/><figcaption class=\"wp-element-caption\">Tite durante jogo entre Flamengo e S\u00e3o Paulo, no Morumbi, pelo Brasileir\u00e3o 2024 (Foto: Marcelo Cortes\/CRF)<\/figcaption><\/figure>\n\n\n\n<p>Desde ent\u00e3o, Tite tem se dedicado a estudos relacionados ao futebol e aproveitado o tempo com familiares e amigos. O per\u00edodo sab\u00e1tico tem servido tamb\u00e9m para reflex\u00e3o sobre os pr\u00f3ximos passos na carreira.<\/p>\n\n\n\n<p>Nos bastidores, h\u00e1 o desejo de retornar ao alto n\u00edvel competitivo, retomando o ambiente de grandes disputas e desafios t\u00e9cnicos. O treinador, reconhecido pela trajet\u00f3ria consolidada, segue atento \u00e0s movimenta\u00e7\u00f5es do mercado e \u00e0s oportunidades que possam surgir.<\/p>\n\n\n\n<p>A carreira de Tite inclui passagens por diversos clubes brasileiros, como Guarany, Caxias, Veran\u00f3polis, Ypiranga, Gr\u00eamio, S\u00e3o Caetano e Corinthians. Ele tamb\u00e9m comandou Atl\u00e9tico-MG, Palmeiras, Internacional, al\u00e9m das equipes \u00e1rabes Al Ain e Al Wahda, e a Sele\u00e7\u00e3o Brasileira, com a qual disputou duas Copas do Mundo.<\/p>\n","protected":false},"excerpt":{"rendered":"<p>Tite decidiu que voltar\u00e1 a trabalhar a partir de janeiro de 2026, segundo a ESPN. O treinador n\u00e3o aceitar\u00e1 um projeto na reta final de 2025, preferindo um per\u00edodo maior de prepara\u00e7\u00e3o. O \u00faltimo trabalho foi no Flamengo, de onde saiu em setembro do ano passado, ap\u00f3s menos de um ano no comando da equipe. [&hellip;]<\/p>\n","protected":false},"author":39,"featured_media":124684,"comment_status":"open","ping_status":"closed","sticky":false,"template":"","format":"standard","meta":{"footnotes":""},"categories":[1],"tags":[],"class_list":["post-278571","post","type-post","status-publish","format-standard","has-post-thumbnail","hentry","category-flamengo"],"yoast_head":"<!-- This site is optimized with the Yoast SEO Premium plugin v24.2 (Yoast SEO v26.9) - https:\/\/yoast.com\/product\/yoast-seo-premium-wordpress\/ -->\n<title>Ex-Flamengo define data para retornar ao futebol; veja<\/title>\n<meta name=\"description\" content=\"Nos bastidores, h\u00e1 o desejo de retornar ao alto n\u00edvel competitivo, retomando o ambiente de grandes disputas e desafios.\" \/>\n<meta name=\"robots\" content=\"index, follow, max-snippet:-1, max-image-preview:large, max-video-preview:-1\" \/>\n<link rel=\"canonical\" href=\"https:\/\/www.gaveanews.com\/index.php\/2025\/10\/15\/ex-flamengo-define-data-para-retornar-ao-futebol-veja\/\" \/>\n<meta property=\"og:locale\" content=\"pt_BR\" \/>\n<meta property=\"og:type\" content=\"article\" \/>\n<meta property=\"og:title\" content=\"Ex-Flamengo define data para retornar ao futebol; veja\" \/>\n<meta property=\"og:description\" content=\"Nos bastidores, h\u00e1 o desejo de retornar ao alto n\u00edvel competitivo, retomando o ambiente de grandes disputas e desafios.\" \/>\n<meta property=\"og:url\" content=\"https:\/\/www.gaveanews.com\/index.php\/2025\/10\/15\/ex-flamengo-define-data-para-retornar-ao-futebol-veja\/\" \/>\n<meta property=\"og:site_name\" content=\"G\u00e1vea News\" \/>\n<meta property=\"article:publisher\" content=\"https:\/\/facebook.com\/gaveaNews\/\" \/>\n<meta property=\"article:published_time\" content=\"2025-10-15T20:00:00+00:00\" \/>\n<meta property=\"og:image\" content=\"https:\/\/www.gaveanews.com\/wp-content\/uploads\/escudoDoFlamengo.webp\" \/>\n\t<meta property=\"og:image:width\" content=\"1095\" \/>\n\t<meta property=\"og:image:height\" content=\"730\" \/>\n\t<meta property=\"og:image:type\" content=\"image\/webp\" \/>\n<meta name=\"author\" content=\"Reda\u00e7\u00e3o\" \/>\n<meta name=\"twitter:card\" content=\"summary_large_image\" \/>\n<meta name=\"twitter:label1\" content=\"Escrito por\" \/>\n\t<meta name=\"twitter:data1\" content=\"Reda\u00e7\u00e3o\" \/>\n\t<meta name=\"twitter:label2\" content=\"Est. tempo de leitura\" \/>\n\t<meta name=\"twitter:data2\" content=\"3 minutos\" \/>\n<script type=\"application\/ld+json\" class=\"yoast-schema-graph\">{\"@context\":\"https:\/\/schema.org\",\"@graph\":[{\"@type\":\"NewsArticle\",\"@id\":\"https:\/\/www.gaveanews.com\/index.php\/2025\/10\/15\/ex-flamengo-define-data-para-retornar-ao-futebol-veja\/#article\",\"isPartOf\":{\"@id\":\"https:\/\/www.gaveanews.com\/index.php\/2025\/10\/15\/ex-flamengo-define-data-para-retornar-ao-futebol-veja\/\"},\"author\":{\"name\":\"Reda\u00e7\u00e3o\",\"@id\":\"https:\/\/www.gaveanews.com\/#\/schema\/person\/c88645e3d550d0b6574305e67dd5a716\"},\"headline\":\"Ex-Flamengo define data para retornar ao futebol; veja\",\"datePublished\":\"2025-10-15T20:00:00+00:00\",\"mainEntityOfPage\":{\"@id\":\"https:\/\/www.gaveanews.com\/index.php\/2025\/10\/15\/ex-flamengo-define-data-para-retornar-ao-futebol-veja\/\"},\"wordCount\":393,\"commentCount\":0,\"image\":{\"@id\":\"https:\/\/www.gaveanews.com\/index.php\/2025\/10\/15\/ex-flamengo-define-data-para-retornar-ao-futebol-veja\/#primaryimage\"},\"thumbnailUrl\":\"https:\/\/www.gaveanews.com\/wp-content\/uploads\/escudoDoFlamengo.webp\",\"articleSection\":[\"Flamengo\"],\"inLanguage\":\"pt-BR\",\"potentialAction\":[{\"@type\":\"CommentAction\",\"name\":\"Comment\",\"target\":[\"https:\/\/www.gaveanews.com\/index.php\/2025\/10\/15\/ex-flamengo-define-data-para-retornar-ao-futebol-veja\/#respond\"]}],\"copyrightYear\":\"2025\",\"copyrightHolder\":{\"@id\":\"https:\/\/www.gaveanews.com\/#organization\"}},{\"@type\":\"WebPage\",\"@id\":\"https:\/\/www.gaveanews.com\/index.php\/2025\/10\/15\/ex-flamengo-define-data-para-retornar-ao-futebol-veja\/\",\"url\":\"https:\/\/www.gaveanews.com\/index.php\/2025\/10\/15\/ex-flamengo-define-data-para-retornar-ao-futebol-veja\/\",\"name\":\"Ex-Flamengo define data para retornar ao futebol; veja\",\"isPartOf\":{\"@id\":\"https:\/\/www.gaveanews.com\/#website\"},\"primaryImageOfPage\":{\"@id\":\"https:\/\/www.gaveanews.com\/index.php\/2025\/10\/15\/ex-flamengo-define-data-para-retornar-ao-futebol-veja\/#primaryimage\"},\"image\":{\"@id\":\"https:\/\/www.gaveanews.com\/index.php\/2025\/10\/15\/ex-flamengo-define-data-para-retornar-ao-futebol-veja\/#primaryimage\"},\"thumbnailUrl\":\"https:\/\/www.gaveanews.com\/wp-content\/uploads\/escudoDoFlamengo.webp\",\"datePublished\":\"2025-10-15T20:00:00+00:00\",\"author\":{\"@id\":\"https:\/\/www.gaveanews.com\/#\/schema\/person\/c88645e3d550d0b6574305e67dd5a716\"},\"description\":\"Nos bastidores, h\u00e1 o desejo de retornar ao alto n\u00edvel competitivo, retomando o ambiente de grandes disputas e desafios.\",\"breadcrumb\":{\"@id\":\"https:\/\/www.gaveanews.com\/index.php\/2025\/10\/15\/ex-flamengo-define-data-para-retornar-ao-futebol-veja\/#breadcrumb\"},\"inLanguage\":\"pt-BR\",\"potentialAction\":[{\"@type\":\"ReadAction\",\"target\":[\"https:\/\/www.gaveanews.com\/index.php\/2025\/10\/15\/ex-flamengo-define-data-para-retornar-ao-futebol-veja\/\"]}]},{\"@type\":\"ImageObject\",\"inLanguage\":\"pt-BR\",\"@id\":\"https:\/\/www.gaveanews.com\/index.php\/2025\/10\/15\/ex-flamengo-define-data-para-retornar-ao-futebol-veja\/#primaryimage\",\"url\":\"https:\/\/www.gaveanews.com\/wp-content\/uploads\/escudoDoFlamengo.webp\",\"contentUrl\":\"https:\/\/www.gaveanews.com\/wp-content\/uploads\/escudoDoFlamengo.webp\",\"width\":1095,\"height\":730,\"caption\":\"Centro de treinamento do Flamengo (Foto: Reprodu\u00e7\u00e3o)\"},{\"@type\":\"BreadcrumbList\",\"@id\":\"https:\/\/www.gaveanews.com\/index.php\/2025\/10\/15\/ex-flamengo-define-data-para-retornar-ao-futebol-veja\/#breadcrumb\",\"itemListElement\":[{\"@type\":\"ListItem\",\"position\":1,\"name\":\"Home\",\"item\":\"https:\/\/www.gaveanews.com\/\"},{\"@type\":\"ListItem\",\"position\":2,\"name\":\"Ex-Flamengo define data para retornar ao futebol; veja\"}]},{\"@type\":\"WebSite\",\"@id\":\"https:\/\/www.gaveanews.com\/#website\",\"url\":\"https:\/\/www.gaveanews.com\/\",\"name\":\"G\u00e1vea News\",\"description\":\"Veja todas as not\u00edcias sobre o Flamengo: Contrata\u00e7\u00f5es, categorias de base, resultados das partidas, tabela de classifica\u00e7\u00e3o, pr\u00f3ximos jogos!\",\"potentialAction\":[{\"@type\":\"SearchAction\",\"target\":{\"@type\":\"EntryPoint\",\"urlTemplate\":\"https:\/\/www.gaveanews.com\/?s={search_term_string}\"},\"query-input\":{\"@type\":\"PropertyValueSpecification\",\"valueRequired\":true,\"valueName\":\"search_term_string\"}}],\"inLanguage\":\"pt-BR\"},{\"@type\":\"Person\",\"@id\":\"https:\/\/www.gaveanews.com\/#\/schema\/person\/c88645e3d550d0b6574305e67dd5a716\",\"name\":\"Reda\u00e7\u00e3o\",\"image\":{\"@type\":\"ImageObject\",\"inLanguage\":\"pt-BR\",\"@id\":\"https:\/\/www.gaveanews.com\/#\/schema\/person\/image\/\",\"url\":\"https:\/\/secure.gravatar.com\/avatar\/434098fd823f0dc1b062d14ca22bacaa6e38de28d8c816bbef6fc2f8c44d8ba3?s=96&d=mm&r=g\",\"contentUrl\":\"https:\/\/secure.gravatar.com\/avatar\/434098fd823f0dc1b062d14ca22bacaa6e38de28d8c816bbef6fc2f8c44d8ba3?s=96&d=mm&r=g\",\"caption\":\"Reda\u00e7\u00e3o\"}}]}<\/script>\n<!-- \/ Yoast SEO Premium plugin. -->","yoast_head_json":{"title":"Ex-Flamengo define data para retornar ao futebol; veja","description":"Nos bastidores, h\u00e1 o desejo de retornar ao alto n\u00edvel competitivo, retomando o ambiente de grandes disputas e desafios.","robots":{"index":"index","follow":"follow","max-snippet":"max-snippet:-1","max-image-preview":"max-image-preview:large","max-video-preview":"max-video-preview:-1"},"canonical":"https:\/\/www.gaveanews.com\/index.php\/2025\/10\/15\/ex-flamengo-define-data-para-retornar-ao-futebol-veja\/","og_locale":"pt_BR","og_type":"article","og_title":"Ex-Flamengo define data para retornar ao futebol; veja","og_description":"Nos bastidores, h\u00e1 o desejo de retornar ao alto n\u00edvel competitivo, retomando o ambiente de grandes disputas e desafios.","og_url":"https:\/\/www.gaveanews.com\/index.php\/2025\/10\/15\/ex-flamengo-define-data-para-retornar-ao-futebol-veja\/","og_site_name":"G\u00e1vea News","article_publisher":"https:\/\/facebook.com\/gaveaNews\/","article_published_time":"2025-10-15T20:00:00+00:00","og_image":[{"width":1095,"height":730,"url":"https:\/\/www.gaveanews.com\/wp-content\/uploads\/escudoDoFlamengo.webp","type":"image\/webp"}],"author":"Reda\u00e7\u00e3o","twitter_card":"summary_large_image","twitter_misc":{"Escrito por":"Reda\u00e7\u00e3o","Est. tempo de leitura":"3 minutos"},"schema":{"@context":"https:\/\/schema.org","@graph":[{"@type":"NewsArticle","@id":"https:\/\/www.gaveanews.com\/index.php\/2025\/10\/15\/ex-flamengo-define-data-para-retornar-ao-futebol-veja\/#article","isPartOf":{"@id":"https:\/\/www.gaveanews.com\/index.php\/2025\/10\/15\/ex-flamengo-define-data-para-retornar-ao-futebol-veja\/"},"author":{"name":"Reda\u00e7\u00e3o","@id":"https:\/\/www.gaveanews.com\/#\/schema\/person\/c88645e3d550d0b6574305e67dd5a716"},"headline":"Ex-Flamengo define data para retornar ao futebol; veja","datePublished":"2025-10-15T20:00:00+00:00","mainEntityOfPage":{"@id":"https:\/\/www.gaveanews.com\/index.php\/2025\/10\/15\/ex-flamengo-define-data-para-retornar-ao-futebol-veja\/"},"wordCount":393,"commentCount":0,"image":{"@id":"https:\/\/www.gaveanews.com\/index.php\/2025\/10\/15\/ex-flamengo-define-data-para-retornar-ao-futebol-veja\/#primaryimage"},"thumbnailUrl":"https:\/\/www.gaveanews.com\/wp-content\/uploads\/escudoDoFlamengo.webp","articleSection":["Flamengo"],"inLanguage":"pt-BR","potentialAction":[{"@type":"CommentAction","name":"Comment","target":["https:\/\/www.gaveanews.com\/index.php\/2025\/10\/15\/ex-flamengo-define-data-para-retornar-ao-futebol-veja\/#respond"]}],"copyrightYear":"2025","copyrightHolder":{"@id":"https:\/\/www.gaveanews.com\/#organization"}},{"@type":"WebPage","@id":"https:\/\/www.gaveanews.com\/index.php\/2025\/10\/15\/ex-flamengo-define-data-para-retornar-ao-futebol-veja\/","url":"https:\/\/www.gaveanews.com\/index.php\/2025\/10\/15\/ex-flamengo-define-data-para-retornar-ao-futebol-veja\/","name":"Ex-Flamengo define data para retornar ao futebol; veja","isPartOf":{"@id":"https:\/\/www.gaveanews.com\/#website"},"primaryImageOfPage":{"@id":"https:\/\/www.gaveanews.com\/index.php\/2025\/10\/15\/ex-flamengo-define-data-para-retornar-ao-futebol-veja\/#primaryimage"},"image":{"@id":"https:\/\/www.gaveanews.com\/index.php\/2025\/10\/15\/ex-flamengo-define-data-para-retornar-ao-futebol-veja\/#primaryimage"},"thumbnailUrl":"https:\/\/www.gaveanews.com\/wp-content\/uploads\/escudoDoFlamengo.webp","datePublished":"2025-10-15T20:00:00+00:00","author":{"@id":"https:\/\/www.gaveanews.com\/#\/schema\/person\/c88645e3d550d0b6574305e67dd5a716"},"description":"Nos bastidores, h\u00e1 o desejo de retornar ao alto n\u00edvel competitivo, retomando o ambiente de grandes disputas e desafios.","breadcrumb":{"@id":"https:\/\/www.gaveanews.com\/index.php\/2025\/10\/15\/ex-flamengo-define-data-para-retornar-ao-futebol-veja\/#breadcrumb"},"inLanguage":"pt-BR","potentialAction":[{"@type":"ReadAction","target":["https:\/\/www.gaveanews.com\/index.php\/2025\/10\/15\/ex-flamengo-define-data-para-retornar-ao-futebol-veja\/"]}]},{"@type":"ImageObject","inLanguage":"pt-BR","@id":"https:\/\/www.gaveanews.com\/index.php\/2025\/10\/15\/ex-flamengo-define-data-para-retornar-ao-futebol-veja\/#primaryimage","url":"https:\/\/www.gaveanews.com\/wp-content\/uploads\/escudoDoFlamengo.webp","contentUrl":"https:\/\/www.gaveanews.com\/wp-content\/uploads\/escudoDoFlamengo.webp","width":1095,"height":730,"caption":"Centro de treinamento do Flamengo (Foto: Reprodu\u00e7\u00e3o)"},{"@type":"BreadcrumbList","@id":"https:\/\/www.gaveanews.com\/index.php\/2025\/10\/15\/ex-flamengo-define-data-para-retornar-ao-futebol-veja\/#breadcrumb","itemListElement":[{"@type":"ListItem","position":1,"name":"Home","item":"https:\/\/www.gaveanews.com\/"},{"@type":"ListItem","position":2,"name":"Ex-Flamengo define data para retornar ao futebol; veja"}]},{"@type":"WebSite","@id":"https:\/\/www.gaveanews.com\/#website","url":"https:\/\/www.gaveanews.com\/","name":"G\u00e1vea News","description":"Veja todas as not\u00edcias sobre o Flamengo: Contrata\u00e7\u00f5es, categorias de base, resultados das partidas, tabela de classifica\u00e7\u00e3o, pr\u00f3ximos jogos!","potentialAction":[{"@type":"SearchAction","target":{"@type":"EntryPoint","urlTemplate":"https:\/\/www.gaveanews.com\/?s={search_term_string}"},"query-input":{"@type":"PropertyValueSpecification","valueRequired":true,"valueName":"search_term_string"}}],"inLanguage":"pt-BR"},{"@type":"Person","@id":"https:\/\/www.gaveanews.com\/#\/schema\/person\/c88645e3d550d0b6574305e67dd5a716","name":"Reda\u00e7\u00e3o","image":{"@type":"ImageObject","inLanguage":"pt-BR","@id":"https:\/\/www.gaveanews.com\/#\/schema\/person\/image\/","url":"https:\/\/secure.gravatar.com\/avatar\/434098fd823f0dc1b062d14ca22bacaa6e38de28d8c816bbef6fc2f8c44d8ba3?s=96&d=mm&r=g","contentUrl":"https:\/\/secure.gravatar.com\/avatar\/434098fd823f0dc1b062d14ca22bacaa6e38de28d8c816bbef6fc2f8c44d8ba3?s=96&d=mm&r=g","caption":"Reda\u00e7\u00e3o"}}]}},"_links":{"self":[{"href":"https:\/\/www.gaveanews.com\/index.php\/wp-json\/wp\/v2\/posts\/278571","targetHints":{"allow":["GET"]}}],"collection":[{"href":"https:\/\/www.gaveanews.com\/index.php\/wp-json\/wp\/v2\/posts"}],"about":[{"href":"https:\/\/www.gaveanews.com\/index.php\/wp-json\/wp\/v2\/types\/post"}],"author":[{"embeddable":true,"href":"https:\/\/www.gaveanews.com\/index.php\/wp-json\/wp\/v2\/users\/39"}],"replies":[{"embeddable":true,"href":"https:\/\/www.gaveanews.com\/index.php\/wp-json\/wp\/v2\/comments?post=278571"}],"version-history":[{"count":1,"href":"https:\/\/www.gaveanews.com\/index.php\/wp-json\/wp\/v2\/posts\/278571\/revisions"}],"predecessor-version":[{"id":278581,"href":"https:\/\/www.gaveanews.com\/index.php\/wp-json\/wp\/v2\/posts\/278571\/revisions\/278581"}],"wp:featuredmedia":[{"embeddable":true,"href":"https:\/\/www.gaveanews.com\/index.php\/wp-json\/wp\/v2\/media\/124684"}],"wp:attachment":[{"href":"https:\/\/www.gaveanews.com\/index.php\/wp-json\/wp\/v2\/media?parent=278571"}],"wp:term":[{"taxonomy":"category","embeddable":true,"href":"https:\/\/www.gaveanews.com\/index.php\/wp-json\/wp\/v2\/categories?post=278571"},{"taxonomy":"post_tag","embeddable":true,"href":"https:\/\/www.gaveanews.com\/index.php\/wp-json\/wp\/v2\/tags?post=278571"}],"curies":[{"name":"wp","href":"https:\/\/api.w.org\/{rel}","templated":true}]}}