{"id":278572,"date":"2025-10-15T17:15:00","date_gmt":"2025-10-15T20:15:00","guid":{"rendered":"https:\/\/www.gaveanews.com\/?p=278572"},"modified":"2025-10-15T16:43:57","modified_gmt":"2025-10-15T19:43:57","slug":"flamengo-prioriza-outros-jogadores-e-pedro-acaba-ficando-de-lado-entenda","status":"publish","type":"post","link":"https:\/\/www.gaveanews.com\/index.php\/2025\/10\/15\/flamengo-prioriza-outros-jogadores-e-pedro-acaba-ficando-de-lado-entenda\/","title":{"rendered":"Flamengo prioriza outros jogadores e Pedro acaba ficando de lado; entenda"},"content":{"rendered":"\n<p>Nesta quarta-feira (15 de outubro), Pedro segue \u00e0 espera da valoriza\u00e7\u00e3o prometida pela diretoria do Flamengo, apesar do contrato at\u00e9 o final de 2027. Segundo <em>O Globo<\/em>, o clube prioriza a renova\u00e7\u00e3o de outros nomes, como a do uruguaio Arrascaeta.<\/p>\n\n\n\n<p>At\u00e9 hoje, a renova\u00e7\u00e3o do centroavante n\u00e3o foi formalizada. A aus\u00eancia de proposta oficial n\u00e3o indica ruptura imediata, mas preocupa torcedores e impacta o planejamento para pr\u00f3ximas janelas.<\/p>\n\n\n\n<p>Ap\u00f3s a Copa do Mundo de Clubes, representantes de Pedro sondaram outros clubes interessados no atacante. Filipe Lu\u00eds criticou o desempenho de Pedro nos treinos, e o artilheiro voltou a marcar gols.<\/p>\n\n\n\n<p>Uma fonte pr\u00f3xima \u00e0 diretoria descreveu o ritmo das conversas: \u201cO Flamengo monitora o momento ideal para propor o ajuste contratual a Pedro\u201d.<\/p>\n\n\n\n<p>No Flamengo desde 2020, Pedro soma 299 jogos e 150 gols. Nesse per\u00edodo, conquistou o Carioca (2020, 2021, 2024 e 2025), a Copa do Brasil (2022 e 2024) e a Libertadores (2022).<\/p>\n\n\n\n<p>Tamb\u00e9m venceu a Recopa Sul-Americana (2020), a Supercopa do Brasil (2020, 2021 e 2025) e o Brasileir\u00e3o (2020). Os n\u00fameros sustentam o status de \u00eddolo entre os torcedores.<\/p>\n\n\n\n<p>Os planos do clube para 2026 incluem a chegada de um atacante com perfil complementar ao de Pedro, criando mais alternativas para Filipe Lu\u00eds. A medida est\u00e1 inserida na reorganiza\u00e7\u00e3o de prioridades do departamento de futebol.<\/p>\n\n\n\n<p>Em suma, enquanto a diretoria priorizou a renova\u00e7\u00e3o de Arrascaeta, as negocia\u00e7\u00f5es com Pedro acabaram ficando em segundo plano. At\u00e9 o momento, n\u00e3o h\u00e1 qualquer confirma\u00e7\u00e3o oficial sobre uma proposta de renova\u00e7\u00e3o ao atacante.<\/p>\n","protected":false},"excerpt":{"rendered":"<p>Nesta quarta-feira (15 de outubro), Pedro segue \u00e0 espera da valoriza\u00e7\u00e3o prometida pela diretoria do Flamengo, apesar do contrato at\u00e9 o final de 2027. Segundo O Globo, o clube prioriza a renova\u00e7\u00e3o de outros nomes, como a do uruguaio Arrascaeta. At\u00e9 hoje, a renova\u00e7\u00e3o do centroavante n\u00e3o foi formalizada. A aus\u00eancia de proposta oficial n\u00e3o [&hellip;]<\/p>\n","protected":false},"author":39,"featured_media":255013,"comment_status":"open","ping_status":"closed","sticky":false,"template":"","format":"standard","meta":{"footnotes":""},"categories":[1],"tags":[],"class_list":["post-278572","post","type-post","status-publish","format-standard","has-post-thumbnail","hentry","category-flamengo"],"yoast_head":"<!-- This site is optimized with the Yoast SEO Premium plugin v24.2 (Yoast SEO v26.9) - https:\/\/yoast.com\/product\/yoast-seo-premium-wordpress\/ -->\n<title>Flamengo prioriza outros jogadores e Pedro acaba ficando de lado; entenda<\/title>\n<meta name=\"robots\" content=\"index, follow, max-snippet:-1, max-image-preview:large, max-video-preview:-1\" \/>\n<link rel=\"canonical\" href=\"https:\/\/www.gaveanews.com\/index.php\/2025\/10\/15\/flamengo-prioriza-outros-jogadores-e-pedro-acaba-ficando-de-lado-entenda\/\" \/>\n<meta property=\"og:locale\" content=\"pt_BR\" \/>\n<meta property=\"og:type\" content=\"article\" \/>\n<meta property=\"og:title\" content=\"Flamengo prioriza outros jogadores e Pedro acaba ficando de lado; entenda\" \/>\n<meta property=\"og:description\" content=\"Nesta quarta-feira (15 de outubro), Pedro segue \u00e0 espera da valoriza\u00e7\u00e3o prometida pela diretoria do Flamengo, apesar do contrato at\u00e9 o final de 2027. Segundo O Globo, o clube prioriza a renova\u00e7\u00e3o de outros nomes, como a do uruguaio Arrascaeta. At\u00e9 hoje, a renova\u00e7\u00e3o do centroavante n\u00e3o foi formalizada. A aus\u00eancia de proposta oficial n\u00e3o [&hellip;]\" \/>\n<meta property=\"og:url\" content=\"https:\/\/www.gaveanews.com\/index.php\/2025\/10\/15\/flamengo-prioriza-outros-jogadores-e-pedro-acaba-ficando-de-lado-entenda\/\" \/>\n<meta property=\"og:site_name\" content=\"G\u00e1vea News\" \/>\n<meta property=\"article:publisher\" content=\"https:\/\/facebook.com\/gaveaNews\/\" \/>\n<meta property=\"article:published_time\" content=\"2025-10-15T20:15:00+00:00\" \/>\n<meta property=\"og:image\" content=\"https:\/\/www.gaveanews.com\/wp-content\/uploads\/Pedro-embarca-com-a-delegacao-do-Flamengo.webp\" \/>\n\t<meta property=\"og:image:width\" content=\"1200\" \/>\n\t<meta property=\"og:image:height\" content=\"800\" \/>\n\t<meta property=\"og:image:type\" content=\"image\/png\" \/>\n<meta name=\"author\" content=\"Reda\u00e7\u00e3o\" \/>\n<meta name=\"twitter:card\" content=\"summary_large_image\" \/>\n<meta name=\"twitter:label1\" content=\"Escrito por\" \/>\n\t<meta name=\"twitter:data1\" content=\"Reda\u00e7\u00e3o\" \/>\n\t<meta name=\"twitter:label2\" content=\"Est. tempo de leitura\" \/>\n\t<meta name=\"twitter:data2\" content=\"2 minutos\" \/>\n<script type=\"application\/ld+json\" class=\"yoast-schema-graph\">{\"@context\":\"https:\/\/schema.org\",\"@graph\":[{\"@type\":\"NewsArticle\",\"@id\":\"https:\/\/www.gaveanews.com\/index.php\/2025\/10\/15\/flamengo-prioriza-outros-jogadores-e-pedro-acaba-ficando-de-lado-entenda\/#article\",\"isPartOf\":{\"@id\":\"https:\/\/www.gaveanews.com\/index.php\/2025\/10\/15\/flamengo-prioriza-outros-jogadores-e-pedro-acaba-ficando-de-lado-entenda\/\"},\"author\":{\"name\":\"Reda\u00e7\u00e3o\",\"@id\":\"https:\/\/www.gaveanews.com\/#\/schema\/person\/c88645e3d550d0b6574305e67dd5a716\"},\"headline\":\"Flamengo prioriza outros jogadores e Pedro acaba ficando de lado; entenda\",\"datePublished\":\"2025-10-15T20:15:00+00:00\",\"mainEntityOfPage\":{\"@id\":\"https:\/\/www.gaveanews.com\/index.php\/2025\/10\/15\/flamengo-prioriza-outros-jogadores-e-pedro-acaba-ficando-de-lado-entenda\/\"},\"wordCount\":265,\"commentCount\":0,\"image\":{\"@id\":\"https:\/\/www.gaveanews.com\/index.php\/2025\/10\/15\/flamengo-prioriza-outros-jogadores-e-pedro-acaba-ficando-de-lado-entenda\/#primaryimage\"},\"thumbnailUrl\":\"https:\/\/www.gaveanews.com\/wp-content\/uploads\/Pedro-embarca-com-a-delegacao-do-Flamengo.webp\",\"articleSection\":[\"Flamengo\"],\"inLanguage\":\"pt-BR\",\"potentialAction\":[{\"@type\":\"CommentAction\",\"name\":\"Comment\",\"target\":[\"https:\/\/www.gaveanews.com\/index.php\/2025\/10\/15\/flamengo-prioriza-outros-jogadores-e-pedro-acaba-ficando-de-lado-entenda\/#respond\"]}],\"copyrightYear\":\"2025\",\"copyrightHolder\":{\"@id\":\"https:\/\/www.gaveanews.com\/#organization\"}},{\"@type\":\"WebPage\",\"@id\":\"https:\/\/www.gaveanews.com\/index.php\/2025\/10\/15\/flamengo-prioriza-outros-jogadores-e-pedro-acaba-ficando-de-lado-entenda\/\",\"url\":\"https:\/\/www.gaveanews.com\/index.php\/2025\/10\/15\/flamengo-prioriza-outros-jogadores-e-pedro-acaba-ficando-de-lado-entenda\/\",\"name\":\"Flamengo prioriza outros jogadores e Pedro acaba ficando de lado; entenda\",\"isPartOf\":{\"@id\":\"https:\/\/www.gaveanews.com\/#website\"},\"primaryImageOfPage\":{\"@id\":\"https:\/\/www.gaveanews.com\/index.php\/2025\/10\/15\/flamengo-prioriza-outros-jogadores-e-pedro-acaba-ficando-de-lado-entenda\/#primaryimage\"},\"image\":{\"@id\":\"https:\/\/www.gaveanews.com\/index.php\/2025\/10\/15\/flamengo-prioriza-outros-jogadores-e-pedro-acaba-ficando-de-lado-entenda\/#primaryimage\"},\"thumbnailUrl\":\"https:\/\/www.gaveanews.com\/wp-content\/uploads\/Pedro-embarca-com-a-delegacao-do-Flamengo.webp\",\"datePublished\":\"2025-10-15T20:15:00+00:00\",\"author\":{\"@id\":\"https:\/\/www.gaveanews.com\/#\/schema\/person\/c88645e3d550d0b6574305e67dd5a716\"},\"breadcrumb\":{\"@id\":\"https:\/\/www.gaveanews.com\/index.php\/2025\/10\/15\/flamengo-prioriza-outros-jogadores-e-pedro-acaba-ficando-de-lado-entenda\/#breadcrumb\"},\"inLanguage\":\"pt-BR\",\"potentialAction\":[{\"@type\":\"ReadAction\",\"target\":[\"https:\/\/www.gaveanews.com\/index.php\/2025\/10\/15\/flamengo-prioriza-outros-jogadores-e-pedro-acaba-ficando-de-lado-entenda\/\"]}]},{\"@type\":\"ImageObject\",\"inLanguage\":\"pt-BR\",\"@id\":\"https:\/\/www.gaveanews.com\/index.php\/2025\/10\/15\/flamengo-prioriza-outros-jogadores-e-pedro-acaba-ficando-de-lado-entenda\/#primaryimage\",\"url\":\"https:\/\/www.gaveanews.com\/wp-content\/uploads\/Pedro-embarca-com-a-delegacao-do-Flamengo.webp\",\"contentUrl\":\"https:\/\/www.gaveanews.com\/wp-content\/uploads\/Pedro-embarca-com-a-delegacao-do-Flamengo.webp\",\"width\":1200,\"height\":800,\"caption\":\"Pedro embarca com a delega\u00e7\u00e3o do Flamengo - Foto: Adriano Fontes\/Flamengo\"},{\"@type\":\"BreadcrumbList\",\"@id\":\"https:\/\/www.gaveanews.com\/index.php\/2025\/10\/15\/flamengo-prioriza-outros-jogadores-e-pedro-acaba-ficando-de-lado-entenda\/#breadcrumb\",\"itemListElement\":[{\"@type\":\"ListItem\",\"position\":1,\"name\":\"Home\",\"item\":\"https:\/\/www.gaveanews.com\/\"},{\"@type\":\"ListItem\",\"position\":2,\"name\":\"Flamengo prioriza outros jogadores e Pedro acaba ficando de lado; entenda\"}]},{\"@type\":\"WebSite\",\"@id\":\"https:\/\/www.gaveanews.com\/#website\",\"url\":\"https:\/\/www.gaveanews.com\/\",\"name\":\"G\u00e1vea News\",\"description\":\"Veja todas as not\u00edcias sobre o Flamengo: Contrata\u00e7\u00f5es, categorias de base, resultados das partidas, tabela de classifica\u00e7\u00e3o, pr\u00f3ximos jogos!\",\"potentialAction\":[{\"@type\":\"SearchAction\",\"target\":{\"@type\":\"EntryPoint\",\"urlTemplate\":\"https:\/\/www.gaveanews.com\/?s={search_term_string}\"},\"query-input\":{\"@type\":\"PropertyValueSpecification\",\"valueRequired\":true,\"valueName\":\"search_term_string\"}}],\"inLanguage\":\"pt-BR\"},{\"@type\":\"Person\",\"@id\":\"https:\/\/www.gaveanews.com\/#\/schema\/person\/c88645e3d550d0b6574305e67dd5a716\",\"name\":\"Reda\u00e7\u00e3o\",\"image\":{\"@type\":\"ImageObject\",\"inLanguage\":\"pt-BR\",\"@id\":\"https:\/\/www.gaveanews.com\/#\/schema\/person\/image\/\",\"url\":\"https:\/\/secure.gravatar.com\/avatar\/434098fd823f0dc1b062d14ca22bacaa6e38de28d8c816bbef6fc2f8c44d8ba3?s=96&d=mm&r=g\",\"contentUrl\":\"https:\/\/secure.gravatar.com\/avatar\/434098fd823f0dc1b062d14ca22bacaa6e38de28d8c816bbef6fc2f8c44d8ba3?s=96&d=mm&r=g\",\"caption\":\"Reda\u00e7\u00e3o\"}}]}<\/script>\n<!-- \/ Yoast SEO Premium plugin. -->","yoast_head_json":{"title":"Flamengo prioriza outros jogadores e Pedro acaba ficando de lado; entenda","robots":{"index":"index","follow":"follow","max-snippet":"max-snippet:-1","max-image-preview":"max-image-preview:large","max-video-preview":"max-video-preview:-1"},"canonical":"https:\/\/www.gaveanews.com\/index.php\/2025\/10\/15\/flamengo-prioriza-outros-jogadores-e-pedro-acaba-ficando-de-lado-entenda\/","og_locale":"pt_BR","og_type":"article","og_title":"Flamengo prioriza outros jogadores e Pedro acaba ficando de lado; entenda","og_description":"Nesta quarta-feira (15 de outubro), Pedro segue \u00e0 espera da valoriza\u00e7\u00e3o prometida pela diretoria do Flamengo, apesar do contrato at\u00e9 o final de 2027. Segundo O Globo, o clube prioriza a renova\u00e7\u00e3o de outros nomes, como a do uruguaio Arrascaeta. At\u00e9 hoje, a renova\u00e7\u00e3o do centroavante n\u00e3o foi formalizada. A aus\u00eancia de proposta oficial n\u00e3o [&hellip;]","og_url":"https:\/\/www.gaveanews.com\/index.php\/2025\/10\/15\/flamengo-prioriza-outros-jogadores-e-pedro-acaba-ficando-de-lado-entenda\/","og_site_name":"G\u00e1vea News","article_publisher":"https:\/\/facebook.com\/gaveaNews\/","article_published_time":"2025-10-15T20:15:00+00:00","og_image":[{"width":1200,"height":800,"url":"https:\/\/www.gaveanews.com\/wp-content\/uploads\/Pedro-embarca-com-a-delegacao-do-Flamengo.webp","type":"image\/png"}],"author":"Reda\u00e7\u00e3o","twitter_card":"summary_large_image","twitter_misc":{"Escrito por":"Reda\u00e7\u00e3o","Est. tempo de leitura":"2 minutos"},"schema":{"@context":"https:\/\/schema.org","@graph":[{"@type":"NewsArticle","@id":"https:\/\/www.gaveanews.com\/index.php\/2025\/10\/15\/flamengo-prioriza-outros-jogadores-e-pedro-acaba-ficando-de-lado-entenda\/#article","isPartOf":{"@id":"https:\/\/www.gaveanews.com\/index.php\/2025\/10\/15\/flamengo-prioriza-outros-jogadores-e-pedro-acaba-ficando-de-lado-entenda\/"},"author":{"name":"Reda\u00e7\u00e3o","@id":"https:\/\/www.gaveanews.com\/#\/schema\/person\/c88645e3d550d0b6574305e67dd5a716"},"headline":"Flamengo prioriza outros jogadores e Pedro acaba ficando de lado; entenda","datePublished":"2025-10-15T20:15:00+00:00","mainEntityOfPage":{"@id":"https:\/\/www.gaveanews.com\/index.php\/2025\/10\/15\/flamengo-prioriza-outros-jogadores-e-pedro-acaba-ficando-de-lado-entenda\/"},"wordCount":265,"commentCount":0,"image":{"@id":"https:\/\/www.gaveanews.com\/index.php\/2025\/10\/15\/flamengo-prioriza-outros-jogadores-e-pedro-acaba-ficando-de-lado-entenda\/#primaryimage"},"thumbnailUrl":"https:\/\/www.gaveanews.com\/wp-content\/uploads\/Pedro-embarca-com-a-delegacao-do-Flamengo.webp","articleSection":["Flamengo"],"inLanguage":"pt-BR","potentialAction":[{"@type":"CommentAction","name":"Comment","target":["https:\/\/www.gaveanews.com\/index.php\/2025\/10\/15\/flamengo-prioriza-outros-jogadores-e-pedro-acaba-ficando-de-lado-entenda\/#respond"]}],"copyrightYear":"2025","copyrightHolder":{"@id":"https:\/\/www.gaveanews.com\/#organization"}},{"@type":"WebPage","@id":"https:\/\/www.gaveanews.com\/index.php\/2025\/10\/15\/flamengo-prioriza-outros-jogadores-e-pedro-acaba-ficando-de-lado-entenda\/","url":"https:\/\/www.gaveanews.com\/index.php\/2025\/10\/15\/flamengo-prioriza-outros-jogadores-e-pedro-acaba-ficando-de-lado-entenda\/","name":"Flamengo prioriza outros jogadores e Pedro acaba ficando de lado; entenda","isPartOf":{"@id":"https:\/\/www.gaveanews.com\/#website"},"primaryImageOfPage":{"@id":"https:\/\/www.gaveanews.com\/index.php\/2025\/10\/15\/flamengo-prioriza-outros-jogadores-e-pedro-acaba-ficando-de-lado-entenda\/#primaryimage"},"image":{"@id":"https:\/\/www.gaveanews.com\/index.php\/2025\/10\/15\/flamengo-prioriza-outros-jogadores-e-pedro-acaba-ficando-de-lado-entenda\/#primaryimage"},"thumbnailUrl":"https:\/\/www.gaveanews.com\/wp-content\/uploads\/Pedro-embarca-com-a-delegacao-do-Flamengo.webp","datePublished":"2025-10-15T20:15:00+00:00","author":{"@id":"https:\/\/www.gaveanews.com\/#\/schema\/person\/c88645e3d550d0b6574305e67dd5a716"},"breadcrumb":{"@id":"https:\/\/www.gaveanews.com\/index.php\/2025\/10\/15\/flamengo-prioriza-outros-jogadores-e-pedro-acaba-ficando-de-lado-entenda\/#breadcrumb"},"inLanguage":"pt-BR","potentialAction":[{"@type":"ReadAction","target":["https:\/\/www.gaveanews.com\/index.php\/2025\/10\/15\/flamengo-prioriza-outros-jogadores-e-pedro-acaba-ficando-de-lado-entenda\/"]}]},{"@type":"ImageObject","inLanguage":"pt-BR","@id":"https:\/\/www.gaveanews.com\/index.php\/2025\/10\/15\/flamengo-prioriza-outros-jogadores-e-pedro-acaba-ficando-de-lado-entenda\/#primaryimage","url":"https:\/\/www.gaveanews.com\/wp-content\/uploads\/Pedro-embarca-com-a-delegacao-do-Flamengo.webp","contentUrl":"https:\/\/www.gaveanews.com\/wp-content\/uploads\/Pedro-embarca-com-a-delegacao-do-Flamengo.webp","width":1200,"height":800,"caption":"Pedro embarca com a delega\u00e7\u00e3o do Flamengo - Foto: Adriano Fontes\/Flamengo"},{"@type":"BreadcrumbList","@id":"https:\/\/www.gaveanews.com\/index.php\/2025\/10\/15\/flamengo-prioriza-outros-jogadores-e-pedro-acaba-ficando-de-lado-entenda\/#breadcrumb","itemListElement":[{"@type":"ListItem","position":1,"name":"Home","item":"https:\/\/www.gaveanews.com\/"},{"@type":"ListItem","position":2,"name":"Flamengo prioriza outros jogadores e Pedro acaba ficando de lado; entenda"}]},{"@type":"WebSite","@id":"https:\/\/www.gaveanews.com\/#website","url":"https:\/\/www.gaveanews.com\/","name":"G\u00e1vea News","description":"Veja todas as not\u00edcias sobre o Flamengo: Contrata\u00e7\u00f5es, categorias de base, resultados das partidas, tabela de classifica\u00e7\u00e3o, pr\u00f3ximos jogos!","potentialAction":[{"@type":"SearchAction","target":{"@type":"EntryPoint","urlTemplate":"https:\/\/www.gaveanews.com\/?s={search_term_string}"},"query-input":{"@type":"PropertyValueSpecification","valueRequired":true,"valueName":"search_term_string"}}],"inLanguage":"pt-BR"},{"@type":"Person","@id":"https:\/\/www.gaveanews.com\/#\/schema\/person\/c88645e3d550d0b6574305e67dd5a716","name":"Reda\u00e7\u00e3o","image":{"@type":"ImageObject","inLanguage":"pt-BR","@id":"https:\/\/www.gaveanews.com\/#\/schema\/person\/image\/","url":"https:\/\/secure.gravatar.com\/avatar\/434098fd823f0dc1b062d14ca22bacaa6e38de28d8c816bbef6fc2f8c44d8ba3?s=96&d=mm&r=g","contentUrl":"https:\/\/secure.gravatar.com\/avatar\/434098fd823f0dc1b062d14ca22bacaa6e38de28d8c816bbef6fc2f8c44d8ba3?s=96&d=mm&r=g","caption":"Reda\u00e7\u00e3o"}}]}},"_links":{"self":[{"href":"https:\/\/www.gaveanews.com\/index.php\/wp-json\/wp\/v2\/posts\/278572","targetHints":{"allow":["GET"]}}],"collection":[{"href":"https:\/\/www.gaveanews.com\/index.php\/wp-json\/wp\/v2\/posts"}],"about":[{"href":"https:\/\/www.gaveanews.com\/index.php\/wp-json\/wp\/v2\/types\/post"}],"author":[{"embeddable":true,"href":"https:\/\/www.gaveanews.com\/index.php\/wp-json\/wp\/v2\/users\/39"}],"replies":[{"embeddable":true,"href":"https:\/\/www.gaveanews.com\/index.php\/wp-json\/wp\/v2\/comments?post=278572"}],"version-history":[{"count":1,"href":"https:\/\/www.gaveanews.com\/index.php\/wp-json\/wp\/v2\/posts\/278572\/revisions"}],"predecessor-version":[{"id":278583,"href":"https:\/\/www.gaveanews.com\/index.php\/wp-json\/wp\/v2\/posts\/278572\/revisions\/278583"}],"wp:featuredmedia":[{"embeddable":true,"href":"https:\/\/www.gaveanews.com\/index.php\/wp-json\/wp\/v2\/media\/255013"}],"wp:attachment":[{"href":"https:\/\/www.gaveanews.com\/index.php\/wp-json\/wp\/v2\/media?parent=278572"}],"wp:term":[{"taxonomy":"category","embeddable":true,"href":"https:\/\/www.gaveanews.com\/index.php\/wp-json\/wp\/v2\/categories?post=278572"},{"taxonomy":"post_tag","embeddable":true,"href":"https:\/\/www.gaveanews.com\/index.php\/wp-json\/wp\/v2\/tags?post=278572"}],"curies":[{"name":"wp","href":"https:\/\/api.w.org\/{rel}","templated":true}]}}