{"id":278574,"date":"2025-10-15T18:00:00","date_gmt":"2025-10-15T21:00:00","guid":{"rendered":"https:\/\/www.gaveanews.com\/?p=278574"},"modified":"2025-10-15T17:10:15","modified_gmt":"2025-10-15T20:10:15","slug":"selecao-brasileira-pode-atrapalhar-o-flamengo-na-reta-final-da-temporada-entenda","status":"publish","type":"post","link":"https:\/\/www.gaveanews.com\/index.php\/2025\/10\/15\/selecao-brasileira-pode-atrapalhar-o-flamengo-na-reta-final-da-temporada-entenda\/","title":{"rendered":"Sele\u00e7\u00e3o Brasileira pode atrapalhar o Flamengo na reta final da temporada; entenda"},"content":{"rendered":"\n<p>Carlo Ancelotti planeja ampliar os testes com jogadores do Brasileir\u00e3o na pr\u00f3xima Data Fifa, em novembro, e o movimento pode afetar o <a href=\"https:\/\/www.gaveanews.com\/index.php\/category\/brasileirao\/flamengo\/\" target=\"_blank\" rel=\"noopener noreferrer\">Flamengo<\/a>. O per\u00edodo coincide com jogo adiado do clube pelo Campeonato Brasileiro.<\/p>\n\n\n\n<p>A janela da Sele\u00e7\u00e3o est\u00e1 marcada entre 10 e 18 de novembro, com amistosos contra Senegal, na Inglaterra, e Tun\u00edsia, na Fran\u00e7a. A inten\u00e7\u00e3o de chamar mais atletas que atuam no pa\u00eds foi informada pelo ge e integra o plano de observa\u00e7\u00e3o para a Copa do Mundo de 2026.<\/p>\n\n\n\n<p>Ap\u00f3s a derrota para o Jap\u00e3o, o treinador explicou que seguir\u00e1 com avalia\u00e7\u00f5es em novembro.<\/p>\n\n\n\n<p>&#8220;Falamos que essa e a pr\u00f3xima Data Fifa s\u00e3o per\u00edodos de teste, vamos seguir fazendo testes em novembro. Isso n\u00e3o muda a nossa ideia do que fazer&#8221;.<\/p>\n\n\n\n<p>O problema para o Flamengo tem data definida: 13 de novembro, em jogo atrasado da 12\u00aa rodada do Brasileir\u00e3o 2025. A partida \u00e9 tratada como de extrema import\u00e2ncia, e a possibilidade de convoca\u00e7\u00f5es preocupa diretoria e torcedores.<\/p>\n\n\n\n<p>No tour recente pela \u00c1sia, a comiss\u00e3o t\u00e9cnica chamou apenas quatro jogadores \u201cdom\u00e9sticos\u201d e agora deseja ampliar esse n\u00famero. O objetivo \u00e9 chegar \u00e0 Data Fifa de mar\u00e7o de 2026 com um grupo praticamente fechado, restando poucas vagas.<\/p>\n\n\n\n<p>No clube, o alerta est\u00e1 ligado. A an\u00e1lise interna inclui uso de op\u00e7\u00f5es do elenco, ajustes t\u00e1ticos e gerenciamento de minutos para mitigar eventuais aus\u00eancias em uma fase sens\u00edvel da tabela.<\/p>\n\n\n\n<p>Enquanto novembro n\u00e3o chega, o Flamengo foca no calend\u00e1rio imediato. Hoje, quarta-feira (15 de outubro), o time enfrenta o <a href=\"https:\/\/www.gaveanews.com\/index.php\/category\/brasileirao\/botafogo\/\" target=\"_blank\" rel=\"noopener noreferrer\">Botafogo<\/a> pela 28\u00aa rodada do Brasileir\u00e3o, no Engenh\u00e3o, com bola rolando \u00e0s 19 horas e 30 minutos (hor\u00e1rio de Bras\u00edlia).<\/p>\n\n\n\n<p>As transmiss\u00f5es do cl\u00e1ssico ficam por conta da Record (TV aberta), do Premiere (pay-per-view) e da Caz\u00e9TV (YouTube).<\/p>\n","protected":false},"excerpt":{"rendered":"<p>Carlo Ancelotti planeja ampliar os testes com jogadores do Brasileir\u00e3o na pr\u00f3xima Data Fifa, em novembro, e o movimento pode afetar o Flamengo. O per\u00edodo coincide com jogo adiado do clube pelo Campeonato Brasileiro. A janela da Sele\u00e7\u00e3o est\u00e1 marcada entre 10 e 18 de novembro, com amistosos contra Senegal, na Inglaterra, e Tun\u00edsia, na [&hellip;]<\/p>\n","protected":false},"author":39,"featured_media":119629,"comment_status":"open","ping_status":"closed","sticky":false,"template":"","format":"standard","meta":{"footnotes":""},"categories":[1],"tags":[],"class_list":["post-278574","post","type-post","status-publish","format-standard","has-post-thumbnail","hentry","category-flamengo"],"yoast_head":"<!-- This site is optimized with the Yoast SEO Premium plugin v24.2 (Yoast SEO v26.9) - https:\/\/yoast.com\/product\/yoast-seo-premium-wordpress\/ -->\n<title>Sele\u00e7\u00e3o Brasileira pode atrapalhar o Flamengo na reta final da temporada; entenda<\/title>\n<meta name=\"robots\" content=\"index, follow, max-snippet:-1, max-image-preview:large, max-video-preview:-1\" \/>\n<link rel=\"canonical\" href=\"https:\/\/www.gaveanews.com\/index.php\/2025\/10\/15\/selecao-brasileira-pode-atrapalhar-o-flamengo-na-reta-final-da-temporada-entenda\/\" \/>\n<meta property=\"og:locale\" content=\"pt_BR\" \/>\n<meta property=\"og:type\" content=\"article\" \/>\n<meta property=\"og:title\" content=\"Sele\u00e7\u00e3o Brasileira pode atrapalhar o Flamengo na reta final da temporada; entenda\" \/>\n<meta property=\"og:description\" content=\"Carlo Ancelotti planeja ampliar os testes com jogadores do Brasileir\u00e3o na pr\u00f3xima Data Fifa, em novembro, e o movimento pode afetar o Flamengo. O per\u00edodo coincide com jogo adiado do clube pelo Campeonato Brasileiro. A janela da Sele\u00e7\u00e3o est\u00e1 marcada entre 10 e 18 de novembro, com amistosos contra Senegal, na Inglaterra, e Tun\u00edsia, na [&hellip;]\" \/>\n<meta property=\"og:url\" content=\"https:\/\/www.gaveanews.com\/index.php\/2025\/10\/15\/selecao-brasileira-pode-atrapalhar-o-flamengo-na-reta-final-da-temporada-entenda\/\" \/>\n<meta property=\"og:site_name\" content=\"G\u00e1vea News\" \/>\n<meta property=\"article:publisher\" content=\"https:\/\/facebook.com\/gaveaNews\/\" \/>\n<meta property=\"article:published_time\" content=\"2025-10-15T21:00:00+00:00\" \/>\n<meta property=\"og:image\" content=\"https:\/\/www.gaveanews.com\/wp-content\/uploads\/2023-04-29t184531z-1598421574-up1ej4t1g3tth-rtrmadp-3-soccer-spain-mad-uda-report.webp\" \/>\n\t<meta property=\"og:image:width\" content=\"984\" \/>\n\t<meta property=\"og:image:height\" content=\"678\" \/>\n\t<meta property=\"og:image:type\" content=\"image\/webp\" \/>\n<meta name=\"author\" content=\"Reda\u00e7\u00e3o\" \/>\n<meta name=\"twitter:card\" content=\"summary_large_image\" \/>\n<meta name=\"twitter:label1\" content=\"Escrito por\" \/>\n\t<meta name=\"twitter:data1\" content=\"Reda\u00e7\u00e3o\" \/>\n\t<meta name=\"twitter:label2\" content=\"Est. tempo de leitura\" \/>\n\t<meta name=\"twitter:data2\" content=\"2 minutos\" \/>\n<script type=\"application\/ld+json\" class=\"yoast-schema-graph\">{\"@context\":\"https:\/\/schema.org\",\"@graph\":[{\"@type\":\"NewsArticle\",\"@id\":\"https:\/\/www.gaveanews.com\/index.php\/2025\/10\/15\/selecao-brasileira-pode-atrapalhar-o-flamengo-na-reta-final-da-temporada-entenda\/#article\",\"isPartOf\":{\"@id\":\"https:\/\/www.gaveanews.com\/index.php\/2025\/10\/15\/selecao-brasileira-pode-atrapalhar-o-flamengo-na-reta-final-da-temporada-entenda\/\"},\"author\":{\"name\":\"Reda\u00e7\u00e3o\",\"@id\":\"https:\/\/www.gaveanews.com\/#\/schema\/person\/c88645e3d550d0b6574305e67dd5a716\"},\"headline\":\"Sele\u00e7\u00e3o Brasileira pode atrapalhar o Flamengo na reta final da temporada; entenda\",\"datePublished\":\"2025-10-15T21:00:00+00:00\",\"mainEntityOfPage\":{\"@id\":\"https:\/\/www.gaveanews.com\/index.php\/2025\/10\/15\/selecao-brasileira-pode-atrapalhar-o-flamengo-na-reta-final-da-temporada-entenda\/\"},\"wordCount\":325,\"commentCount\":0,\"image\":{\"@id\":\"https:\/\/www.gaveanews.com\/index.php\/2025\/10\/15\/selecao-brasileira-pode-atrapalhar-o-flamengo-na-reta-final-da-temporada-entenda\/#primaryimage\"},\"thumbnailUrl\":\"https:\/\/www.gaveanews.com\/wp-content\/uploads\/2023-04-29t184531z-1598421574-up1ej4t1g3tth-rtrmadp-3-soccer-spain-mad-uda-report.webp\",\"articleSection\":[\"Flamengo\"],\"inLanguage\":\"pt-BR\",\"potentialAction\":[{\"@type\":\"CommentAction\",\"name\":\"Comment\",\"target\":[\"https:\/\/www.gaveanews.com\/index.php\/2025\/10\/15\/selecao-brasileira-pode-atrapalhar-o-flamengo-na-reta-final-da-temporada-entenda\/#respond\"]}],\"copyrightYear\":\"2025\",\"copyrightHolder\":{\"@id\":\"https:\/\/www.gaveanews.com\/#organization\"}},{\"@type\":\"WebPage\",\"@id\":\"https:\/\/www.gaveanews.com\/index.php\/2025\/10\/15\/selecao-brasileira-pode-atrapalhar-o-flamengo-na-reta-final-da-temporada-entenda\/\",\"url\":\"https:\/\/www.gaveanews.com\/index.php\/2025\/10\/15\/selecao-brasileira-pode-atrapalhar-o-flamengo-na-reta-final-da-temporada-entenda\/\",\"name\":\"Sele\u00e7\u00e3o Brasileira pode atrapalhar o Flamengo na reta final da temporada; entenda\",\"isPartOf\":{\"@id\":\"https:\/\/www.gaveanews.com\/#website\"},\"primaryImageOfPage\":{\"@id\":\"https:\/\/www.gaveanews.com\/index.php\/2025\/10\/15\/selecao-brasileira-pode-atrapalhar-o-flamengo-na-reta-final-da-temporada-entenda\/#primaryimage\"},\"image\":{\"@id\":\"https:\/\/www.gaveanews.com\/index.php\/2025\/10\/15\/selecao-brasileira-pode-atrapalhar-o-flamengo-na-reta-final-da-temporada-entenda\/#primaryimage\"},\"thumbnailUrl\":\"https:\/\/www.gaveanews.com\/wp-content\/uploads\/2023-04-29t184531z-1598421574-up1ej4t1g3tth-rtrmadp-3-soccer-spain-mad-uda-report.webp\",\"datePublished\":\"2025-10-15T21:00:00+00:00\",\"author\":{\"@id\":\"https:\/\/www.gaveanews.com\/#\/schema\/person\/c88645e3d550d0b6574305e67dd5a716\"},\"breadcrumb\":{\"@id\":\"https:\/\/www.gaveanews.com\/index.php\/2025\/10\/15\/selecao-brasileira-pode-atrapalhar-o-flamengo-na-reta-final-da-temporada-entenda\/#breadcrumb\"},\"inLanguage\":\"pt-BR\",\"potentialAction\":[{\"@type\":\"ReadAction\",\"target\":[\"https:\/\/www.gaveanews.com\/index.php\/2025\/10\/15\/selecao-brasileira-pode-atrapalhar-o-flamengo-na-reta-final-da-temporada-entenda\/\"]}]},{\"@type\":\"ImageObject\",\"inLanguage\":\"pt-BR\",\"@id\":\"https:\/\/www.gaveanews.com\/index.php\/2025\/10\/15\/selecao-brasileira-pode-atrapalhar-o-flamengo-na-reta-final-da-temporada-entenda\/#primaryimage\",\"url\":\"https:\/\/www.gaveanews.com\/wp-content\/uploads\/2023-04-29t184531z-1598421574-up1ej4t1g3tth-rtrmadp-3-soccer-spain-mad-uda-report.webp\",\"contentUrl\":\"https:\/\/www.gaveanews.com\/wp-content\/uploads\/2023-04-29t184531z-1598421574-up1ej4t1g3tth-rtrmadp-3-soccer-spain-mad-uda-report.webp\",\"width\":984,\"height\":678,\"caption\":\"Carlo Ancelotti, t\u00e9cnico do Real Madrid (Foto: Reuters)\"},{\"@type\":\"BreadcrumbList\",\"@id\":\"https:\/\/www.gaveanews.com\/index.php\/2025\/10\/15\/selecao-brasileira-pode-atrapalhar-o-flamengo-na-reta-final-da-temporada-entenda\/#breadcrumb\",\"itemListElement\":[{\"@type\":\"ListItem\",\"position\":1,\"name\":\"Home\",\"item\":\"https:\/\/www.gaveanews.com\/\"},{\"@type\":\"ListItem\",\"position\":2,\"name\":\"Sele\u00e7\u00e3o Brasileira pode atrapalhar o Flamengo na reta final da temporada; entenda\"}]},{\"@type\":\"WebSite\",\"@id\":\"https:\/\/www.gaveanews.com\/#website\",\"url\":\"https:\/\/www.gaveanews.com\/\",\"name\":\"G\u00e1vea News\",\"description\":\"Veja todas as not\u00edcias sobre o Flamengo: Contrata\u00e7\u00f5es, categorias de base, resultados das partidas, tabela de classifica\u00e7\u00e3o, pr\u00f3ximos jogos!\",\"potentialAction\":[{\"@type\":\"SearchAction\",\"target\":{\"@type\":\"EntryPoint\",\"urlTemplate\":\"https:\/\/www.gaveanews.com\/?s={search_term_string}\"},\"query-input\":{\"@type\":\"PropertyValueSpecification\",\"valueRequired\":true,\"valueName\":\"search_term_string\"}}],\"inLanguage\":\"pt-BR\"},{\"@type\":\"Person\",\"@id\":\"https:\/\/www.gaveanews.com\/#\/schema\/person\/c88645e3d550d0b6574305e67dd5a716\",\"name\":\"Reda\u00e7\u00e3o\",\"image\":{\"@type\":\"ImageObject\",\"inLanguage\":\"pt-BR\",\"@id\":\"https:\/\/www.gaveanews.com\/#\/schema\/person\/image\/\",\"url\":\"https:\/\/secure.gravatar.com\/avatar\/434098fd823f0dc1b062d14ca22bacaa6e38de28d8c816bbef6fc2f8c44d8ba3?s=96&d=mm&r=g\",\"contentUrl\":\"https:\/\/secure.gravatar.com\/avatar\/434098fd823f0dc1b062d14ca22bacaa6e38de28d8c816bbef6fc2f8c44d8ba3?s=96&d=mm&r=g\",\"caption\":\"Reda\u00e7\u00e3o\"}}]}<\/script>\n<!-- \/ Yoast SEO Premium plugin. -->","yoast_head_json":{"title":"Sele\u00e7\u00e3o Brasileira pode atrapalhar o Flamengo na reta final da temporada; entenda","robots":{"index":"index","follow":"follow","max-snippet":"max-snippet:-1","max-image-preview":"max-image-preview:large","max-video-preview":"max-video-preview:-1"},"canonical":"https:\/\/www.gaveanews.com\/index.php\/2025\/10\/15\/selecao-brasileira-pode-atrapalhar-o-flamengo-na-reta-final-da-temporada-entenda\/","og_locale":"pt_BR","og_type":"article","og_title":"Sele\u00e7\u00e3o Brasileira pode atrapalhar o Flamengo na reta final da temporada; entenda","og_description":"Carlo Ancelotti planeja ampliar os testes com jogadores do Brasileir\u00e3o na pr\u00f3xima Data Fifa, em novembro, e o movimento pode afetar o Flamengo. O per\u00edodo coincide com jogo adiado do clube pelo Campeonato Brasileiro. A janela da Sele\u00e7\u00e3o est\u00e1 marcada entre 10 e 18 de novembro, com amistosos contra Senegal, na Inglaterra, e Tun\u00edsia, na [&hellip;]","og_url":"https:\/\/www.gaveanews.com\/index.php\/2025\/10\/15\/selecao-brasileira-pode-atrapalhar-o-flamengo-na-reta-final-da-temporada-entenda\/","og_site_name":"G\u00e1vea News","article_publisher":"https:\/\/facebook.com\/gaveaNews\/","article_published_time":"2025-10-15T21:00:00+00:00","og_image":[{"width":984,"height":678,"url":"https:\/\/www.gaveanews.com\/wp-content\/uploads\/2023-04-29t184531z-1598421574-up1ej4t1g3tth-rtrmadp-3-soccer-spain-mad-uda-report.webp","type":"image\/webp"}],"author":"Reda\u00e7\u00e3o","twitter_card":"summary_large_image","twitter_misc":{"Escrito por":"Reda\u00e7\u00e3o","Est. tempo de leitura":"2 minutos"},"schema":{"@context":"https:\/\/schema.org","@graph":[{"@type":"NewsArticle","@id":"https:\/\/www.gaveanews.com\/index.php\/2025\/10\/15\/selecao-brasileira-pode-atrapalhar-o-flamengo-na-reta-final-da-temporada-entenda\/#article","isPartOf":{"@id":"https:\/\/www.gaveanews.com\/index.php\/2025\/10\/15\/selecao-brasileira-pode-atrapalhar-o-flamengo-na-reta-final-da-temporada-entenda\/"},"author":{"name":"Reda\u00e7\u00e3o","@id":"https:\/\/www.gaveanews.com\/#\/schema\/person\/c88645e3d550d0b6574305e67dd5a716"},"headline":"Sele\u00e7\u00e3o Brasileira pode atrapalhar o Flamengo na reta final da temporada; entenda","datePublished":"2025-10-15T21:00:00+00:00","mainEntityOfPage":{"@id":"https:\/\/www.gaveanews.com\/index.php\/2025\/10\/15\/selecao-brasileira-pode-atrapalhar-o-flamengo-na-reta-final-da-temporada-entenda\/"},"wordCount":325,"commentCount":0,"image":{"@id":"https:\/\/www.gaveanews.com\/index.php\/2025\/10\/15\/selecao-brasileira-pode-atrapalhar-o-flamengo-na-reta-final-da-temporada-entenda\/#primaryimage"},"thumbnailUrl":"https:\/\/www.gaveanews.com\/wp-content\/uploads\/2023-04-29t184531z-1598421574-up1ej4t1g3tth-rtrmadp-3-soccer-spain-mad-uda-report.webp","articleSection":["Flamengo"],"inLanguage":"pt-BR","potentialAction":[{"@type":"CommentAction","name":"Comment","target":["https:\/\/www.gaveanews.com\/index.php\/2025\/10\/15\/selecao-brasileira-pode-atrapalhar-o-flamengo-na-reta-final-da-temporada-entenda\/#respond"]}],"copyrightYear":"2025","copyrightHolder":{"@id":"https:\/\/www.gaveanews.com\/#organization"}},{"@type":"WebPage","@id":"https:\/\/www.gaveanews.com\/index.php\/2025\/10\/15\/selecao-brasileira-pode-atrapalhar-o-flamengo-na-reta-final-da-temporada-entenda\/","url":"https:\/\/www.gaveanews.com\/index.php\/2025\/10\/15\/selecao-brasileira-pode-atrapalhar-o-flamengo-na-reta-final-da-temporada-entenda\/","name":"Sele\u00e7\u00e3o Brasileira pode atrapalhar o Flamengo na reta final da temporada; entenda","isPartOf":{"@id":"https:\/\/www.gaveanews.com\/#website"},"primaryImageOfPage":{"@id":"https:\/\/www.gaveanews.com\/index.php\/2025\/10\/15\/selecao-brasileira-pode-atrapalhar-o-flamengo-na-reta-final-da-temporada-entenda\/#primaryimage"},"image":{"@id":"https:\/\/www.gaveanews.com\/index.php\/2025\/10\/15\/selecao-brasileira-pode-atrapalhar-o-flamengo-na-reta-final-da-temporada-entenda\/#primaryimage"},"thumbnailUrl":"https:\/\/www.gaveanews.com\/wp-content\/uploads\/2023-04-29t184531z-1598421574-up1ej4t1g3tth-rtrmadp-3-soccer-spain-mad-uda-report.webp","datePublished":"2025-10-15T21:00:00+00:00","author":{"@id":"https:\/\/www.gaveanews.com\/#\/schema\/person\/c88645e3d550d0b6574305e67dd5a716"},"breadcrumb":{"@id":"https:\/\/www.gaveanews.com\/index.php\/2025\/10\/15\/selecao-brasileira-pode-atrapalhar-o-flamengo-na-reta-final-da-temporada-entenda\/#breadcrumb"},"inLanguage":"pt-BR","potentialAction":[{"@type":"ReadAction","target":["https:\/\/www.gaveanews.com\/index.php\/2025\/10\/15\/selecao-brasileira-pode-atrapalhar-o-flamengo-na-reta-final-da-temporada-entenda\/"]}]},{"@type":"ImageObject","inLanguage":"pt-BR","@id":"https:\/\/www.gaveanews.com\/index.php\/2025\/10\/15\/selecao-brasileira-pode-atrapalhar-o-flamengo-na-reta-final-da-temporada-entenda\/#primaryimage","url":"https:\/\/www.gaveanews.com\/wp-content\/uploads\/2023-04-29t184531z-1598421574-up1ej4t1g3tth-rtrmadp-3-soccer-spain-mad-uda-report.webp","contentUrl":"https:\/\/www.gaveanews.com\/wp-content\/uploads\/2023-04-29t184531z-1598421574-up1ej4t1g3tth-rtrmadp-3-soccer-spain-mad-uda-report.webp","width":984,"height":678,"caption":"Carlo Ancelotti, t\u00e9cnico do Real Madrid (Foto: Reuters)"},{"@type":"BreadcrumbList","@id":"https:\/\/www.gaveanews.com\/index.php\/2025\/10\/15\/selecao-brasileira-pode-atrapalhar-o-flamengo-na-reta-final-da-temporada-entenda\/#breadcrumb","itemListElement":[{"@type":"ListItem","position":1,"name":"Home","item":"https:\/\/www.gaveanews.com\/"},{"@type":"ListItem","position":2,"name":"Sele\u00e7\u00e3o Brasileira pode atrapalhar o Flamengo na reta final da temporada; entenda"}]},{"@type":"WebSite","@id":"https:\/\/www.gaveanews.com\/#website","url":"https:\/\/www.gaveanews.com\/","name":"G\u00e1vea News","description":"Veja todas as not\u00edcias sobre o Flamengo: Contrata\u00e7\u00f5es, categorias de base, resultados das partidas, tabela de classifica\u00e7\u00e3o, pr\u00f3ximos jogos!","potentialAction":[{"@type":"SearchAction","target":{"@type":"EntryPoint","urlTemplate":"https:\/\/www.gaveanews.com\/?s={search_term_string}"},"query-input":{"@type":"PropertyValueSpecification","valueRequired":true,"valueName":"search_term_string"}}],"inLanguage":"pt-BR"},{"@type":"Person","@id":"https:\/\/www.gaveanews.com\/#\/schema\/person\/c88645e3d550d0b6574305e67dd5a716","name":"Reda\u00e7\u00e3o","image":{"@type":"ImageObject","inLanguage":"pt-BR","@id":"https:\/\/www.gaveanews.com\/#\/schema\/person\/image\/","url":"https:\/\/secure.gravatar.com\/avatar\/434098fd823f0dc1b062d14ca22bacaa6e38de28d8c816bbef6fc2f8c44d8ba3?s=96&d=mm&r=g","contentUrl":"https:\/\/secure.gravatar.com\/avatar\/434098fd823f0dc1b062d14ca22bacaa6e38de28d8c816bbef6fc2f8c44d8ba3?s=96&d=mm&r=g","caption":"Reda\u00e7\u00e3o"}}]}},"_links":{"self":[{"href":"https:\/\/www.gaveanews.com\/index.php\/wp-json\/wp\/v2\/posts\/278574","targetHints":{"allow":["GET"]}}],"collection":[{"href":"https:\/\/www.gaveanews.com\/index.php\/wp-json\/wp\/v2\/posts"}],"about":[{"href":"https:\/\/www.gaveanews.com\/index.php\/wp-json\/wp\/v2\/types\/post"}],"author":[{"embeddable":true,"href":"https:\/\/www.gaveanews.com\/index.php\/wp-json\/wp\/v2\/users\/39"}],"replies":[{"embeddable":true,"href":"https:\/\/www.gaveanews.com\/index.php\/wp-json\/wp\/v2\/comments?post=278574"}],"version-history":[{"count":1,"href":"https:\/\/www.gaveanews.com\/index.php\/wp-json\/wp\/v2\/posts\/278574\/revisions"}],"predecessor-version":[{"id":278587,"href":"https:\/\/www.gaveanews.com\/index.php\/wp-json\/wp\/v2\/posts\/278574\/revisions\/278587"}],"wp:featuredmedia":[{"embeddable":true,"href":"https:\/\/www.gaveanews.com\/index.php\/wp-json\/wp\/v2\/media\/119629"}],"wp:attachment":[{"href":"https:\/\/www.gaveanews.com\/index.php\/wp-json\/wp\/v2\/media?parent=278574"}],"wp:term":[{"taxonomy":"category","embeddable":true,"href":"https:\/\/www.gaveanews.com\/index.php\/wp-json\/wp\/v2\/categories?post=278574"},{"taxonomy":"post_tag","embeddable":true,"href":"https:\/\/www.gaveanews.com\/index.php\/wp-json\/wp\/v2\/tags?post=278574"}],"curies":[{"name":"wp","href":"https:\/\/api.w.org\/{rel}","templated":true}]}}