{"id":278575,"date":"2025-10-15T20:00:00","date_gmt":"2025-10-15T23:00:00","guid":{"rendered":"https:\/\/www.gaveanews.com\/?p=278575"},"modified":"2025-10-15T19:22:01","modified_gmt":"2025-10-15T22:22:01","slug":"flamengo-x-palmeiras-bap-e-leila-pereira-se-encontram-em-reuniao-na-sede-da-conmebol","status":"publish","type":"post","link":"https:\/\/www.gaveanews.com\/index.php\/2025\/10\/15\/flamengo-x-palmeiras-bap-e-leila-pereira-se-encontram-em-reuniao-na-sede-da-conmebol\/","title":{"rendered":"Flamengo x Palmeiras: Bap e Leila Pereira se encontram em reuni\u00e3o na sede da Conmebol"},"content":{"rendered":"\n<p>As diverg\u00eancias entre Luiz Eduardo Baptista, presidente do Flamengo, e Leila Pereira, mandat\u00e1ria do Palmeiras, escancararam o racha pol\u00edtico dentro da Libra, bloco que re\u00fane clubes da S\u00e9rie A e B para negociar direitos de transmiss\u00e3o de forma coletiva. O embate entre os dois dirigentes ganhou novos contornos com acusa\u00e7\u00f5es p\u00fablicas, aus\u00eancia de di\u00e1logo e clima tenso em reuni\u00f5es, como ocorreu recentemente na sede da Conmebol.<\/p>\n\n\n\n<p>Apesar da tens\u00e3o nos bastidores, ambos estiveram presentes na reuni\u00e3o promovida pela Conmebol com os semifinalistas da Libertadores, em Assun\u00e7\u00e3o. No encontro, segundo relatos, mantiveram postura protocolar, sem trocas de palavras ou gestos p\u00fablicos de hostilidade. Ainda assim, o \u201cclim\u00e3o\u201d entre os dois n\u00e3o passou despercebido pelos demais presentes.<\/p>\n\n\n\n<p>A origem do impasse reside nos crit\u00e9rios de divis\u00e3o das cotas de transmiss\u00e3o, especialmente os par\u00e2metros de audi\u00eancia, cuja f\u00f3rmula ainda \u00e9 considerada incompleta pelo Flamengo. O clube defende que a defini\u00e7\u00e3o depende de voto un\u00e2nime e que o modelo atual favorece desproporcionalmente determinados participantes, como o pr\u00f3prio Palmeiras.<\/p>\n\n\n\n<p>A principal cr\u00edtica de Bap est\u00e1 relacionada \u00e0 suposta predomin\u00e2ncia do Palmeiras nas decis\u00f5es da Libra. Segundo ele, o Flamengo foi sistematicamente ignorado nas discuss\u00f5es sobre os crit\u00e9rios de divis\u00e3o das receitas, o que culminou em uma liminar que bloqueou R$ 77 milh\u00f5es destinados ao grupo. &#8220;Eles em momento nenhum quiseram discutir absolutamente nada&#8221;, afirmou o dirigente rubro-negro, alegando que o clube carioca foi for\u00e7ado a buscar a Justi\u00e7a ap\u00f3s meses tentando uma concilia\u00e7\u00e3o.<\/p>\n\n\n\n<p>Outro ponto levantado por Bap foi a atua\u00e7\u00e3o do advogado Andr\u00e9 Sica, representante da Libra, que teria v\u00ednculos hist\u00f3ricos com o Palmeiras. O presidente do Flamengo criticou a imparcialidade da condu\u00e7\u00e3o jur\u00eddica do bloco: &#8220;A Libra \u00e9 verde. A Libra \u00e9 toda verde. A Libra \u00e9 palmeirense&#8221;.<\/p>\n\n\n\n<p>De forma semelhante, Bap recha\u00e7ou as acusa\u00e7\u00f5es de que o Flamengo teria se recusado a participar do Comit\u00ea de Integra\u00e7\u00e3o com a Liga Forte. Segundo ele, a exclus\u00e3o partiu de clubes como Palmeiras e S\u00e3o Paulo. &#8220;Voc\u00ea tem um ou dois clubes querendo mandar, e eles acham que o Flamengo vai ter um comportamento d\u00f3cil&#8221;, declarou, refor\u00e7ando que a inten\u00e7\u00e3o do clube \u00e9 seguir na Libra, mas com regras mais transparentes e equilibradas.<\/p>\n\n\n\n<p>Leila, por sua vez, reagiu de maneira contundente \u00e0s cr\u00edticas. Em declara\u00e7\u00f5es recentes, comparou a diretoria do Flamengo a \u201cterraplanistas\u201d e insinuou que o clube deveria jogar sozinho, caso n\u00e3o concordasse com as regras coletivas. O tom ir\u00f4nico da fala evidenciou o distanciamento entre os dois presidentes, que j\u00e1 tiveram boa rela\u00e7\u00e3o anteriormente, segundo o pr\u00f3prio Bap. &#8220;A rela\u00e7\u00e3o com a Leila \u00e9 \u00f3tima quando voc\u00ea concorda com tudo que ela quer&#8221;, disse o presidente do Flamengo.<\/p>\n\n\n\n<p>Em meio \u00e0 disputa institucional, a Conmebol tenta manter o foco esportivo da reta final da Libertadores, ao passo que os dois clubes seguem na competi\u00e7\u00e3o e podem se enfrentar na final marcada para o s\u00e1bado (29 de novembro), em Lima. Enquanto isso, as tens\u00f5es nos bastidores indicam que a disputa extrapola os gramados e se consolida como um dos principais cap\u00edtulos da pol\u00edtica do futebol brasileiro.<\/p>\n","protected":false},"excerpt":{"rendered":"<p>As diverg\u00eancias entre Luiz Eduardo Baptista, presidente do Flamengo, e Leila Pereira, mandat\u00e1ria do Palmeiras, escancararam o racha pol\u00edtico dentro da Libra, bloco que re\u00fane clubes da S\u00e9rie A e B para negociar direitos de transmiss\u00e3o de forma coletiva. O embate entre os dois dirigentes ganhou novos contornos com acusa\u00e7\u00f5es p\u00fablicas, aus\u00eancia de di\u00e1logo e [&hellip;]<\/p>\n","protected":false},"author":39,"featured_media":278593,"comment_status":"open","ping_status":"closed","sticky":false,"template":"","format":"standard","meta":{"footnotes":""},"categories":[1],"tags":[],"class_list":["post-278575","post","type-post","status-publish","format-standard","has-post-thumbnail","hentry","category-flamengo"],"yoast_head":"<!-- This site is optimized with the Yoast SEO Premium plugin v24.2 (Yoast SEO v26.9) - https:\/\/yoast.com\/product\/yoast-seo-premium-wordpress\/ -->\n<title>Flamengo x Palmeiras: Bap e Leila Pereira se encontram em reuni\u00e3o na sede da Conmebol<\/title>\n<meta name=\"robots\" content=\"index, follow, max-snippet:-1, max-image-preview:large, max-video-preview:-1\" \/>\n<link rel=\"canonical\" href=\"https:\/\/www.gaveanews.com\/index.php\/2025\/10\/15\/flamengo-x-palmeiras-bap-e-leila-pereira-se-encontram-em-reuniao-na-sede-da-conmebol\/\" \/>\n<meta property=\"og:locale\" content=\"pt_BR\" \/>\n<meta property=\"og:type\" content=\"article\" \/>\n<meta property=\"og:title\" content=\"Flamengo x Palmeiras: Bap e Leila Pereira se encontram em reuni\u00e3o na sede da Conmebol\" \/>\n<meta property=\"og:description\" content=\"As diverg\u00eancias entre Luiz Eduardo Baptista, presidente do Flamengo, e Leila Pereira, mandat\u00e1ria do Palmeiras, escancararam o racha pol\u00edtico dentro da Libra, bloco que re\u00fane clubes da S\u00e9rie A e B para negociar direitos de transmiss\u00e3o de forma coletiva. O embate entre os dois dirigentes ganhou novos contornos com acusa\u00e7\u00f5es p\u00fablicas, aus\u00eancia de di\u00e1logo e [&hellip;]\" \/>\n<meta property=\"og:url\" content=\"https:\/\/www.gaveanews.com\/index.php\/2025\/10\/15\/flamengo-x-palmeiras-bap-e-leila-pereira-se-encontram-em-reuniao-na-sede-da-conmebol\/\" \/>\n<meta property=\"og:site_name\" content=\"G\u00e1vea News\" \/>\n<meta property=\"article:publisher\" content=\"https:\/\/facebook.com\/gaveaNews\/\" \/>\n<meta property=\"article:published_time\" content=\"2025-10-15T23:00:00+00:00\" \/>\n<meta property=\"og:image\" content=\"https:\/\/www.gaveanews.com\/wp-content\/uploads\/Leila-Pereira-e-Bap-na-Conmebol.png\" \/>\n\t<meta property=\"og:image:width\" content=\"1200\" \/>\n\t<meta property=\"og:image:height\" content=\"900\" \/>\n\t<meta property=\"og:image:type\" content=\"image\/png\" \/>\n<meta name=\"author\" content=\"Reda\u00e7\u00e3o\" \/>\n<meta name=\"twitter:card\" content=\"summary_large_image\" \/>\n<meta name=\"twitter:label1\" content=\"Escrito por\" \/>\n\t<meta name=\"twitter:data1\" content=\"Reda\u00e7\u00e3o\" \/>\n\t<meta name=\"twitter:label2\" content=\"Est. tempo de leitura\" \/>\n\t<meta name=\"twitter:data2\" content=\"3 minutos\" \/>\n<script type=\"application\/ld+json\" class=\"yoast-schema-graph\">{\"@context\":\"https:\/\/schema.org\",\"@graph\":[{\"@type\":\"NewsArticle\",\"@id\":\"https:\/\/www.gaveanews.com\/index.php\/2025\/10\/15\/flamengo-x-palmeiras-bap-e-leila-pereira-se-encontram-em-reuniao-na-sede-da-conmebol\/#article\",\"isPartOf\":{\"@id\":\"https:\/\/www.gaveanews.com\/index.php\/2025\/10\/15\/flamengo-x-palmeiras-bap-e-leila-pereira-se-encontram-em-reuniao-na-sede-da-conmebol\/\"},\"author\":{\"name\":\"Reda\u00e7\u00e3o\",\"@id\":\"https:\/\/www.gaveanews.com\/#\/schema\/person\/c88645e3d550d0b6574305e67dd5a716\"},\"headline\":\"Flamengo x Palmeiras: Bap e Leila Pereira se encontram em reuni\u00e3o na sede da Conmebol\",\"datePublished\":\"2025-10-15T23:00:00+00:00\",\"mainEntityOfPage\":{\"@id\":\"https:\/\/www.gaveanews.com\/index.php\/2025\/10\/15\/flamengo-x-palmeiras-bap-e-leila-pereira-se-encontram-em-reuniao-na-sede-da-conmebol\/\"},\"wordCount\":570,\"commentCount\":0,\"image\":{\"@id\":\"https:\/\/www.gaveanews.com\/index.php\/2025\/10\/15\/flamengo-x-palmeiras-bap-e-leila-pereira-se-encontram-em-reuniao-na-sede-da-conmebol\/#primaryimage\"},\"thumbnailUrl\":\"https:\/\/www.gaveanews.com\/wp-content\/uploads\/Leila-Pereira-e-Bap-na-Conmebol.png\",\"articleSection\":[\"Flamengo\"],\"inLanguage\":\"pt-BR\",\"potentialAction\":[{\"@type\":\"CommentAction\",\"name\":\"Comment\",\"target\":[\"https:\/\/www.gaveanews.com\/index.php\/2025\/10\/15\/flamengo-x-palmeiras-bap-e-leila-pereira-se-encontram-em-reuniao-na-sede-da-conmebol\/#respond\"]}],\"copyrightYear\":\"2025\",\"copyrightHolder\":{\"@id\":\"https:\/\/www.gaveanews.com\/#organization\"}},{\"@type\":\"WebPage\",\"@id\":\"https:\/\/www.gaveanews.com\/index.php\/2025\/10\/15\/flamengo-x-palmeiras-bap-e-leila-pereira-se-encontram-em-reuniao-na-sede-da-conmebol\/\",\"url\":\"https:\/\/www.gaveanews.com\/index.php\/2025\/10\/15\/flamengo-x-palmeiras-bap-e-leila-pereira-se-encontram-em-reuniao-na-sede-da-conmebol\/\",\"name\":\"Flamengo x Palmeiras: Bap e Leila Pereira se encontram em reuni\u00e3o na sede da Conmebol\",\"isPartOf\":{\"@id\":\"https:\/\/www.gaveanews.com\/#website\"},\"primaryImageOfPage\":{\"@id\":\"https:\/\/www.gaveanews.com\/index.php\/2025\/10\/15\/flamengo-x-palmeiras-bap-e-leila-pereira-se-encontram-em-reuniao-na-sede-da-conmebol\/#primaryimage\"},\"image\":{\"@id\":\"https:\/\/www.gaveanews.com\/index.php\/2025\/10\/15\/flamengo-x-palmeiras-bap-e-leila-pereira-se-encontram-em-reuniao-na-sede-da-conmebol\/#primaryimage\"},\"thumbnailUrl\":\"https:\/\/www.gaveanews.com\/wp-content\/uploads\/Leila-Pereira-e-Bap-na-Conmebol.png\",\"datePublished\":\"2025-10-15T23:00:00+00:00\",\"author\":{\"@id\":\"https:\/\/www.gaveanews.com\/#\/schema\/person\/c88645e3d550d0b6574305e67dd5a716\"},\"breadcrumb\":{\"@id\":\"https:\/\/www.gaveanews.com\/index.php\/2025\/10\/15\/flamengo-x-palmeiras-bap-e-leila-pereira-se-encontram-em-reuniao-na-sede-da-conmebol\/#breadcrumb\"},\"inLanguage\":\"pt-BR\",\"potentialAction\":[{\"@type\":\"ReadAction\",\"target\":[\"https:\/\/www.gaveanews.com\/index.php\/2025\/10\/15\/flamengo-x-palmeiras-bap-e-leila-pereira-se-encontram-em-reuniao-na-sede-da-conmebol\/\"]}]},{\"@type\":\"ImageObject\",\"inLanguage\":\"pt-BR\",\"@id\":\"https:\/\/www.gaveanews.com\/index.php\/2025\/10\/15\/flamengo-x-palmeiras-bap-e-leila-pereira-se-encontram-em-reuniao-na-sede-da-conmebol\/#primaryimage\",\"url\":\"https:\/\/www.gaveanews.com\/wp-content\/uploads\/Leila-Pereira-e-Bap-na-Conmebol.png\",\"contentUrl\":\"https:\/\/www.gaveanews.com\/wp-content\/uploads\/Leila-Pereira-e-Bap-na-Conmebol.png\",\"width\":1200,\"height\":900,\"caption\":\"Leila Pereira e Bap na Conmebol (Foto: Conmebol)\"},{\"@type\":\"BreadcrumbList\",\"@id\":\"https:\/\/www.gaveanews.com\/index.php\/2025\/10\/15\/flamengo-x-palmeiras-bap-e-leila-pereira-se-encontram-em-reuniao-na-sede-da-conmebol\/#breadcrumb\",\"itemListElement\":[{\"@type\":\"ListItem\",\"position\":1,\"name\":\"Home\",\"item\":\"https:\/\/www.gaveanews.com\/\"},{\"@type\":\"ListItem\",\"position\":2,\"name\":\"Flamengo x Palmeiras: Bap e Leila Pereira se encontram em reuni\u00e3o na sede da Conmebol\"}]},{\"@type\":\"WebSite\",\"@id\":\"https:\/\/www.gaveanews.com\/#website\",\"url\":\"https:\/\/www.gaveanews.com\/\",\"name\":\"G\u00e1vea News\",\"description\":\"Veja todas as not\u00edcias sobre o Flamengo: Contrata\u00e7\u00f5es, categorias de base, resultados das partidas, tabela de classifica\u00e7\u00e3o, pr\u00f3ximos jogos!\",\"potentialAction\":[{\"@type\":\"SearchAction\",\"target\":{\"@type\":\"EntryPoint\",\"urlTemplate\":\"https:\/\/www.gaveanews.com\/?s={search_term_string}\"},\"query-input\":{\"@type\":\"PropertyValueSpecification\",\"valueRequired\":true,\"valueName\":\"search_term_string\"}}],\"inLanguage\":\"pt-BR\"},{\"@type\":\"Person\",\"@id\":\"https:\/\/www.gaveanews.com\/#\/schema\/person\/c88645e3d550d0b6574305e67dd5a716\",\"name\":\"Reda\u00e7\u00e3o\",\"image\":{\"@type\":\"ImageObject\",\"inLanguage\":\"pt-BR\",\"@id\":\"https:\/\/www.gaveanews.com\/#\/schema\/person\/image\/\",\"url\":\"https:\/\/secure.gravatar.com\/avatar\/434098fd823f0dc1b062d14ca22bacaa6e38de28d8c816bbef6fc2f8c44d8ba3?s=96&d=mm&r=g\",\"contentUrl\":\"https:\/\/secure.gravatar.com\/avatar\/434098fd823f0dc1b062d14ca22bacaa6e38de28d8c816bbef6fc2f8c44d8ba3?s=96&d=mm&r=g\",\"caption\":\"Reda\u00e7\u00e3o\"}}]}<\/script>\n<!-- \/ Yoast SEO Premium plugin. -->","yoast_head_json":{"title":"Flamengo x Palmeiras: Bap e Leila Pereira se encontram em reuni\u00e3o na sede da Conmebol","robots":{"index":"index","follow":"follow","max-snippet":"max-snippet:-1","max-image-preview":"max-image-preview:large","max-video-preview":"max-video-preview:-1"},"canonical":"https:\/\/www.gaveanews.com\/index.php\/2025\/10\/15\/flamengo-x-palmeiras-bap-e-leila-pereira-se-encontram-em-reuniao-na-sede-da-conmebol\/","og_locale":"pt_BR","og_type":"article","og_title":"Flamengo x Palmeiras: Bap e Leila Pereira se encontram em reuni\u00e3o na sede da Conmebol","og_description":"As diverg\u00eancias entre Luiz Eduardo Baptista, presidente do Flamengo, e Leila Pereira, mandat\u00e1ria do Palmeiras, escancararam o racha pol\u00edtico dentro da Libra, bloco que re\u00fane clubes da S\u00e9rie A e B para negociar direitos de transmiss\u00e3o de forma coletiva. O embate entre os dois dirigentes ganhou novos contornos com acusa\u00e7\u00f5es p\u00fablicas, aus\u00eancia de di\u00e1logo e [&hellip;]","og_url":"https:\/\/www.gaveanews.com\/index.php\/2025\/10\/15\/flamengo-x-palmeiras-bap-e-leila-pereira-se-encontram-em-reuniao-na-sede-da-conmebol\/","og_site_name":"G\u00e1vea News","article_publisher":"https:\/\/facebook.com\/gaveaNews\/","article_published_time":"2025-10-15T23:00:00+00:00","og_image":[{"width":1200,"height":900,"url":"https:\/\/www.gaveanews.com\/wp-content\/uploads\/Leila-Pereira-e-Bap-na-Conmebol.png","type":"image\/png"}],"author":"Reda\u00e7\u00e3o","twitter_card":"summary_large_image","twitter_misc":{"Escrito por":"Reda\u00e7\u00e3o","Est. tempo de leitura":"3 minutos"},"schema":{"@context":"https:\/\/schema.org","@graph":[{"@type":"NewsArticle","@id":"https:\/\/www.gaveanews.com\/index.php\/2025\/10\/15\/flamengo-x-palmeiras-bap-e-leila-pereira-se-encontram-em-reuniao-na-sede-da-conmebol\/#article","isPartOf":{"@id":"https:\/\/www.gaveanews.com\/index.php\/2025\/10\/15\/flamengo-x-palmeiras-bap-e-leila-pereira-se-encontram-em-reuniao-na-sede-da-conmebol\/"},"author":{"name":"Reda\u00e7\u00e3o","@id":"https:\/\/www.gaveanews.com\/#\/schema\/person\/c88645e3d550d0b6574305e67dd5a716"},"headline":"Flamengo x Palmeiras: Bap e Leila Pereira se encontram em reuni\u00e3o na sede da Conmebol","datePublished":"2025-10-15T23:00:00+00:00","mainEntityOfPage":{"@id":"https:\/\/www.gaveanews.com\/index.php\/2025\/10\/15\/flamengo-x-palmeiras-bap-e-leila-pereira-se-encontram-em-reuniao-na-sede-da-conmebol\/"},"wordCount":570,"commentCount":0,"image":{"@id":"https:\/\/www.gaveanews.com\/index.php\/2025\/10\/15\/flamengo-x-palmeiras-bap-e-leila-pereira-se-encontram-em-reuniao-na-sede-da-conmebol\/#primaryimage"},"thumbnailUrl":"https:\/\/www.gaveanews.com\/wp-content\/uploads\/Leila-Pereira-e-Bap-na-Conmebol.png","articleSection":["Flamengo"],"inLanguage":"pt-BR","potentialAction":[{"@type":"CommentAction","name":"Comment","target":["https:\/\/www.gaveanews.com\/index.php\/2025\/10\/15\/flamengo-x-palmeiras-bap-e-leila-pereira-se-encontram-em-reuniao-na-sede-da-conmebol\/#respond"]}],"copyrightYear":"2025","copyrightHolder":{"@id":"https:\/\/www.gaveanews.com\/#organization"}},{"@type":"WebPage","@id":"https:\/\/www.gaveanews.com\/index.php\/2025\/10\/15\/flamengo-x-palmeiras-bap-e-leila-pereira-se-encontram-em-reuniao-na-sede-da-conmebol\/","url":"https:\/\/www.gaveanews.com\/index.php\/2025\/10\/15\/flamengo-x-palmeiras-bap-e-leila-pereira-se-encontram-em-reuniao-na-sede-da-conmebol\/","name":"Flamengo x Palmeiras: Bap e Leila Pereira se encontram em reuni\u00e3o na sede da Conmebol","isPartOf":{"@id":"https:\/\/www.gaveanews.com\/#website"},"primaryImageOfPage":{"@id":"https:\/\/www.gaveanews.com\/index.php\/2025\/10\/15\/flamengo-x-palmeiras-bap-e-leila-pereira-se-encontram-em-reuniao-na-sede-da-conmebol\/#primaryimage"},"image":{"@id":"https:\/\/www.gaveanews.com\/index.php\/2025\/10\/15\/flamengo-x-palmeiras-bap-e-leila-pereira-se-encontram-em-reuniao-na-sede-da-conmebol\/#primaryimage"},"thumbnailUrl":"https:\/\/www.gaveanews.com\/wp-content\/uploads\/Leila-Pereira-e-Bap-na-Conmebol.png","datePublished":"2025-10-15T23:00:00+00:00","author":{"@id":"https:\/\/www.gaveanews.com\/#\/schema\/person\/c88645e3d550d0b6574305e67dd5a716"},"breadcrumb":{"@id":"https:\/\/www.gaveanews.com\/index.php\/2025\/10\/15\/flamengo-x-palmeiras-bap-e-leila-pereira-se-encontram-em-reuniao-na-sede-da-conmebol\/#breadcrumb"},"inLanguage":"pt-BR","potentialAction":[{"@type":"ReadAction","target":["https:\/\/www.gaveanews.com\/index.php\/2025\/10\/15\/flamengo-x-palmeiras-bap-e-leila-pereira-se-encontram-em-reuniao-na-sede-da-conmebol\/"]}]},{"@type":"ImageObject","inLanguage":"pt-BR","@id":"https:\/\/www.gaveanews.com\/index.php\/2025\/10\/15\/flamengo-x-palmeiras-bap-e-leila-pereira-se-encontram-em-reuniao-na-sede-da-conmebol\/#primaryimage","url":"https:\/\/www.gaveanews.com\/wp-content\/uploads\/Leila-Pereira-e-Bap-na-Conmebol.png","contentUrl":"https:\/\/www.gaveanews.com\/wp-content\/uploads\/Leila-Pereira-e-Bap-na-Conmebol.png","width":1200,"height":900,"caption":"Leila Pereira e Bap na Conmebol (Foto: Conmebol)"},{"@type":"BreadcrumbList","@id":"https:\/\/www.gaveanews.com\/index.php\/2025\/10\/15\/flamengo-x-palmeiras-bap-e-leila-pereira-se-encontram-em-reuniao-na-sede-da-conmebol\/#breadcrumb","itemListElement":[{"@type":"ListItem","position":1,"name":"Home","item":"https:\/\/www.gaveanews.com\/"},{"@type":"ListItem","position":2,"name":"Flamengo x Palmeiras: Bap e Leila Pereira se encontram em reuni\u00e3o na sede da Conmebol"}]},{"@type":"WebSite","@id":"https:\/\/www.gaveanews.com\/#website","url":"https:\/\/www.gaveanews.com\/","name":"G\u00e1vea News","description":"Veja todas as not\u00edcias sobre o Flamengo: Contrata\u00e7\u00f5es, categorias de base, resultados das partidas, tabela de classifica\u00e7\u00e3o, pr\u00f3ximos jogos!","potentialAction":[{"@type":"SearchAction","target":{"@type":"EntryPoint","urlTemplate":"https:\/\/www.gaveanews.com\/?s={search_term_string}"},"query-input":{"@type":"PropertyValueSpecification","valueRequired":true,"valueName":"search_term_string"}}],"inLanguage":"pt-BR"},{"@type":"Person","@id":"https:\/\/www.gaveanews.com\/#\/schema\/person\/c88645e3d550d0b6574305e67dd5a716","name":"Reda\u00e7\u00e3o","image":{"@type":"ImageObject","inLanguage":"pt-BR","@id":"https:\/\/www.gaveanews.com\/#\/schema\/person\/image\/","url":"https:\/\/secure.gravatar.com\/avatar\/434098fd823f0dc1b062d14ca22bacaa6e38de28d8c816bbef6fc2f8c44d8ba3?s=96&d=mm&r=g","contentUrl":"https:\/\/secure.gravatar.com\/avatar\/434098fd823f0dc1b062d14ca22bacaa6e38de28d8c816bbef6fc2f8c44d8ba3?s=96&d=mm&r=g","caption":"Reda\u00e7\u00e3o"}}]}},"_links":{"self":[{"href":"https:\/\/www.gaveanews.com\/index.php\/wp-json\/wp\/v2\/posts\/278575","targetHints":{"allow":["GET"]}}],"collection":[{"href":"https:\/\/www.gaveanews.com\/index.php\/wp-json\/wp\/v2\/posts"}],"about":[{"href":"https:\/\/www.gaveanews.com\/index.php\/wp-json\/wp\/v2\/types\/post"}],"author":[{"embeddable":true,"href":"https:\/\/www.gaveanews.com\/index.php\/wp-json\/wp\/v2\/users\/39"}],"replies":[{"embeddable":true,"href":"https:\/\/www.gaveanews.com\/index.php\/wp-json\/wp\/v2\/comments?post=278575"}],"version-history":[{"count":1,"href":"https:\/\/www.gaveanews.com\/index.php\/wp-json\/wp\/v2\/posts\/278575\/revisions"}],"predecessor-version":[{"id":278594,"href":"https:\/\/www.gaveanews.com\/index.php\/wp-json\/wp\/v2\/posts\/278575\/revisions\/278594"}],"wp:featuredmedia":[{"embeddable":true,"href":"https:\/\/www.gaveanews.com\/index.php\/wp-json\/wp\/v2\/media\/278593"}],"wp:attachment":[{"href":"https:\/\/www.gaveanews.com\/index.php\/wp-json\/wp\/v2\/media?parent=278575"}],"wp:term":[{"taxonomy":"category","embeddable":true,"href":"https:\/\/www.gaveanews.com\/index.php\/wp-json\/wp\/v2\/categories?post=278575"},{"taxonomy":"post_tag","embeddable":true,"href":"https:\/\/www.gaveanews.com\/index.php\/wp-json\/wp\/v2\/tags?post=278575"}],"curies":[{"name":"wp","href":"https:\/\/api.w.org\/{rel}","templated":true}]}}