{"id":278588,"date":"2025-10-15T19:00:00","date_gmt":"2025-10-15T22:00:00","guid":{"rendered":"https:\/\/www.gaveanews.com\/?p=278588"},"modified":"2025-10-15T21:06:05","modified_gmt":"2025-10-16T00:06:05","slug":"a-declaracao-de-casagrande-direcionada-a-flamengo-e-palmeiras","status":"publish","type":"post","link":"https:\/\/www.gaveanews.com\/index.php\/2025\/10\/15\/a-declaracao-de-casagrande-direcionada-a-flamengo-e-palmeiras\/","title":{"rendered":"A declara\u00e7\u00e3o de Casagrande direcionada a Flamengo e Palmeiras"},"content":{"rendered":"\n<p>Nesta quarta-feira (15 de outubro), <a href=\"https:\/\/www.gaveanews.com\/index.php\/category\/brasileirao\/botafogo\/\" target=\"_blank\" rel=\"noopener noreferrer\">Botafogo<\/a> e <a href=\"https:\/\/www.gaveanews.com\/index.php\/category\/brasileirao\/flamengo\/\" target=\"_blank\" rel=\"noopener noreferrer\">Flamengo<\/a> jogam \u00e0s 19h30 (hor\u00e1rio de Bras\u00edlia), no Engenh\u00e3o, pela 28\u00aa rodada do Brasileir\u00e3o. Meia hora antes, \u00e0s 19 horas (hor\u00e1rio de Bras\u00edlia), o <a href=\"https:\/\/www.gaveanews.com\/index.php\/category\/brasileirao\/palmeiras\/\" target=\"_blank\" rel=\"noopener noreferrer\">Palmeiras<\/a> recebe o RB Bragantino no Allianz Parque. O cl\u00e1ssico antecede Flamengo x Palmeiras no domingo (19 de outubro), no Maracan\u00e3.<\/p>\n\n\n\n<p>O Flamengo soma 55 pontos e venceu uma vez nas \u00faltimas tr\u00eas rodadas. Com Filipe Lu\u00eds, o time tem 66,7% de aproveitamento em cl\u00e1ssicos estaduais, al\u00e9m de t\u00edtulos da Supercopa contra o Botafogo e do Carioca diante do <a href=\"https:\/\/www.gaveanews.com\/index.php\/category\/brasileirao\/fluminense\/\" target=\"_blank\" rel=\"noopener noreferrer\">Fluminense<\/a>. Est\u00e3o pendurados Arrascaeta, Allan, Carrascal, Jorginho e Pulgar. De La Cruz foi poupado por causa do gramado sint\u00e9tico do Engenh\u00e3o.<\/p>\n\n\n\n<p>Ao avaliar os jogos desta rodada, Casagrande apontou diferen\u00e7a de dificuldade entre os compromissos de Flamengo e Palmeiras.<\/p>\n\n\n\n<p>&#8220;Eu acho que o Palmeiras vai se sair melhor nessa rodada. Pelas dificuldades dos jogos e pelo hist\u00f3rico recente de cada jogo&#8221;.<\/p>\n\n\n\n<p>Na an\u00e1lise do cl\u00e1ssico, ele destacou fatores de contexto, como a natureza do confronto, o mando e as condi\u00e7\u00f5es do campo no Engenh\u00e3o, al\u00e9m do momento do Botafogo na tabela.<\/p>\n\n\n\n<p>&#8220;O Flamengo vai jogar um cl\u00e1ssico. Fora de casa, no campo com piso de pl\u00e1stico. \u00c9 diferente. O Botafogo tem um bom time tamb\u00e9m. Est\u00e1 ali querendo se juntar no G4. Ent\u00e3o, eu acho que o jogo do Flamengo \u00e9 muito mais dif\u00edcil&#8221;.<\/p>\n\n\n\n<p>Casagrande ainda \u201carriscou\u201d palpites sobre os resultados mais prov\u00e1veis da noite, relacionando-os ao impacto na diferen\u00e7a entre l\u00edder e vice-l\u00edder.<\/p>\n\n\n\n<p>&#8220;Ent\u00e3o, eu acho que tem a possibilidade de aumentar para cinco pontos de diferen\u00e7a a rodada de hoje. Eu acho que essa \u00e9 uma tend\u00eancia natural. O empate Flamengo e Botafogo \u00e9 normal\u00edssimo. E uma vit\u00f3ria do Palmeiras sobre o Bragantino em casa \u00e9 normal\u00edssimo tamb\u00e9m&#8221;.<\/p>\n","protected":false},"excerpt":{"rendered":"<p>Nesta quarta-feira (15 de outubro), Botafogo e Flamengo jogam \u00e0s 19h30 (hor\u00e1rio de Bras\u00edlia), no Engenh\u00e3o, pela 28\u00aa rodada do Brasileir\u00e3o. Meia hora antes, \u00e0s 19 horas (hor\u00e1rio de Bras\u00edlia), o Palmeiras recebe o RB Bragantino no Allianz Parque. O cl\u00e1ssico antecede Flamengo x Palmeiras no domingo (19 de outubro), no Maracan\u00e3. O Flamengo soma [&hellip;]<\/p>\n","protected":false},"author":39,"featured_media":66729,"comment_status":"open","ping_status":"closed","sticky":false,"template":"","format":"standard","meta":{"footnotes":""},"categories":[1],"tags":[],"class_list":["post-278588","post","type-post","status-publish","format-standard","has-post-thumbnail","hentry","category-flamengo"],"yoast_head":"<!-- This site is optimized with the Yoast SEO Premium plugin v24.2 (Yoast SEO v26.9) - https:\/\/yoast.com\/product\/yoast-seo-premium-wordpress\/ -->\n<title>A declara\u00e7\u00e3o de Casagrande direcionada a Flamengo e Palmeiras<\/title>\n<meta name=\"robots\" content=\"index, follow, max-snippet:-1, max-image-preview:large, max-video-preview:-1\" \/>\n<link rel=\"canonical\" href=\"https:\/\/www.gaveanews.com\/index.php\/2025\/10\/15\/a-declaracao-de-casagrande-direcionada-a-flamengo-e-palmeiras\/\" \/>\n<meta property=\"og:locale\" content=\"pt_BR\" \/>\n<meta property=\"og:type\" content=\"article\" \/>\n<meta property=\"og:title\" content=\"A declara\u00e7\u00e3o de Casagrande direcionada a Flamengo e Palmeiras\" \/>\n<meta property=\"og:description\" content=\"Nesta quarta-feira (15 de outubro), Botafogo e Flamengo jogam \u00e0s 19h30 (hor\u00e1rio de Bras\u00edlia), no Engenh\u00e3o, pela 28\u00aa rodada do Brasileir\u00e3o. Meia hora antes, \u00e0s 19 horas (hor\u00e1rio de Bras\u00edlia), o Palmeiras recebe o RB Bragantino no Allianz Parque. O cl\u00e1ssico antecede Flamengo x Palmeiras no domingo (19 de outubro), no Maracan\u00e3. O Flamengo soma [&hellip;]\" \/>\n<meta property=\"og:url\" content=\"https:\/\/www.gaveanews.com\/index.php\/2025\/10\/15\/a-declaracao-de-casagrande-direcionada-a-flamengo-e-palmeiras\/\" \/>\n<meta property=\"og:site_name\" content=\"G\u00e1vea News\" \/>\n<meta property=\"article:publisher\" content=\"https:\/\/facebook.com\/gaveaNews\/\" \/>\n<meta property=\"article:published_time\" content=\"2025-10-15T22:00:00+00:00\" \/>\n<meta property=\"article:modified_time\" content=\"2025-10-16T00:06:05+00:00\" \/>\n<meta property=\"og:image\" content=\"http:\/\/www.gaveanews.com\/wp-content\/uploads\/Casagrande-comentarista-do-Grupo-Globo.webp\" \/>\n\t<meta property=\"og:image:width\" content=\"829\" \/>\n\t<meta property=\"og:image:height\" content=\"397\" \/>\n\t<meta property=\"og:image:type\" content=\"image\/jpeg\" \/>\n<meta name=\"author\" content=\"Reda\u00e7\u00e3o\" \/>\n<meta name=\"twitter:card\" content=\"summary_large_image\" \/>\n<meta name=\"twitter:label1\" content=\"Escrito por\" \/>\n\t<meta name=\"twitter:data1\" content=\"Reda\u00e7\u00e3o\" \/>\n\t<meta name=\"twitter:label2\" content=\"Est. tempo de leitura\" \/>\n\t<meta name=\"twitter:data2\" content=\"2 minutos\" \/>\n<script type=\"application\/ld+json\" class=\"yoast-schema-graph\">{\"@context\":\"https:\/\/schema.org\",\"@graph\":[{\"@type\":\"NewsArticle\",\"@id\":\"https:\/\/www.gaveanews.com\/index.php\/2025\/10\/15\/a-declaracao-de-casagrande-direcionada-a-flamengo-e-palmeiras\/#article\",\"isPartOf\":{\"@id\":\"https:\/\/www.gaveanews.com\/index.php\/2025\/10\/15\/a-declaracao-de-casagrande-direcionada-a-flamengo-e-palmeiras\/\"},\"author\":{\"name\":\"Reda\u00e7\u00e3o\",\"@id\":\"https:\/\/www.gaveanews.com\/#\/schema\/person\/c88645e3d550d0b6574305e67dd5a716\"},\"headline\":\"A declara\u00e7\u00e3o de Casagrande direcionada a Flamengo e Palmeiras\",\"datePublished\":\"2025-10-15T22:00:00+00:00\",\"dateModified\":\"2025-10-16T00:06:05+00:00\",\"mainEntityOfPage\":{\"@id\":\"https:\/\/www.gaveanews.com\/index.php\/2025\/10\/15\/a-declaracao-de-casagrande-direcionada-a-flamengo-e-palmeiras\/\"},\"wordCount\":327,\"commentCount\":0,\"image\":{\"@id\":\"https:\/\/www.gaveanews.com\/index.php\/2025\/10\/15\/a-declaracao-de-casagrande-direcionada-a-flamengo-e-palmeiras\/#primaryimage\"},\"thumbnailUrl\":\"https:\/\/www.gaveanews.com\/wp-content\/uploads\/Casagrande-comentarista-do-Grupo-Globo.webp\",\"articleSection\":[\"Flamengo\"],\"inLanguage\":\"pt-BR\",\"potentialAction\":[{\"@type\":\"CommentAction\",\"name\":\"Comment\",\"target\":[\"https:\/\/www.gaveanews.com\/index.php\/2025\/10\/15\/a-declaracao-de-casagrande-direcionada-a-flamengo-e-palmeiras\/#respond\"]}],\"copyrightYear\":\"2025\",\"copyrightHolder\":{\"@id\":\"https:\/\/www.gaveanews.com\/#organization\"}},{\"@type\":\"WebPage\",\"@id\":\"https:\/\/www.gaveanews.com\/index.php\/2025\/10\/15\/a-declaracao-de-casagrande-direcionada-a-flamengo-e-palmeiras\/\",\"url\":\"https:\/\/www.gaveanews.com\/index.php\/2025\/10\/15\/a-declaracao-de-casagrande-direcionada-a-flamengo-e-palmeiras\/\",\"name\":\"A declara\u00e7\u00e3o de Casagrande direcionada a Flamengo e Palmeiras\",\"isPartOf\":{\"@id\":\"https:\/\/www.gaveanews.com\/#website\"},\"primaryImageOfPage\":{\"@id\":\"https:\/\/www.gaveanews.com\/index.php\/2025\/10\/15\/a-declaracao-de-casagrande-direcionada-a-flamengo-e-palmeiras\/#primaryimage\"},\"image\":{\"@id\":\"https:\/\/www.gaveanews.com\/index.php\/2025\/10\/15\/a-declaracao-de-casagrande-direcionada-a-flamengo-e-palmeiras\/#primaryimage\"},\"thumbnailUrl\":\"https:\/\/www.gaveanews.com\/wp-content\/uploads\/Casagrande-comentarista-do-Grupo-Globo.webp\",\"datePublished\":\"2025-10-15T22:00:00+00:00\",\"dateModified\":\"2025-10-16T00:06:05+00:00\",\"author\":{\"@id\":\"https:\/\/www.gaveanews.com\/#\/schema\/person\/c88645e3d550d0b6574305e67dd5a716\"},\"breadcrumb\":{\"@id\":\"https:\/\/www.gaveanews.com\/index.php\/2025\/10\/15\/a-declaracao-de-casagrande-direcionada-a-flamengo-e-palmeiras\/#breadcrumb\"},\"inLanguage\":\"pt-BR\",\"potentialAction\":[{\"@type\":\"ReadAction\",\"target\":[\"https:\/\/www.gaveanews.com\/index.php\/2025\/10\/15\/a-declaracao-de-casagrande-direcionada-a-flamengo-e-palmeiras\/\"]}]},{\"@type\":\"ImageObject\",\"inLanguage\":\"pt-BR\",\"@id\":\"https:\/\/www.gaveanews.com\/index.php\/2025\/10\/15\/a-declaracao-de-casagrande-direcionada-a-flamengo-e-palmeiras\/#primaryimage\",\"url\":\"https:\/\/www.gaveanews.com\/wp-content\/uploads\/Casagrande-comentarista-do-Grupo-Globo.webp\",\"contentUrl\":\"https:\/\/www.gaveanews.com\/wp-content\/uploads\/Casagrande-comentarista-do-Grupo-Globo.webp\",\"width\":829,\"height\":397,\"caption\":\"Casagrande (Foto: Reprodu\u00e7\u00e3o\/SporTV)\"},{\"@type\":\"BreadcrumbList\",\"@id\":\"https:\/\/www.gaveanews.com\/index.php\/2025\/10\/15\/a-declaracao-de-casagrande-direcionada-a-flamengo-e-palmeiras\/#breadcrumb\",\"itemListElement\":[{\"@type\":\"ListItem\",\"position\":1,\"name\":\"Home\",\"item\":\"https:\/\/www.gaveanews.com\/\"},{\"@type\":\"ListItem\",\"position\":2,\"name\":\"A declara\u00e7\u00e3o de Casagrande direcionada a Flamengo e Palmeiras\"}]},{\"@type\":\"WebSite\",\"@id\":\"https:\/\/www.gaveanews.com\/#website\",\"url\":\"https:\/\/www.gaveanews.com\/\",\"name\":\"G\u00e1vea News\",\"description\":\"Veja todas as not\u00edcias sobre o Flamengo: Contrata\u00e7\u00f5es, categorias de base, resultados das partidas, tabela de classifica\u00e7\u00e3o, pr\u00f3ximos jogos!\",\"potentialAction\":[{\"@type\":\"SearchAction\",\"target\":{\"@type\":\"EntryPoint\",\"urlTemplate\":\"https:\/\/www.gaveanews.com\/?s={search_term_string}\"},\"query-input\":{\"@type\":\"PropertyValueSpecification\",\"valueRequired\":true,\"valueName\":\"search_term_string\"}}],\"inLanguage\":\"pt-BR\"},{\"@type\":\"Person\",\"@id\":\"https:\/\/www.gaveanews.com\/#\/schema\/person\/c88645e3d550d0b6574305e67dd5a716\",\"name\":\"Reda\u00e7\u00e3o\",\"image\":{\"@type\":\"ImageObject\",\"inLanguage\":\"pt-BR\",\"@id\":\"https:\/\/www.gaveanews.com\/#\/schema\/person\/image\/\",\"url\":\"https:\/\/secure.gravatar.com\/avatar\/434098fd823f0dc1b062d14ca22bacaa6e38de28d8c816bbef6fc2f8c44d8ba3?s=96&d=mm&r=g\",\"contentUrl\":\"https:\/\/secure.gravatar.com\/avatar\/434098fd823f0dc1b062d14ca22bacaa6e38de28d8c816bbef6fc2f8c44d8ba3?s=96&d=mm&r=g\",\"caption\":\"Reda\u00e7\u00e3o\"}}]}<\/script>\n<!-- \/ Yoast SEO Premium plugin. -->","yoast_head_json":{"title":"A declara\u00e7\u00e3o de Casagrande direcionada a Flamengo e Palmeiras","robots":{"index":"index","follow":"follow","max-snippet":"max-snippet:-1","max-image-preview":"max-image-preview:large","max-video-preview":"max-video-preview:-1"},"canonical":"https:\/\/www.gaveanews.com\/index.php\/2025\/10\/15\/a-declaracao-de-casagrande-direcionada-a-flamengo-e-palmeiras\/","og_locale":"pt_BR","og_type":"article","og_title":"A declara\u00e7\u00e3o de Casagrande direcionada a Flamengo e Palmeiras","og_description":"Nesta quarta-feira (15 de outubro), Botafogo e Flamengo jogam \u00e0s 19h30 (hor\u00e1rio de Bras\u00edlia), no Engenh\u00e3o, pela 28\u00aa rodada do Brasileir\u00e3o. Meia hora antes, \u00e0s 19 horas (hor\u00e1rio de Bras\u00edlia), o Palmeiras recebe o RB Bragantino no Allianz Parque. O cl\u00e1ssico antecede Flamengo x Palmeiras no domingo (19 de outubro), no Maracan\u00e3. O Flamengo soma [&hellip;]","og_url":"https:\/\/www.gaveanews.com\/index.php\/2025\/10\/15\/a-declaracao-de-casagrande-direcionada-a-flamengo-e-palmeiras\/","og_site_name":"G\u00e1vea News","article_publisher":"https:\/\/facebook.com\/gaveaNews\/","article_published_time":"2025-10-15T22:00:00+00:00","article_modified_time":"2025-10-16T00:06:05+00:00","og_image":[{"width":829,"height":397,"url":"http:\/\/www.gaveanews.com\/wp-content\/uploads\/Casagrande-comentarista-do-Grupo-Globo.webp","type":"image\/jpeg"}],"author":"Reda\u00e7\u00e3o","twitter_card":"summary_large_image","twitter_misc":{"Escrito por":"Reda\u00e7\u00e3o","Est. tempo de leitura":"2 minutos"},"schema":{"@context":"https:\/\/schema.org","@graph":[{"@type":"NewsArticle","@id":"https:\/\/www.gaveanews.com\/index.php\/2025\/10\/15\/a-declaracao-de-casagrande-direcionada-a-flamengo-e-palmeiras\/#article","isPartOf":{"@id":"https:\/\/www.gaveanews.com\/index.php\/2025\/10\/15\/a-declaracao-de-casagrande-direcionada-a-flamengo-e-palmeiras\/"},"author":{"name":"Reda\u00e7\u00e3o","@id":"https:\/\/www.gaveanews.com\/#\/schema\/person\/c88645e3d550d0b6574305e67dd5a716"},"headline":"A declara\u00e7\u00e3o de Casagrande direcionada a Flamengo e Palmeiras","datePublished":"2025-10-15T22:00:00+00:00","dateModified":"2025-10-16T00:06:05+00:00","mainEntityOfPage":{"@id":"https:\/\/www.gaveanews.com\/index.php\/2025\/10\/15\/a-declaracao-de-casagrande-direcionada-a-flamengo-e-palmeiras\/"},"wordCount":327,"commentCount":0,"image":{"@id":"https:\/\/www.gaveanews.com\/index.php\/2025\/10\/15\/a-declaracao-de-casagrande-direcionada-a-flamengo-e-palmeiras\/#primaryimage"},"thumbnailUrl":"https:\/\/www.gaveanews.com\/wp-content\/uploads\/Casagrande-comentarista-do-Grupo-Globo.webp","articleSection":["Flamengo"],"inLanguage":"pt-BR","potentialAction":[{"@type":"CommentAction","name":"Comment","target":["https:\/\/www.gaveanews.com\/index.php\/2025\/10\/15\/a-declaracao-de-casagrande-direcionada-a-flamengo-e-palmeiras\/#respond"]}],"copyrightYear":"2025","copyrightHolder":{"@id":"https:\/\/www.gaveanews.com\/#organization"}},{"@type":"WebPage","@id":"https:\/\/www.gaveanews.com\/index.php\/2025\/10\/15\/a-declaracao-de-casagrande-direcionada-a-flamengo-e-palmeiras\/","url":"https:\/\/www.gaveanews.com\/index.php\/2025\/10\/15\/a-declaracao-de-casagrande-direcionada-a-flamengo-e-palmeiras\/","name":"A declara\u00e7\u00e3o de Casagrande direcionada a Flamengo e Palmeiras","isPartOf":{"@id":"https:\/\/www.gaveanews.com\/#website"},"primaryImageOfPage":{"@id":"https:\/\/www.gaveanews.com\/index.php\/2025\/10\/15\/a-declaracao-de-casagrande-direcionada-a-flamengo-e-palmeiras\/#primaryimage"},"image":{"@id":"https:\/\/www.gaveanews.com\/index.php\/2025\/10\/15\/a-declaracao-de-casagrande-direcionada-a-flamengo-e-palmeiras\/#primaryimage"},"thumbnailUrl":"https:\/\/www.gaveanews.com\/wp-content\/uploads\/Casagrande-comentarista-do-Grupo-Globo.webp","datePublished":"2025-10-15T22:00:00+00:00","dateModified":"2025-10-16T00:06:05+00:00","author":{"@id":"https:\/\/www.gaveanews.com\/#\/schema\/person\/c88645e3d550d0b6574305e67dd5a716"},"breadcrumb":{"@id":"https:\/\/www.gaveanews.com\/index.php\/2025\/10\/15\/a-declaracao-de-casagrande-direcionada-a-flamengo-e-palmeiras\/#breadcrumb"},"inLanguage":"pt-BR","potentialAction":[{"@type":"ReadAction","target":["https:\/\/www.gaveanews.com\/index.php\/2025\/10\/15\/a-declaracao-de-casagrande-direcionada-a-flamengo-e-palmeiras\/"]}]},{"@type":"ImageObject","inLanguage":"pt-BR","@id":"https:\/\/www.gaveanews.com\/index.php\/2025\/10\/15\/a-declaracao-de-casagrande-direcionada-a-flamengo-e-palmeiras\/#primaryimage","url":"https:\/\/www.gaveanews.com\/wp-content\/uploads\/Casagrande-comentarista-do-Grupo-Globo.webp","contentUrl":"https:\/\/www.gaveanews.com\/wp-content\/uploads\/Casagrande-comentarista-do-Grupo-Globo.webp","width":829,"height":397,"caption":"Casagrande (Foto: Reprodu\u00e7\u00e3o\/SporTV)"},{"@type":"BreadcrumbList","@id":"https:\/\/www.gaveanews.com\/index.php\/2025\/10\/15\/a-declaracao-de-casagrande-direcionada-a-flamengo-e-palmeiras\/#breadcrumb","itemListElement":[{"@type":"ListItem","position":1,"name":"Home","item":"https:\/\/www.gaveanews.com\/"},{"@type":"ListItem","position":2,"name":"A declara\u00e7\u00e3o de Casagrande direcionada a Flamengo e Palmeiras"}]},{"@type":"WebSite","@id":"https:\/\/www.gaveanews.com\/#website","url":"https:\/\/www.gaveanews.com\/","name":"G\u00e1vea News","description":"Veja todas as not\u00edcias sobre o Flamengo: Contrata\u00e7\u00f5es, categorias de base, resultados das partidas, tabela de classifica\u00e7\u00e3o, pr\u00f3ximos jogos!","potentialAction":[{"@type":"SearchAction","target":{"@type":"EntryPoint","urlTemplate":"https:\/\/www.gaveanews.com\/?s={search_term_string}"},"query-input":{"@type":"PropertyValueSpecification","valueRequired":true,"valueName":"search_term_string"}}],"inLanguage":"pt-BR"},{"@type":"Person","@id":"https:\/\/www.gaveanews.com\/#\/schema\/person\/c88645e3d550d0b6574305e67dd5a716","name":"Reda\u00e7\u00e3o","image":{"@type":"ImageObject","inLanguage":"pt-BR","@id":"https:\/\/www.gaveanews.com\/#\/schema\/person\/image\/","url":"https:\/\/secure.gravatar.com\/avatar\/434098fd823f0dc1b062d14ca22bacaa6e38de28d8c816bbef6fc2f8c44d8ba3?s=96&d=mm&r=g","contentUrl":"https:\/\/secure.gravatar.com\/avatar\/434098fd823f0dc1b062d14ca22bacaa6e38de28d8c816bbef6fc2f8c44d8ba3?s=96&d=mm&r=g","caption":"Reda\u00e7\u00e3o"}}]}},"_links":{"self":[{"href":"https:\/\/www.gaveanews.com\/index.php\/wp-json\/wp\/v2\/posts\/278588","targetHints":{"allow":["GET"]}}],"collection":[{"href":"https:\/\/www.gaveanews.com\/index.php\/wp-json\/wp\/v2\/posts"}],"about":[{"href":"https:\/\/www.gaveanews.com\/index.php\/wp-json\/wp\/v2\/types\/post"}],"author":[{"embeddable":true,"href":"https:\/\/www.gaveanews.com\/index.php\/wp-json\/wp\/v2\/users\/39"}],"replies":[{"embeddable":true,"href":"https:\/\/www.gaveanews.com\/index.php\/wp-json\/wp\/v2\/comments?post=278588"}],"version-history":[{"count":1,"href":"https:\/\/www.gaveanews.com\/index.php\/wp-json\/wp\/v2\/posts\/278588\/revisions"}],"predecessor-version":[{"id":278596,"href":"https:\/\/www.gaveanews.com\/index.php\/wp-json\/wp\/v2\/posts\/278588\/revisions\/278596"}],"wp:featuredmedia":[{"embeddable":true,"href":"https:\/\/www.gaveanews.com\/index.php\/wp-json\/wp\/v2\/media\/66729"}],"wp:attachment":[{"href":"https:\/\/www.gaveanews.com\/index.php\/wp-json\/wp\/v2\/media?parent=278588"}],"wp:term":[{"taxonomy":"category","embeddable":true,"href":"https:\/\/www.gaveanews.com\/index.php\/wp-json\/wp\/v2\/categories?post=278588"},{"taxonomy":"post_tag","embeddable":true,"href":"https:\/\/www.gaveanews.com\/index.php\/wp-json\/wp\/v2\/tags?post=278588"}],"curies":[{"name":"wp","href":"https:\/\/api.w.org\/{rel}","templated":true}]}}